{"id":140461,"date":"2024-08-21T15:28:39","date_gmt":"2024-08-21T20:28:39","guid":{"rendered":"https:\/\/graziamagazine.com\/mx\/?post_type=articles&#038;p=140461"},"modified":"2024-08-21T16:09:10","modified_gmt":"2024-08-21T21:09:10","slug":"fecha-estreno-monstruos-serie-netflix-promete-superar-dahmer","status":"publish","type":"articles","link":"https:\/\/graziamagazine.com\/mx\/articles\/fecha-estreno-monstruos-serie-netflix-promete-superar-dahmer\/","title":{"rendered":"Ya hay fecha de estreno para &#8216;Monstruos&#8217;, la serie de Netflix que promete superar a &#8216;Dahmer&#8217;"},"content":{"rendered":"<p><strong>Netflix<\/strong> revel\u00f3 la fecha de estreno de <em><strong>Monstruos: La historia de Lyle y Erik Men\u00e9ndez<\/strong><\/em>, uno de los <strong>asesinatos<\/strong> m\u00e1s medi\u00e1ticos de <strong>Estados Unidos<\/strong> cuando dos hermanos asesinaron a sus padres en 1989. El pr\u00f3ximo 19 de septiembre la serie ya podr\u00e1 ser disfrutada en la plataforma de<em> streaming<\/em>.<\/p>\n<p>La serie promete superar el \u00e9xito de <em><strong>Dahmer<\/strong><\/em>, la cual alcanz\u00f3 mil millones de horas vistas en dos meses, la cual est\u00e1 basada en Jeffrey Dahmer, un asesino can\u00edbal, que se volvi\u00f3 un caso muy medi\u00e1tico en los a\u00f1os noventa.<\/p>\n<p>Ryan Murphy, de <em><strong>American Horror Story<\/strong><\/em> y <em><strong>Glee<\/strong><\/em>, as\u00ed como el ganador del <strong>Grammy<\/strong>, Ian Brennan, de\u00a0 <em><strong>Glee <\/strong><\/em>y <em><strong>Dahmer<\/strong><\/em>, son los creadores de esta saga criminal que seg\u00fan Netflix, entregar\u00e1n una tercera historia despu\u00e9s.<\/p>\n<figure id=\"attachment_140462\" aria-describedby=\"caption-attachment-140462\" style=\"width: 1460px\" class=\"wp-caption alignnone\"><img loading=\"lazy\" decoding=\"async\" class=\"wp-image-140462 size-full\" src=\"https:\/\/graziamagazine.com\/mx\/wp-content\/uploads\/sites\/13\/2024\/08\/Captura-de-Pantalla-2024-08-21-a-las-14.47.17.png\" alt=\"\" width=\"1460\" height=\"912\" srcset=\"https:\/\/graziamagazine.com\/mx\/wp-content\/uploads\/sites\/13\/2024\/08\/Captura-de-Pantalla-2024-08-21-a-las-14.47.17.png 1460w, https:\/\/graziamagazine.com\/mx\/wp-content\/uploads\/sites\/13\/2024\/08\/Captura-de-Pantalla-2024-08-21-a-las-14.47.17-450x281.png 450w, https:\/\/graziamagazine.com\/mx\/wp-content\/uploads\/sites\/13\/2024\/08\/Captura-de-Pantalla-2024-08-21-a-las-14.47.17-1024x640.png 1024w, https:\/\/graziamagazine.com\/mx\/wp-content\/uploads\/sites\/13\/2024\/08\/Captura-de-Pantalla-2024-08-21-a-las-14.47.17-768x480.png 768w, https:\/\/graziamagazine.com\/mx\/wp-content\/uploads\/sites\/13\/2024\/08\/Captura-de-Pantalla-2024-08-21-a-las-14.47.17-400x250.png 400w, https:\/\/graziamagazine.com\/mx\/wp-content\/uploads\/sites\/13\/2024\/08\/Captura-de-Pantalla-2024-08-21-a-las-14.47.17-155x97.png 155w\" sizes=\"(max-width: 1460px) 100vw, 1460px\" \/><figcaption id=\"caption-attachment-140462\" class=\"wp-caption-text\">Netflix<\/figcaption><\/figure>\n<p>Los hermanos Lyle y Erik fueron condenados en 1996 a cadena perpetua por asesinar a sus padres Jos\u00e9 y Mary Louise &#8220;Kitty&#8221; Men\u00e9ndez. Los hermanos viv\u00edan en Nueva Jersey y la familia se mud\u00f3 a California por una oportunidad de trabajo del padre.<\/p>\n<p>La familia era adinerada y los hijos acudieron a la Universidad de Princeton, pero ten\u00edan problemas de conducta y rendimiento.<\/p>\n<p>Los hermanos asesinaron a sus padres tratando de encubrir el crimen. En la corte aseguraron que cometieron el asesinato tras soportar a\u00f1os de abusos sexuales, f\u00edsicos y psicol\u00f3gicos, pero no lograron probarlo.<\/p>\n<p>Nicholas Alexander Chavez interpretar\u00e1 a Lyle y Cooper Koch ser\u00e1 Erik Mel\u00e9ndez. Javier Bardem y Chlo\u00eb Sevigny interpretar\u00e1n a las v\u00edctimas y padres de los asesinos.<\/p>\n<p>Nathan Lane, Ari Graynor, Leslie Grossman, Dallas Roberts, Paul Adelstein, Jason Butler Harner Enrique Murciano y Michael Gladis tambi\u00e9n forman parte del elenco de la serie.<\/p>\n<figure id=\"attachment_140463\" aria-describedby=\"caption-attachment-140463\" style=\"width: 1125px\" class=\"wp-caption alignnone\"><img loading=\"lazy\" decoding=\"async\" class=\"wp-image-140463 size-full\" src=\"https:\/\/graziamagazine.com\/mx\/wp-content\/uploads\/sites\/13\/2024\/08\/WhatsApp-Image-2024-08-21-at-2.49.14-PM.jpeg\" alt=\"\" width=\"1125\" height=\"1242\" srcset=\"https:\/\/graziamagazine.com\/mx\/wp-content\/uploads\/sites\/13\/2024\/08\/WhatsApp-Image-2024-08-21-at-2.49.14-PM.jpeg 1125w, https:\/\/graziamagazine.com\/mx\/wp-content\/uploads\/sites\/13\/2024\/08\/WhatsApp-Image-2024-08-21-at-2.49.14-PM-408x450.jpeg 408w, https:\/\/graziamagazine.com\/mx\/wp-content\/uploads\/sites\/13\/2024\/08\/WhatsApp-Image-2024-08-21-at-2.49.14-PM-928x1024.jpeg 928w, https:\/\/graziamagazine.com\/mx\/wp-content\/uploads\/sites\/13\/2024\/08\/WhatsApp-Image-2024-08-21-at-2.49.14-PM-768x848.jpeg 768w, https:\/\/graziamagazine.com\/mx\/wp-content\/uploads\/sites\/13\/2024\/08\/WhatsApp-Image-2024-08-21-at-2.49.14-PM-400x442.jpeg 400w, https:\/\/graziamagazine.com\/mx\/wp-content\/uploads\/sites\/13\/2024\/08\/WhatsApp-Image-2024-08-21-at-2.49.14-PM-155x171.jpeg 155w\" sizes=\"(max-width: 1125px) 100vw, 1125px\" \/><figcaption id=\"caption-attachment-140463\" class=\"wp-caption-text\">Instagram<\/figcaption><\/figure>\n<p>Lo productores de la serie son Javier Bardem, Alexis Martin Woodall, Eric Kovtun, Scott Robertson, David McMillan, Louise Shore y Carl Franklin.<\/p>\n<p>Se espera que sea todo un \u00e9xito en la plataforma y que se coloque como una de las series de asesinatos m\u00e1s vistas de Netflix.<\/p>\n","protected":false},"author":36289,"featured_media":140464,"template":"","format":"standard","categories":[12517],"acf":[],"yoast_head":"<!-- This site is optimized with the Yoast SEO Premium plugin v18.5 (Yoast SEO v20.4) - https:\/\/yoast.com\/wordpress\/plugins\/seo\/ -->\n<title>Ya hay fecha de estreno para &#039;Monstruos&#039;, la serie de Netflix que promete superar a &#039;Dahmer&#039; | Grazia M\u00e9xico y Latinoam\u00e9rica<\/title>\n<meta name=\"description\" content=\"Netflix revel\u00f3 la fecha de estreno de Monstruos: La historia de Lyle y Erik Men\u00e9ndez, uno de los asesinatos m\u00e1s medi\u00e1ticos de Estados Unidos cuando dos\" \/>\n<meta name=\"robots\" content=\"index, follow, max-snippet:-1, max-image-preview:large, max-video-preview:-1\" \/>\n<link rel=\"canonical\" href=\"https:\/\/graziamagazine.com\/mx\/articles\/fecha-estreno-monstruos-serie-netflix-promete-superar-dahmer\/\" \/>\n<meta property=\"og:locale\" content=\"es_MX\" \/>\n<meta property=\"og:type\" content=\"article\" \/>\n<meta property=\"og:title\" content=\"Ya hay fecha de estreno para &#039;Monstruos&#039;, la serie de Netflix que promete superar a &#039;Dahmer&#039;\" \/>\n<meta property=\"og:description\" content=\"Netflix revel\u00f3 la fecha de estreno de Monstruos: La historia de Lyle y Erik Men\u00e9ndez, uno de los asesinatos m\u00e1s medi\u00e1ticos de Estados Unidos cuando dos\" \/>\n<meta property=\"og:url\" content=\"https:\/\/graziamagazine.com\/mx\/articles\/fecha-estreno-monstruos-serie-netflix-promete-superar-dahmer\/\" \/>\n<meta property=\"og:site_name\" content=\"Grazia M\u00e9xico y Latinoam\u00e9rica\" \/>\n<meta property=\"article:modified_time\" content=\"2024-08-21T21:09:10+00:00\" \/>\n<meta property=\"og:image\" content=\"https:\/\/graziamagazine.com\/mx\/wp-content\/uploads\/sites\/13\/2024\/08\/WhatsApp-Image-2024-08-21-at-2.52.54-PM-e1724273632439.jpeg\" \/>\n\t<meta property=\"og:image:width\" content=\"848\" \/>\n\t<meta property=\"og:image:height\" content=\"371\" \/>\n\t<meta property=\"og:image:type\" content=\"image\/jpeg\" \/>\n<meta name=\"twitter:card\" content=\"summary_large_image\" \/>\n<meta name=\"twitter:label1\" content=\"Est. reading time\" \/>\n\t<meta name=\"twitter:data1\" content=\"2 minutos\" \/>\n<script type=\"application\/ld+json\" class=\"yoast-schema-graph\">{\"@context\":\"https:\/\/schema.org\",\"@graph\":[{\"@type\":\"WebPage\",\"@id\":\"https:\/\/graziamagazine.com\/mx\/articles\/fecha-estreno-monstruos-serie-netflix-promete-superar-dahmer\/\",\"url\":\"https:\/\/graziamagazine.com\/mx\/articles\/fecha-estreno-monstruos-serie-netflix-promete-superar-dahmer\/\",\"name\":\"Ya hay fecha de estreno para 'Monstruos', la serie de Netflix que promete superar a 'Dahmer' | Grazia M\u00e9xico y Latinoam\u00e9rica\",\"isPartOf\":{\"@id\":\"https:\/\/graziamagazine.com\/mx\/#website\"},\"datePublished\":\"2024-08-21T20:28:39+00:00\",\"dateModified\":\"2024-08-21T21:09:10+00:00\",\"description\":\"Netflix revel\u00f3 la fecha de estreno de Monstruos: La historia de Lyle y Erik Men\u00e9ndez, uno de los asesinatos m\u00e1s medi\u00e1ticos de Estados Unidos cuando dos\",\"breadcrumb\":{\"@id\":\"https:\/\/graziamagazine.com\/mx\/articles\/fecha-estreno-monstruos-serie-netflix-promete-superar-dahmer\/#breadcrumb\"},\"inLanguage\":\"es-MX\",\"potentialAction\":[{\"@type\":\"ReadAction\",\"target\":[\"https:\/\/graziamagazine.com\/mx\/articles\/fecha-estreno-monstruos-serie-netflix-promete-superar-dahmer\/\"]}]},{\"@type\":\"BreadcrumbList\",\"@id\":\"https:\/\/graziamagazine.com\/mx\/articles\/fecha-estreno-monstruos-serie-netflix-promete-superar-dahmer\/#breadcrumb\",\"itemListElement\":[{\"@type\":\"ListItem\",\"position\":1,\"name\":\"Home\",\"item\":\"https:\/\/graziamagazine.com\/mx\/\"},{\"@type\":\"ListItem\",\"position\":2,\"name\":\"Ya hay fecha de estreno para &#8216;Monstruos&#8217;, la serie de Netflix que promete superar a &#8216;Dahmer&#8217;\"}]},{\"@type\":\"WebSite\",\"@id\":\"https:\/\/graziamagazine.com\/mx\/#website\",\"url\":\"https:\/\/graziamagazine.com\/mx\/\",\"name\":\"Grazia M\u00e9xico y Latinoam\u00e9rica\",\"description\":\"Grazia es moda, belleza y noticias  de actualidad \",\"potentialAction\":[{\"@type\":\"SearchAction\",\"target\":{\"@type\":\"EntryPoint\",\"urlTemplate\":\"https:\/\/graziamagazine.com\/mx\/?s={search_term_string}\"},\"query-input\":\"required name=search_term_string\"}],\"inLanguage\":\"es-MX\"}]}<\/script>\n<!-- \/ Yoast SEO Premium plugin. -->","yoast_head_json":{"title":"Ya hay fecha de estreno para 'Monstruos', la serie de Netflix que promete superar a 'Dahmer' | Grazia M\u00e9xico y Latinoam\u00e9rica","description":"Netflix revel\u00f3 la fecha de estreno de Monstruos: La historia de Lyle y Erik Men\u00e9ndez, uno de los asesinatos m\u00e1s medi\u00e1ticos de Estados Unidos cuando dos","robots":{"index":"index","follow":"follow","max-snippet":"max-snippet:-1","max-image-preview":"max-image-preview:large","max-video-preview":"max-video-preview:-1"},"canonical":"https:\/\/graziamagazine.com\/mx\/articles\/fecha-estreno-monstruos-serie-netflix-promete-superar-dahmer\/","og_locale":"es_MX","og_type":"article","og_title":"Ya hay fecha de estreno para 'Monstruos', la serie de Netflix que promete superar a 'Dahmer'","og_description":"Netflix revel\u00f3 la fecha de estreno de Monstruos: La historia de Lyle y Erik Men\u00e9ndez, uno de los asesinatos m\u00e1s medi\u00e1ticos de Estados Unidos cuando dos","og_url":"https:\/\/graziamagazine.com\/mx\/articles\/fecha-estreno-monstruos-serie-netflix-promete-superar-dahmer\/","og_site_name":"Grazia M\u00e9xico y Latinoam\u00e9rica","article_modified_time":"2024-08-21T21:09:10+00:00","og_image":[{"width":848,"height":371,"url":"https:\/\/graziamagazine.com\/mx\/wp-content\/uploads\/sites\/13\/2024\/08\/WhatsApp-Image-2024-08-21-at-2.52.54-PM-e1724273632439.jpeg","type":"image\/jpeg"}],"twitter_card":"summary_large_image","twitter_misc":{"Est. reading time":"2 minutos"},"schema":{"@context":"https:\/\/schema.org","@graph":[{"@type":"WebPage","@id":"https:\/\/graziamagazine.com\/mx\/articles\/fecha-estreno-monstruos-serie-netflix-promete-superar-dahmer\/","url":"https:\/\/graziamagazine.com\/mx\/articles\/fecha-estreno-monstruos-serie-netflix-promete-superar-dahmer\/","name":"Ya hay fecha de estreno para 'Monstruos', la serie de Netflix que promete superar a 'Dahmer' | Grazia M\u00e9xico y Latinoam\u00e9rica","isPartOf":{"@id":"https:\/\/graziamagazine.com\/mx\/#website"},"datePublished":"2024-08-21T20:28:39+00:00","dateModified":"2024-08-21T21:09:10+00:00","description":"Netflix revel\u00f3 la fecha de estreno de Monstruos: La historia de Lyle y Erik Men\u00e9ndez, uno de los asesinatos m\u00e1s medi\u00e1ticos de Estados Unidos cuando dos","breadcrumb":{"@id":"https:\/\/graziamagazine.com\/mx\/articles\/fecha-estreno-monstruos-serie-netflix-promete-superar-dahmer\/#breadcrumb"},"inLanguage":"es-MX","potentialAction":[{"@type":"ReadAction","target":["https:\/\/graziamagazine.com\/mx\/articles\/fecha-estreno-monstruos-serie-netflix-promete-superar-dahmer\/"]}]},{"@type":"BreadcrumbList","@id":"https:\/\/graziamagazine.com\/mx\/articles\/fecha-estreno-monstruos-serie-netflix-promete-superar-dahmer\/#breadcrumb","itemListElement":[{"@type":"ListItem","position":1,"name":"Home","item":"https:\/\/graziamagazine.com\/mx\/"},{"@type":"ListItem","position":2,"name":"Ya hay fecha de estreno para &#8216;Monstruos&#8217;, la serie de Netflix que promete superar a &#8216;Dahmer&#8217;"}]},{"@type":"WebSite","@id":"https:\/\/graziamagazine.com\/mx\/#website","url":"https:\/\/graziamagazine.com\/mx\/","name":"Grazia M\u00e9xico y Latinoam\u00e9rica","description":"Grazia es moda, belleza y noticias  de actualidad ","potentialAction":[{"@type":"SearchAction","target":{"@type":"EntryPoint","urlTemplate":"https:\/\/graziamagazine.com\/mx\/?s={search_term_string}"},"query-input":"required name=search_term_string"}],"inLanguage":"es-MX"}]}},"jetpack_sharing_enabled":true,"distributor_meta":false,"distributor_terms":false,"distributor_media":false,"distributor_original_site_name":"Grazia M\u00e9xico y Latinoam\u00e9rica","distributor_original_site_url":"https:\/\/graziamagazine.com\/mx","push-errors":false,"_links":{"self":[{"href":"https:\/\/graziamagazine.com\/mx\/wp-json\/wp\/v2\/articles\/140461"}],"collection":[{"href":"https:\/\/graziamagazine.com\/mx\/wp-json\/wp\/v2\/articles"}],"about":[{"href":"https:\/\/graziamagazine.com\/mx\/wp-json\/wp\/v2\/types\/articles"}],"author":[{"embeddable":true,"href":"https:\/\/graziamagazine.com\/mx\/wp-json\/wp\/v2\/users\/36289"}],"wp:featuredmedia":[{"embeddable":true,"href":"https:\/\/graziamagazine.com\/mx\/wp-json\/wp\/v2\/media\/140464"}],"wp:attachment":[{"href":"https:\/\/graziamagazine.com\/mx\/wp-json\/wp\/v2\/media?parent=140461"}],"wp:term":[{"taxonomy":"category","embeddable":true,"href":"https:\/\/graziamagazine.com\/mx\/wp-json\/wp\/v2\/categories?post=140461"}],"curies":[{"name":"wp","href":"https:\/\/api.w.org\/{rel}","templated":true}]}}