{"id":140326,"date":"2024-08-15T18:18:53","date_gmt":"2024-08-15T23:18:53","guid":{"rendered":"https:\/\/graziamagazine.com\/mx\/?post_type=articles&#038;p=140326"},"modified":"2024-08-15T18:27:51","modified_gmt":"2024-08-15T23:27:51","slug":"sorprende-barba-principe-william-redes-sociales","status":"publish","type":"articles","link":"https:\/\/graziamagazine.com\/mx\/articles\/sorprende-barba-principe-william-redes-sociales\/","title":{"rendered":"As\u00ed sorprende la barba del pr\u00edncipe William en redes sociales"},"content":{"rendered":"<p>El <strong>pr\u00edncipe William<\/strong> caus\u00f3 sorpresa en redes sociales debido a su nuevo look: una crecida barba que luci\u00f3 en un video publicado en su pagina oficial de <strong>Instagram<\/strong>.<\/p>\n<p>El video muestra al heredero al trono de <strong>Inglaterra<\/strong> junto a su esposa <strong>Kate Middleton<\/strong> agradeciendo al equipo de Gran Breta\u00f1a que particip\u00f3 en los pasados <strong>Juegos Ol\u00edmpicos de Par\u00eds 2024<\/strong>.<\/p>\n<figure id=\"attachment_140321\" aria-describedby=\"caption-attachment-140321\" style=\"width: 444px\" class=\"wp-caption alignnone\"><img loading=\"lazy\" decoding=\"async\" class=\"size-medium wp-image-140321\" src=\"https:\/\/graziamagazine.com\/mx\/wp-content\/uploads\/sites\/13\/2024\/08\/WhatsApp-Image-2024-08-15-at-5.07.41-PM-444x450.jpeg\" alt=\"\" width=\"444\" height=\"450\" srcset=\"https:\/\/graziamagazine.com\/mx\/wp-content\/uploads\/sites\/13\/2024\/08\/WhatsApp-Image-2024-08-15-at-5.07.41-PM-444x450.jpeg 444w, https:\/\/graziamagazine.com\/mx\/wp-content\/uploads\/sites\/13\/2024\/08\/WhatsApp-Image-2024-08-15-at-5.07.41-PM-1010x1024.jpeg 1010w, https:\/\/graziamagazine.com\/mx\/wp-content\/uploads\/sites\/13\/2024\/08\/WhatsApp-Image-2024-08-15-at-5.07.41-PM-768x779.jpeg 768w, https:\/\/graziamagazine.com\/mx\/wp-content\/uploads\/sites\/13\/2024\/08\/WhatsApp-Image-2024-08-15-at-5.07.41-PM-400x406.jpeg 400w, https:\/\/graziamagazine.com\/mx\/wp-content\/uploads\/sites\/13\/2024\/08\/WhatsApp-Image-2024-08-15-at-5.07.41-PM-155x157.jpeg 155w, https:\/\/graziamagazine.com\/mx\/wp-content\/uploads\/sites\/13\/2024\/08\/WhatsApp-Image-2024-08-15-at-5.07.41-PM.jpeg 1125w\" sizes=\"(max-width: 444px) 100vw, 444px\" \/><figcaption id=\"caption-attachment-140321\" class=\"wp-caption-text\">Instagram<\/figcaption><\/figure>\n<p>Uno de los mensajes m\u00e1s sobresalientes en redes sociales fue que este look lo hace ver m\u00e1s atractivo.<\/p>\n<p>&#8220;Ahora entiendo por qu\u00e9 no fueron a los Juegos Ol\u00edmpicos. La princesa Catherine (mejor conocida como Kate Middleton) vio al pr\u00edncipe William con la barba y dijo: &#8216;No quiero compartirte con nadie as\u00ed, y no quiero que te la afeites, as\u00ed que no vamos&#8217;. Y no puedo culparla por eso&#8221;, escribi\u00f3 una usuaria en <strong>X<\/strong>.<\/p>\n<p>Lo m\u00e1s probable es que el pr\u00edncipe de Gales opt\u00f3 por este estilo, que le va muy bien con su edad, porque aun no retoma sus funciones reales, ya que la ultima vez que lo pudimos ver con barba fue en 2008 en <strong>Sandrigham<\/strong>, durante la caminata de la familia real.<\/p>\n<figure id=\"attachment_140317\" aria-describedby=\"caption-attachment-140317\" style=\"width: 450px\" class=\"wp-caption alignnone\"><img loading=\"lazy\" decoding=\"async\" class=\"size-medium wp-image-140317\" src=\"https:\/\/graziamagazine.com\/mx\/wp-content\/uploads\/sites\/13\/2024\/08\/Captura-de-Pantalla-2024-08-15-a-las-15.34.56-450x377.png\" alt=\"\" width=\"450\" height=\"377\" srcset=\"https:\/\/graziamagazine.com\/mx\/wp-content\/uploads\/sites\/13\/2024\/08\/Captura-de-Pantalla-2024-08-15-a-las-15.34.56-450x377.png 450w, https:\/\/graziamagazine.com\/mx\/wp-content\/uploads\/sites\/13\/2024\/08\/Captura-de-Pantalla-2024-08-15-a-las-15.34.56-1024x857.png 1024w, https:\/\/graziamagazine.com\/mx\/wp-content\/uploads\/sites\/13\/2024\/08\/Captura-de-Pantalla-2024-08-15-a-las-15.34.56-768x643.png 768w, https:\/\/graziamagazine.com\/mx\/wp-content\/uploads\/sites\/13\/2024\/08\/Captura-de-Pantalla-2024-08-15-a-las-15.34.56-400x335.png 400w, https:\/\/graziamagazine.com\/mx\/wp-content\/uploads\/sites\/13\/2024\/08\/Captura-de-Pantalla-2024-08-15-a-las-15.34.56-155x130.png 155w, https:\/\/graziamagazine.com\/mx\/wp-content\/uploads\/sites\/13\/2024\/08\/Captura-de-Pantalla-2024-08-15-a-las-15.34.56.png 1142w\" sizes=\"(max-width: 450px) 100vw, 450px\" \/><figcaption id=\"caption-attachment-140317\" class=\"wp-caption-text\">Getty<\/figcaption><\/figure>\n<p>A pesar de la aparici\u00f3n de Kate Middleton frente a las c\u00e1maras despu\u00e9s de no hacerlo por un buen tiempo por su lucha contra el c\u00e1ncer, el publico qued\u00f3 impresionado con la apariencia del pr\u00edncipe William.<\/p>\n<p>\u201cKate se ve hermosa y estoy aqu\u00ed por la barba de Will \ud83d\udd25\u201d, escribi\u00f3 otro seguidor en X.<\/p>\n<figure id=\"attachment_140319\" aria-describedby=\"caption-attachment-140319\" style=\"width: 264px\" class=\"wp-caption alignnone\"><img loading=\"lazy\" decoding=\"async\" class=\"size-medium wp-image-140319\" src=\"https:\/\/graziamagazine.com\/mx\/wp-content\/uploads\/sites\/13\/2024\/08\/WhatsApp-Image-2024-08-15-at-5.07.40-PM-1-264x450.jpeg\" alt=\"\" width=\"264\" height=\"450\" srcset=\"https:\/\/graziamagazine.com\/mx\/wp-content\/uploads\/sites\/13\/2024\/08\/WhatsApp-Image-2024-08-15-at-5.07.40-PM-1-264x450.jpeg 264w, https:\/\/graziamagazine.com\/mx\/wp-content\/uploads\/sites\/13\/2024\/08\/WhatsApp-Image-2024-08-15-at-5.07.40-PM-1-400x683.jpeg 400w, https:\/\/graziamagazine.com\/mx\/wp-content\/uploads\/sites\/13\/2024\/08\/WhatsApp-Image-2024-08-15-at-5.07.40-PM-1-126x215.jpeg 126w, https:\/\/graziamagazine.com\/mx\/wp-content\/uploads\/sites\/13\/2024\/08\/WhatsApp-Image-2024-08-15-at-5.07.40-PM-1.jpeg 533w\" sizes=\"(max-width: 264px) 100vw, 264px\" \/><figcaption id=\"caption-attachment-140319\" class=\"wp-caption-text\">Instagram<\/figcaption><\/figure>\n<p>Para la <strong>reina Isabel II<\/strong>, abuela del pr\u00edncipe de Gales, no era del todo agradable que sus nietos lucieran barba, a menos que fueran eventos no oficiales, sin embargo una vez que pisaban el Palacio deb\u00edan presentarse bien rasurados.<\/p>\n<p>Por otro lado, el <strong>pr\u00edncipe Harry<\/strong> no cedi\u00f3 ante la presi\u00f3n y descontento de su abuela, pues decidi\u00f3 dejarse la barba de manera permanente como una forma de &#8220;m\u00e1scara&#8221;, como el mismo lo explica en su libro <em><strong>En la Sombra<\/strong><\/em>.<\/p>\n","protected":false},"author":36289,"featured_media":140318,"template":"","format":"standard","categories":[12484],"acf":[],"yoast_head":"<!-- This site is optimized with the Yoast SEO Premium plugin v18.5 (Yoast SEO v20.4) - https:\/\/yoast.com\/wordpress\/plugins\/seo\/ -->\n<title>As\u00ed sorprende la barba del pr\u00edncipe William en redes sociales | Grazia M\u00e9xico y Latinoam\u00e9rica<\/title>\n<meta name=\"description\" content=\"El pr\u00edncipe William caus\u00f3 sorpresa en redes sociales debido a su nuevo look: una crecida barba que luci\u00f3 en un video publicado en su pagina oficial de\" \/>\n<meta name=\"robots\" content=\"index, follow, max-snippet:-1, max-image-preview:large, max-video-preview:-1\" \/>\n<link rel=\"canonical\" href=\"https:\/\/graziamagazine.com\/mx\/articles\/sorprende-barba-principe-william-redes-sociales\/\" \/>\n<meta property=\"og:locale\" content=\"es_MX\" \/>\n<meta property=\"og:type\" content=\"article\" \/>\n<meta property=\"og:title\" content=\"As\u00ed sorprende la barba del pr\u00edncipe William en redes sociales\" \/>\n<meta property=\"og:description\" content=\"El pr\u00edncipe William caus\u00f3 sorpresa en redes sociales debido a su nuevo look: una crecida barba que luci\u00f3 en un video publicado en su pagina oficial de\" \/>\n<meta property=\"og:url\" content=\"https:\/\/graziamagazine.com\/mx\/articles\/sorprende-barba-principe-william-redes-sociales\/\" \/>\n<meta property=\"og:site_name\" content=\"Grazia M\u00e9xico y Latinoam\u00e9rica\" \/>\n<meta property=\"article:modified_time\" content=\"2024-08-15T23:27:51+00:00\" \/>\n<meta property=\"og:image\" content=\"https:\/\/graziamagazine.com\/mx\/wp-content\/uploads\/sites\/13\/2024\/08\/Captura-de-Pantalla-2024-08-15-a-las-17.08.05-e1723763524690.png\" \/>\n\t<meta property=\"og:image:width\" content=\"1146\" \/>\n\t<meta property=\"og:image:height\" content=\"720\" \/>\n\t<meta property=\"og:image:type\" content=\"image\/png\" \/>\n<meta name=\"twitter:card\" content=\"summary_large_image\" \/>\n<meta name=\"twitter:label1\" content=\"Est. reading time\" \/>\n\t<meta name=\"twitter:data1\" content=\"3 minutos\" \/>\n<script type=\"application\/ld+json\" class=\"yoast-schema-graph\">{\"@context\":\"https:\/\/schema.org\",\"@graph\":[{\"@type\":\"WebPage\",\"@id\":\"https:\/\/graziamagazine.com\/mx\/articles\/sorprende-barba-principe-william-redes-sociales\/\",\"url\":\"https:\/\/graziamagazine.com\/mx\/articles\/sorprende-barba-principe-william-redes-sociales\/\",\"name\":\"As\u00ed sorprende la barba del pr\u00edncipe William en redes sociales | Grazia M\u00e9xico y Latinoam\u00e9rica\",\"isPartOf\":{\"@id\":\"https:\/\/graziamagazine.com\/mx\/#website\"},\"datePublished\":\"2024-08-15T23:18:53+00:00\",\"dateModified\":\"2024-08-15T23:27:51+00:00\",\"description\":\"El pr\u00edncipe William caus\u00f3 sorpresa en redes sociales debido a su nuevo look: una crecida barba que luci\u00f3 en un video publicado en su pagina oficial de\",\"breadcrumb\":{\"@id\":\"https:\/\/graziamagazine.com\/mx\/articles\/sorprende-barba-principe-william-redes-sociales\/#breadcrumb\"},\"inLanguage\":\"es-MX\",\"potentialAction\":[{\"@type\":\"ReadAction\",\"target\":[\"https:\/\/graziamagazine.com\/mx\/articles\/sorprende-barba-principe-william-redes-sociales\/\"]}]},{\"@type\":\"BreadcrumbList\",\"@id\":\"https:\/\/graziamagazine.com\/mx\/articles\/sorprende-barba-principe-william-redes-sociales\/#breadcrumb\",\"itemListElement\":[{\"@type\":\"ListItem\",\"position\":1,\"name\":\"Home\",\"item\":\"https:\/\/graziamagazine.com\/mx\/\"},{\"@type\":\"ListItem\",\"position\":2,\"name\":\"As\u00ed sorprende la barba del pr\u00edncipe William en redes sociales\"}]},{\"@type\":\"WebSite\",\"@id\":\"https:\/\/graziamagazine.com\/mx\/#website\",\"url\":\"https:\/\/graziamagazine.com\/mx\/\",\"name\":\"Grazia M\u00e9xico y Latinoam\u00e9rica\",\"description\":\"Grazia es moda, belleza y noticias  de actualidad \",\"potentialAction\":[{\"@type\":\"SearchAction\",\"target\":{\"@type\":\"EntryPoint\",\"urlTemplate\":\"https:\/\/graziamagazine.com\/mx\/?s={search_term_string}\"},\"query-input\":\"required name=search_term_string\"}],\"inLanguage\":\"es-MX\"}]}<\/script>\n<!-- \/ Yoast SEO Premium plugin. -->","yoast_head_json":{"title":"As\u00ed sorprende la barba del pr\u00edncipe William en redes sociales | Grazia M\u00e9xico y Latinoam\u00e9rica","description":"El pr\u00edncipe William caus\u00f3 sorpresa en redes sociales debido a su nuevo look: una crecida barba que luci\u00f3 en un video publicado en su pagina oficial de","robots":{"index":"index","follow":"follow","max-snippet":"max-snippet:-1","max-image-preview":"max-image-preview:large","max-video-preview":"max-video-preview:-1"},"canonical":"https:\/\/graziamagazine.com\/mx\/articles\/sorprende-barba-principe-william-redes-sociales\/","og_locale":"es_MX","og_type":"article","og_title":"As\u00ed sorprende la barba del pr\u00edncipe William en redes sociales","og_description":"El pr\u00edncipe William caus\u00f3 sorpresa en redes sociales debido a su nuevo look: una crecida barba que luci\u00f3 en un video publicado en su pagina oficial de","og_url":"https:\/\/graziamagazine.com\/mx\/articles\/sorprende-barba-principe-william-redes-sociales\/","og_site_name":"Grazia M\u00e9xico y Latinoam\u00e9rica","article_modified_time":"2024-08-15T23:27:51+00:00","og_image":[{"width":1146,"height":720,"url":"https:\/\/graziamagazine.com\/mx\/wp-content\/uploads\/sites\/13\/2024\/08\/Captura-de-Pantalla-2024-08-15-a-las-17.08.05-e1723763524690.png","type":"image\/png"}],"twitter_card":"summary_large_image","twitter_misc":{"Est. reading time":"3 minutos"},"schema":{"@context":"https:\/\/schema.org","@graph":[{"@type":"WebPage","@id":"https:\/\/graziamagazine.com\/mx\/articles\/sorprende-barba-principe-william-redes-sociales\/","url":"https:\/\/graziamagazine.com\/mx\/articles\/sorprende-barba-principe-william-redes-sociales\/","name":"As\u00ed sorprende la barba del pr\u00edncipe William en redes sociales | Grazia M\u00e9xico y Latinoam\u00e9rica","isPartOf":{"@id":"https:\/\/graziamagazine.com\/mx\/#website"},"datePublished":"2024-08-15T23:18:53+00:00","dateModified":"2024-08-15T23:27:51+00:00","description":"El pr\u00edncipe William caus\u00f3 sorpresa en redes sociales debido a su nuevo look: una crecida barba que luci\u00f3 en un video publicado en su pagina oficial de","breadcrumb":{"@id":"https:\/\/graziamagazine.com\/mx\/articles\/sorprende-barba-principe-william-redes-sociales\/#breadcrumb"},"inLanguage":"es-MX","potentialAction":[{"@type":"ReadAction","target":["https:\/\/graziamagazine.com\/mx\/articles\/sorprende-barba-principe-william-redes-sociales\/"]}]},{"@type":"BreadcrumbList","@id":"https:\/\/graziamagazine.com\/mx\/articles\/sorprende-barba-principe-william-redes-sociales\/#breadcrumb","itemListElement":[{"@type":"ListItem","position":1,"name":"Home","item":"https:\/\/graziamagazine.com\/mx\/"},{"@type":"ListItem","position":2,"name":"As\u00ed sorprende la barba del pr\u00edncipe William en redes sociales"}]},{"@type":"WebSite","@id":"https:\/\/graziamagazine.com\/mx\/#website","url":"https:\/\/graziamagazine.com\/mx\/","name":"Grazia M\u00e9xico y Latinoam\u00e9rica","description":"Grazia es moda, belleza y noticias  de actualidad ","potentialAction":[{"@type":"SearchAction","target":{"@type":"EntryPoint","urlTemplate":"https:\/\/graziamagazine.com\/mx\/?s={search_term_string}"},"query-input":"required name=search_term_string"}],"inLanguage":"es-MX"}]}},"jetpack_sharing_enabled":true,"distributor_meta":false,"distributor_terms":false,"distributor_media":false,"distributor_original_site_name":"Grazia M\u00e9xico y Latinoam\u00e9rica","distributor_original_site_url":"https:\/\/graziamagazine.com\/mx","push-errors":false,"_links":{"self":[{"href":"https:\/\/graziamagazine.com\/mx\/wp-json\/wp\/v2\/articles\/140326"}],"collection":[{"href":"https:\/\/graziamagazine.com\/mx\/wp-json\/wp\/v2\/articles"}],"about":[{"href":"https:\/\/graziamagazine.com\/mx\/wp-json\/wp\/v2\/types\/articles"}],"author":[{"embeddable":true,"href":"https:\/\/graziamagazine.com\/mx\/wp-json\/wp\/v2\/users\/36289"}],"wp:featuredmedia":[{"embeddable":true,"href":"https:\/\/graziamagazine.com\/mx\/wp-json\/wp\/v2\/media\/140318"}],"wp:attachment":[{"href":"https:\/\/graziamagazine.com\/mx\/wp-json\/wp\/v2\/media?parent=140326"}],"wp:term":[{"taxonomy":"category","embeddable":true,"href":"https:\/\/graziamagazine.com\/mx\/wp-json\/wp\/v2\/categories?post=140326"}],"curies":[{"name":"wp","href":"https:\/\/api.w.org\/{rel}","templated":true}]}}