{"id":140309,"date":"2024-08-15T14:32:11","date_gmt":"2024-08-15T19:32:11","guid":{"rendered":"https:\/\/graziamagazine.com\/mx\/?post_type=articles&#038;p=140309"},"modified":"2024-08-15T14:44:20","modified_gmt":"2024-08-15T19:44:20","slug":"la-nostalgia-por-los-anos-90-en-la-moda","status":"publish","type":"articles","link":"https:\/\/graziamagazine.com\/mx\/articles\/la-nostalgia-por-los-anos-90-en-la-moda\/","title":{"rendered":"La nostalgia por los a\u00f1os 90 en la moda"},"content":{"rendered":"<p>La <strong>moda de los a\u00f1os 90<\/strong> ha experimentado un renacimiento en la \u00faltima d\u00e9cada, influyendo en todo, desde la<strong> alta costura<\/strong> hasta el <strong><em>streetwear.<\/em><\/strong><\/p>\n<p>Esta obsesi\u00f3n no es casual; responde a una serie de factores que van desde la nostalgia generacional hasta la influencia omnipresente de los medios de comunicaci\u00f3n y la cultura pop.<\/p>\n<figure id=\"attachment_140312\" aria-describedby=\"caption-attachment-140312\" style=\"width: 694px\" class=\"wp-caption alignnone\"><img loading=\"lazy\" decoding=\"async\" class=\"size-large wp-image-140312\" src=\"https:\/\/graziamagazine.com\/mx\/wp-content\/uploads\/sites\/13\/2024\/08\/Captura-de-Pantalla-2024-08-15-a-las-13.35.58-694x1024.png\" alt=\"La nostalgia por los a\u00f1os 90 en la moda\" width=\"694\" height=\"1024\" srcset=\"https:\/\/graziamagazine.com\/mx\/wp-content\/uploads\/sites\/13\/2024\/08\/Captura-de-Pantalla-2024-08-15-a-las-13.35.58-694x1024.png 694w, https:\/\/graziamagazine.com\/mx\/wp-content\/uploads\/sites\/13\/2024\/08\/Captura-de-Pantalla-2024-08-15-a-las-13.35.58-305x450.png 305w, https:\/\/graziamagazine.com\/mx\/wp-content\/uploads\/sites\/13\/2024\/08\/Captura-de-Pantalla-2024-08-15-a-las-13.35.58-768x1133.png 768w, https:\/\/graziamagazine.com\/mx\/wp-content\/uploads\/sites\/13\/2024\/08\/Captura-de-Pantalla-2024-08-15-a-las-13.35.58-400x590.png 400w, https:\/\/graziamagazine.com\/mx\/wp-content\/uploads\/sites\/13\/2024\/08\/Captura-de-Pantalla-2024-08-15-a-las-13.35.58-146x215.png 146w, https:\/\/graziamagazine.com\/mx\/wp-content\/uploads\/sites\/13\/2024\/08\/Captura-de-Pantalla-2024-08-15-a-las-13.35.58.png 984w\" sizes=\"(max-width: 694px) 100vw, 694px\" \/><figcaption id=\"caption-attachment-140312\" class=\"wp-caption-text\">La nostalgia por los a\u00f1os 90 en la moda<\/figcaption><\/figure>\n<p>Para entender esta fascinaci\u00f3n, es esencial reconocer c\u00f3mo la moda de los 90 se caracteriza por su <strong>diversidad y experimentaci\u00f3n.<\/strong><\/p>\n<p>La d\u00e9cada fue un periodo en el que convergieron m\u00faltiples estilos: el grunge con sus camisas de franela y jeans rotos, el minimalismo representado por <strong>cortes limpios y colores neutros<\/strong>, y el <strong>auge del hip hop<\/strong> que populariz\u00f3 las <strong>prendas oversize<\/strong> y las <strong>marcas deportivas<\/strong>. Esta amalgama de estilos refleja un deseo por la<strong> autoexpresi\u00f3n y la individualidad<\/strong> que sigue resonando en la moda contempor\u00e1nea.<\/p>\n<figure id=\"attachment_140314\" aria-describedby=\"caption-attachment-140314\" style=\"width: 618px\" class=\"wp-caption alignnone\"><img loading=\"lazy\" decoding=\"async\" class=\"size-full wp-image-140314\" src=\"https:\/\/graziamagazine.com\/mx\/wp-content\/uploads\/sites\/13\/2024\/08\/90s-Fashion-beautiful-things-42660706-1024-936-1.jpg\" alt=\"La nostalgia por los a\u00f1os 90 en la moda\" width=\"618\" height=\"800\" srcset=\"https:\/\/graziamagazine.com\/mx\/wp-content\/uploads\/sites\/13\/2024\/08\/90s-Fashion-beautiful-things-42660706-1024-936-1.jpg 618w, https:\/\/graziamagazine.com\/mx\/wp-content\/uploads\/sites\/13\/2024\/08\/90s-Fashion-beautiful-things-42660706-1024-936-1-348x450.jpg 348w, https:\/\/graziamagazine.com\/mx\/wp-content\/uploads\/sites\/13\/2024\/08\/90s-Fashion-beautiful-things-42660706-1024-936-1-400x518.jpg 400w, https:\/\/graziamagazine.com\/mx\/wp-content\/uploads\/sites\/13\/2024\/08\/90s-Fashion-beautiful-things-42660706-1024-936-1-155x201.jpg 155w\" sizes=\"(max-width: 618px) 100vw, 618px\" \/><figcaption id=\"caption-attachment-140314\" class=\"wp-caption-text\">La nostalgia por los a\u00f1os 90 en la moda<\/figcaption><\/figure>\n<p>La nostalgia juega un papel fundamental en este renacimiento. Quienes crecieron en los 90 ahora son adultos que ocupan posiciones influyentes en industrias creativas, y buscan recrear y reinterpretar los estilos de su juventud.<\/p>\n<p>Este fen\u00f3meno no es nuevo; la moda siempre ha recurrido al pasado para encontrar inspiraci\u00f3n, pero en el caso de los 90, la conexi\u00f3n emocional es particularmente fuerte debido a la<strong> era<\/strong> <strong>pre-digital<\/strong> en la que se desarroll\u00f3.<\/p>\n<p>Para muchos, las prendas y estilos de esta \u00e9poca evocan un tiempo m\u00e1s sencillo, antes de la irrupci\u00f3n de las redes sociales y la omnipresencia de la tecnolog\u00eda.<\/p>\n<figure id=\"attachment_140313\" aria-describedby=\"caption-attachment-140313\" style=\"width: 700px\" class=\"wp-caption alignnone\"><img loading=\"lazy\" decoding=\"async\" class=\"size-large wp-image-140313\" src=\"https:\/\/graziamagazine.com\/mx\/wp-content\/uploads\/sites\/13\/2024\/08\/Captura-de-Pantalla-2024-08-15-a-las-13.39.09-700x1024.png\" alt=\"La nostalgia por los a\u00f1os 90 en la moda\" width=\"700\" height=\"1024\" srcset=\"https:\/\/graziamagazine.com\/mx\/wp-content\/uploads\/sites\/13\/2024\/08\/Captura-de-Pantalla-2024-08-15-a-las-13.39.09-700x1024.png 700w, https:\/\/graziamagazine.com\/mx\/wp-content\/uploads\/sites\/13\/2024\/08\/Captura-de-Pantalla-2024-08-15-a-las-13.39.09-308x450.png 308w, https:\/\/graziamagazine.com\/mx\/wp-content\/uploads\/sites\/13\/2024\/08\/Captura-de-Pantalla-2024-08-15-a-las-13.39.09-768x1124.png 768w, https:\/\/graziamagazine.com\/mx\/wp-content\/uploads\/sites\/13\/2024\/08\/Captura-de-Pantalla-2024-08-15-a-las-13.39.09-400x585.png 400w, https:\/\/graziamagazine.com\/mx\/wp-content\/uploads\/sites\/13\/2024\/08\/Captura-de-Pantalla-2024-08-15-a-las-13.39.09-147x215.png 147w, https:\/\/graziamagazine.com\/mx\/wp-content\/uploads\/sites\/13\/2024\/08\/Captura-de-Pantalla-2024-08-15-a-las-13.39.09.png 1024w\" sizes=\"(max-width: 700px) 100vw, 700px\" \/><figcaption id=\"caption-attachment-140313\" class=\"wp-caption-text\">La nostalgia por los a\u00f1os 90 en la moda<\/figcaption><\/figure>\n<p>Los medios de comunicaci\u00f3n y las celebridades tambi\u00e9n han impulsado este resurgimiento. Series de televisi\u00f3n populares, como <strong>&#8220;Friends&#8221;<\/strong> o <strong>&#8220;The Fresh Prince of Bel-Air&#8221;<\/strong>, han vuelto a capturar la imaginaci\u00f3n de una nueva generaci\u00f3n.<\/p>\n<p>Las estrellas de estas series y otros \u00edconos de la d\u00e9cada, como <strong>Kurt Cobain o Aaliyah<\/strong>, siguen siendo referentes de estilo. Adem\u00e1s, la industria de la moda ha capitalizado esta tendencia, lanzando colecciones inspiradas en los 90, y colaboraciones con marcas que fueron ic\u00f3nicas durante esa d\u00e9cada.<\/p>\n<figure id=\"attachment_140310\" aria-describedby=\"caption-attachment-140310\" style=\"width: 818px\" class=\"wp-caption alignnone\"><img loading=\"lazy\" decoding=\"async\" class=\"size-large wp-image-140310\" src=\"https:\/\/graziamagazine.com\/mx\/wp-content\/uploads\/sites\/13\/2024\/08\/Captura-de-Pantalla-2024-08-15-a-las-13.35.43-818x1024.png\" alt=\"La nostalgia por los a\u00f1os 90 en la moda\" width=\"818\" height=\"1024\" srcset=\"https:\/\/graziamagazine.com\/mx\/wp-content\/uploads\/sites\/13\/2024\/08\/Captura-de-Pantalla-2024-08-15-a-las-13.35.43-818x1024.png 818w, https:\/\/graziamagazine.com\/mx\/wp-content\/uploads\/sites\/13\/2024\/08\/Captura-de-Pantalla-2024-08-15-a-las-13.35.43-359x450.png 359w, https:\/\/graziamagazine.com\/mx\/wp-content\/uploads\/sites\/13\/2024\/08\/Captura-de-Pantalla-2024-08-15-a-las-13.35.43-768x962.png 768w, https:\/\/graziamagazine.com\/mx\/wp-content\/uploads\/sites\/13\/2024\/08\/Captura-de-Pantalla-2024-08-15-a-las-13.35.43-400x501.png 400w, https:\/\/graziamagazine.com\/mx\/wp-content\/uploads\/sites\/13\/2024\/08\/Captura-de-Pantalla-2024-08-15-a-las-13.35.43-155x194.png 155w, https:\/\/graziamagazine.com\/mx\/wp-content\/uploads\/sites\/13\/2024\/08\/Captura-de-Pantalla-2024-08-15-a-las-13.35.43.png 1220w\" sizes=\"(max-width: 818px) 100vw, 818px\" \/><figcaption id=\"caption-attachment-140310\" class=\"wp-caption-text\">La nostalgia por los a\u00f1os 90 en la moda<\/figcaption><\/figure>\n<p>La moda de los 90 no solo es una tendencia pasajera, sino una revalorizaci\u00f3n de una era que simboliza la libertad de expresi\u00f3n y la diversidad estil\u00edstica.<\/p>\n<p>Esta obsesi\u00f3n contempor\u00e1nea por los a\u00f1os 90 refleja tanto un anhelo por el pasado como una reinterpretaci\u00f3n de sus elementos m\u00e1s distintivos, adapt\u00e1ndolos a los gustos y sensibilidades actuales.<\/p>\n<p><em><strong>*IMAGEN: Google Images<\/strong><\/em><\/p>\n","protected":false},"author":28953,"featured_media":140315,"template":"","format":"standard","categories":[4],"acf":[],"yoast_head":"<!-- This site is optimized with the Yoast SEO Premium plugin v18.5 (Yoast SEO v20.4) - https:\/\/yoast.com\/wordpress\/plugins\/seo\/ -->\n<title>La nostalgia por los a\u00f1os 90 en la moda<\/title>\n<meta name=\"description\" content=\"La influencia de la moda de los a\u00f1os 90 sigue siendo una fuerza poderosa que define estilos y tendencias contempor\u00e1neas.\" \/>\n<meta name=\"robots\" content=\"index, follow, max-snippet:-1, max-image-preview:large, max-video-preview:-1\" \/>\n<link rel=\"canonical\" href=\"https:\/\/graziamagazine.com\/mx\/articles\/la-nostalgia-por-los-anos-90-en-la-moda\/\" \/>\n<meta property=\"og:locale\" content=\"es_MX\" \/>\n<meta property=\"og:type\" content=\"article\" \/>\n<meta property=\"og:title\" content=\"La nostalgia por los a\u00f1os 90 en la moda\" \/>\n<meta property=\"og:description\" content=\"La influencia de la moda de los a\u00f1os 90 sigue siendo una fuerza poderosa que define estilos y tendencias contempor\u00e1neas.\" \/>\n<meta property=\"og:url\" content=\"https:\/\/graziamagazine.com\/mx\/articles\/la-nostalgia-por-los-anos-90-en-la-moda\/\" \/>\n<meta property=\"og:site_name\" content=\"Grazia M\u00e9xico y Latinoam\u00e9rica\" \/>\n<meta property=\"article:modified_time\" content=\"2024-08-15T19:44:20+00:00\" \/>\n<meta property=\"og:image\" content=\"https:\/\/graziamagazine.com\/mx\/wp-content\/uploads\/sites\/13\/2024\/08\/Captura-de-Pantalla-2024-08-15-a-las-13.41.24-1024x690.png\" \/>\n\t<meta property=\"og:image:width\" content=\"1024\" \/>\n\t<meta property=\"og:image:height\" content=\"690\" \/>\n\t<meta property=\"og:image:type\" content=\"image\/png\" \/>\n<meta name=\"twitter:card\" content=\"summary_large_image\" \/>\n<meta name=\"twitter:label1\" content=\"Est. reading time\" \/>\n\t<meta name=\"twitter:data1\" content=\"3 minutos\" \/>\n<script type=\"application\/ld+json\" class=\"yoast-schema-graph\">{\"@context\":\"https:\/\/schema.org\",\"@graph\":[{\"@type\":\"WebPage\",\"@id\":\"https:\/\/graziamagazine.com\/mx\/articles\/la-nostalgia-por-los-anos-90-en-la-moda\/\",\"url\":\"https:\/\/graziamagazine.com\/mx\/articles\/la-nostalgia-por-los-anos-90-en-la-moda\/\",\"name\":\"La nostalgia por los a\u00f1os 90 en la moda\",\"isPartOf\":{\"@id\":\"https:\/\/graziamagazine.com\/mx\/#website\"},\"datePublished\":\"2024-08-15T19:32:11+00:00\",\"dateModified\":\"2024-08-15T19:44:20+00:00\",\"description\":\"La influencia de la moda de los a\u00f1os 90 sigue siendo una fuerza poderosa que define estilos y tendencias contempor\u00e1neas.\",\"breadcrumb\":{\"@id\":\"https:\/\/graziamagazine.com\/mx\/articles\/la-nostalgia-por-los-anos-90-en-la-moda\/#breadcrumb\"},\"inLanguage\":\"es-MX\",\"potentialAction\":[{\"@type\":\"ReadAction\",\"target\":[\"https:\/\/graziamagazine.com\/mx\/articles\/la-nostalgia-por-los-anos-90-en-la-moda\/\"]}]},{\"@type\":\"BreadcrumbList\",\"@id\":\"https:\/\/graziamagazine.com\/mx\/articles\/la-nostalgia-por-los-anos-90-en-la-moda\/#breadcrumb\",\"itemListElement\":[{\"@type\":\"ListItem\",\"position\":1,\"name\":\"Home\",\"item\":\"https:\/\/graziamagazine.com\/mx\/\"},{\"@type\":\"ListItem\",\"position\":2,\"name\":\"La nostalgia por los a\u00f1os 90 en la moda\"}]},{\"@type\":\"WebSite\",\"@id\":\"https:\/\/graziamagazine.com\/mx\/#website\",\"url\":\"https:\/\/graziamagazine.com\/mx\/\",\"name\":\"Grazia M\u00e9xico y Latinoam\u00e9rica\",\"description\":\"Grazia es moda, belleza y noticias  de actualidad \",\"potentialAction\":[{\"@type\":\"SearchAction\",\"target\":{\"@type\":\"EntryPoint\",\"urlTemplate\":\"https:\/\/graziamagazine.com\/mx\/?s={search_term_string}\"},\"query-input\":\"required name=search_term_string\"}],\"inLanguage\":\"es-MX\"}]}<\/script>\n<!-- \/ Yoast SEO Premium plugin. -->","yoast_head_json":{"title":"La nostalgia por los a\u00f1os 90 en la moda","description":"La influencia de la moda de los a\u00f1os 90 sigue siendo una fuerza poderosa que define estilos y tendencias contempor\u00e1neas.","robots":{"index":"index","follow":"follow","max-snippet":"max-snippet:-1","max-image-preview":"max-image-preview:large","max-video-preview":"max-video-preview:-1"},"canonical":"https:\/\/graziamagazine.com\/mx\/articles\/la-nostalgia-por-los-anos-90-en-la-moda\/","og_locale":"es_MX","og_type":"article","og_title":"La nostalgia por los a\u00f1os 90 en la moda","og_description":"La influencia de la moda de los a\u00f1os 90 sigue siendo una fuerza poderosa que define estilos y tendencias contempor\u00e1neas.","og_url":"https:\/\/graziamagazine.com\/mx\/articles\/la-nostalgia-por-los-anos-90-en-la-moda\/","og_site_name":"Grazia M\u00e9xico y Latinoam\u00e9rica","article_modified_time":"2024-08-15T19:44:20+00:00","og_image":[{"width":1024,"height":690,"url":"https:\/\/graziamagazine.com\/mx\/wp-content\/uploads\/sites\/13\/2024\/08\/Captura-de-Pantalla-2024-08-15-a-las-13.41.24-1024x690.png","type":"image\/png"}],"twitter_card":"summary_large_image","twitter_misc":{"Est. reading time":"3 minutos"},"schema":{"@context":"https:\/\/schema.org","@graph":[{"@type":"WebPage","@id":"https:\/\/graziamagazine.com\/mx\/articles\/la-nostalgia-por-los-anos-90-en-la-moda\/","url":"https:\/\/graziamagazine.com\/mx\/articles\/la-nostalgia-por-los-anos-90-en-la-moda\/","name":"La nostalgia por los a\u00f1os 90 en la moda","isPartOf":{"@id":"https:\/\/graziamagazine.com\/mx\/#website"},"datePublished":"2024-08-15T19:32:11+00:00","dateModified":"2024-08-15T19:44:20+00:00","description":"La influencia de la moda de los a\u00f1os 90 sigue siendo una fuerza poderosa que define estilos y tendencias contempor\u00e1neas.","breadcrumb":{"@id":"https:\/\/graziamagazine.com\/mx\/articles\/la-nostalgia-por-los-anos-90-en-la-moda\/#breadcrumb"},"inLanguage":"es-MX","potentialAction":[{"@type":"ReadAction","target":["https:\/\/graziamagazine.com\/mx\/articles\/la-nostalgia-por-los-anos-90-en-la-moda\/"]}]},{"@type":"BreadcrumbList","@id":"https:\/\/graziamagazine.com\/mx\/articles\/la-nostalgia-por-los-anos-90-en-la-moda\/#breadcrumb","itemListElement":[{"@type":"ListItem","position":1,"name":"Home","item":"https:\/\/graziamagazine.com\/mx\/"},{"@type":"ListItem","position":2,"name":"La nostalgia por los a\u00f1os 90 en la moda"}]},{"@type":"WebSite","@id":"https:\/\/graziamagazine.com\/mx\/#website","url":"https:\/\/graziamagazine.com\/mx\/","name":"Grazia M\u00e9xico y Latinoam\u00e9rica","description":"Grazia es moda, belleza y noticias  de actualidad ","potentialAction":[{"@type":"SearchAction","target":{"@type":"EntryPoint","urlTemplate":"https:\/\/graziamagazine.com\/mx\/?s={search_term_string}"},"query-input":"required name=search_term_string"}],"inLanguage":"es-MX"}]}},"jetpack_sharing_enabled":true,"distributor_meta":false,"distributor_terms":false,"distributor_media":false,"distributor_original_site_name":"Grazia M\u00e9xico y Latinoam\u00e9rica","distributor_original_site_url":"https:\/\/graziamagazine.com\/mx","push-errors":false,"_links":{"self":[{"href":"https:\/\/graziamagazine.com\/mx\/wp-json\/wp\/v2\/articles\/140309"}],"collection":[{"href":"https:\/\/graziamagazine.com\/mx\/wp-json\/wp\/v2\/articles"}],"about":[{"href":"https:\/\/graziamagazine.com\/mx\/wp-json\/wp\/v2\/types\/articles"}],"author":[{"embeddable":true,"href":"https:\/\/graziamagazine.com\/mx\/wp-json\/wp\/v2\/users\/28953"}],"wp:featuredmedia":[{"embeddable":true,"href":"https:\/\/graziamagazine.com\/mx\/wp-json\/wp\/v2\/media\/140315"}],"wp:attachment":[{"href":"https:\/\/graziamagazine.com\/mx\/wp-json\/wp\/v2\/media?parent=140309"}],"wp:term":[{"taxonomy":"category","embeddable":true,"href":"https:\/\/graziamagazine.com\/mx\/wp-json\/wp\/v2\/categories?post=140309"}],"curies":[{"name":"wp","href":"https:\/\/api.w.org\/{rel}","templated":true}]}}