{"id":140262,"date":"2024-08-13T20:47:50","date_gmt":"2024-08-14T01:47:50","guid":{"rendered":"https:\/\/graziamagazine.com\/mx\/?post_type=articles&#038;p=140262"},"modified":"2024-08-14T13:06:03","modified_gmt":"2024-08-14T18:06:03","slug":"disney-renueva-muestra-planes-expansion-proxima-decada","status":"publish","type":"articles","link":"https:\/\/graziamagazine.com\/mx\/articles\/disney-renueva-muestra-planes-expansion-proxima-decada\/","title":{"rendered":"Disney se renueva y muestra los planes de expansi\u00f3n que tiene para la pr\u00f3xima d\u00e9cada"},"content":{"rendered":"<p>Ir a <strong>Disneyland<\/strong> marca un antes y un despu\u00e9s para cualquier ni\u00f1o -y para cualquier padre- que sue\u00f1en con visitar los parques tem\u00e1ticos. La compa\u00f1\u00eda lo sabe y ha decidido reinventarse.<\/p>\n<p>Este s\u00e1bado <strong>Disney<\/strong> revel\u00f3 los planes de expansi\u00f3n que la compa\u00f1\u00eda tiene para la pr\u00f3xima d\u00e9cada y revel\u00f3 en que gastar\u00e1 el presupuesto de 60,000 millones de d\u00f3lares destinados a ese prop\u00f3sito.<\/p>\n<p><strong>Josh D\u2019Amaro<\/strong>, presidente de <strong>Disney Experiences<\/strong> mostr\u00f3 los planes de la compa\u00f1\u00eda en el evento <strong>D23: The Ultimate Disney Fan Event<\/strong>, una reuni\u00f3n de tres d\u00edas que se llev\u00f3 a cabo el pasado fin de semana al sur de <strong>California<\/strong>.<\/p>\n<figure id=\"attachment_140265\" aria-describedby=\"caption-attachment-140265\" style=\"width: 370px\" class=\"wp-caption alignnone\"><img loading=\"lazy\" decoding=\"async\" class=\"size-medium wp-image-140265\" src=\"https:\/\/graziamagazine.com\/mx\/wp-content\/uploads\/sites\/13\/2024\/08\/WhatsApp-Image-2024-08-13-at-7.56.15-PM-370x450.jpeg\" alt=\"\" width=\"370\" height=\"450\" srcset=\"https:\/\/graziamagazine.com\/mx\/wp-content\/uploads\/sites\/13\/2024\/08\/WhatsApp-Image-2024-08-13-at-7.56.15-PM-370x450.jpeg 370w, https:\/\/graziamagazine.com\/mx\/wp-content\/uploads\/sites\/13\/2024\/08\/WhatsApp-Image-2024-08-13-at-7.56.15-PM-842x1024.jpeg 842w, https:\/\/graziamagazine.com\/mx\/wp-content\/uploads\/sites\/13\/2024\/08\/WhatsApp-Image-2024-08-13-at-7.56.15-PM-768x934.jpeg 768w, https:\/\/graziamagazine.com\/mx\/wp-content\/uploads\/sites\/13\/2024\/08\/WhatsApp-Image-2024-08-13-at-7.56.15-PM-400x486.jpeg 400w, https:\/\/graziamagazine.com\/mx\/wp-content\/uploads\/sites\/13\/2024\/08\/WhatsApp-Image-2024-08-13-at-7.56.15-PM-155x188.jpeg 155w, https:\/\/graziamagazine.com\/mx\/wp-content\/uploads\/sites\/13\/2024\/08\/WhatsApp-Image-2024-08-13-at-7.56.15-PM.jpeg 1125w\" sizes=\"(max-width: 370px) 100vw, 370px\" \/><figcaption id=\"caption-attachment-140265\" class=\"wp-caption-text\">Instagram<\/figcaption><\/figure>\n<p>Para empezar, el <strong><em>Magic Kingdom<\/em><\/strong>, el parque tem\u00e1tico insignia de Disney en <strong>Florida<\/strong> tendr\u00e1 la m\u00e1s grande expansi\u00f3n que haya experimentado en sus 53 a\u00f1os de historia. Tendr\u00e1 u na nueva zona dedicada completamente a los villanos cl\u00e1sicos de Disney y otra enfocada en las pel\u00edculas <em><strong>Cars<\/strong><\/em> de <strong>Pixar<\/strong>.<\/p>\n<p>El <strong>Disneyland Resort<\/strong> en California tendr\u00e1 dos nuevas atracciones de superh\u00e9roes, una atracci\u00f3n acu\u00e1tica de <em><strong>Avatar<\/strong><\/em>, otro juego de <em><strong>Coco<\/strong> <\/em>y un espect\u00e1culo desfile protagonizado por un Walt Disney animatr\u00f3nico.<\/p>\n<p>Pero el enorme presupuesto no solo se invertir\u00e1 en esas atracciones, sino en otras a\u00fan secretas, restaurantes, inversiones en tecnolog\u00eda e infraestructura y hoteles del complejo tur\u00edstico.<\/p>\n<figure id=\"attachment_140264\" aria-describedby=\"caption-attachment-140264\" style=\"width: 450px\" class=\"wp-caption alignnone\"><img loading=\"lazy\" decoding=\"async\" class=\"size-medium wp-image-140264\" src=\"https:\/\/graziamagazine.com\/mx\/wp-content\/uploads\/sites\/13\/2024\/08\/WhatsApp-Image-2024-08-13-at-7.56.15-PM-1-450x440.jpeg\" alt=\"\" width=\"450\" height=\"440\" srcset=\"https:\/\/graziamagazine.com\/mx\/wp-content\/uploads\/sites\/13\/2024\/08\/WhatsApp-Image-2024-08-13-at-7.56.15-PM-1-450x440.jpeg 450w, https:\/\/graziamagazine.com\/mx\/wp-content\/uploads\/sites\/13\/2024\/08\/WhatsApp-Image-2024-08-13-at-7.56.15-PM-1-1024x1001.jpeg 1024w, https:\/\/graziamagazine.com\/mx\/wp-content\/uploads\/sites\/13\/2024\/08\/WhatsApp-Image-2024-08-13-at-7.56.15-PM-1-768x751.jpeg 768w, https:\/\/graziamagazine.com\/mx\/wp-content\/uploads\/sites\/13\/2024\/08\/WhatsApp-Image-2024-08-13-at-7.56.15-PM-1-400x391.jpeg 400w, https:\/\/graziamagazine.com\/mx\/wp-content\/uploads\/sites\/13\/2024\/08\/WhatsApp-Image-2024-08-13-at-7.56.15-PM-1-155x152.jpeg 155w, https:\/\/graziamagazine.com\/mx\/wp-content\/uploads\/sites\/13\/2024\/08\/WhatsApp-Image-2024-08-13-at-7.56.15-PM-1.jpeg 1125w\" sizes=\"(max-width: 450px) 100vw, 450px\" \/><figcaption id=\"caption-attachment-140264\" class=\"wp-caption-text\">Instagram<\/figcaption><\/figure>\n<p>Tres d\u00edas antes de que se informar\u00e1n los planes de expansi\u00f3n de Disney, la compa\u00f1\u00eda revel\u00f3 los resultados de parques tem\u00e1ticos menores a los esperado para el trimestre (al 29 de junio). Hubo una disminuci\u00f3n del &#8220;beneficio operativo&#8221; de un 3 por ciento, a 2.200 millones de d\u00f3lares.<\/p>\n<p>Sin embargo, la empresa asegur\u00f3 que no es algo que los preocupe. Por el contrario, planean reinventarse y expandirse para seguir siendo l\u00edderes en el negocio de la diversi\u00f3n.<\/p>\n","protected":false},"author":36289,"featured_media":140263,"template":"","format":"standard","categories":[114],"acf":[],"yoast_head":"<!-- This site is optimized with the Yoast SEO Premium plugin v18.5 (Yoast SEO v20.4) - https:\/\/yoast.com\/wordpress\/plugins\/seo\/ -->\n<title>Disney se renueva y muestra los planes de expansi\u00f3n que tiene para la pr\u00f3xima d\u00e9cada | Grazia M\u00e9xico y Latinoam\u00e9rica<\/title>\n<meta name=\"description\" content=\"Ir a Disneyland marca un antes y un despu\u00e9s para cualquier ni\u00f1o -y para cualquier padre- que sue\u00f1en con visitar los parques tem\u00e1ticos. La compa\u00f1\u00eda lo sabe\" \/>\n<meta name=\"robots\" content=\"index, follow, max-snippet:-1, max-image-preview:large, max-video-preview:-1\" \/>\n<link rel=\"canonical\" href=\"https:\/\/graziamagazine.com\/mx\/articles\/disney-renueva-muestra-planes-expansion-proxima-decada\/\" \/>\n<meta property=\"og:locale\" content=\"es_MX\" \/>\n<meta property=\"og:type\" content=\"article\" \/>\n<meta property=\"og:title\" content=\"Disney se renueva y muestra los planes de expansi\u00f3n que tiene para la pr\u00f3xima d\u00e9cada\" \/>\n<meta property=\"og:description\" content=\"Ir a Disneyland marca un antes y un despu\u00e9s para cualquier ni\u00f1o -y para cualquier padre- que sue\u00f1en con visitar los parques tem\u00e1ticos. La compa\u00f1\u00eda lo sabe\" \/>\n<meta property=\"og:url\" content=\"https:\/\/graziamagazine.com\/mx\/articles\/disney-renueva-muestra-planes-expansion-proxima-decada\/\" \/>\n<meta property=\"og:site_name\" content=\"Grazia M\u00e9xico y Latinoam\u00e9rica\" \/>\n<meta property=\"article:modified_time\" content=\"2024-08-14T18:06:03+00:00\" \/>\n<meta property=\"og:image\" content=\"https:\/\/graziamagazine.com\/mx\/wp-content\/uploads\/sites\/13\/2024\/08\/WhatsApp-Image-2024-08-13-at-7.56.12-PM-e1723600674402.jpeg\" \/>\n\t<meta property=\"og:image:width\" content=\"1125\" \/>\n\t<meta property=\"og:image:height\" content=\"720\" \/>\n\t<meta property=\"og:image:type\" content=\"image\/jpeg\" \/>\n<meta name=\"twitter:card\" content=\"summary_large_image\" \/>\n<meta name=\"twitter:label1\" content=\"Est. reading time\" \/>\n\t<meta name=\"twitter:data1\" content=\"2 minutos\" \/>\n<script type=\"application\/ld+json\" class=\"yoast-schema-graph\">{\"@context\":\"https:\/\/schema.org\",\"@graph\":[{\"@type\":\"WebPage\",\"@id\":\"https:\/\/graziamagazine.com\/mx\/articles\/disney-renueva-muestra-planes-expansion-proxima-decada\/\",\"url\":\"https:\/\/graziamagazine.com\/mx\/articles\/disney-renueva-muestra-planes-expansion-proxima-decada\/\",\"name\":\"Disney se renueva y muestra los planes de expansi\u00f3n que tiene para la pr\u00f3xima d\u00e9cada | Grazia M\u00e9xico y Latinoam\u00e9rica\",\"isPartOf\":{\"@id\":\"https:\/\/graziamagazine.com\/mx\/#website\"},\"datePublished\":\"2024-08-14T01:47:50+00:00\",\"dateModified\":\"2024-08-14T18:06:03+00:00\",\"description\":\"Ir a Disneyland marca un antes y un despu\u00e9s para cualquier ni\u00f1o -y para cualquier padre- que sue\u00f1en con visitar los parques tem\u00e1ticos. La compa\u00f1\u00eda lo sabe\",\"breadcrumb\":{\"@id\":\"https:\/\/graziamagazine.com\/mx\/articles\/disney-renueva-muestra-planes-expansion-proxima-decada\/#breadcrumb\"},\"inLanguage\":\"es-MX\",\"potentialAction\":[{\"@type\":\"ReadAction\",\"target\":[\"https:\/\/graziamagazine.com\/mx\/articles\/disney-renueva-muestra-planes-expansion-proxima-decada\/\"]}]},{\"@type\":\"BreadcrumbList\",\"@id\":\"https:\/\/graziamagazine.com\/mx\/articles\/disney-renueva-muestra-planes-expansion-proxima-decada\/#breadcrumb\",\"itemListElement\":[{\"@type\":\"ListItem\",\"position\":1,\"name\":\"Home\",\"item\":\"https:\/\/graziamagazine.com\/mx\/\"},{\"@type\":\"ListItem\",\"position\":2,\"name\":\"Disney se renueva y muestra los planes de expansi\u00f3n que tiene para la pr\u00f3xima d\u00e9cada\"}]},{\"@type\":\"WebSite\",\"@id\":\"https:\/\/graziamagazine.com\/mx\/#website\",\"url\":\"https:\/\/graziamagazine.com\/mx\/\",\"name\":\"Grazia M\u00e9xico y Latinoam\u00e9rica\",\"description\":\"Grazia es moda, belleza y noticias  de actualidad \",\"potentialAction\":[{\"@type\":\"SearchAction\",\"target\":{\"@type\":\"EntryPoint\",\"urlTemplate\":\"https:\/\/graziamagazine.com\/mx\/?s={search_term_string}\"},\"query-input\":\"required name=search_term_string\"}],\"inLanguage\":\"es-MX\"}]}<\/script>\n<!-- \/ Yoast SEO Premium plugin. -->","yoast_head_json":{"title":"Disney se renueva y muestra los planes de expansi\u00f3n que tiene para la pr\u00f3xima d\u00e9cada | Grazia M\u00e9xico y Latinoam\u00e9rica","description":"Ir a Disneyland marca un antes y un despu\u00e9s para cualquier ni\u00f1o -y para cualquier padre- que sue\u00f1en con visitar los parques tem\u00e1ticos. La compa\u00f1\u00eda lo sabe","robots":{"index":"index","follow":"follow","max-snippet":"max-snippet:-1","max-image-preview":"max-image-preview:large","max-video-preview":"max-video-preview:-1"},"canonical":"https:\/\/graziamagazine.com\/mx\/articles\/disney-renueva-muestra-planes-expansion-proxima-decada\/","og_locale":"es_MX","og_type":"article","og_title":"Disney se renueva y muestra los planes de expansi\u00f3n que tiene para la pr\u00f3xima d\u00e9cada","og_description":"Ir a Disneyland marca un antes y un despu\u00e9s para cualquier ni\u00f1o -y para cualquier padre- que sue\u00f1en con visitar los parques tem\u00e1ticos. La compa\u00f1\u00eda lo sabe","og_url":"https:\/\/graziamagazine.com\/mx\/articles\/disney-renueva-muestra-planes-expansion-proxima-decada\/","og_site_name":"Grazia M\u00e9xico y Latinoam\u00e9rica","article_modified_time":"2024-08-14T18:06:03+00:00","og_image":[{"width":1125,"height":720,"url":"https:\/\/graziamagazine.com\/mx\/wp-content\/uploads\/sites\/13\/2024\/08\/WhatsApp-Image-2024-08-13-at-7.56.12-PM-e1723600674402.jpeg","type":"image\/jpeg"}],"twitter_card":"summary_large_image","twitter_misc":{"Est. reading time":"2 minutos"},"schema":{"@context":"https:\/\/schema.org","@graph":[{"@type":"WebPage","@id":"https:\/\/graziamagazine.com\/mx\/articles\/disney-renueva-muestra-planes-expansion-proxima-decada\/","url":"https:\/\/graziamagazine.com\/mx\/articles\/disney-renueva-muestra-planes-expansion-proxima-decada\/","name":"Disney se renueva y muestra los planes de expansi\u00f3n que tiene para la pr\u00f3xima d\u00e9cada | Grazia M\u00e9xico y Latinoam\u00e9rica","isPartOf":{"@id":"https:\/\/graziamagazine.com\/mx\/#website"},"datePublished":"2024-08-14T01:47:50+00:00","dateModified":"2024-08-14T18:06:03+00:00","description":"Ir a Disneyland marca un antes y un despu\u00e9s para cualquier ni\u00f1o -y para cualquier padre- que sue\u00f1en con visitar los parques tem\u00e1ticos. La compa\u00f1\u00eda lo sabe","breadcrumb":{"@id":"https:\/\/graziamagazine.com\/mx\/articles\/disney-renueva-muestra-planes-expansion-proxima-decada\/#breadcrumb"},"inLanguage":"es-MX","potentialAction":[{"@type":"ReadAction","target":["https:\/\/graziamagazine.com\/mx\/articles\/disney-renueva-muestra-planes-expansion-proxima-decada\/"]}]},{"@type":"BreadcrumbList","@id":"https:\/\/graziamagazine.com\/mx\/articles\/disney-renueva-muestra-planes-expansion-proxima-decada\/#breadcrumb","itemListElement":[{"@type":"ListItem","position":1,"name":"Home","item":"https:\/\/graziamagazine.com\/mx\/"},{"@type":"ListItem","position":2,"name":"Disney se renueva y muestra los planes de expansi\u00f3n que tiene para la pr\u00f3xima d\u00e9cada"}]},{"@type":"WebSite","@id":"https:\/\/graziamagazine.com\/mx\/#website","url":"https:\/\/graziamagazine.com\/mx\/","name":"Grazia M\u00e9xico y Latinoam\u00e9rica","description":"Grazia es moda, belleza y noticias  de actualidad ","potentialAction":[{"@type":"SearchAction","target":{"@type":"EntryPoint","urlTemplate":"https:\/\/graziamagazine.com\/mx\/?s={search_term_string}"},"query-input":"required name=search_term_string"}],"inLanguage":"es-MX"}]}},"jetpack_sharing_enabled":true,"distributor_meta":false,"distributor_terms":false,"distributor_media":false,"distributor_original_site_name":"Grazia M\u00e9xico y Latinoam\u00e9rica","distributor_original_site_url":"https:\/\/graziamagazine.com\/mx","push-errors":false,"_links":{"self":[{"href":"https:\/\/graziamagazine.com\/mx\/wp-json\/wp\/v2\/articles\/140262"}],"collection":[{"href":"https:\/\/graziamagazine.com\/mx\/wp-json\/wp\/v2\/articles"}],"about":[{"href":"https:\/\/graziamagazine.com\/mx\/wp-json\/wp\/v2\/types\/articles"}],"author":[{"embeddable":true,"href":"https:\/\/graziamagazine.com\/mx\/wp-json\/wp\/v2\/users\/36289"}],"wp:featuredmedia":[{"embeddable":true,"href":"https:\/\/graziamagazine.com\/mx\/wp-json\/wp\/v2\/media\/140263"}],"wp:attachment":[{"href":"https:\/\/graziamagazine.com\/mx\/wp-json\/wp\/v2\/media?parent=140262"}],"wp:term":[{"taxonomy":"category","embeddable":true,"href":"https:\/\/graziamagazine.com\/mx\/wp-json\/wp\/v2\/categories?post=140262"}],"curies":[{"name":"wp","href":"https:\/\/api.w.org\/{rel}","templated":true}]}}