{"id":140187,"date":"2024-08-11T14:00:52","date_gmt":"2024-08-11T19:00:52","guid":{"rendered":"https:\/\/graziamagazine.com\/mx\/?post_type=articles&#038;p=140187"},"modified":"2024-08-11T21:19:36","modified_gmt":"2024-08-12T02:19:36","slug":"bye-bye-paris-2024-clausura-de-los-juegos-olimpicos","status":"publish","type":"articles","link":"https:\/\/graziamagazine.com\/mx\/articles\/bye-bye-paris-2024-clausura-de-los-juegos-olimpicos\/","title":{"rendered":"\u00a1Bye Bye Par\u00eds 2024! Clausura de los Juegos Ol\u00edmpicos"},"content":{"rendered":"<p>Los<strong> Juegos Ol\u00edmpicos de Par\u00eds 2024<\/strong> ha llegado a su fin con una clausura que quedar\u00e1 en la memoria colectiva. Tras semanas de competencias emocionantes y haza\u00f1as atl\u00e9ticas, el <strong>Estadio Ol\u00edmpico<\/strong> se convirti\u00f3 en el escenario de una ceremonia llena de simbolismo, color y emoci\u00f3n.<\/p>\n<p>Bajo el lema &#8220;El esp\u00edritu de Par\u00eds&#8221;, la capital francesa celebr\u00f3 la diversidad, la fraternidad y la excelencia deportiva, con un espect\u00e1culo que reflej\u00f3 su rica herencia cultural y su mirada hacia el futuro.<\/p>\n<figure id=\"attachment_140194\" aria-describedby=\"caption-attachment-140194\" style=\"width: 1024px\" class=\"wp-caption alignnone\"><img loading=\"lazy\" decoding=\"async\" class=\"size-full wp-image-140194\" src=\"https:\/\/graziamagazine.com\/mx\/wp-content\/uploads\/sites\/13\/2024\/08\/GettyImages-2166365812-1.jpg\" alt=\"\u00a1Bye Bye Par\u00eds 2024! Clausura de los Juegos Ol\u00edmpicos\" width=\"1024\" height=\"683\" srcset=\"https:\/\/graziamagazine.com\/mx\/wp-content\/uploads\/sites\/13\/2024\/08\/GettyImages-2166365812-1.jpg 1024w, https:\/\/graziamagazine.com\/mx\/wp-content\/uploads\/sites\/13\/2024\/08\/GettyImages-2166365812-1-450x300.jpg 450w, https:\/\/graziamagazine.com\/mx\/wp-content\/uploads\/sites\/13\/2024\/08\/GettyImages-2166365812-1-768x512.jpg 768w, https:\/\/graziamagazine.com\/mx\/wp-content\/uploads\/sites\/13\/2024\/08\/GettyImages-2166365812-1-400x267.jpg 400w, https:\/\/graziamagazine.com\/mx\/wp-content\/uploads\/sites\/13\/2024\/08\/GettyImages-2166365812-1-155x103.jpg 155w\" sizes=\"(max-width: 1024px) 100vw, 1024px\" \/><figcaption id=\"caption-attachment-140194\" class=\"wp-caption-text\">\u00a1Bye Bye Par\u00eds 2024! Clausura de los Juegos Ol\u00edmpicos<\/figcaption><\/figure>\n<p>La ceremonia de clausura de los Juegos Ol\u00edmpicos de Par\u00eds 2024 tuvo lugar en el ic\u00f3nico Estadio de Francia, ubicado en Saint Denis, al norte de la capital.<\/p>\n<p>Este estadio, inaugurado en 1998 para la <strong>Copa Mundial de la FIFA<\/strong>, es un emblema del deporte en Francia, siendo el escenario habitual de los partidos nacionales de f\u00fatbol y rugby.<\/p>\n<p>En esta ocasi\u00f3n, el estadio se convirti\u00f3 en el epicentro de una celebraci\u00f3n inolvidable que cerr\u00f3 con broche de oro unos Juegos Ol\u00edmpicos marcados por la excelencia y la emoci\u00f3n.<img loading=\"lazy\" decoding=\"async\" class=\"alignnone size-large wp-image-140192\" src=\"https:\/\/graziamagazine.com\/mx\/wp-content\/uploads\/sites\/13\/2024\/08\/Captura-de-Pantalla-2024-08-11-a-las-15.16.38-1024x674.png\" alt=\"\" width=\"1024\" height=\"674\" srcset=\"https:\/\/graziamagazine.com\/mx\/wp-content\/uploads\/sites\/13\/2024\/08\/Captura-de-Pantalla-2024-08-11-a-las-15.16.38-1024x674.png 1024w, https:\/\/graziamagazine.com\/mx\/wp-content\/uploads\/sites\/13\/2024\/08\/Captura-de-Pantalla-2024-08-11-a-las-15.16.38-450x296.png 450w, https:\/\/graziamagazine.com\/mx\/wp-content\/uploads\/sites\/13\/2024\/08\/Captura-de-Pantalla-2024-08-11-a-las-15.16.38-768x506.png 768w, https:\/\/graziamagazine.com\/mx\/wp-content\/uploads\/sites\/13\/2024\/08\/Captura-de-Pantalla-2024-08-11-a-las-15.16.38-1536x1011.png 1536w, https:\/\/graziamagazine.com\/mx\/wp-content\/uploads\/sites\/13\/2024\/08\/Captura-de-Pantalla-2024-08-11-a-las-15.16.38-400x263.png 400w, https:\/\/graziamagazine.com\/mx\/wp-content\/uploads\/sites\/13\/2024\/08\/Captura-de-Pantalla-2024-08-11-a-las-15.16.38-155x102.png 155w, https:\/\/graziamagazine.com\/mx\/wp-content\/uploads\/sites\/13\/2024\/08\/Captura-de-Pantalla-2024-08-11-a-las-15.16.38.png 2014w\" sizes=\"(max-width: 1024px) 100vw, 1024px\" \/><\/p>\n<p>El evento comenz\u00f3 con la tradicional entrada de los abanderados de las <strong>205 delegaciones<\/strong>, inaugurando el Desfile de Atletas.<\/p>\n<p>Esta secci\u00f3n de la ceremonia no solo simboliz\u00f3 la uni\u00f3n de todas las naciones participantes, sino que tambi\u00e9n celebr\u00f3 la diversidad y el esfuerzo colectivo de los competidores que, durante dos semanas, inspiraron al mundo con sus haza\u00f1as deportivas.<\/p>\n<p>La ceremonia comenz\u00f3 bajo el cielo de Par\u00eds con la interpretaci\u00f3n de <strong>&#8220;Sous le Ciel de Paris&#8221; por Zaho de Sagazan<\/strong>, quien emocion\u00f3 a todos los presentes con esta ic\u00f3nica canci\u00f3n, un homenaje a la pel\u00edcula hom\u00f3nima de 1951.<\/p>\n<figure id=\"attachment_140193\" aria-describedby=\"caption-attachment-140193\" style=\"width: 691px\" class=\"wp-caption alignnone\"><img loading=\"lazy\" decoding=\"async\" class=\"size-large wp-image-140193\" src=\"https:\/\/graziamagazine.com\/mx\/wp-content\/uploads\/sites\/13\/2024\/08\/Captura-de-Pantalla-2024-08-11-a-las-15.22.28-691x1024.png\" alt=\"\u00a1Bye Bye Par\u00eds 2024! Clausura de los Juegos Ol\u00edmpicos\" width=\"691\" height=\"1024\" srcset=\"https:\/\/graziamagazine.com\/mx\/wp-content\/uploads\/sites\/13\/2024\/08\/Captura-de-Pantalla-2024-08-11-a-las-15.22.28-691x1024.png 691w, https:\/\/graziamagazine.com\/mx\/wp-content\/uploads\/sites\/13\/2024\/08\/Captura-de-Pantalla-2024-08-11-a-las-15.22.28-304x450.png 304w, https:\/\/graziamagazine.com\/mx\/wp-content\/uploads\/sites\/13\/2024\/08\/Captura-de-Pantalla-2024-08-11-a-las-15.22.28-768x1138.png 768w, https:\/\/graziamagazine.com\/mx\/wp-content\/uploads\/sites\/13\/2024\/08\/Captura-de-Pantalla-2024-08-11-a-las-15.22.28-400x593.png 400w, https:\/\/graziamagazine.com\/mx\/wp-content\/uploads\/sites\/13\/2024\/08\/Captura-de-Pantalla-2024-08-11-a-las-15.22.28-145x215.png 145w, https:\/\/graziamagazine.com\/mx\/wp-content\/uploads\/sites\/13\/2024\/08\/Captura-de-Pantalla-2024-08-11-a-las-15.22.28.png 1004w\" sizes=\"(max-width: 691px) 100vw, 691px\" \/><figcaption id=\"caption-attachment-140193\" class=\"wp-caption-text\">\u00a1Bye Bye Par\u00eds 2024! Clausura de los Juegos Ol\u00edmpicos<\/figcaption><\/figure>\n<p>La melod\u00eda, que en su d\u00eda fue inmortalizada por Edith Piaf, estableci\u00f3 el tono nost\u00e1lgico y rom\u00e1ntico que prevalecer\u00eda durante toda la noche.<\/p>\n<p>A medida que la celebraci\u00f3n avanzaba, la <strong>banda francesa Phoenix<\/strong> encendi\u00f3 el escenario con su en\u00e9rgica interpretaci\u00f3n de <strong>&#8220;Lisztomania&#8221;<\/strong>. Los atletas, en lugar de mantenerse al margen, se dejaron llevar por el ritmo, subiendo al escenario para bailar y ondear las banderas de sus pa\u00edses, en una escena ca\u00f3tica pero vibrante que simboliz\u00f3 la uni\u00f3n de todas las naciones.<\/p>\n<figure id=\"attachment_140196\" aria-describedby=\"caption-attachment-140196\" style=\"width: 1024px\" class=\"wp-caption alignnone\"><img loading=\"lazy\" decoding=\"async\" class=\"size-full wp-image-140196\" src=\"https:\/\/graziamagazine.com\/mx\/wp-content\/uploads\/sites\/13\/2024\/08\/GettyImages-2166369204.jpg\" alt=\"\u00a1Bye Bye Par\u00eds 2024! Clausura de los Juegos Ol\u00edmpicos\" width=\"1024\" height=\"665\" srcset=\"https:\/\/graziamagazine.com\/mx\/wp-content\/uploads\/sites\/13\/2024\/08\/GettyImages-2166369204.jpg 1024w, https:\/\/graziamagazine.com\/mx\/wp-content\/uploads\/sites\/13\/2024\/08\/GettyImages-2166369204-450x292.jpg 450w, https:\/\/graziamagazine.com\/mx\/wp-content\/uploads\/sites\/13\/2024\/08\/GettyImages-2166369204-768x499.jpg 768w, https:\/\/graziamagazine.com\/mx\/wp-content\/uploads\/sites\/13\/2024\/08\/GettyImages-2166369204-400x260.jpg 400w, https:\/\/graziamagazine.com\/mx\/wp-content\/uploads\/sites\/13\/2024\/08\/GettyImages-2166369204-155x101.jpg 155w\" sizes=\"(max-width: 1024px) 100vw, 1024px\" \/><figcaption id=\"caption-attachment-140196\" class=\"wp-caption-text\">\u00a1Bye Bye Par\u00eds 2024! Clausura de los Juegos Ol\u00edmpicos<\/figcaption><\/figure>\n<p>Uno de los momentos m\u00e1s m\u00e1gicos de la noche fue cuando un pianista, suspendido del techo del Stade de France, comenz\u00f3 a tocar mientras los anillos ol\u00edmpicos flotaban sobre el escenario.<\/p>\n<p>La imagen de los anillos, movidos por bailarines, elev\u00e1ndose hacia el cielo parisino, quedar\u00e1 grabada en la memoria de todos como un s\u00edmbolo de esperanza y unidad.<img loading=\"lazy\" decoding=\"async\" class=\"alignnone size-full wp-image-140188\" src=\"https:\/\/graziamagazine.com\/mx\/wp-content\/uploads\/sites\/13\/2024\/08\/GettyImages-2165886691.jpg\" alt=\"\" width=\"1024\" height=\"683\" srcset=\"https:\/\/graziamagazine.com\/mx\/wp-content\/uploads\/sites\/13\/2024\/08\/GettyImages-2165886691.jpg 1024w, https:\/\/graziamagazine.com\/mx\/wp-content\/uploads\/sites\/13\/2024\/08\/GettyImages-2165886691-450x300.jpg 450w, https:\/\/graziamagazine.com\/mx\/wp-content\/uploads\/sites\/13\/2024\/08\/GettyImages-2165886691-768x512.jpg 768w, https:\/\/graziamagazine.com\/mx\/wp-content\/uploads\/sites\/13\/2024\/08\/GettyImages-2165886691-400x267.jpg 400w, https:\/\/graziamagazine.com\/mx\/wp-content\/uploads\/sites\/13\/2024\/08\/GettyImages-2165886691-155x103.jpg 155w\" sizes=\"(max-width: 1024px) 100vw, 1024px\" \/><\/p>\n<p>La aparici\u00f3n de una figura dorada descendiendo del techo fue otro punto culminante. Con las luces del estadio apagadas, la figura emergi\u00f3 en medio de una atm\u00f3sfera m\u00edstica, revel\u00e1ndose como una maqueta de un mapamundi, que simbolizaba la conexi\u00f3n global que los Juegos Ol\u00edmpicos han forjado.<\/p>\n<p>El momento m\u00e1s emotivo de la noche lleg\u00f3 cuando <strong>Sifan Hassan<\/strong>, de los Pa\u00edses Bajos, recibi\u00f3 su medalla de oro en el marat\u00f3n femenino. El Stade de France estall\u00f3 en v\u00edtores mientras Hassan, con una gran sonrisa, se sub\u00eda al podio, celebrando su impresionante victoria con una multitud emocionada.<img loading=\"lazy\" decoding=\"async\" class=\"alignnone size-full wp-image-140191\" src=\"https:\/\/graziamagazine.com\/mx\/wp-content\/uploads\/sites\/13\/2024\/08\/GettyImages-2165883714.jpg\" alt=\"\" width=\"1024\" height=\"683\" srcset=\"https:\/\/graziamagazine.com\/mx\/wp-content\/uploads\/sites\/13\/2024\/08\/GettyImages-2165883714.jpg 1024w, https:\/\/graziamagazine.com\/mx\/wp-content\/uploads\/sites\/13\/2024\/08\/GettyImages-2165883714-450x300.jpg 450w, https:\/\/graziamagazine.com\/mx\/wp-content\/uploads\/sites\/13\/2024\/08\/GettyImages-2165883714-768x512.jpg 768w, https:\/\/graziamagazine.com\/mx\/wp-content\/uploads\/sites\/13\/2024\/08\/GettyImages-2165883714-400x267.jpg 400w, https:\/\/graziamagazine.com\/mx\/wp-content\/uploads\/sites\/13\/2024\/08\/GettyImages-2165883714-155x103.jpg 155w\" sizes=\"(max-width: 1024px) 100vw, 1024px\" \/><\/p>\n<p>Uno de los momentos mas destacados fue el desfile de abanderados y voluntarios, quienes recorrieron el estadio entre aplausos y v\u00edtores, culminando una noche en la que el deporte y la humanidad se unieron bajo el cielo estrellado de Par\u00eds.<\/p>\n<p>La noche, ya de por s\u00ed m\u00e1gica, se torn\u00f3 a\u00fan m\u00e1s espectacular cuando Cruise, conocido por sus ic\u00f3nicas escenas de acci\u00f3n, hizo una entrada que dej\u00f3 a todos boquiabiertos.<img loading=\"lazy\" decoding=\"async\" class=\"alignnone size-large wp-image-140198\" src=\"https:\/\/graziamagazine.com\/mx\/wp-content\/uploads\/sites\/13\/2024\/08\/Captura-de-Pantalla-2024-08-11-a-las-15.59.45-1024x668.png\" alt=\"\" width=\"1024\" height=\"668\" srcset=\"https:\/\/graziamagazine.com\/mx\/wp-content\/uploads\/sites\/13\/2024\/08\/Captura-de-Pantalla-2024-08-11-a-las-15.59.45-1024x668.png 1024w, https:\/\/graziamagazine.com\/mx\/wp-content\/uploads\/sites\/13\/2024\/08\/Captura-de-Pantalla-2024-08-11-a-las-15.59.45-450x293.png 450w, https:\/\/graziamagazine.com\/mx\/wp-content\/uploads\/sites\/13\/2024\/08\/Captura-de-Pantalla-2024-08-11-a-las-15.59.45-768x501.png 768w, https:\/\/graziamagazine.com\/mx\/wp-content\/uploads\/sites\/13\/2024\/08\/Captura-de-Pantalla-2024-08-11-a-las-15.59.45-1536x1002.png 1536w, https:\/\/graziamagazine.com\/mx\/wp-content\/uploads\/sites\/13\/2024\/08\/Captura-de-Pantalla-2024-08-11-a-las-15.59.45-400x261.png 400w, https:\/\/graziamagazine.com\/mx\/wp-content\/uploads\/sites\/13\/2024\/08\/Captura-de-Pantalla-2024-08-11-a-las-15.59.45-155x101.png 155w, https:\/\/graziamagazine.com\/mx\/wp-content\/uploads\/sites\/13\/2024\/08\/Captura-de-Pantalla-2024-08-11-a-las-15.59.45.png 1978w\" sizes=\"(max-width: 1024px) 100vw, 1024px\" \/><\/p>\n<p>Los reflectores se enfocaron en la cima del Stade de France, donde Cruise, de pie en el techo, sorprendi\u00f3 a todos. Descendiendo con un cable, el actor demostr\u00f3 su valent\u00eda al estilo de sus pel\u00edculas m\u00e1s famosas. Al tocar el suelo, avanz\u00f3 entre los atletas, estrechando manos y contagiando su carisma.<\/p>\n<p>La sorpresa culmin\u00f3 con Cruise saliendo en una moto, simbolizando la energ\u00eda de Los \u00c1ngeles, la pr\u00f3xima sede ol\u00edmpica. Este espectacular acto cerr\u00f3 la ceremonia con una emocionante introducci\u00f3n a los Juegos Ol\u00edmpicos de Los \u00c1ngeles 2028, prometiendo un evento cargado de magia hollywoodense.<\/p>\n<p>Estos Juegos Ol\u00edmpicos no solo mostraron lo mejor del deporte mundial, sino tambi\u00e9n el esp\u00edritu inquebrantable de fraternidad que une a todas las naciones.<\/p>\n<h3>Mientras tanto en Los \u00c1ngeles, California&#8230;<\/h3>\n<p>En un despliegue impresionante de efectos especiales que solo Hollywood podr\u00eda orquestar, Tom Cruise protagoniz\u00f3 un momento espectacular durante la ceremonia de clausura de los Juegos Ol\u00edmpicos de Par\u00eds 2024.<\/p>\n<p>Mientras el mundo observaba, Cruise, conocido por su habilidad para las acrobacias y escenas de acci\u00f3n, lleg\u00f3 a las ic\u00f3nicas playas de <strong>California<\/strong> de una manera que solo \u00e9l podr\u00eda hacer: descendiendo desde un helic\u00f3ptero.<\/p>\n<blockquote class=\"tiktok-embed\" cite=\"https:\/\/www.tiktok.com\/@latinus_us\/video\/7402015532649663750\" data-video-id=\"7402015532649663750\" data-embed-from=\"oembed\" style=\"max-width:605px; min-width:325px;\">\n<section> <a href=\"https:\/\/www.tiktok.com\/@latinus_us?refer=embed\"target=\"_blank\" title=\"@latinus_us\"  target=\"_blank\">@latinus_us<\/a> <\/p>\n<p>Tom Cruise realiza aparici\u00f3n a lo \u2018Misi\u00f3n Imposible\u2019 en la clausura de <a href=\"https:\/\/www.tiktok.com\/tag\/par%C3%ADs2024?refer=embed\"title=\"par\u00eds2024\" target=\"_blank\"  target=\"_blank\">#Par\u00eds2024<\/a> para llevar la bandera ol\u00edmpica a Los \u00c1ngeles. <a href=\"https:\/\/www.tiktok.com\/tag\/latinus?refer=embed\"title=\"latinus\" target=\"_blank\"  target=\"_blank\">#Latinus<\/a> <a href=\"https:\/\/www.tiktok.com\/tag\/informaci%C3%B3nparati?refer=embed\"title=\"informaci\u00f3nparati\" target=\"_blank\"  target=\"_blank\">#Informaci\u00f3nParaTi<\/a><\/p>\n<p> <a href=\"https:\/\/www.tiktok.com\/music\/original-sound-Latinus-7402016851600984838?refer=embed\"target=\"_blank\" title=\"\u266c original sound - Latinus - Latinus\"  target=\"_blank\">\u266c original sound &#8211; Latinus &#8211; Latinus<\/a> <\/section>\n<\/blockquote>\n<p> <script async src=\"https:\/\/www.tiktok.com\/embed.js\"><\/script><\/p>\n<p>Su misi\u00f3n no era otra que anunciar la llegada de los<strong> Juegos Ol\u00edmpicos a Los \u00c1ngeles en 2028<\/strong>, y lo hizo de una manera que dej\u00f3 una huella imborrable en todos los que presenciaron el momento.<\/p>\n<p>Una vez en tierra, Cruise se dirigi\u00f3 al emblem\u00e1tico letrero de Hollywood, el cual es reconocido mundialmente como un s\u00edmbolo de la magia del cine. Con una precisi\u00f3n impecable, el actor decor\u00f3 el famoso letrero con los anillos ol\u00edmpicos, fusionando el esp\u00edritu deportivo con la esencia de <strong>Hollywood. <\/strong><\/p>\n<p>Este gesto simb\u00f3lico represent\u00f3 no solo la llegada de los Juegos, sino tambi\u00e9n la promesa de que Los \u00c1ngeles 2028 ser\u00e1 un evento cargado de la energ\u00eda y el dinamismo que caracterizan tanto a la ciudad como al actor.<img loading=\"lazy\" decoding=\"async\" class=\"alignnone size-large wp-image-140199\" src=\"https:\/\/graziamagazine.com\/mx\/wp-content\/uploads\/sites\/13\/2024\/08\/Captura-de-Pantalla-2024-08-11-a-las-20.11.53-1024x558.png\" alt=\"\" width=\"1024\" height=\"558\" srcset=\"https:\/\/graziamagazine.com\/mx\/wp-content\/uploads\/sites\/13\/2024\/08\/Captura-de-Pantalla-2024-08-11-a-las-20.11.53-1024x558.png 1024w, https:\/\/graziamagazine.com\/mx\/wp-content\/uploads\/sites\/13\/2024\/08\/Captura-de-Pantalla-2024-08-11-a-las-20.11.53-450x245.png 450w, https:\/\/graziamagazine.com\/mx\/wp-content\/uploads\/sites\/13\/2024\/08\/Captura-de-Pantalla-2024-08-11-a-las-20.11.53-768x419.png 768w, https:\/\/graziamagazine.com\/mx\/wp-content\/uploads\/sites\/13\/2024\/08\/Captura-de-Pantalla-2024-08-11-a-las-20.11.53-1536x838.png 1536w, https:\/\/graziamagazine.com\/mx\/wp-content\/uploads\/sites\/13\/2024\/08\/Captura-de-Pantalla-2024-08-11-a-las-20.11.53-2048x1117.png 2048w, https:\/\/graziamagazine.com\/mx\/wp-content\/uploads\/sites\/13\/2024\/08\/Captura-de-Pantalla-2024-08-11-a-las-20.11.53-400x218.png 400w, https:\/\/graziamagazine.com\/mx\/wp-content\/uploads\/sites\/13\/2024\/08\/Captura-de-Pantalla-2024-08-11-a-las-20.11.53-155x85.png 155w\" sizes=\"(max-width: 1024px) 100vw, 1024px\" \/><\/p>\n<p>Pero la participaci\u00f3n de Cruise no termin\u00f3 ah\u00ed. Tras decorar el letrero, pas\u00f3 la bandera ol\u00edmpica a una serie de destacados deportistas, subrayando la inclusi\u00f3n de disciplinas urbanas como el skateboard y el baloncesto en los pr\u00f3ximos Juegos.<\/p>\n<p>Estos deportes, que han ganado popularidad en todo el mundo, representan la diversidad y la modernidad que Los \u00c1ngeles busca destacar en su edici\u00f3n ol\u00edmpica. La entrega de la bandera a los deportistas no solo marc\u00f3 un paso simb\u00f3lico hacia el futuro, sino que tambi\u00e9n celebr\u00f3 el esp\u00edritu de innovaci\u00f3n que define a la ciudad californiana.<\/p>\n<p>Para cerrar este preludio cinematogr\u00e1fico, la m\u00fasica, elemento esencial en cualquier evento de Los \u00c1ngeles, no pod\u00eda faltar. El anuncio de Los \u00c1ngeles 2028 incluy\u00f3 un vistazo a lo que se puede esperar en t\u00e9rminos de entretenimiento.<\/p>\n<blockquote class=\"tiktok-embed\" cite=\"https:\/\/www.tiktok.com\/@wishuwereebillie\/video\/7402003847419366663\" data-video-id=\"7402003847419366663\" data-embed-from=\"oembed\" style=\"max-width:605px; min-width:325px;\">\n<section> <a href=\"https:\/\/www.tiktok.com\/@wishuwereebillie?refer=embed\"target=\"_blank\" title=\"@wishuwereebillie\"  target=\"_blank\">@wishuwereebillie<\/a> <\/p>\n<p><a href=\"https:\/\/www.tiktok.com\/tag\/fyp?refer=embed\"title=\"fyp\" target=\"_blank\"  target=\"_blank\">#fyp<\/a> <a href=\"https:\/\/www.tiktok.com\/tag\/billieeilish?refer=embed\"title=\"billieeilish\" target=\"_blank\"  target=\"_blank\">#billieeilish<\/a> <a href=\"https:\/\/www.tiktok.com\/tag\/olimpic?refer=embed\"title=\"olimpic\" target=\"_blank\"  target=\"_blank\">#olimpic<\/a> <\/p>\n<p> <a href=\"https:\/\/www.tiktok.com\/music\/original-sound-7402003898887588609?refer=embed\"target=\"_blank\" title=\"\u266c original sound - Gvantsa\u2606\"  target=\"_blank\">\u266c original sound &#8211; Gvantsa\u2606<\/a> <\/section>\n<\/blockquote>\n<p> <script async src=\"https:\/\/www.tiktok.com\/embed.js\"><\/script><\/p>\n<p>En una tarima frente a la playa, algunos de los artistas m\u00e1s emblem\u00e1ticos de California ofrecieron actuaciones memorables. <strong>Dr. Dre, Snoop Dogg, Billie Eilish y Red Hot Chili Peppers<\/strong> interpretaron algunos de sus mayores \u00e9xitos, dando al p\u00fablico una probadita del vibrante ambiente musical que acompa\u00f1ar\u00e1 a los Juegos Ol\u00edmpicos en cuatro a\u00f1os.<\/p>\n<p>Este adelanto dej\u00f3 claro que Los \u00c1ngeles 2028 no solo ser\u00e1 una celebraci\u00f3n del deporte, sino tambi\u00e9n una fusi\u00f3n \u00fanica de cultura, entretenimiento y la magia inigualable de Hollywood.<\/p>\n<p>Con Tom Cruise como el rostro de esta transici\u00f3n, el mundo ya est\u00e1 ansioso por lo que la ciudad tiene preparado para el pr\u00f3ximo gran encuentro ol\u00edmpico.<\/p>\n<p><em><strong>*IMAGEN: Google Images<\/strong><\/em><\/p>\n<p>&nbsp;<\/p>\n","protected":false},"author":28953,"featured_media":140189,"template":"","format":"standard","categories":[12483],"acf":[],"yoast_head":"<!-- This site is optimized with the Yoast SEO Premium plugin v18.5 (Yoast SEO v20.4) - https:\/\/yoast.com\/wordpress\/plugins\/seo\/ -->\n<title>\u00a1Bye Bye Par\u00eds 2024! Clausura de los Juegos Ol\u00edmpicos<\/title>\n<meta name=\"description\" content=\"Par\u00eds 2024 ser\u00e1 recordado no solo por sus logros deportivos, sino por la celebraci\u00f3n de la humanidad en su m\u00e1xima expresi\u00f3n. \u00a1Adi\u00f3s Par\u00eds, nos vemos en Los \u00c1ngeles 2028!\" \/>\n<meta name=\"robots\" content=\"index, follow, max-snippet:-1, max-image-preview:large, max-video-preview:-1\" \/>\n<link rel=\"canonical\" href=\"https:\/\/graziamagazine.com\/mx\/articles\/bye-bye-paris-2024-clausura-de-los-juegos-olimpicos\/\" \/>\n<meta property=\"og:locale\" content=\"es_MX\" \/>\n<meta property=\"og:type\" content=\"article\" \/>\n<meta property=\"og:title\" content=\"\u00a1Bye Bye Par\u00eds 2024! Clausura de los Juegos Ol\u00edmpicos\" \/>\n<meta property=\"og:description\" content=\"Par\u00eds 2024 ser\u00e1 recordado no solo por sus logros deportivos, sino por la celebraci\u00f3n de la humanidad en su m\u00e1xima expresi\u00f3n. \u00a1Adi\u00f3s Par\u00eds, nos vemos en Los \u00c1ngeles 2028!\" \/>\n<meta property=\"og:url\" content=\"https:\/\/graziamagazine.com\/mx\/articles\/bye-bye-paris-2024-clausura-de-los-juegos-olimpicos\/\" \/>\n<meta property=\"og:site_name\" content=\"Grazia M\u00e9xico y Latinoam\u00e9rica\" \/>\n<meta property=\"article:modified_time\" content=\"2024-08-12T02:19:36+00:00\" \/>\n<meta property=\"og:image\" content=\"https:\/\/graziamagazine.com\/mx\/wp-content\/uploads\/sites\/13\/2024\/08\/GettyImages-2166367685.jpg\" \/>\n\t<meta property=\"og:image:width\" content=\"1024\" \/>\n\t<meta property=\"og:image:height\" content=\"683\" \/>\n\t<meta property=\"og:image:type\" content=\"image\/jpeg\" \/>\n<meta name=\"twitter:card\" content=\"summary_large_image\" \/>\n<meta name=\"twitter:label1\" content=\"Est. reading time\" \/>\n\t<meta name=\"twitter:data1\" content=\"7 minutos\" \/>\n<script type=\"application\/ld+json\" class=\"yoast-schema-graph\">{\"@context\":\"https:\/\/schema.org\",\"@graph\":[{\"@type\":\"WebPage\",\"@id\":\"https:\/\/graziamagazine.com\/mx\/articles\/bye-bye-paris-2024-clausura-de-los-juegos-olimpicos\/\",\"url\":\"https:\/\/graziamagazine.com\/mx\/articles\/bye-bye-paris-2024-clausura-de-los-juegos-olimpicos\/\",\"name\":\"\u00a1Bye Bye Par\u00eds 2024! Clausura de los Juegos Ol\u00edmpicos\",\"isPartOf\":{\"@id\":\"https:\/\/graziamagazine.com\/mx\/#website\"},\"datePublished\":\"2024-08-11T19:00:52+00:00\",\"dateModified\":\"2024-08-12T02:19:36+00:00\",\"description\":\"Par\u00eds 2024 ser\u00e1 recordado no solo por sus logros deportivos, sino por la celebraci\u00f3n de la humanidad en su m\u00e1xima expresi\u00f3n. \u00a1Adi\u00f3s Par\u00eds, nos vemos en Los \u00c1ngeles 2028!\",\"breadcrumb\":{\"@id\":\"https:\/\/graziamagazine.com\/mx\/articles\/bye-bye-paris-2024-clausura-de-los-juegos-olimpicos\/#breadcrumb\"},\"inLanguage\":\"es-MX\",\"potentialAction\":[{\"@type\":\"ReadAction\",\"target\":[\"https:\/\/graziamagazine.com\/mx\/articles\/bye-bye-paris-2024-clausura-de-los-juegos-olimpicos\/\"]}]},{\"@type\":\"BreadcrumbList\",\"@id\":\"https:\/\/graziamagazine.com\/mx\/articles\/bye-bye-paris-2024-clausura-de-los-juegos-olimpicos\/#breadcrumb\",\"itemListElement\":[{\"@type\":\"ListItem\",\"position\":1,\"name\":\"Home\",\"item\":\"https:\/\/graziamagazine.com\/mx\/\"},{\"@type\":\"ListItem\",\"position\":2,\"name\":\"\u00a1Bye Bye Par\u00eds 2024! Clausura de los Juegos Ol\u00edmpicos\"}]},{\"@type\":\"WebSite\",\"@id\":\"https:\/\/graziamagazine.com\/mx\/#website\",\"url\":\"https:\/\/graziamagazine.com\/mx\/\",\"name\":\"Grazia M\u00e9xico y Latinoam\u00e9rica\",\"description\":\"Grazia es moda, belleza y noticias  de actualidad \",\"potentialAction\":[{\"@type\":\"SearchAction\",\"target\":{\"@type\":\"EntryPoint\",\"urlTemplate\":\"https:\/\/graziamagazine.com\/mx\/?s={search_term_string}\"},\"query-input\":\"required name=search_term_string\"}],\"inLanguage\":\"es-MX\"}]}<\/script>\n<!-- \/ Yoast SEO Premium plugin. -->","yoast_head_json":{"title":"\u00a1Bye Bye Par\u00eds 2024! Clausura de los Juegos Ol\u00edmpicos","description":"Par\u00eds 2024 ser\u00e1 recordado no solo por sus logros deportivos, sino por la celebraci\u00f3n de la humanidad en su m\u00e1xima expresi\u00f3n. \u00a1Adi\u00f3s Par\u00eds, nos vemos en Los \u00c1ngeles 2028!","robots":{"index":"index","follow":"follow","max-snippet":"max-snippet:-1","max-image-preview":"max-image-preview:large","max-video-preview":"max-video-preview:-1"},"canonical":"https:\/\/graziamagazine.com\/mx\/articles\/bye-bye-paris-2024-clausura-de-los-juegos-olimpicos\/","og_locale":"es_MX","og_type":"article","og_title":"\u00a1Bye Bye Par\u00eds 2024! Clausura de los Juegos Ol\u00edmpicos","og_description":"Par\u00eds 2024 ser\u00e1 recordado no solo por sus logros deportivos, sino por la celebraci\u00f3n de la humanidad en su m\u00e1xima expresi\u00f3n. \u00a1Adi\u00f3s Par\u00eds, nos vemos en Los \u00c1ngeles 2028!","og_url":"https:\/\/graziamagazine.com\/mx\/articles\/bye-bye-paris-2024-clausura-de-los-juegos-olimpicos\/","og_site_name":"Grazia M\u00e9xico y Latinoam\u00e9rica","article_modified_time":"2024-08-12T02:19:36+00:00","og_image":[{"width":1024,"height":683,"url":"https:\/\/graziamagazine.com\/mx\/wp-content\/uploads\/sites\/13\/2024\/08\/GettyImages-2166367685.jpg","type":"image\/jpeg"}],"twitter_card":"summary_large_image","twitter_misc":{"Est. reading time":"7 minutos"},"schema":{"@context":"https:\/\/schema.org","@graph":[{"@type":"WebPage","@id":"https:\/\/graziamagazine.com\/mx\/articles\/bye-bye-paris-2024-clausura-de-los-juegos-olimpicos\/","url":"https:\/\/graziamagazine.com\/mx\/articles\/bye-bye-paris-2024-clausura-de-los-juegos-olimpicos\/","name":"\u00a1Bye Bye Par\u00eds 2024! Clausura de los Juegos Ol\u00edmpicos","isPartOf":{"@id":"https:\/\/graziamagazine.com\/mx\/#website"},"datePublished":"2024-08-11T19:00:52+00:00","dateModified":"2024-08-12T02:19:36+00:00","description":"Par\u00eds 2024 ser\u00e1 recordado no solo por sus logros deportivos, sino por la celebraci\u00f3n de la humanidad en su m\u00e1xima expresi\u00f3n. \u00a1Adi\u00f3s Par\u00eds, nos vemos en Los \u00c1ngeles 2028!","breadcrumb":{"@id":"https:\/\/graziamagazine.com\/mx\/articles\/bye-bye-paris-2024-clausura-de-los-juegos-olimpicos\/#breadcrumb"},"inLanguage":"es-MX","potentialAction":[{"@type":"ReadAction","target":["https:\/\/graziamagazine.com\/mx\/articles\/bye-bye-paris-2024-clausura-de-los-juegos-olimpicos\/"]}]},{"@type":"BreadcrumbList","@id":"https:\/\/graziamagazine.com\/mx\/articles\/bye-bye-paris-2024-clausura-de-los-juegos-olimpicos\/#breadcrumb","itemListElement":[{"@type":"ListItem","position":1,"name":"Home","item":"https:\/\/graziamagazine.com\/mx\/"},{"@type":"ListItem","position":2,"name":"\u00a1Bye Bye Par\u00eds 2024! Clausura de los Juegos Ol\u00edmpicos"}]},{"@type":"WebSite","@id":"https:\/\/graziamagazine.com\/mx\/#website","url":"https:\/\/graziamagazine.com\/mx\/","name":"Grazia M\u00e9xico y Latinoam\u00e9rica","description":"Grazia es moda, belleza y noticias  de actualidad ","potentialAction":[{"@type":"SearchAction","target":{"@type":"EntryPoint","urlTemplate":"https:\/\/graziamagazine.com\/mx\/?s={search_term_string}"},"query-input":"required name=search_term_string"}],"inLanguage":"es-MX"}]}},"jetpack_sharing_enabled":true,"distributor_meta":false,"distributor_terms":false,"distributor_media":false,"distributor_original_site_name":"Grazia M\u00e9xico y Latinoam\u00e9rica","distributor_original_site_url":"https:\/\/graziamagazine.com\/mx","push-errors":false,"_links":{"self":[{"href":"https:\/\/graziamagazine.com\/mx\/wp-json\/wp\/v2\/articles\/140187"}],"collection":[{"href":"https:\/\/graziamagazine.com\/mx\/wp-json\/wp\/v2\/articles"}],"about":[{"href":"https:\/\/graziamagazine.com\/mx\/wp-json\/wp\/v2\/types\/articles"}],"author":[{"embeddable":true,"href":"https:\/\/graziamagazine.com\/mx\/wp-json\/wp\/v2\/users\/28953"}],"wp:featuredmedia":[{"embeddable":true,"href":"https:\/\/graziamagazine.com\/mx\/wp-json\/wp\/v2\/media\/140189"}],"wp:attachment":[{"href":"https:\/\/graziamagazine.com\/mx\/wp-json\/wp\/v2\/media?parent=140187"}],"wp:term":[{"taxonomy":"category","embeddable":true,"href":"https:\/\/graziamagazine.com\/mx\/wp-json\/wp\/v2\/categories?post=140187"}],"curies":[{"name":"wp","href":"https:\/\/api.w.org\/{rel}","templated":true}]}}