{"id":140084,"date":"2024-08-08T08:00:12","date_gmt":"2024-08-08T13:00:12","guid":{"rendered":"https:\/\/graziamagazine.com\/mx\/?post_type=articles&#038;p=140084"},"modified":"2024-08-08T11:46:28","modified_gmt":"2024-08-08T16:46:28","slug":"max-mara-sin-pieles-un-cambio-historico","status":"publish","type":"articles","link":"https:\/\/graziamagazine.com\/mx\/articles\/max-mara-sin-pieles-un-cambio-historico\/","title":{"rendered":"Max Mara Sin Pieles: Un Cambio Hist\u00f3rico"},"content":{"rendered":"<p>En un giro significativo hacia la sostenibilidad y el respeto por los derechos de los animales, el <strong>Max Mara Fashion Grou<\/strong>p ha reafirmado su compromiso de no utilizar pieles en sus colecciones.<\/p>\n<p>Esta declaraci\u00f3n sigue a las afirmaciones de la organizaci\u00f3n ambiental LAV, que sugiri\u00f3 que Max Mara estaba tomando medidas para eliminar las pieles de su producci\u00f3n.<\/p>\n<p>El grupo italiano, propietario de marcas reconocidas como <strong>Weekend Max Mara, Sportmax, Max &amp; Co., y Marina Rinaldi<\/strong>, ha estado en el centro de una intensa campa\u00f1a de un a\u00f1o y medio liderada por la <strong>Coalici\u00f3n para Abolir el Comercio de Pieles<\/strong> (CAFT).<\/p>\n<figure id=\"attachment_140086\" aria-describedby=\"caption-attachment-140086\" style=\"width: 1024px\" class=\"wp-caption alignnone\"><img loading=\"lazy\" decoding=\"async\" class=\"size-large wp-image-140086\" src=\"https:\/\/graziamagazine.com\/mx\/wp-content\/uploads\/sites\/13\/2024\/08\/60d9b8d62ca5f-1024x576.jpg\" alt=\"Max Mara Sin Pieles: Un Cambio Hist\u00f3rico\" width=\"1024\" height=\"576\" srcset=\"https:\/\/graziamagazine.com\/mx\/wp-content\/uploads\/sites\/13\/2024\/08\/60d9b8d62ca5f-1024x576.jpg 1024w, https:\/\/graziamagazine.com\/mx\/wp-content\/uploads\/sites\/13\/2024\/08\/60d9b8d62ca5f-450x253.jpg 450w, https:\/\/graziamagazine.com\/mx\/wp-content\/uploads\/sites\/13\/2024\/08\/60d9b8d62ca5f-768x432.jpg 768w, https:\/\/graziamagazine.com\/mx\/wp-content\/uploads\/sites\/13\/2024\/08\/60d9b8d62ca5f-400x225.jpg 400w, https:\/\/graziamagazine.com\/mx\/wp-content\/uploads\/sites\/13\/2024\/08\/60d9b8d62ca5f-155x87.jpg 155w, https:\/\/graziamagazine.com\/mx\/wp-content\/uploads\/sites\/13\/2024\/08\/60d9b8d62ca5f.jpg 1200w\" sizes=\"(max-width: 1024px) 100vw, 1024px\" \/><figcaption id=\"caption-attachment-140086\" class=\"wp-caption-text\">Max Mara Sin Pieles: Un Cambio Hist\u00f3rico<\/figcaption><\/figure>\n<p>Esta campa\u00f1a, que abarc\u00f3 Estados Unidos, Europa, Jap\u00f3n y Australia, incluy\u00f3 piquetes y una creciente presi\u00f3n por parte de activistas, quienes exig\u00edan el fin del uso de pieles.<\/p>\n<p>En un comunicado reciente, Max Mara confirm\u00f3 que sus marcas no han vendido productos de piel en varias temporadas y neg\u00f3 haber emitido ninguna &#8220;declaraci\u00f3n p\u00fablica&#8221; al respecto.<\/p>\n<p>La empresa tambi\u00e9n expres\u00f3 su preocupaci\u00f3n por la seguridad y bienestar de sus empleados, especialmente en Estados Unidos, quienes han sido objeto de presiones y violencia por parte de activistas.<\/p>\n<figure id=\"attachment_140087\" aria-describedby=\"caption-attachment-140087\" style=\"width: 600px\" class=\"wp-caption alignnone\"><img loading=\"lazy\" decoding=\"async\" class=\"size-full wp-image-140087\" src=\"https:\/\/graziamagazine.com\/mx\/wp-content\/uploads\/sites\/13\/2024\/08\/02.jpg\" alt=\"Max Mara Sin Pieles: Un Cambio Hist\u00f3rico\" width=\"600\" height=\"900\" srcset=\"https:\/\/graziamagazine.com\/mx\/wp-content\/uploads\/sites\/13\/2024\/08\/02.jpg 600w, https:\/\/graziamagazine.com\/mx\/wp-content\/uploads\/sites\/13\/2024\/08\/02-300x450.jpg 300w, https:\/\/graziamagazine.com\/mx\/wp-content\/uploads\/sites\/13\/2024\/08\/02-400x600.jpg 400w, https:\/\/graziamagazine.com\/mx\/wp-content\/uploads\/sites\/13\/2024\/08\/02-143x215.jpg 143w\" sizes=\"(max-width: 600px) 100vw, 600px\" \/><figcaption id=\"caption-attachment-140087\" class=\"wp-caption-text\">Max Mara Sin Pieles: Un Cambio Hist\u00f3rico<\/figcaption><\/figure>\n<blockquote><p>A trav\u00e9s de la comunicaci\u00f3n interna, hemos tranquilizado a nuestros empleados, dici\u00e9ndoles que la empresa ha optado desde hace tiempo por no utilizar pieles en sus productos y que exploraremos todas las soluciones legales disponibles para protegerles de las violaciones sistem\u00e1ticas de su privacidad y de los repetidos abusos psicol\u00f3gicos&#8221;, declar\u00f3 el grupo.<\/p><\/blockquote>\n<p>Este compromiso de Max Mara refleja una tendencia creciente en la industria de la moda hacia pr\u00e1cticas m\u00e1s \u00e9ticas y sostenibles. La eliminaci\u00f3n de las pieles no solo responde a las demandas de los consumidores conscientes del medio ambiente, sino que tambi\u00e9n representa un paso adelante en la lucha global por los derechos de los animales.<\/p>\n<p>La presi\u00f3n de organizaciones como CAFT ha sido instrumental en este cambio, demostrando el poder de la movilizaci\u00f3n y la protesta pac\u00edfica para influir en las pol\u00edticas corporativas.<\/p>\n<figure id=\"attachment_140088\" aria-describedby=\"caption-attachment-140088\" style=\"width: 480px\" class=\"wp-caption alignnone\"><img loading=\"lazy\" decoding=\"async\" class=\"wp-image-140088 size-full\" src=\"https:\/\/graziamagazine.com\/mx\/wp-content\/uploads\/sites\/13\/2024\/08\/480x780-d-11e6-843d-e94415609e73max-mara-max-mara-max-mara-rf12-0182-6278083-1-esl-es-max-mara-rf12-0182-jpg.jpg\" alt=\"Max Mara Sin Pieles: Un Cambio Hist\u00f3rico\" width=\"480\" height=\"780\" srcset=\"https:\/\/graziamagazine.com\/mx\/wp-content\/uploads\/sites\/13\/2024\/08\/480x780-d-11e6-843d-e94415609e73max-mara-max-mara-max-mara-rf12-0182-6278083-1-esl-es-max-mara-rf12-0182-jpg.jpg 480w, https:\/\/graziamagazine.com\/mx\/wp-content\/uploads\/sites\/13\/2024\/08\/480x780-d-11e6-843d-e94415609e73max-mara-max-mara-max-mara-rf12-0182-6278083-1-esl-es-max-mara-rf12-0182-jpg-277x450.jpg 277w, https:\/\/graziamagazine.com\/mx\/wp-content\/uploads\/sites\/13\/2024\/08\/480x780-d-11e6-843d-e94415609e73max-mara-max-mara-max-mara-rf12-0182-6278083-1-esl-es-max-mara-rf12-0182-jpg-400x650.jpg 400w, https:\/\/graziamagazine.com\/mx\/wp-content\/uploads\/sites\/13\/2024\/08\/480x780-d-11e6-843d-e94415609e73max-mara-max-mara-max-mara-rf12-0182-6278083-1-esl-es-max-mara-rf12-0182-jpg-132x215.jpg 132w\" sizes=\"(max-width: 480px) 100vw, 480px\" \/><figcaption id=\"caption-attachment-140088\" class=\"wp-caption-text\">Max Mara Sin Pieles: Un Cambio Hist\u00f3rico<\/figcaption><\/figure>\n<p>La decisi\u00f3n de Max Mara de abstenerse de usar pieles podr\u00eda inspirar a otras marcas de lujo a seguir su ejemplo, acelerando una transformaci\u00f3n necesaria en el sector.<\/p>\n<p>Con esta iniciativa, Max Mara no solo refuerza su imagen como l\u00edder en moda contempor\u00e1nea, sino que tambi\u00e9n se posiciona como una marca responsable y consciente de su impacto en el mundo.<\/p>\n<p>Este movimiento hacia una moda libre de crueldad es una clara se\u00f1al de que el futuro de la industria reside en pr\u00e1cticas sostenibles y en el respeto por todos los seres vivos.<\/p>\n<p><em><strong>*IMAGEN: Google Images<\/strong><\/em><\/p>\n","protected":false},"author":28953,"featured_media":140085,"template":"","format":"standard","categories":[4],"acf":[],"yoast_head":"<!-- This site is optimized with the Yoast SEO Premium plugin v18.5 (Yoast SEO v20.4) - https:\/\/yoast.com\/wordpress\/plugins\/seo\/ -->\n<title>Max Mara Sin Pieles: Un Cambio Hist\u00f3rico<\/title>\n<meta name=\"description\" content=\"La ic\u00f3nica marca italiana confirma su compromiso con la moda \u00e9tica y responde a las presiones de activistas internacionales.\" \/>\n<meta name=\"robots\" content=\"index, follow, max-snippet:-1, max-image-preview:large, max-video-preview:-1\" \/>\n<link rel=\"canonical\" href=\"https:\/\/graziamagazine.com\/mx\/articles\/max-mara-sin-pieles-un-cambio-historico\/\" \/>\n<meta property=\"og:locale\" content=\"es_MX\" \/>\n<meta property=\"og:type\" content=\"article\" \/>\n<meta property=\"og:title\" content=\"Max Mara Sin Pieles: Un Cambio Hist\u00f3rico\" \/>\n<meta property=\"og:description\" content=\"La ic\u00f3nica marca italiana confirma su compromiso con la moda \u00e9tica y responde a las presiones de activistas internacionales.\" \/>\n<meta property=\"og:url\" content=\"https:\/\/graziamagazine.com\/mx\/articles\/max-mara-sin-pieles-un-cambio-historico\/\" \/>\n<meta property=\"og:site_name\" content=\"Grazia M\u00e9xico y Latinoam\u00e9rica\" \/>\n<meta property=\"article:modified_time\" content=\"2024-08-08T16:46:28+00:00\" \/>\n<meta property=\"og:image\" content=\"https:\/\/graziamagazine.com\/mx\/wp-content\/uploads\/sites\/13\/2024\/08\/47IJ4MSK3BOSVFBQO2R3UDBIDE.jpg\" \/>\n\t<meta property=\"og:image:width\" content=\"1960\" \/>\n\t<meta property=\"og:image:height\" content=\"1103\" \/>\n\t<meta property=\"og:image:type\" content=\"image\/jpeg\" \/>\n<meta name=\"twitter:card\" content=\"summary_large_image\" \/>\n<meta name=\"twitter:label1\" content=\"Est. reading time\" \/>\n\t<meta name=\"twitter:data1\" content=\"3 minutos\" \/>\n<script type=\"application\/ld+json\" class=\"yoast-schema-graph\">{\"@context\":\"https:\/\/schema.org\",\"@graph\":[{\"@type\":\"WebPage\",\"@id\":\"https:\/\/graziamagazine.com\/mx\/articles\/max-mara-sin-pieles-un-cambio-historico\/\",\"url\":\"https:\/\/graziamagazine.com\/mx\/articles\/max-mara-sin-pieles-un-cambio-historico\/\",\"name\":\"Max Mara Sin Pieles: Un Cambio Hist\u00f3rico\",\"isPartOf\":{\"@id\":\"https:\/\/graziamagazine.com\/mx\/#website\"},\"datePublished\":\"2024-08-08T13:00:12+00:00\",\"dateModified\":\"2024-08-08T16:46:28+00:00\",\"description\":\"La ic\u00f3nica marca italiana confirma su compromiso con la moda \u00e9tica y responde a las presiones de activistas internacionales.\",\"breadcrumb\":{\"@id\":\"https:\/\/graziamagazine.com\/mx\/articles\/max-mara-sin-pieles-un-cambio-historico\/#breadcrumb\"},\"inLanguage\":\"es-MX\",\"potentialAction\":[{\"@type\":\"ReadAction\",\"target\":[\"https:\/\/graziamagazine.com\/mx\/articles\/max-mara-sin-pieles-un-cambio-historico\/\"]}]},{\"@type\":\"BreadcrumbList\",\"@id\":\"https:\/\/graziamagazine.com\/mx\/articles\/max-mara-sin-pieles-un-cambio-historico\/#breadcrumb\",\"itemListElement\":[{\"@type\":\"ListItem\",\"position\":1,\"name\":\"Home\",\"item\":\"https:\/\/graziamagazine.com\/mx\/\"},{\"@type\":\"ListItem\",\"position\":2,\"name\":\"Max Mara Sin Pieles: Un Cambio Hist\u00f3rico\"}]},{\"@type\":\"WebSite\",\"@id\":\"https:\/\/graziamagazine.com\/mx\/#website\",\"url\":\"https:\/\/graziamagazine.com\/mx\/\",\"name\":\"Grazia M\u00e9xico y Latinoam\u00e9rica\",\"description\":\"Grazia es moda, belleza y noticias  de actualidad \",\"potentialAction\":[{\"@type\":\"SearchAction\",\"target\":{\"@type\":\"EntryPoint\",\"urlTemplate\":\"https:\/\/graziamagazine.com\/mx\/?s={search_term_string}\"},\"query-input\":\"required name=search_term_string\"}],\"inLanguage\":\"es-MX\"}]}<\/script>\n<!-- \/ Yoast SEO Premium plugin. -->","yoast_head_json":{"title":"Max Mara Sin Pieles: Un Cambio Hist\u00f3rico","description":"La ic\u00f3nica marca italiana confirma su compromiso con la moda \u00e9tica y responde a las presiones de activistas internacionales.","robots":{"index":"index","follow":"follow","max-snippet":"max-snippet:-1","max-image-preview":"max-image-preview:large","max-video-preview":"max-video-preview:-1"},"canonical":"https:\/\/graziamagazine.com\/mx\/articles\/max-mara-sin-pieles-un-cambio-historico\/","og_locale":"es_MX","og_type":"article","og_title":"Max Mara Sin Pieles: Un Cambio Hist\u00f3rico","og_description":"La ic\u00f3nica marca italiana confirma su compromiso con la moda \u00e9tica y responde a las presiones de activistas internacionales.","og_url":"https:\/\/graziamagazine.com\/mx\/articles\/max-mara-sin-pieles-un-cambio-historico\/","og_site_name":"Grazia M\u00e9xico y Latinoam\u00e9rica","article_modified_time":"2024-08-08T16:46:28+00:00","og_image":[{"width":1960,"height":1103,"url":"https:\/\/graziamagazine.com\/mx\/wp-content\/uploads\/sites\/13\/2024\/08\/47IJ4MSK3BOSVFBQO2R3UDBIDE.jpg","type":"image\/jpeg"}],"twitter_card":"summary_large_image","twitter_misc":{"Est. reading time":"3 minutos"},"schema":{"@context":"https:\/\/schema.org","@graph":[{"@type":"WebPage","@id":"https:\/\/graziamagazine.com\/mx\/articles\/max-mara-sin-pieles-un-cambio-historico\/","url":"https:\/\/graziamagazine.com\/mx\/articles\/max-mara-sin-pieles-un-cambio-historico\/","name":"Max Mara Sin Pieles: Un Cambio Hist\u00f3rico","isPartOf":{"@id":"https:\/\/graziamagazine.com\/mx\/#website"},"datePublished":"2024-08-08T13:00:12+00:00","dateModified":"2024-08-08T16:46:28+00:00","description":"La ic\u00f3nica marca italiana confirma su compromiso con la moda \u00e9tica y responde a las presiones de activistas internacionales.","breadcrumb":{"@id":"https:\/\/graziamagazine.com\/mx\/articles\/max-mara-sin-pieles-un-cambio-historico\/#breadcrumb"},"inLanguage":"es-MX","potentialAction":[{"@type":"ReadAction","target":["https:\/\/graziamagazine.com\/mx\/articles\/max-mara-sin-pieles-un-cambio-historico\/"]}]},{"@type":"BreadcrumbList","@id":"https:\/\/graziamagazine.com\/mx\/articles\/max-mara-sin-pieles-un-cambio-historico\/#breadcrumb","itemListElement":[{"@type":"ListItem","position":1,"name":"Home","item":"https:\/\/graziamagazine.com\/mx\/"},{"@type":"ListItem","position":2,"name":"Max Mara Sin Pieles: Un Cambio Hist\u00f3rico"}]},{"@type":"WebSite","@id":"https:\/\/graziamagazine.com\/mx\/#website","url":"https:\/\/graziamagazine.com\/mx\/","name":"Grazia M\u00e9xico y Latinoam\u00e9rica","description":"Grazia es moda, belleza y noticias  de actualidad ","potentialAction":[{"@type":"SearchAction","target":{"@type":"EntryPoint","urlTemplate":"https:\/\/graziamagazine.com\/mx\/?s={search_term_string}"},"query-input":"required name=search_term_string"}],"inLanguage":"es-MX"}]}},"jetpack_sharing_enabled":true,"distributor_meta":false,"distributor_terms":false,"distributor_media":false,"distributor_original_site_name":"Grazia M\u00e9xico y Latinoam\u00e9rica","distributor_original_site_url":"https:\/\/graziamagazine.com\/mx","push-errors":false,"_links":{"self":[{"href":"https:\/\/graziamagazine.com\/mx\/wp-json\/wp\/v2\/articles\/140084"}],"collection":[{"href":"https:\/\/graziamagazine.com\/mx\/wp-json\/wp\/v2\/articles"}],"about":[{"href":"https:\/\/graziamagazine.com\/mx\/wp-json\/wp\/v2\/types\/articles"}],"author":[{"embeddable":true,"href":"https:\/\/graziamagazine.com\/mx\/wp-json\/wp\/v2\/users\/28953"}],"wp:featuredmedia":[{"embeddable":true,"href":"https:\/\/graziamagazine.com\/mx\/wp-json\/wp\/v2\/media\/140085"}],"wp:attachment":[{"href":"https:\/\/graziamagazine.com\/mx\/wp-json\/wp\/v2\/media?parent=140084"}],"wp:term":[{"taxonomy":"category","embeddable":true,"href":"https:\/\/graziamagazine.com\/mx\/wp-json\/wp\/v2\/categories?post=140084"}],"curies":[{"name":"wp","href":"https:\/\/api.w.org\/{rel}","templated":true}]}}