{"id":140064,"date":"2024-08-07T13:51:38","date_gmt":"2024-08-07T18:51:38","guid":{"rendered":"https:\/\/graziamagazine.com\/mx\/?post_type=articles&#038;p=140064"},"modified":"2024-08-07T16:49:25","modified_gmt":"2024-08-07T21:49:25","slug":"los-mejores-peinados-olimpicos","status":"publish","type":"articles","link":"https:\/\/graziamagazine.com\/mx\/articles\/los-mejores-peinados-olimpicos\/","title":{"rendered":"Los Mejores Peinados Ol\u00edmpicos"},"content":{"rendered":"<div class=\"flex flex-grow flex-col max-w-full\">\n<div class=\"min-h-[20px] text-message flex w-full flex-col items-end gap-2 whitespace-pre-wrap break-words [.text-message+&amp;]:mt-5 overflow-x-auto\" dir=\"auto\" data-message-author-role=\"assistant\" data-message-id=\"2207d62f-7960-416d-8d81-518c55c898c8\">\n<div class=\"flex w-full flex-col gap-1 empty:hidden first:pt-[3px]\">\n<div class=\"markdown prose w-full break-words dark:prose-invert light\">\n<p>El escenario ol\u00edmpico no solo es un escaparate de habilidades atl\u00e9ticas excepcionales, sino tambi\u00e9n un lugar donde los atletas muestran su estilo personal y confianza a trav\u00e9s de sus peinados \u00fanicos y llamativos.<\/p>\n<p>A lo largo de los <strong>Juegos Ol\u00edmpicos<\/strong>, hemos visto una variedad de peinados impresionantes que no solo cumplen con los requisitos deportivos, sino que tambi\u00e9n a\u00f1aden un toque de individualidad y moda.<\/p>\n<p>Desde mo\u00f1os trenzados hasta colores vibrantes y cortes audaces, estos peinados no solo destacan en el campo de juego, sino que tambi\u00e9n inspiran a espectadores de todo el mundo.<\/p>\n<p>A continuaci\u00f3n, exploramos algunos de los peinados m\u00e1s memorables de los Juegos Ol\u00edmpicos, destacando c\u00f3mo cada atleta utiliza su estilo para expresar su personalidad y fortalecer su confianza.<\/p>\n<h3>Sunisa Lee (Estados Unidos)<\/h3>\n<figure id=\"attachment_140066\" aria-describedby=\"caption-attachment-140066\" style=\"width: 1024px\" class=\"wp-caption alignnone\"><img loading=\"lazy\" decoding=\"async\" class=\"size-large wp-image-140066\" src=\"https:\/\/graziamagazine.com\/mx\/wp-content\/uploads\/sites\/13\/2024\/08\/Captura-de-Pantalla-2024-08-07-a-las-12.59.06-1024x711.png\" alt=\"Los Mejores Peinados Ol\u00edmpicos\" width=\"1024\" height=\"711\" srcset=\"https:\/\/graziamagazine.com\/mx\/wp-content\/uploads\/sites\/13\/2024\/08\/Captura-de-Pantalla-2024-08-07-a-las-12.59.06-1024x711.png 1024w, https:\/\/graziamagazine.com\/mx\/wp-content\/uploads\/sites\/13\/2024\/08\/Captura-de-Pantalla-2024-08-07-a-las-12.59.06-450x312.png 450w, https:\/\/graziamagazine.com\/mx\/wp-content\/uploads\/sites\/13\/2024\/08\/Captura-de-Pantalla-2024-08-07-a-las-12.59.06-768x533.png 768w, https:\/\/graziamagazine.com\/mx\/wp-content\/uploads\/sites\/13\/2024\/08\/Captura-de-Pantalla-2024-08-07-a-las-12.59.06-1536x1066.png 1536w, https:\/\/graziamagazine.com\/mx\/wp-content\/uploads\/sites\/13\/2024\/08\/Captura-de-Pantalla-2024-08-07-a-las-12.59.06-2048x1421.png 2048w, https:\/\/graziamagazine.com\/mx\/wp-content\/uploads\/sites\/13\/2024\/08\/Captura-de-Pantalla-2024-08-07-a-las-12.59.06-400x278.png 400w, https:\/\/graziamagazine.com\/mx\/wp-content\/uploads\/sites\/13\/2024\/08\/Captura-de-Pantalla-2024-08-07-a-las-12.59.06-155x108.png 155w\" sizes=\"(max-width: 1024px) 100vw, 1024px\" \/><figcaption id=\"caption-attachment-140066\" class=\"wp-caption-text\">Los Mejores Peinados Ol\u00edmpicos<\/figcaption><\/figure>\n<p>En la gimnasia, donde las reglas estrictas requieren que el cabello est\u00e9 recogido, Sunisa Lee ha encontrado una manera de cumplir con el protocolo y agregar un toque de estilo personal. La superestrella estadounidense ha optado por un mo\u00f1o trenzado que es sutil pero encantador.<\/p>\n<p>Este peinado no solo mantiene su cabello en su lugar durante sus impresionantes rutinas, sino que tambi\u00e9n a\u00f1ade un detalle llamativo que resalta su elegancia y gracia en la viga de equilibrio.<\/p>\n<h3>Sha&#8217;Carri Richardson (Estados Unidos)<\/h3>\n<figure id=\"attachment_140068\" aria-describedby=\"caption-attachment-140068\" style=\"width: 1024px\" class=\"wp-caption alignnone\"><img loading=\"lazy\" decoding=\"async\" class=\"size-large wp-image-140068\" src=\"https:\/\/graziamagazine.com\/mx\/wp-content\/uploads\/sites\/13\/2024\/08\/Captura-de-Pantalla-2024-08-07-a-las-12.59.19-1024x662.png\" alt=\"Los Mejores Peinados Ol\u00edmpicos\" width=\"1024\" height=\"662\" srcset=\"https:\/\/graziamagazine.com\/mx\/wp-content\/uploads\/sites\/13\/2024\/08\/Captura-de-Pantalla-2024-08-07-a-las-12.59.19-1024x662.png 1024w, https:\/\/graziamagazine.com\/mx\/wp-content\/uploads\/sites\/13\/2024\/08\/Captura-de-Pantalla-2024-08-07-a-las-12.59.19-450x291.png 450w, https:\/\/graziamagazine.com\/mx\/wp-content\/uploads\/sites\/13\/2024\/08\/Captura-de-Pantalla-2024-08-07-a-las-12.59.19-768x497.png 768w, https:\/\/graziamagazine.com\/mx\/wp-content\/uploads\/sites\/13\/2024\/08\/Captura-de-Pantalla-2024-08-07-a-las-12.59.19-1536x993.png 1536w, https:\/\/graziamagazine.com\/mx\/wp-content\/uploads\/sites\/13\/2024\/08\/Captura-de-Pantalla-2024-08-07-a-las-12.59.19-2048x1324.png 2048w, https:\/\/graziamagazine.com\/mx\/wp-content\/uploads\/sites\/13\/2024\/08\/Captura-de-Pantalla-2024-08-07-a-las-12.59.19-400x259.png 400w, https:\/\/graziamagazine.com\/mx\/wp-content\/uploads\/sites\/13\/2024\/08\/Captura-de-Pantalla-2024-08-07-a-las-12.59.19-155x100.png 155w\" sizes=\"(max-width: 1024px) 100vw, 1024px\" \/><figcaption id=\"caption-attachment-140068\" class=\"wp-caption-text\">Los Mejores Peinados Ol\u00edmpicos<\/figcaption><\/figure>\n<p>Sha&#8217;Carri Richardson, medallista de plata en los 100 metros femeninos, ha convertido la pista en su pasarela personal. Con un peinado y maquillaje impecables, Richardson ha demostrado que verse bien puede ser una gran fuente de confianza.<\/p>\n<h3>Noah Lyles (Estados Unidos)<\/h3>\n<figure id=\"attachment_140071\" aria-describedby=\"caption-attachment-140071\" style=\"width: 1024px\" class=\"wp-caption alignnone\"><img loading=\"lazy\" decoding=\"async\" class=\"size-large wp-image-140071\" src=\"https:\/\/graziamagazine.com\/mx\/wp-content\/uploads\/sites\/13\/2024\/08\/Captura-de-Pantalla-2024-08-07-a-las-12.59.35-1024x699.png\" alt=\"Los Mejores Peinados Ol\u00edmpicos\" width=\"1024\" height=\"699\" srcset=\"https:\/\/graziamagazine.com\/mx\/wp-content\/uploads\/sites\/13\/2024\/08\/Captura-de-Pantalla-2024-08-07-a-las-12.59.35-1024x699.png 1024w, https:\/\/graziamagazine.com\/mx\/wp-content\/uploads\/sites\/13\/2024\/08\/Captura-de-Pantalla-2024-08-07-a-las-12.59.35-450x307.png 450w, https:\/\/graziamagazine.com\/mx\/wp-content\/uploads\/sites\/13\/2024\/08\/Captura-de-Pantalla-2024-08-07-a-las-12.59.35-768x524.png 768w, https:\/\/graziamagazine.com\/mx\/wp-content\/uploads\/sites\/13\/2024\/08\/Captura-de-Pantalla-2024-08-07-a-las-12.59.35-1536x1048.png 1536w, https:\/\/graziamagazine.com\/mx\/wp-content\/uploads\/sites\/13\/2024\/08\/Captura-de-Pantalla-2024-08-07-a-las-12.59.35-2048x1397.png 2048w, https:\/\/graziamagazine.com\/mx\/wp-content\/uploads\/sites\/13\/2024\/08\/Captura-de-Pantalla-2024-08-07-a-las-12.59.35-400x273.png 400w, https:\/\/graziamagazine.com\/mx\/wp-content\/uploads\/sites\/13\/2024\/08\/Captura-de-Pantalla-2024-08-07-a-las-12.59.35-155x106.png 155w\" sizes=\"(max-width: 1024px) 100vw, 1024px\" \/><figcaption id=\"caption-attachment-140071\" class=\"wp-caption-text\">Los Mejores Peinados Ol\u00edmpicos<\/figcaption><\/figure>\n<p>Noah Lyles, medallista de oro en los 100 metros masculinos, muestra que los hombres tambi\u00e9n pueden divertirse con su peinado. Con estilos variados y audaces, Lyles combina velocidad y estilo, demostrando que es posible mantenerse r\u00e1pido y a la moda en el escenario ol\u00edmpico.<\/p>\n<h3>Trinity Rodman (Estados Unidos)<\/h3>\n<figure id=\"attachment_140074\" aria-describedby=\"caption-attachment-140074\" style=\"width: 1024px\" class=\"wp-caption alignnone\"><img loading=\"lazy\" decoding=\"async\" class=\"size-large wp-image-140074\" src=\"https:\/\/graziamagazine.com\/mx\/wp-content\/uploads\/sites\/13\/2024\/08\/Captura-de-Pantalla-2024-08-07-a-las-12.59.53-1024x708.png\" alt=\"Los Mejores Peinados Ol\u00edmpicos\" width=\"1024\" height=\"708\" srcset=\"https:\/\/graziamagazine.com\/mx\/wp-content\/uploads\/sites\/13\/2024\/08\/Captura-de-Pantalla-2024-08-07-a-las-12.59.53-1024x708.png 1024w, https:\/\/graziamagazine.com\/mx\/wp-content\/uploads\/sites\/13\/2024\/08\/Captura-de-Pantalla-2024-08-07-a-las-12.59.53-450x311.png 450w, https:\/\/graziamagazine.com\/mx\/wp-content\/uploads\/sites\/13\/2024\/08\/Captura-de-Pantalla-2024-08-07-a-las-12.59.53-768x531.png 768w, https:\/\/graziamagazine.com\/mx\/wp-content\/uploads\/sites\/13\/2024\/08\/Captura-de-Pantalla-2024-08-07-a-las-12.59.53-1536x1063.png 1536w, https:\/\/graziamagazine.com\/mx\/wp-content\/uploads\/sites\/13\/2024\/08\/Captura-de-Pantalla-2024-08-07-a-las-12.59.53-2048x1417.png 2048w, https:\/\/graziamagazine.com\/mx\/wp-content\/uploads\/sites\/13\/2024\/08\/Captura-de-Pantalla-2024-08-07-a-las-12.59.53-400x277.png 400w, https:\/\/graziamagazine.com\/mx\/wp-content\/uploads\/sites\/13\/2024\/08\/Captura-de-Pantalla-2024-08-07-a-las-12.59.53-155x107.png 155w\" sizes=\"(max-width: 1024px) 100vw, 1024px\" \/><figcaption id=\"caption-attachment-140074\" class=\"wp-caption-text\">Los Mejores Peinados Ol\u00edmpicos<\/figcaption><\/figure>\n<p>Trinity Rodman, con sus trenzas largas y rosadas estilo sirena, ha capturado la atenci\u00f3n en los juegos de f\u00fatbol femenino. Este look, que combina trenzas francesas y una boina, no solo es impresionante sino tambi\u00e9n un ejemplo de c\u00f3mo los atletas pueden usar el color y el estilo para destacarse y expresar su personalidad.<\/p>\n<h3>Imani-Lara Lansiquot (Gran Breta\u00f1a)<\/h3>\n<figure id=\"attachment_140072\" aria-describedby=\"caption-attachment-140072\" style=\"width: 667px\" class=\"wp-caption alignnone\"><img loading=\"lazy\" decoding=\"async\" class=\"size-large wp-image-140072\" src=\"https:\/\/graziamagazine.com\/mx\/wp-content\/uploads\/sites\/13\/2024\/08\/Captura-de-Pantalla-2024-08-07-a-las-12.59.42-667x1024.png\" alt=\"Los Mejores Peinados Ol\u00edmpicos\" width=\"667\" height=\"1024\" srcset=\"https:\/\/graziamagazine.com\/mx\/wp-content\/uploads\/sites\/13\/2024\/08\/Captura-de-Pantalla-2024-08-07-a-las-12.59.42-667x1024.png 667w, https:\/\/graziamagazine.com\/mx\/wp-content\/uploads\/sites\/13\/2024\/08\/Captura-de-Pantalla-2024-08-07-a-las-12.59.42-293x450.png 293w, https:\/\/graziamagazine.com\/mx\/wp-content\/uploads\/sites\/13\/2024\/08\/Captura-de-Pantalla-2024-08-07-a-las-12.59.42-768x1179.png 768w, https:\/\/graziamagazine.com\/mx\/wp-content\/uploads\/sites\/13\/2024\/08\/Captura-de-Pantalla-2024-08-07-a-las-12.59.42-400x614.png 400w, https:\/\/graziamagazine.com\/mx\/wp-content\/uploads\/sites\/13\/2024\/08\/Captura-de-Pantalla-2024-08-07-a-las-12.59.42-140x215.png 140w, https:\/\/graziamagazine.com\/mx\/wp-content\/uploads\/sites\/13\/2024\/08\/Captura-de-Pantalla-2024-08-07-a-las-12.59.42.png 990w\" sizes=\"(max-width: 667px) 100vw, 667px\" \/><figcaption id=\"caption-attachment-140072\" class=\"wp-caption-text\">Los Mejores Peinados Ol\u00edmpicos<\/figcaption><\/figure>\n<p>La velocista Imani-Lara Lansiquot disfruta de la moda como una forma de preparaci\u00f3n mental y emocional para sus carreras. Con delineadores de ojos y peinados que combinan con la temporada, Lansiquot a\u00f1ade un toque de glamour a su entrenamiento riguroso, transformando cada carrera en un evento especial.<\/p>\n<h3>Anna Cockrell (Estados Unidos)<\/h3>\n<figure id=\"attachment_140069\" aria-describedby=\"caption-attachment-140069\" style=\"width: 1024px\" class=\"wp-caption alignnone\"><img loading=\"lazy\" decoding=\"async\" class=\"size-large wp-image-140069\" src=\"https:\/\/graziamagazine.com\/mx\/wp-content\/uploads\/sites\/13\/2024\/08\/Captura-de-Pantalla-2024-08-07-a-las-12.59.24-1024x758.png\" alt=\"Los Mejores Peinados Ol\u00edmpicos\" width=\"1024\" height=\"758\" srcset=\"https:\/\/graziamagazine.com\/mx\/wp-content\/uploads\/sites\/13\/2024\/08\/Captura-de-Pantalla-2024-08-07-a-las-12.59.24-1024x758.png 1024w, https:\/\/graziamagazine.com\/mx\/wp-content\/uploads\/sites\/13\/2024\/08\/Captura-de-Pantalla-2024-08-07-a-las-12.59.24-450x333.png 450w, https:\/\/graziamagazine.com\/mx\/wp-content\/uploads\/sites\/13\/2024\/08\/Captura-de-Pantalla-2024-08-07-a-las-12.59.24-768x569.png 768w, https:\/\/graziamagazine.com\/mx\/wp-content\/uploads\/sites\/13\/2024\/08\/Captura-de-Pantalla-2024-08-07-a-las-12.59.24-1536x1138.png 1536w, https:\/\/graziamagazine.com\/mx\/wp-content\/uploads\/sites\/13\/2024\/08\/Captura-de-Pantalla-2024-08-07-a-las-12.59.24-400x296.png 400w, https:\/\/graziamagazine.com\/mx\/wp-content\/uploads\/sites\/13\/2024\/08\/Captura-de-Pantalla-2024-08-07-a-las-12.59.24-155x115.png 155w, https:\/\/graziamagazine.com\/mx\/wp-content\/uploads\/sites\/13\/2024\/08\/Captura-de-Pantalla-2024-08-07-a-las-12.59.24.png 1990w\" sizes=\"(max-width: 1024px) 100vw, 1024px\" \/><figcaption id=\"caption-attachment-140069\" class=\"wp-caption-text\">Los Mejores Peinados Ol\u00edmpicos<\/figcaption><\/figure>\n<p>Anna Cockrell ha experimentado con varios estilos, pero su corte corto actual le da una sensaci\u00f3n de libertad y frescura. Para Cockrell, peinarse es un momento de tranquilidad y enfoque antes de competir, lo que la ayuda a sentirse preparada y confiada.<\/p>\n<h3>Louie Hinchliffe (Gran Breta\u00f1a)<\/h3>\n<figure id=\"attachment_140075\" aria-describedby=\"caption-attachment-140075\" style=\"width: 1024px\" class=\"wp-caption alignnone\"><img loading=\"lazy\" decoding=\"async\" class=\"size-large wp-image-140075\" src=\"https:\/\/graziamagazine.com\/mx\/wp-content\/uploads\/sites\/13\/2024\/08\/Captura-de-Pantalla-2024-08-07-a-las-12.59.57-1024x731.png\" alt=\"Los Mejores Peinados Ol\u00edmpicos\" width=\"1024\" height=\"731\" srcset=\"https:\/\/graziamagazine.com\/mx\/wp-content\/uploads\/sites\/13\/2024\/08\/Captura-de-Pantalla-2024-08-07-a-las-12.59.57-1024x731.png 1024w, https:\/\/graziamagazine.com\/mx\/wp-content\/uploads\/sites\/13\/2024\/08\/Captura-de-Pantalla-2024-08-07-a-las-12.59.57-450x321.png 450w, https:\/\/graziamagazine.com\/mx\/wp-content\/uploads\/sites\/13\/2024\/08\/Captura-de-Pantalla-2024-08-07-a-las-12.59.57-768x548.png 768w, https:\/\/graziamagazine.com\/mx\/wp-content\/uploads\/sites\/13\/2024\/08\/Captura-de-Pantalla-2024-08-07-a-las-12.59.57-1536x1097.png 1536w, https:\/\/graziamagazine.com\/mx\/wp-content\/uploads\/sites\/13\/2024\/08\/Captura-de-Pantalla-2024-08-07-a-las-12.59.57-2048x1462.png 2048w, https:\/\/graziamagazine.com\/mx\/wp-content\/uploads\/sites\/13\/2024\/08\/Captura-de-Pantalla-2024-08-07-a-las-12.59.57-400x286.png 400w, https:\/\/graziamagazine.com\/mx\/wp-content\/uploads\/sites\/13\/2024\/08\/Captura-de-Pantalla-2024-08-07-a-las-12.59.57-155x111.png 155w\" sizes=\"(max-width: 1024px) 100vw, 1024px\" \/><figcaption id=\"caption-attachment-140075\" class=\"wp-caption-text\">Los Mejores Peinados Ol\u00edmpicos<\/figcaption><\/figure>\n<p>Conocido como &#8220;el mullet m\u00e1s r\u00e1pido del mundo&#8221;, Louie Hinchliffe ha capturado la atenci\u00f3n tanto por su estilo de correr como por su audaz peinado. Este velocista brit\u00e1nico combina su mullet con pendientes llamativos, destacando su estilo \u00fanico y su confianza en s\u00ed mismo.<\/p>\n<h3>Jazmin Sawyers (Gran Breta\u00f1a)<\/h3>\n<figure id=\"attachment_140073\" aria-describedby=\"caption-attachment-140073\" style=\"width: 1024px\" class=\"wp-caption alignnone\"><img loading=\"lazy\" decoding=\"async\" class=\"size-large wp-image-140073\" src=\"https:\/\/graziamagazine.com\/mx\/wp-content\/uploads\/sites\/13\/2024\/08\/Captura-de-Pantalla-2024-08-07-a-las-12.59.47-1024x686.png\" alt=\"Los Mejores Peinados Ol\u00edmpicos\" width=\"1024\" height=\"686\" srcset=\"https:\/\/graziamagazine.com\/mx\/wp-content\/uploads\/sites\/13\/2024\/08\/Captura-de-Pantalla-2024-08-07-a-las-12.59.47-1024x686.png 1024w, https:\/\/graziamagazine.com\/mx\/wp-content\/uploads\/sites\/13\/2024\/08\/Captura-de-Pantalla-2024-08-07-a-las-12.59.47-450x301.png 450w, https:\/\/graziamagazine.com\/mx\/wp-content\/uploads\/sites\/13\/2024\/08\/Captura-de-Pantalla-2024-08-07-a-las-12.59.47-768x514.png 768w, https:\/\/graziamagazine.com\/mx\/wp-content\/uploads\/sites\/13\/2024\/08\/Captura-de-Pantalla-2024-08-07-a-las-12.59.47-1536x1029.png 1536w, https:\/\/graziamagazine.com\/mx\/wp-content\/uploads\/sites\/13\/2024\/08\/Captura-de-Pantalla-2024-08-07-a-las-12.59.47-2048x1372.png 2048w, https:\/\/graziamagazine.com\/mx\/wp-content\/uploads\/sites\/13\/2024\/08\/Captura-de-Pantalla-2024-08-07-a-las-12.59.47-400x268.png 400w, https:\/\/graziamagazine.com\/mx\/wp-content\/uploads\/sites\/13\/2024\/08\/Captura-de-Pantalla-2024-08-07-a-las-12.59.47-155x104.png 155w\" sizes=\"(max-width: 1024px) 100vw, 1024px\" \/><figcaption id=\"caption-attachment-140073\" class=\"wp-caption-text\">Los Mejores Peinados Ol\u00edmpicos<\/figcaption><\/figure>\n<p>La saltadora de longitud Jazmin Sawyers prefiere competir con el cabello recogido en dos mo\u00f1os, un estilo que le aporta confianza y seguridad. Para Sawyers, la belleza y el rendimiento van de la mano, demostrando que un buen peinado puede ser una parte integral del \u00e9xito en la competencia.<\/p>\n<h3>Melissa Jefferson (Estados Unidos)<\/h3>\n<figure id=\"attachment_140070\" aria-describedby=\"caption-attachment-140070\" style=\"width: 1024px\" class=\"wp-caption alignnone\"><img loading=\"lazy\" decoding=\"async\" class=\"size-large wp-image-140070\" src=\"https:\/\/graziamagazine.com\/mx\/wp-content\/uploads\/sites\/13\/2024\/08\/Captura-de-Pantalla-2024-08-07-a-las-12.59.29-1024x726.png\" alt=\"Los Mejores Peinados Ol\u00edmpicos\" width=\"1024\" height=\"726\" srcset=\"https:\/\/graziamagazine.com\/mx\/wp-content\/uploads\/sites\/13\/2024\/08\/Captura-de-Pantalla-2024-08-07-a-las-12.59.29-1024x726.png 1024w, https:\/\/graziamagazine.com\/mx\/wp-content\/uploads\/sites\/13\/2024\/08\/Captura-de-Pantalla-2024-08-07-a-las-12.59.29-450x319.png 450w, https:\/\/graziamagazine.com\/mx\/wp-content\/uploads\/sites\/13\/2024\/08\/Captura-de-Pantalla-2024-08-07-a-las-12.59.29-768x544.png 768w, https:\/\/graziamagazine.com\/mx\/wp-content\/uploads\/sites\/13\/2024\/08\/Captura-de-Pantalla-2024-08-07-a-las-12.59.29-1536x1089.png 1536w, https:\/\/graziamagazine.com\/mx\/wp-content\/uploads\/sites\/13\/2024\/08\/Captura-de-Pantalla-2024-08-07-a-las-12.59.29-2048x1452.png 2048w, https:\/\/graziamagazine.com\/mx\/wp-content\/uploads\/sites\/13\/2024\/08\/Captura-de-Pantalla-2024-08-07-a-las-12.59.29-400x284.png 400w, https:\/\/graziamagazine.com\/mx\/wp-content\/uploads\/sites\/13\/2024\/08\/Captura-de-Pantalla-2024-08-07-a-las-12.59.29-155x110.png 155w\" sizes=\"(max-width: 1024px) 100vw, 1024px\" \/><figcaption id=\"caption-attachment-140070\" class=\"wp-caption-text\">Los Mejores Peinados Ol\u00edmpicos<\/figcaption><\/figure>\n<p>El gran lazo azul de Melissa Jefferson es un detalle adorable que llev\u00f3 cuando gan\u00f3 el bronce en la carrera de 100 metros. Este accesorio no solo es bonito, sino que tambi\u00e9n a\u00f1ade un toque de personalidad y alegr\u00eda a su look de competici\u00f3n.<\/p>\n<h3>Yaroslava Mahuchikh (Ucrania)<\/h3>\n<figure id=\"attachment_140067\" aria-describedby=\"caption-attachment-140067\" style=\"width: 1024px\" class=\"wp-caption alignnone\"><img loading=\"lazy\" decoding=\"async\" class=\"size-large wp-image-140067\" src=\"https:\/\/graziamagazine.com\/mx\/wp-content\/uploads\/sites\/13\/2024\/08\/Captura-de-Pantalla-2024-08-07-a-las-12.59.13-1024x670.png\" alt=\"Los Mejores Peinados Ol\u00edmpicos\" width=\"1024\" height=\"670\" srcset=\"https:\/\/graziamagazine.com\/mx\/wp-content\/uploads\/sites\/13\/2024\/08\/Captura-de-Pantalla-2024-08-07-a-las-12.59.13-1024x670.png 1024w, https:\/\/graziamagazine.com\/mx\/wp-content\/uploads\/sites\/13\/2024\/08\/Captura-de-Pantalla-2024-08-07-a-las-12.59.13-450x295.png 450w, https:\/\/graziamagazine.com\/mx\/wp-content\/uploads\/sites\/13\/2024\/08\/Captura-de-Pantalla-2024-08-07-a-las-12.59.13-768x503.png 768w, https:\/\/graziamagazine.com\/mx\/wp-content\/uploads\/sites\/13\/2024\/08\/Captura-de-Pantalla-2024-08-07-a-las-12.59.13-1536x1006.png 1536w, https:\/\/graziamagazine.com\/mx\/wp-content\/uploads\/sites\/13\/2024\/08\/Captura-de-Pantalla-2024-08-07-a-las-12.59.13-2048x1341.png 2048w, https:\/\/graziamagazine.com\/mx\/wp-content\/uploads\/sites\/13\/2024\/08\/Captura-de-Pantalla-2024-08-07-a-las-12.59.13-400x262.png 400w, https:\/\/graziamagazine.com\/mx\/wp-content\/uploads\/sites\/13\/2024\/08\/Captura-de-Pantalla-2024-08-07-a-las-12.59.13-155x101.png 155w\" sizes=\"(max-width: 1024px) 100vw, 1024px\" \/><figcaption id=\"caption-attachment-140067\" class=\"wp-caption-text\">Los Mejores Peinados Ol\u00edmpicos<\/figcaption><\/figure>\n<p>Las elegantes trenzas de Yaroslava Mahuchikh en las pruebas de salto de altura no solo son impresionantes a la vista, sino que tambi\u00e9n son parte de su ritual de concentraci\u00f3n. Al dedicar tiempo a su cabello, Mahuchikh encuentra calma y enfoque, lo que claramente le ha ayudado a ganar el oro.<\/p>\n<h3>Worthy de Jong (Pa\u00edses Bajos)<\/h3>\n<figure id=\"attachment_140065\" aria-describedby=\"caption-attachment-140065\" style=\"width: 830px\" class=\"wp-caption alignnone\"><img loading=\"lazy\" decoding=\"async\" class=\"size-large wp-image-140065\" src=\"https:\/\/graziamagazine.com\/mx\/wp-content\/uploads\/sites\/13\/2024\/08\/Captura-de-Pantalla-2024-08-07-a-las-12.56.50-830x1024.png\" alt=\"Los Mejores Peinados Ol\u00edmpicos\" width=\"830\" height=\"1024\" srcset=\"https:\/\/graziamagazine.com\/mx\/wp-content\/uploads\/sites\/13\/2024\/08\/Captura-de-Pantalla-2024-08-07-a-las-12.56.50-830x1024.png 830w, https:\/\/graziamagazine.com\/mx\/wp-content\/uploads\/sites\/13\/2024\/08\/Captura-de-Pantalla-2024-08-07-a-las-12.56.50-365x450.png 365w, https:\/\/graziamagazine.com\/mx\/wp-content\/uploads\/sites\/13\/2024\/08\/Captura-de-Pantalla-2024-08-07-a-las-12.56.50-768x947.png 768w, https:\/\/graziamagazine.com\/mx\/wp-content\/uploads\/sites\/13\/2024\/08\/Captura-de-Pantalla-2024-08-07-a-las-12.56.50-400x493.png 400w, https:\/\/graziamagazine.com\/mx\/wp-content\/uploads\/sites\/13\/2024\/08\/Captura-de-Pantalla-2024-08-07-a-las-12.56.50-155x191.png 155w, https:\/\/graziamagazine.com\/mx\/wp-content\/uploads\/sites\/13\/2024\/08\/Captura-de-Pantalla-2024-08-07-a-las-12.56.50.png 1104w\" sizes=\"(max-width: 830px) 100vw, 830px\" \/><figcaption id=\"caption-attachment-140065\" class=\"wp-caption-text\">Los Mejores Peinados Ol\u00edmpicos<\/figcaption><\/figure>\n<p>El jugador de baloncesto holand\u00e9s Worthy de Jong es conocido por sus estilos extravagantes, incluyendo un te\u00f1ido de leopardo y un look decolorado y azul en los Juegos Ol\u00edmpicos. Su cabello audaz es una expresi\u00f3n de su personalidad vibrante y su deseo de destacarse tanto dentro como fuera de la cancha.<\/p>\n<p><em><strong>*IMAGEN: Google Images<\/strong><\/em><\/p>\n<\/div>\n<\/div>\n<\/div>\n<\/div>\n","protected":false},"author":28953,"featured_media":140076,"template":"","format":"standard","categories":[15260],"acf":[],"yoast_head":"<!-- This site is optimized with the Yoast SEO Premium plugin v18.5 (Yoast SEO v20.4) - https:\/\/yoast.com\/wordpress\/plugins\/seo\/ -->\n<title>Los Mejores Peinados Ol\u00edmpicos<\/title>\n<meta name=\"description\" content=\"La Belleza en el Deporte: C\u00f3mo los Atletas Ol\u00edmpicos Redefinen el Estilo y la Confianza en el Escenario Mundial\" \/>\n<meta name=\"robots\" content=\"index, follow, max-snippet:-1, max-image-preview:large, max-video-preview:-1\" \/>\n<link rel=\"canonical\" href=\"https:\/\/graziamagazine.com\/mx\/articles\/los-mejores-peinados-olimpicos\/\" \/>\n<meta property=\"og:locale\" content=\"es_MX\" \/>\n<meta property=\"og:type\" content=\"article\" \/>\n<meta property=\"og:title\" content=\"Los Mejores Peinados Ol\u00edmpicos\" \/>\n<meta property=\"og:description\" content=\"La Belleza en el Deporte: C\u00f3mo los Atletas Ol\u00edmpicos Redefinen el Estilo y la Confianza en el Escenario Mundial\" \/>\n<meta property=\"og:url\" content=\"https:\/\/graziamagazine.com\/mx\/articles\/los-mejores-peinados-olimpicos\/\" \/>\n<meta property=\"og:site_name\" content=\"Grazia M\u00e9xico y Latinoam\u00e9rica\" \/>\n<meta property=\"article:modified_time\" content=\"2024-08-07T21:49:25+00:00\" \/>\n<meta property=\"og:image\" content=\"https:\/\/graziamagazine.com\/mx\/wp-content\/uploads\/sites\/13\/2024\/08\/Captura-de-Pantalla-2024-08-07-a-las-13.02.35-1024x661.png\" \/>\n\t<meta property=\"og:image:width\" content=\"1024\" \/>\n\t<meta property=\"og:image:height\" content=\"661\" \/>\n\t<meta property=\"og:image:type\" content=\"image\/png\" \/>\n<meta name=\"twitter:card\" content=\"summary_large_image\" \/>\n<meta name=\"twitter:label1\" content=\"Est. reading time\" \/>\n\t<meta name=\"twitter:data1\" content=\"6 minutos\" \/>\n<script type=\"application\/ld+json\" class=\"yoast-schema-graph\">{\"@context\":\"https:\/\/schema.org\",\"@graph\":[{\"@type\":\"WebPage\",\"@id\":\"https:\/\/graziamagazine.com\/mx\/articles\/los-mejores-peinados-olimpicos\/\",\"url\":\"https:\/\/graziamagazine.com\/mx\/articles\/los-mejores-peinados-olimpicos\/\",\"name\":\"Los Mejores Peinados Ol\u00edmpicos\",\"isPartOf\":{\"@id\":\"https:\/\/graziamagazine.com\/mx\/#website\"},\"datePublished\":\"2024-08-07T18:51:38+00:00\",\"dateModified\":\"2024-08-07T21:49:25+00:00\",\"description\":\"La Belleza en el Deporte: C\u00f3mo los Atletas Ol\u00edmpicos Redefinen el Estilo y la Confianza en el Escenario Mundial\",\"breadcrumb\":{\"@id\":\"https:\/\/graziamagazine.com\/mx\/articles\/los-mejores-peinados-olimpicos\/#breadcrumb\"},\"inLanguage\":\"es-MX\",\"potentialAction\":[{\"@type\":\"ReadAction\",\"target\":[\"https:\/\/graziamagazine.com\/mx\/articles\/los-mejores-peinados-olimpicos\/\"]}]},{\"@type\":\"BreadcrumbList\",\"@id\":\"https:\/\/graziamagazine.com\/mx\/articles\/los-mejores-peinados-olimpicos\/#breadcrumb\",\"itemListElement\":[{\"@type\":\"ListItem\",\"position\":1,\"name\":\"Home\",\"item\":\"https:\/\/graziamagazine.com\/mx\/\"},{\"@type\":\"ListItem\",\"position\":2,\"name\":\"Los Mejores Peinados Ol\u00edmpicos\"}]},{\"@type\":\"WebSite\",\"@id\":\"https:\/\/graziamagazine.com\/mx\/#website\",\"url\":\"https:\/\/graziamagazine.com\/mx\/\",\"name\":\"Grazia M\u00e9xico y Latinoam\u00e9rica\",\"description\":\"Grazia es moda, belleza y noticias  de actualidad \",\"potentialAction\":[{\"@type\":\"SearchAction\",\"target\":{\"@type\":\"EntryPoint\",\"urlTemplate\":\"https:\/\/graziamagazine.com\/mx\/?s={search_term_string}\"},\"query-input\":\"required name=search_term_string\"}],\"inLanguage\":\"es-MX\"}]}<\/script>\n<!-- \/ Yoast SEO Premium plugin. -->","yoast_head_json":{"title":"Los Mejores Peinados Ol\u00edmpicos","description":"La Belleza en el Deporte: C\u00f3mo los Atletas Ol\u00edmpicos Redefinen el Estilo y la Confianza en el Escenario Mundial","robots":{"index":"index","follow":"follow","max-snippet":"max-snippet:-1","max-image-preview":"max-image-preview:large","max-video-preview":"max-video-preview:-1"},"canonical":"https:\/\/graziamagazine.com\/mx\/articles\/los-mejores-peinados-olimpicos\/","og_locale":"es_MX","og_type":"article","og_title":"Los Mejores Peinados Ol\u00edmpicos","og_description":"La Belleza en el Deporte: C\u00f3mo los Atletas Ol\u00edmpicos Redefinen el Estilo y la Confianza en el Escenario Mundial","og_url":"https:\/\/graziamagazine.com\/mx\/articles\/los-mejores-peinados-olimpicos\/","og_site_name":"Grazia M\u00e9xico y Latinoam\u00e9rica","article_modified_time":"2024-08-07T21:49:25+00:00","og_image":[{"width":1024,"height":661,"url":"https:\/\/graziamagazine.com\/mx\/wp-content\/uploads\/sites\/13\/2024\/08\/Captura-de-Pantalla-2024-08-07-a-las-13.02.35-1024x661.png","type":"image\/png"}],"twitter_card":"summary_large_image","twitter_misc":{"Est. reading time":"6 minutos"},"schema":{"@context":"https:\/\/schema.org","@graph":[{"@type":"WebPage","@id":"https:\/\/graziamagazine.com\/mx\/articles\/los-mejores-peinados-olimpicos\/","url":"https:\/\/graziamagazine.com\/mx\/articles\/los-mejores-peinados-olimpicos\/","name":"Los Mejores Peinados Ol\u00edmpicos","isPartOf":{"@id":"https:\/\/graziamagazine.com\/mx\/#website"},"datePublished":"2024-08-07T18:51:38+00:00","dateModified":"2024-08-07T21:49:25+00:00","description":"La Belleza en el Deporte: C\u00f3mo los Atletas Ol\u00edmpicos Redefinen el Estilo y la Confianza en el Escenario Mundial","breadcrumb":{"@id":"https:\/\/graziamagazine.com\/mx\/articles\/los-mejores-peinados-olimpicos\/#breadcrumb"},"inLanguage":"es-MX","potentialAction":[{"@type":"ReadAction","target":["https:\/\/graziamagazine.com\/mx\/articles\/los-mejores-peinados-olimpicos\/"]}]},{"@type":"BreadcrumbList","@id":"https:\/\/graziamagazine.com\/mx\/articles\/los-mejores-peinados-olimpicos\/#breadcrumb","itemListElement":[{"@type":"ListItem","position":1,"name":"Home","item":"https:\/\/graziamagazine.com\/mx\/"},{"@type":"ListItem","position":2,"name":"Los Mejores Peinados Ol\u00edmpicos"}]},{"@type":"WebSite","@id":"https:\/\/graziamagazine.com\/mx\/#website","url":"https:\/\/graziamagazine.com\/mx\/","name":"Grazia M\u00e9xico y Latinoam\u00e9rica","description":"Grazia es moda, belleza y noticias  de actualidad ","potentialAction":[{"@type":"SearchAction","target":{"@type":"EntryPoint","urlTemplate":"https:\/\/graziamagazine.com\/mx\/?s={search_term_string}"},"query-input":"required name=search_term_string"}],"inLanguage":"es-MX"}]}},"jetpack_sharing_enabled":true,"distributor_meta":false,"distributor_terms":false,"distributor_media":false,"distributor_original_site_name":"Grazia M\u00e9xico y Latinoam\u00e9rica","distributor_original_site_url":"https:\/\/graziamagazine.com\/mx","push-errors":false,"_links":{"self":[{"href":"https:\/\/graziamagazine.com\/mx\/wp-json\/wp\/v2\/articles\/140064"}],"collection":[{"href":"https:\/\/graziamagazine.com\/mx\/wp-json\/wp\/v2\/articles"}],"about":[{"href":"https:\/\/graziamagazine.com\/mx\/wp-json\/wp\/v2\/types\/articles"}],"author":[{"embeddable":true,"href":"https:\/\/graziamagazine.com\/mx\/wp-json\/wp\/v2\/users\/28953"}],"wp:featuredmedia":[{"embeddable":true,"href":"https:\/\/graziamagazine.com\/mx\/wp-json\/wp\/v2\/media\/140076"}],"wp:attachment":[{"href":"https:\/\/graziamagazine.com\/mx\/wp-json\/wp\/v2\/media?parent=140064"}],"wp:term":[{"taxonomy":"category","embeddable":true,"href":"https:\/\/graziamagazine.com\/mx\/wp-json\/wp\/v2\/categories?post=140064"}],"curies":[{"name":"wp","href":"https:\/\/api.w.org\/{rel}","templated":true}]}}