{"id":140046,"date":"2024-08-06T23:27:45","date_gmt":"2024-08-07T04:27:45","guid":{"rendered":"https:\/\/graziamagazine.com\/mx\/?post_type=articles&#038;p=140046"},"modified":"2024-08-08T15:23:52","modified_gmt":"2024-08-08T20:23:52","slug":"meghan-markle-habla-sobre-experiencia-pensamientos-suicidas","status":"publish","type":"articles","link":"https:\/\/graziamagazine.com\/mx\/articles\/meghan-markle-habla-sobre-experiencia-pensamientos-suicidas\/","title":{"rendered":"Meghan Markle habla sobre su experiencia con pensamientos suicidas"},"content":{"rendered":"<p><strong>Meghan Markle<\/strong> y el <strong>pr\u00edncipe Harry<\/strong> lanzaron el pasado domingo <strong>The Parents Network<\/strong> que busca ayudar a pap\u00e1s que perdieron a sus hijos a causa de las redes sociales.<\/p>\n<p>Fue Meghan quien toc\u00f3 un punto sensible en su vida, cuando lucho con pensamientos suicidas, para tratar de ayudar a otros a superarlos. La pareja fue entrevistada por<strong> Jane Pauley<\/strong> durante el lanzamiento.<\/p>\n<p>Fue entonces cuando la duquesa habl\u00f3 de su salud mental tras declarar en marzo de 2021 en una entrevista con <strong>Oprah Winfrey<\/strong> que &#8220;simplemente ya no quer\u00eda estar viva&#8221;.<\/p>\n<figure id=\"attachment_140049\" aria-describedby=\"caption-attachment-140049\" style=\"width: 450px\" class=\"wp-caption alignnone\"><img loading=\"lazy\" decoding=\"async\" class=\"size-medium wp-image-140049\" src=\"https:\/\/graziamagazine.com\/mx\/wp-content\/uploads\/sites\/13\/2024\/08\/Captura-de-pantalla-2024-08-06-224036-450x296.png\" alt=\"\" width=\"450\" height=\"296\" srcset=\"https:\/\/graziamagazine.com\/mx\/wp-content\/uploads\/sites\/13\/2024\/08\/Captura-de-pantalla-2024-08-06-224036-450x296.png 450w, https:\/\/graziamagazine.com\/mx\/wp-content\/uploads\/sites\/13\/2024\/08\/Captura-de-pantalla-2024-08-06-224036-400x263.png 400w, https:\/\/graziamagazine.com\/mx\/wp-content\/uploads\/sites\/13\/2024\/08\/Captura-de-pantalla-2024-08-06-224036-155x102.png 155w, https:\/\/graziamagazine.com\/mx\/wp-content\/uploads\/sites\/13\/2024\/08\/Captura-de-pantalla-2024-08-06-224036.png 572w\" sizes=\"(max-width: 450px) 100vw, 450px\" \/><figcaption id=\"caption-attachment-140049\" class=\"wp-caption-text\">Getty<\/figcaption><\/figure>\n<p>&#8220;Cuando has pasado por cualquier nivel de dolor o trauma, creo que parte de nuestro proceso de sanaci\u00f3n, y ciertamente parte del m\u00edo, es poder hablar abiertamente de ello&#8221;, dijo Meghan.<\/p>\n<p>&#8220;Realmente he rozado la superficie de mi experiencia, pero creo que nunca querr\u00eda que alguien m\u00e1s se sintiera as\u00ed, nunca querr\u00eda que alguien m\u00e1s hiciera ese tipo de planes y nunca querr\u00eda que alguien m\u00e1s no fuera cre\u00eddo&#8221;, asegur\u00f3.<\/p>\n<p>Adem\u00e1s, record\u00f3 que tambi\u00e9n ha sido v\u00edctima de acoso en l\u00ednea tras decir que est\u00e1 consciente la &#8220;l\u00ednea divisoria&#8221; entre su experiencia y la de los ni\u00f1os afectados por acoso en internet.<\/p>\n<figure id=\"attachment_140048\" aria-describedby=\"caption-attachment-140048\" style=\"width: 450px\" class=\"wp-caption alignnone\"><img loading=\"lazy\" decoding=\"async\" class=\"size-medium wp-image-140048\" src=\"https:\/\/graziamagazine.com\/mx\/wp-content\/uploads\/sites\/13\/2024\/08\/Captura-de-pantalla-2024-08-06-224053-450x304.png\" alt=\"\" width=\"450\" height=\"304\" srcset=\"https:\/\/graziamagazine.com\/mx\/wp-content\/uploads\/sites\/13\/2024\/08\/Captura-de-pantalla-2024-08-06-224053-450x304.png 450w, https:\/\/graziamagazine.com\/mx\/wp-content\/uploads\/sites\/13\/2024\/08\/Captura-de-pantalla-2024-08-06-224053-400x270.png 400w, https:\/\/graziamagazine.com\/mx\/wp-content\/uploads\/sites\/13\/2024\/08\/Captura-de-pantalla-2024-08-06-224053-155x105.png 155w, https:\/\/graziamagazine.com\/mx\/wp-content\/uploads\/sites\/13\/2024\/08\/Captura-de-pantalla-2024-08-06-224053.png 572w\" sizes=\"(max-width: 450px) 100vw, 450px\" \/><figcaption id=\"caption-attachment-140048\" class=\"wp-caption-text\">Getty<\/figcaption><\/figure>\n<p>La duquesa dijo que para ella era m\u00e1s importante que las personas pudieran escuchar su testimonio a dejar de hacerlo para no exponerse.<\/p>\n<p>&#8220;Si expresar lo que he superado puede salvar a alguien o animar a alguien en su vida a que realmente se preocupe por ellos y no asuma que la apariencia es buena y que todo est\u00e1 bien, entonces vale la pena. Aceptar\u00e9 un golpe por eso&#8221;, agreg\u00f3.<\/p>\n<p>Los duques tambi\u00e9n dijeron que su inter\u00e9s mayor es proteger a sus hijos el pr\u00edncipe Archie y la princesa Lilibet, sobre todo, de lo que puedan encontrar en internet.<\/p>\n<figure id=\"attachment_140047\" aria-describedby=\"caption-attachment-140047\" style=\"width: 450px\" class=\"wp-caption alignnone\"><img loading=\"lazy\" decoding=\"async\" class=\"size-medium wp-image-140047\" src=\"https:\/\/graziamagazine.com\/mx\/wp-content\/uploads\/sites\/13\/2024\/08\/Captura-de-pantalla-2024-08-06-224117-450x343.png\" alt=\"\" width=\"450\" height=\"343\" srcset=\"https:\/\/graziamagazine.com\/mx\/wp-content\/uploads\/sites\/13\/2024\/08\/Captura-de-pantalla-2024-08-06-224117-450x343.png 450w, https:\/\/graziamagazine.com\/mx\/wp-content\/uploads\/sites\/13\/2024\/08\/Captura-de-pantalla-2024-08-06-224117-400x305.png 400w, https:\/\/graziamagazine.com\/mx\/wp-content\/uploads\/sites\/13\/2024\/08\/Captura-de-pantalla-2024-08-06-224117-155x118.png 155w, https:\/\/graziamagazine.com\/mx\/wp-content\/uploads\/sites\/13\/2024\/08\/Captura-de-pantalla-2024-08-06-224117.png 676w\" sizes=\"(max-width: 450px) 100vw, 450px\" \/><figcaption id=\"caption-attachment-140047\" class=\"wp-caption-text\">Getty<\/figcaption><\/figure>\n<p>&#8220;Nuestros hijos son peque\u00f1os, tienen 3 y 5 a\u00f1os. Son maravillosos&#8221;, dijo Meghan. &#8220;Pero lo \u00fanico que queremos hacer como padres es protegerlos&#8221;, asegur\u00f3.<\/p>\n<p>&#8220;En este punto, hemos llegado a una etapa en la que casi todos los padres deben ser los primeros en responder&#8221;, intervino Harry asegurando que ni siquiera los mejores primeros en responder del mundo&#8230; &#8220;podr\u00edan detectar los signos de un posible suicidio. \u00c9sa es la parte aterradora de esto&#8221;, asegur\u00f3.<\/p>\n","protected":false},"author":36289,"featured_media":140049,"template":"","format":"standard","categories":[2],"acf":[],"yoast_head":"<!-- This site is optimized with the Yoast SEO Premium plugin v18.5 (Yoast SEO v20.4) - https:\/\/yoast.com\/wordpress\/plugins\/seo\/ -->\n<title>Meghan Markle habla sobre su experiencia con pensamientos suicidas | Grazia M\u00e9xico y Latinoam\u00e9rica<\/title>\n<meta name=\"description\" content=\"Meghan Markle y el pr\u00edncipe Harry lanzaron el pasado domingo The Parents Network que busca ayudar a pap\u00e1s que perdieron a sus hijos a causa de las redes\" \/>\n<meta name=\"robots\" content=\"index, follow, max-snippet:-1, max-image-preview:large, max-video-preview:-1\" \/>\n<link rel=\"canonical\" href=\"https:\/\/graziamagazine.com\/mx\/articles\/meghan-markle-habla-sobre-experiencia-pensamientos-suicidas\/\" \/>\n<meta property=\"og:locale\" content=\"es_MX\" \/>\n<meta property=\"og:type\" content=\"article\" \/>\n<meta property=\"og:title\" content=\"Meghan Markle habla sobre su experiencia con pensamientos suicidas\" \/>\n<meta property=\"og:description\" content=\"Meghan Markle y el pr\u00edncipe Harry lanzaron el pasado domingo The Parents Network que busca ayudar a pap\u00e1s que perdieron a sus hijos a causa de las redes\" \/>\n<meta property=\"og:url\" content=\"https:\/\/graziamagazine.com\/mx\/articles\/meghan-markle-habla-sobre-experiencia-pensamientos-suicidas\/\" \/>\n<meta property=\"og:site_name\" content=\"Grazia M\u00e9xico y Latinoam\u00e9rica\" \/>\n<meta property=\"article:modified_time\" content=\"2024-08-08T20:23:52+00:00\" \/>\n<meta property=\"og:image\" content=\"https:\/\/graziamagazine.com\/mx\/wp-content\/uploads\/sites\/13\/2024\/08\/Captura-de-pantalla-2024-08-06-224036.png\" \/>\n\t<meta property=\"og:image:width\" content=\"572\" \/>\n\t<meta property=\"og:image:height\" content=\"376\" \/>\n\t<meta property=\"og:image:type\" content=\"image\/png\" \/>\n<meta name=\"twitter:card\" content=\"summary_large_image\" \/>\n<meta name=\"twitter:label1\" content=\"Est. reading time\" \/>\n\t<meta name=\"twitter:data1\" content=\"3 minutos\" \/>\n<script type=\"application\/ld+json\" class=\"yoast-schema-graph\">{\"@context\":\"https:\/\/schema.org\",\"@graph\":[{\"@type\":\"WebPage\",\"@id\":\"https:\/\/graziamagazine.com\/mx\/articles\/meghan-markle-habla-sobre-experiencia-pensamientos-suicidas\/\",\"url\":\"https:\/\/graziamagazine.com\/mx\/articles\/meghan-markle-habla-sobre-experiencia-pensamientos-suicidas\/\",\"name\":\"Meghan Markle habla sobre su experiencia con pensamientos suicidas | Grazia M\u00e9xico y Latinoam\u00e9rica\",\"isPartOf\":{\"@id\":\"https:\/\/graziamagazine.com\/mx\/#website\"},\"datePublished\":\"2024-08-07T04:27:45+00:00\",\"dateModified\":\"2024-08-08T20:23:52+00:00\",\"description\":\"Meghan Markle y el pr\u00edncipe Harry lanzaron el pasado domingo The Parents Network que busca ayudar a pap\u00e1s que perdieron a sus hijos a causa de las redes\",\"breadcrumb\":{\"@id\":\"https:\/\/graziamagazine.com\/mx\/articles\/meghan-markle-habla-sobre-experiencia-pensamientos-suicidas\/#breadcrumb\"},\"inLanguage\":\"es-MX\",\"potentialAction\":[{\"@type\":\"ReadAction\",\"target\":[\"https:\/\/graziamagazine.com\/mx\/articles\/meghan-markle-habla-sobre-experiencia-pensamientos-suicidas\/\"]}]},{\"@type\":\"BreadcrumbList\",\"@id\":\"https:\/\/graziamagazine.com\/mx\/articles\/meghan-markle-habla-sobre-experiencia-pensamientos-suicidas\/#breadcrumb\",\"itemListElement\":[{\"@type\":\"ListItem\",\"position\":1,\"name\":\"Home\",\"item\":\"https:\/\/graziamagazine.com\/mx\/\"},{\"@type\":\"ListItem\",\"position\":2,\"name\":\"Meghan Markle habla sobre su experiencia con pensamientos suicidas\"}]},{\"@type\":\"WebSite\",\"@id\":\"https:\/\/graziamagazine.com\/mx\/#website\",\"url\":\"https:\/\/graziamagazine.com\/mx\/\",\"name\":\"Grazia M\u00e9xico y Latinoam\u00e9rica\",\"description\":\"Grazia es moda, belleza y noticias  de actualidad \",\"potentialAction\":[{\"@type\":\"SearchAction\",\"target\":{\"@type\":\"EntryPoint\",\"urlTemplate\":\"https:\/\/graziamagazine.com\/mx\/?s={search_term_string}\"},\"query-input\":\"required name=search_term_string\"}],\"inLanguage\":\"es-MX\"}]}<\/script>\n<!-- \/ Yoast SEO Premium plugin. -->","yoast_head_json":{"title":"Meghan Markle habla sobre su experiencia con pensamientos suicidas | Grazia M\u00e9xico y Latinoam\u00e9rica","description":"Meghan Markle y el pr\u00edncipe Harry lanzaron el pasado domingo The Parents Network que busca ayudar a pap\u00e1s que perdieron a sus hijos a causa de las redes","robots":{"index":"index","follow":"follow","max-snippet":"max-snippet:-1","max-image-preview":"max-image-preview:large","max-video-preview":"max-video-preview:-1"},"canonical":"https:\/\/graziamagazine.com\/mx\/articles\/meghan-markle-habla-sobre-experiencia-pensamientos-suicidas\/","og_locale":"es_MX","og_type":"article","og_title":"Meghan Markle habla sobre su experiencia con pensamientos suicidas","og_description":"Meghan Markle y el pr\u00edncipe Harry lanzaron el pasado domingo The Parents Network que busca ayudar a pap\u00e1s que perdieron a sus hijos a causa de las redes","og_url":"https:\/\/graziamagazine.com\/mx\/articles\/meghan-markle-habla-sobre-experiencia-pensamientos-suicidas\/","og_site_name":"Grazia M\u00e9xico y Latinoam\u00e9rica","article_modified_time":"2024-08-08T20:23:52+00:00","og_image":[{"width":572,"height":376,"url":"https:\/\/graziamagazine.com\/mx\/wp-content\/uploads\/sites\/13\/2024\/08\/Captura-de-pantalla-2024-08-06-224036.png","type":"image\/png"}],"twitter_card":"summary_large_image","twitter_misc":{"Est. reading time":"3 minutos"},"schema":{"@context":"https:\/\/schema.org","@graph":[{"@type":"WebPage","@id":"https:\/\/graziamagazine.com\/mx\/articles\/meghan-markle-habla-sobre-experiencia-pensamientos-suicidas\/","url":"https:\/\/graziamagazine.com\/mx\/articles\/meghan-markle-habla-sobre-experiencia-pensamientos-suicidas\/","name":"Meghan Markle habla sobre su experiencia con pensamientos suicidas | Grazia M\u00e9xico y Latinoam\u00e9rica","isPartOf":{"@id":"https:\/\/graziamagazine.com\/mx\/#website"},"datePublished":"2024-08-07T04:27:45+00:00","dateModified":"2024-08-08T20:23:52+00:00","description":"Meghan Markle y el pr\u00edncipe Harry lanzaron el pasado domingo The Parents Network que busca ayudar a pap\u00e1s que perdieron a sus hijos a causa de las redes","breadcrumb":{"@id":"https:\/\/graziamagazine.com\/mx\/articles\/meghan-markle-habla-sobre-experiencia-pensamientos-suicidas\/#breadcrumb"},"inLanguage":"es-MX","potentialAction":[{"@type":"ReadAction","target":["https:\/\/graziamagazine.com\/mx\/articles\/meghan-markle-habla-sobre-experiencia-pensamientos-suicidas\/"]}]},{"@type":"BreadcrumbList","@id":"https:\/\/graziamagazine.com\/mx\/articles\/meghan-markle-habla-sobre-experiencia-pensamientos-suicidas\/#breadcrumb","itemListElement":[{"@type":"ListItem","position":1,"name":"Home","item":"https:\/\/graziamagazine.com\/mx\/"},{"@type":"ListItem","position":2,"name":"Meghan Markle habla sobre su experiencia con pensamientos suicidas"}]},{"@type":"WebSite","@id":"https:\/\/graziamagazine.com\/mx\/#website","url":"https:\/\/graziamagazine.com\/mx\/","name":"Grazia M\u00e9xico y Latinoam\u00e9rica","description":"Grazia es moda, belleza y noticias  de actualidad ","potentialAction":[{"@type":"SearchAction","target":{"@type":"EntryPoint","urlTemplate":"https:\/\/graziamagazine.com\/mx\/?s={search_term_string}"},"query-input":"required name=search_term_string"}],"inLanguage":"es-MX"}]}},"jetpack_sharing_enabled":true,"distributor_meta":false,"distributor_terms":false,"distributor_media":false,"distributor_original_site_name":"Grazia M\u00e9xico y Latinoam\u00e9rica","distributor_original_site_url":"https:\/\/graziamagazine.com\/mx","push-errors":false,"_links":{"self":[{"href":"https:\/\/graziamagazine.com\/mx\/wp-json\/wp\/v2\/articles\/140046"}],"collection":[{"href":"https:\/\/graziamagazine.com\/mx\/wp-json\/wp\/v2\/articles"}],"about":[{"href":"https:\/\/graziamagazine.com\/mx\/wp-json\/wp\/v2\/types\/articles"}],"author":[{"embeddable":true,"href":"https:\/\/graziamagazine.com\/mx\/wp-json\/wp\/v2\/users\/36289"}],"wp:featuredmedia":[{"embeddable":true,"href":"https:\/\/graziamagazine.com\/mx\/wp-json\/wp\/v2\/media\/140049"}],"wp:attachment":[{"href":"https:\/\/graziamagazine.com\/mx\/wp-json\/wp\/v2\/media?parent=140046"}],"wp:term":[{"taxonomy":"category","embeddable":true,"href":"https:\/\/graziamagazine.com\/mx\/wp-json\/wp\/v2\/categories?post=140046"}],"curies":[{"name":"wp","href":"https:\/\/api.w.org\/{rel}","templated":true}]}}