{"id":140000,"date":"2024-08-06T11:35:18","date_gmt":"2024-08-06T16:35:18","guid":{"rendered":"https:\/\/graziamagazine.com\/mx\/?post_type=articles&#038;p=140000"},"modified":"2024-08-08T11:48:01","modified_gmt":"2024-08-08T16:48:01","slug":"zac-efron-aparece-en-redes-sociales-tras-su-hospitalizacion-en-espana","status":"publish","type":"articles","link":"https:\/\/graziamagazine.com\/mx\/articles\/zac-efron-aparece-en-redes-sociales-tras-su-hospitalizacion-en-espana\/","title":{"rendered":"Zac Efron aparece en redes sociales tras su hospitalizaci\u00f3n en Espa\u00f1a"},"content":{"rendered":"<p><span style=\"font-weight: 400\"><strong>Zac Efron<\/strong> ha vuelto a ser el centro de atenci\u00f3n tras sufrir un percance en sus relajadas vacaciones en <strong>Ibiza, Espa\u00f1a.<\/strong> Durante su estancia, un <strong>inesperado accidente<\/strong> en la alberca de su villa lo llev\u00f3 a ser hospitalizado, generando preocupaci\u00f3n entre sus fans.<\/span><\/p>\n<p><span style=\"font-weight: 400\">La noticia de su ingreso al hospital se difundi\u00f3 r\u00e1pidamente, y su representante se encarg\u00f3 de proporcionar m\u00e1s informaci\u00f3n sobre la condici\u00f3n del actor. Aunque se sabe poco sobre c\u00f3mo ocurri\u00f3 exactamente el incidente, se ha descrito como un &#8220;peque\u00f1o accidente de nataci\u00f3n&#8221;, ocurrido el <strong>viernes 2 de agosto.<\/strong><\/span><\/p>\n<p><span style=\"font-weight: 400\">Seg\u00fan <em>TMZ<\/em>, el actor fue descubierto por los empleados del lugar en la piscina y fueron ellos quienes lo ayudaron para que recibiera la atenci\u00f3n m\u00e9dica necesaria. Zac fue trasladado a un hospital cercano donde pas\u00f3 la noche.<\/span><\/p>\n<p><img loading=\"lazy\" decoding=\"async\" class=\"alignnone wp-image-140001 size-full\" src=\"https:\/\/graziamagazine.com\/mx\/wp-content\/uploads\/sites\/13\/2024\/08\/efron.jpg\" alt=\"\" width=\"620\" height=\"776\" srcset=\"https:\/\/graziamagazine.com\/mx\/wp-content\/uploads\/sites\/13\/2024\/08\/efron.jpg 620w, https:\/\/graziamagazine.com\/mx\/wp-content\/uploads\/sites\/13\/2024\/08\/efron-360x450.jpg 360w, https:\/\/graziamagazine.com\/mx\/wp-content\/uploads\/sites\/13\/2024\/08\/efron-400x501.jpg 400w, https:\/\/graziamagazine.com\/mx\/wp-content\/uploads\/sites\/13\/2024\/08\/efron-155x194.jpg 155w\" sizes=\"(max-width: 620px) 100vw, 620px\" \/><\/p>\n<p><span style=\"font-weight: 400\">Ante la preocupaci\u00f3n generada por los informes de su hospitalizaci\u00f3n, Zac recurri\u00f3 a sus redes sociales para agradecer a todos los que le enviaron mensajes con buenos deseos y aprovech\u00f3 para tranquilizar a sus seguidores, confirmando que ya se encuentra fuera de peligro. &#8220;<strong>Feliz y saludable. Gracias por los buenos deseo<\/strong>s&#8221;, escribi\u00f3 el actor en una historia de Instagram, acompa\u00f1ada de una foto donde se le ve sin camisa y ejercit\u00e1ndose cerca de la playa.<\/span><\/p>\n<p><span style=\"font-weight: 400\">A principios de la semana pasada, Zac fue visto en el<strong> Ushua\u00efa Ibiza Hotel and Beach Club<\/strong>, disfrutando de una de las presentaciones del <strong>DJ Martin Garrix<\/strong>. En los videos que se viralizaron, se puede observar al actor sobre el escenario, bailando y acompa\u00f1ando al DJ.<\/span><\/p>\n","protected":false},"author":11628,"featured_media":87407,"template":"","format":"standard","categories":[2],"acf":[],"yoast_head":"<!-- This site is optimized with the Yoast SEO Premium plugin v18.5 (Yoast SEO v20.4) - https:\/\/yoast.com\/wordpress\/plugins\/seo\/ -->\n<title>Zac Efron aparece en redes sociales tras su hospitalizaci\u00f3n en Espa\u00f1a | Grazia M\u00e9xico y Latinoam\u00e9rica<\/title>\n<meta name=\"description\" content=\"Zac Efron ha vuelto a ser el centro de atenci\u00f3n tras sufrir un percance en sus relajadas vacaciones en Ibiza, Espa\u00f1a. Durante su estancia, un inesperado\" \/>\n<meta name=\"robots\" content=\"index, follow, max-snippet:-1, max-image-preview:large, max-video-preview:-1\" \/>\n<link rel=\"canonical\" href=\"https:\/\/graziamagazine.com\/mx\/articles\/zac-efron-aparece-en-redes-sociales-tras-su-hospitalizacion-en-espana\/\" \/>\n<meta property=\"og:locale\" content=\"es_MX\" \/>\n<meta property=\"og:type\" content=\"article\" \/>\n<meta property=\"og:title\" content=\"Zac Efron aparece en redes sociales tras su hospitalizaci\u00f3n en Espa\u00f1a\" \/>\n<meta property=\"og:description\" content=\"Zac Efron ha vuelto a ser el centro de atenci\u00f3n tras sufrir un percance en sus relajadas vacaciones en Ibiza, Espa\u00f1a. Durante su estancia, un inesperado\" \/>\n<meta property=\"og:url\" content=\"https:\/\/graziamagazine.com\/mx\/articles\/zac-efron-aparece-en-redes-sociales-tras-su-hospitalizacion-en-espana\/\" \/>\n<meta property=\"og:site_name\" content=\"Grazia M\u00e9xico y Latinoam\u00e9rica\" \/>\n<meta property=\"article:modified_time\" content=\"2024-08-08T16:48:01+00:00\" \/>\n<meta property=\"og:image\" content=\"https:\/\/graziamagazine.com\/mx\/wp-content\/uploads\/sites\/13\/2020\/07\/DowntoEarthwithZacEfron_Season1_Episode2_00_45_01_13_RC.jpg\" \/>\n\t<meta property=\"og:image:width\" content=\"2835\" \/>\n\t<meta property=\"og:image:height\" content=\"1891\" \/>\n\t<meta property=\"og:image:type\" content=\"image\/jpeg\" \/>\n<meta name=\"twitter:card\" content=\"summary_large_image\" \/>\n<meta name=\"twitter:label1\" content=\"Est. reading time\" \/>\n\t<meta name=\"twitter:data1\" content=\"2 minutos\" \/>\n<script type=\"application\/ld+json\" class=\"yoast-schema-graph\">{\"@context\":\"https:\/\/schema.org\",\"@graph\":[{\"@type\":\"WebPage\",\"@id\":\"https:\/\/graziamagazine.com\/mx\/articles\/zac-efron-aparece-en-redes-sociales-tras-su-hospitalizacion-en-espana\/\",\"url\":\"https:\/\/graziamagazine.com\/mx\/articles\/zac-efron-aparece-en-redes-sociales-tras-su-hospitalizacion-en-espana\/\",\"name\":\"Zac Efron aparece en redes sociales tras su hospitalizaci\u00f3n en Espa\u00f1a | Grazia M\u00e9xico y Latinoam\u00e9rica\",\"isPartOf\":{\"@id\":\"https:\/\/graziamagazine.com\/mx\/#website\"},\"datePublished\":\"2024-08-06T16:35:18+00:00\",\"dateModified\":\"2024-08-08T16:48:01+00:00\",\"description\":\"Zac Efron ha vuelto a ser el centro de atenci\u00f3n tras sufrir un percance en sus relajadas vacaciones en Ibiza, Espa\u00f1a. Durante su estancia, un inesperado\",\"breadcrumb\":{\"@id\":\"https:\/\/graziamagazine.com\/mx\/articles\/zac-efron-aparece-en-redes-sociales-tras-su-hospitalizacion-en-espana\/#breadcrumb\"},\"inLanguage\":\"es-MX\",\"potentialAction\":[{\"@type\":\"ReadAction\",\"target\":[\"https:\/\/graziamagazine.com\/mx\/articles\/zac-efron-aparece-en-redes-sociales-tras-su-hospitalizacion-en-espana\/\"]}]},{\"@type\":\"BreadcrumbList\",\"@id\":\"https:\/\/graziamagazine.com\/mx\/articles\/zac-efron-aparece-en-redes-sociales-tras-su-hospitalizacion-en-espana\/#breadcrumb\",\"itemListElement\":[{\"@type\":\"ListItem\",\"position\":1,\"name\":\"Home\",\"item\":\"https:\/\/graziamagazine.com\/mx\/\"},{\"@type\":\"ListItem\",\"position\":2,\"name\":\"Zac Efron aparece en redes sociales tras su hospitalizaci\u00f3n en Espa\u00f1a\"}]},{\"@type\":\"WebSite\",\"@id\":\"https:\/\/graziamagazine.com\/mx\/#website\",\"url\":\"https:\/\/graziamagazine.com\/mx\/\",\"name\":\"Grazia M\u00e9xico y Latinoam\u00e9rica\",\"description\":\"Grazia es moda, belleza y noticias  de actualidad \",\"potentialAction\":[{\"@type\":\"SearchAction\",\"target\":{\"@type\":\"EntryPoint\",\"urlTemplate\":\"https:\/\/graziamagazine.com\/mx\/?s={search_term_string}\"},\"query-input\":\"required name=search_term_string\"}],\"inLanguage\":\"es-MX\"}]}<\/script>\n<!-- \/ Yoast SEO Premium plugin. -->","yoast_head_json":{"title":"Zac Efron aparece en redes sociales tras su hospitalizaci\u00f3n en Espa\u00f1a | Grazia M\u00e9xico y Latinoam\u00e9rica","description":"Zac Efron ha vuelto a ser el centro de atenci\u00f3n tras sufrir un percance en sus relajadas vacaciones en Ibiza, Espa\u00f1a. Durante su estancia, un inesperado","robots":{"index":"index","follow":"follow","max-snippet":"max-snippet:-1","max-image-preview":"max-image-preview:large","max-video-preview":"max-video-preview:-1"},"canonical":"https:\/\/graziamagazine.com\/mx\/articles\/zac-efron-aparece-en-redes-sociales-tras-su-hospitalizacion-en-espana\/","og_locale":"es_MX","og_type":"article","og_title":"Zac Efron aparece en redes sociales tras su hospitalizaci\u00f3n en Espa\u00f1a","og_description":"Zac Efron ha vuelto a ser el centro de atenci\u00f3n tras sufrir un percance en sus relajadas vacaciones en Ibiza, Espa\u00f1a. Durante su estancia, un inesperado","og_url":"https:\/\/graziamagazine.com\/mx\/articles\/zac-efron-aparece-en-redes-sociales-tras-su-hospitalizacion-en-espana\/","og_site_name":"Grazia M\u00e9xico y Latinoam\u00e9rica","article_modified_time":"2024-08-08T16:48:01+00:00","og_image":[{"width":2835,"height":1891,"url":"https:\/\/graziamagazine.com\/mx\/wp-content\/uploads\/sites\/13\/2020\/07\/DowntoEarthwithZacEfron_Season1_Episode2_00_45_01_13_RC.jpg","type":"image\/jpeg"}],"twitter_card":"summary_large_image","twitter_misc":{"Est. reading time":"2 minutos"},"schema":{"@context":"https:\/\/schema.org","@graph":[{"@type":"WebPage","@id":"https:\/\/graziamagazine.com\/mx\/articles\/zac-efron-aparece-en-redes-sociales-tras-su-hospitalizacion-en-espana\/","url":"https:\/\/graziamagazine.com\/mx\/articles\/zac-efron-aparece-en-redes-sociales-tras-su-hospitalizacion-en-espana\/","name":"Zac Efron aparece en redes sociales tras su hospitalizaci\u00f3n en Espa\u00f1a | Grazia M\u00e9xico y Latinoam\u00e9rica","isPartOf":{"@id":"https:\/\/graziamagazine.com\/mx\/#website"},"datePublished":"2024-08-06T16:35:18+00:00","dateModified":"2024-08-08T16:48:01+00:00","description":"Zac Efron ha vuelto a ser el centro de atenci\u00f3n tras sufrir un percance en sus relajadas vacaciones en Ibiza, Espa\u00f1a. Durante su estancia, un inesperado","breadcrumb":{"@id":"https:\/\/graziamagazine.com\/mx\/articles\/zac-efron-aparece-en-redes-sociales-tras-su-hospitalizacion-en-espana\/#breadcrumb"},"inLanguage":"es-MX","potentialAction":[{"@type":"ReadAction","target":["https:\/\/graziamagazine.com\/mx\/articles\/zac-efron-aparece-en-redes-sociales-tras-su-hospitalizacion-en-espana\/"]}]},{"@type":"BreadcrumbList","@id":"https:\/\/graziamagazine.com\/mx\/articles\/zac-efron-aparece-en-redes-sociales-tras-su-hospitalizacion-en-espana\/#breadcrumb","itemListElement":[{"@type":"ListItem","position":1,"name":"Home","item":"https:\/\/graziamagazine.com\/mx\/"},{"@type":"ListItem","position":2,"name":"Zac Efron aparece en redes sociales tras su hospitalizaci\u00f3n en Espa\u00f1a"}]},{"@type":"WebSite","@id":"https:\/\/graziamagazine.com\/mx\/#website","url":"https:\/\/graziamagazine.com\/mx\/","name":"Grazia M\u00e9xico y Latinoam\u00e9rica","description":"Grazia es moda, belleza y noticias  de actualidad ","potentialAction":[{"@type":"SearchAction","target":{"@type":"EntryPoint","urlTemplate":"https:\/\/graziamagazine.com\/mx\/?s={search_term_string}"},"query-input":"required name=search_term_string"}],"inLanguage":"es-MX"}]}},"jetpack_sharing_enabled":true,"distributor_meta":false,"distributor_terms":false,"distributor_media":false,"distributor_original_site_name":"Grazia M\u00e9xico y Latinoam\u00e9rica","distributor_original_site_url":"https:\/\/graziamagazine.com\/mx","push-errors":false,"_links":{"self":[{"href":"https:\/\/graziamagazine.com\/mx\/wp-json\/wp\/v2\/articles\/140000"}],"collection":[{"href":"https:\/\/graziamagazine.com\/mx\/wp-json\/wp\/v2\/articles"}],"about":[{"href":"https:\/\/graziamagazine.com\/mx\/wp-json\/wp\/v2\/types\/articles"}],"author":[{"embeddable":true,"href":"https:\/\/graziamagazine.com\/mx\/wp-json\/wp\/v2\/users\/11628"}],"wp:featuredmedia":[{"embeddable":true,"href":"https:\/\/graziamagazine.com\/mx\/wp-json\/wp\/v2\/media\/87407"}],"wp:attachment":[{"href":"https:\/\/graziamagazine.com\/mx\/wp-json\/wp\/v2\/media?parent=140000"}],"wp:term":[{"taxonomy":"category","embeddable":true,"href":"https:\/\/graziamagazine.com\/mx\/wp-json\/wp\/v2\/categories?post=140000"}],"curies":[{"name":"wp","href":"https:\/\/api.w.org\/{rel}","templated":true}]}}