{"id":139944,"date":"2024-08-02T15:00:16","date_gmt":"2024-08-02T20:00:16","guid":{"rendered":"https:\/\/graziamagazine.com\/mx\/?post_type=articles&#038;p=139944"},"modified":"2024-08-05T14:23:05","modified_gmt":"2024-08-05T19:23:05","slug":"dior-y-la-moda-olimpica-una-fusion-de-arte-y-deporte-en-la-galeria-dior","status":"publish","type":"articles","link":"https:\/\/graziamagazine.com\/mx\/articles\/dior-y-la-moda-olimpica-una-fusion-de-arte-y-deporte-en-la-galeria-dior\/","title":{"rendered":"Dior y la moda ol\u00edmpica: Una fusi\u00f3n de arte y deporte en la Galer\u00eda Dior"},"content":{"rendered":"<p>La ceremonia de inauguraci\u00f3n de los <strong>Juegos Ol\u00edmpicos de Par\u00eds 2024<\/strong> no solo quedar\u00e1 en la memoria por sus proezas deportivas, sino tambi\u00e9n por un espect\u00e1culo de moda sin precedentes.<\/p>\n<p><strong>Lady Gaga, Aya Nakamura y C\u00e9line Dion<\/strong>, \u00edconos de la m\u00fasica y el estilo, compartieron un escenario global luciendo trajes de escena dise\u00f1ados por Dior, que ahora forman parte de una exposici\u00f3n especial en la Galer\u00eda Dior hasta el 30 de septiembre de 2024.<\/p>\n<p>Par\u00eds, conocida mundialmente como la capital de la moda, aprovech\u00f3 el escaparate global de los<strong> Juegos Ol\u00edmpicos<\/strong> para presentar una ceremonia inaugural con un aire de Semana de la Moda.<\/p>\n<figure id=\"attachment_139949\" aria-describedby=\"caption-attachment-139949\" style=\"width: 744px\" class=\"wp-caption alignnone\"><img loading=\"lazy\" decoding=\"async\" class=\"size-large wp-image-139949\" src=\"https:\/\/graziamagazine.com\/mx\/wp-content\/uploads\/sites\/13\/2024\/08\/Captura-de-Pantalla-2024-08-02-a-las-14.07.35-744x1024.png\" alt=\"Dior y la moda ol\u00edmpica: Una fusi\u00f3n de arte y deporte en la Galer\u00eda Dior\" width=\"744\" height=\"1024\" srcset=\"https:\/\/graziamagazine.com\/mx\/wp-content\/uploads\/sites\/13\/2024\/08\/Captura-de-Pantalla-2024-08-02-a-las-14.07.35-744x1024.png 744w, https:\/\/graziamagazine.com\/mx\/wp-content\/uploads\/sites\/13\/2024\/08\/Captura-de-Pantalla-2024-08-02-a-las-14.07.35-327x450.png 327w, https:\/\/graziamagazine.com\/mx\/wp-content\/uploads\/sites\/13\/2024\/08\/Captura-de-Pantalla-2024-08-02-a-las-14.07.35-768x1056.png 768w, https:\/\/graziamagazine.com\/mx\/wp-content\/uploads\/sites\/13\/2024\/08\/Captura-de-Pantalla-2024-08-02-a-las-14.07.35-400x550.png 400w, https:\/\/graziamagazine.com\/mx\/wp-content\/uploads\/sites\/13\/2024\/08\/Captura-de-Pantalla-2024-08-02-a-las-14.07.35-155x213.png 155w, https:\/\/graziamagazine.com\/mx\/wp-content\/uploads\/sites\/13\/2024\/08\/Captura-de-Pantalla-2024-08-02-a-las-14.07.35.png 1012w\" sizes=\"(max-width: 744px) 100vw, 744px\" \/><figcaption id=\"caption-attachment-139949\" class=\"wp-caption-text\">Dior y la moda ol\u00edmpica: Una fusi\u00f3n de arte y deporte en la Galer\u00eda Dior<\/figcaption><\/figure>\n<p>La alta costura francesa, encabezada por la <strong>Casa Dior<\/strong>, se destac\u00f3 como protagonista indiscutible. Estas creaciones, verdaderos ejemplos de maestr\u00eda y savoir-faire, capturaron la atenci\u00f3n del mundo y se convirtieron en el epicentro de la ceremonia.<\/p>\n<p>Los trajes, majestuosos e ic\u00f3nicos, fueron verdaderos estandartes de la moda. <strong>C\u00e9line Dion<\/strong> deslumbr\u00f3 con un vestido bordado con perlas, mientras que Lady Gaga impresion\u00f3 con plumas rosas y negras.<\/p>\n<p>Aya Nakamura, por su parte, brill\u00f3 con plumas doradas. Cada una de estas piezas, exquisitamente elaboradas, reflej\u00f3 el compromiso de Dior con la excelencia y la innovaci\u00f3n en la alta costura.<\/p>\n<figure id=\"attachment_139948\" aria-describedby=\"caption-attachment-139948\" style=\"width: 772px\" class=\"wp-caption alignnone\"><img loading=\"lazy\" decoding=\"async\" class=\"size-large wp-image-139948\" src=\"https:\/\/graziamagazine.com\/mx\/wp-content\/uploads\/sites\/13\/2024\/08\/Captura-de-Pantalla-2024-08-02-a-las-14.07.00-772x1024.png\" alt=\"Dior y la moda ol\u00edmpica: Una fusi\u00f3n de arte y deporte en la Galer\u00eda Dior\" width=\"772\" height=\"1024\" srcset=\"https:\/\/graziamagazine.com\/mx\/wp-content\/uploads\/sites\/13\/2024\/08\/Captura-de-Pantalla-2024-08-02-a-las-14.07.00-772x1024.png 772w, https:\/\/graziamagazine.com\/mx\/wp-content\/uploads\/sites\/13\/2024\/08\/Captura-de-Pantalla-2024-08-02-a-las-14.07.00-339x450.png 339w, https:\/\/graziamagazine.com\/mx\/wp-content\/uploads\/sites\/13\/2024\/08\/Captura-de-Pantalla-2024-08-02-a-las-14.07.00-768x1019.png 768w, https:\/\/graziamagazine.com\/mx\/wp-content\/uploads\/sites\/13\/2024\/08\/Captura-de-Pantalla-2024-08-02-a-las-14.07.00-400x531.png 400w, https:\/\/graziamagazine.com\/mx\/wp-content\/uploads\/sites\/13\/2024\/08\/Captura-de-Pantalla-2024-08-02-a-las-14.07.00-155x206.png 155w, https:\/\/graziamagazine.com\/mx\/wp-content\/uploads\/sites\/13\/2024\/08\/Captura-de-Pantalla-2024-08-02-a-las-14.07.00.png 1036w\" sizes=\"(max-width: 772px) 100vw, 772px\" \/><figcaption id=\"caption-attachment-139948\" class=\"wp-caption-text\">Dior y la moda ol\u00edmpica: Una fusi\u00f3n de arte y deporte en la Galer\u00eda Dior<\/figcaption><\/figure>\n<p>La exposici\u00f3n en la <strong>Galer\u00eda Dior<\/strong> no solo muestra estos trajes, sino que tambi\u00e9n ofrece una inmersi\u00f3n en el proceso creativo detr\u00e1s de cada dise\u00f1o. Desde los bocetos iniciales hasta los materiales seleccionados, los visitantes pueden explorar c\u00f3mo estas piezas cobraron vida.<\/p>\n<p>Adem\u00e1s, el magistral vestido con los colores de la bandera francesa, llevado por la cantante de \u00f3pera <strong>Axelle Saint-Cirel<\/strong> durante la inauguraci\u00f3n, se ha convertido en un s\u00edmbolo de la Casa Dior y es uno de los puntos culminantes de la exhibici\u00f3n.<\/p>\n<p><strong>Maria Grazia Chiuri<\/strong>, directora creativa de Dior, ha curado esta exposici\u00f3n con un enfoque detallado y educativo, colaborando con historiadores de la moda y expertos en dise\u00f1o. Seg\u00fan Chiuri, &#8220;cada pieza en esta exhibici\u00f3n no solo es un testimonio de la habilidad t\u00e9cnica de nuestros artesanos, sino tambi\u00e9n una celebraci\u00f3n de la cultura y el patrimonio de Par\u00eds como capital de la moda&#8221;.<\/p>\n<figure id=\"attachment_139947\" aria-describedby=\"caption-attachment-139947\" style=\"width: 798px\" class=\"wp-caption alignnone\"><img loading=\"lazy\" decoding=\"async\" class=\"size-large wp-image-139947\" src=\"https:\/\/graziamagazine.com\/mx\/wp-content\/uploads\/sites\/13\/2024\/08\/Captura-de-Pantalla-2024-08-02-a-las-14.07.10-798x1024.png\" alt=\"Dior y la moda ol\u00edmpica: Una fusi\u00f3n de arte y deporte en la Galer\u00eda Dior\" width=\"798\" height=\"1024\" srcset=\"https:\/\/graziamagazine.com\/mx\/wp-content\/uploads\/sites\/13\/2024\/08\/Captura-de-Pantalla-2024-08-02-a-las-14.07.10-798x1024.png 798w, https:\/\/graziamagazine.com\/mx\/wp-content\/uploads\/sites\/13\/2024\/08\/Captura-de-Pantalla-2024-08-02-a-las-14.07.10-351x450.png 351w, https:\/\/graziamagazine.com\/mx\/wp-content\/uploads\/sites\/13\/2024\/08\/Captura-de-Pantalla-2024-08-02-a-las-14.07.10-768x986.png 768w, https:\/\/graziamagazine.com\/mx\/wp-content\/uploads\/sites\/13\/2024\/08\/Captura-de-Pantalla-2024-08-02-a-las-14.07.10-400x513.png 400w, https:\/\/graziamagazine.com\/mx\/wp-content\/uploads\/sites\/13\/2024\/08\/Captura-de-Pantalla-2024-08-02-a-las-14.07.10-155x199.png 155w, https:\/\/graziamagazine.com\/mx\/wp-content\/uploads\/sites\/13\/2024\/08\/Captura-de-Pantalla-2024-08-02-a-las-14.07.10.png 1080w\" sizes=\"(max-width: 798px) 100vw, 798px\" \/><figcaption id=\"caption-attachment-139947\" class=\"wp-caption-text\">Dior y la moda ol\u00edmpica: Una fusi\u00f3n de arte y deporte en la Galer\u00eda Dior<\/figcaption><\/figure>\n<p>La inauguraci\u00f3n de los Juegos Ol\u00edmpicos de Par\u00eds 2024, con su mezcla de deporte y alta costura, ha establecido un nuevo est\u00e1ndar en la historia de las ceremonias ol\u00edmpicas.<\/p>\n<p>La Galer\u00eda Dior, con su exposici\u00f3n &#8220;Elegancia Ol\u00edmpica&#8221;, ofrece una oportunidad \u00fanica para revivir la magia de ese evento, reafirmando el papel de Par\u00eds no solo como sede de los Juegos, sino como epicentro de la moda global.<\/p>\n<p>Esta exposici\u00f3n, abierta hasta el <strong>30 de septiembre de 2024<\/strong>, es un destino imprescindible para los amantes de la moda y del deporte, y una celebraci\u00f3n del arte y la elegancia que definieron la ceremonia inaugural de los Juegos Ol\u00edmpicos de Par\u00eds 2024.<\/p>\n<p><em><strong>*iMAGEN: Google Images<\/strong><\/em><\/p>\n","protected":false},"author":28953,"featured_media":139946,"template":"","format":"standard","categories":[4],"acf":[],"yoast_head":"<!-- This site is optimized with the Yoast SEO Premium plugin v18.5 (Yoast SEO v20.4) - https:\/\/yoast.com\/wordpress\/plugins\/seo\/ -->\n<title>Dior y la moda ol\u00edmpica: Una fusi\u00f3n de arte y deporte en la Galer\u00eda Dior<\/title>\n<meta name=\"description\" content=\"Dior expone en Par\u00eds los vestidos de Lady Gaga, Aya Nakamura y C\u00e9line Dion usados en la inauguraci\u00f3n de los Juegos Ol\u00edmpicos 2024.\" \/>\n<meta name=\"robots\" content=\"index, follow, max-snippet:-1, max-image-preview:large, max-video-preview:-1\" \/>\n<link rel=\"canonical\" href=\"https:\/\/graziamagazine.com\/mx\/articles\/dior-y-la-moda-olimpica-una-fusion-de-arte-y-deporte-en-la-galeria-dior\/\" \/>\n<meta property=\"og:locale\" content=\"es_MX\" \/>\n<meta property=\"og:type\" content=\"article\" \/>\n<meta property=\"og:title\" content=\"Dior y la moda ol\u00edmpica: Una fusi\u00f3n de arte y deporte en la Galer\u00eda Dior\" \/>\n<meta property=\"og:description\" content=\"Dior expone en Par\u00eds los vestidos de Lady Gaga, Aya Nakamura y C\u00e9line Dion usados en la inauguraci\u00f3n de los Juegos Ol\u00edmpicos 2024.\" \/>\n<meta property=\"og:url\" content=\"https:\/\/graziamagazine.com\/mx\/articles\/dior-y-la-moda-olimpica-una-fusion-de-arte-y-deporte-en-la-galeria-dior\/\" \/>\n<meta property=\"og:site_name\" content=\"Grazia M\u00e9xico y Latinoam\u00e9rica\" \/>\n<meta property=\"article:modified_time\" content=\"2024-08-05T19:23:05+00:00\" \/>\n<meta property=\"og:image\" content=\"https:\/\/graziamagazine.com\/mx\/wp-content\/uploads\/sites\/13\/2024\/08\/920635-la-galerie-dior-un-nouveau-parcours-d-exposition-a-l-adresse-historique-de-la-maison-de-couture.jpg\" \/>\n\t<meta property=\"og:image:width\" content=\"1707\" \/>\n\t<meta property=\"og:image:height\" content=\"1200\" \/>\n\t<meta property=\"og:image:type\" content=\"image\/jpeg\" \/>\n<meta name=\"twitter:card\" content=\"summary_large_image\" \/>\n<meta name=\"twitter:label1\" content=\"Est. reading time\" \/>\n\t<meta name=\"twitter:data1\" content=\"3 minutos\" \/>\n<script type=\"application\/ld+json\" class=\"yoast-schema-graph\">{\"@context\":\"https:\/\/schema.org\",\"@graph\":[{\"@type\":\"WebPage\",\"@id\":\"https:\/\/graziamagazine.com\/mx\/articles\/dior-y-la-moda-olimpica-una-fusion-de-arte-y-deporte-en-la-galeria-dior\/\",\"url\":\"https:\/\/graziamagazine.com\/mx\/articles\/dior-y-la-moda-olimpica-una-fusion-de-arte-y-deporte-en-la-galeria-dior\/\",\"name\":\"Dior y la moda ol\u00edmpica: Una fusi\u00f3n de arte y deporte en la Galer\u00eda Dior\",\"isPartOf\":{\"@id\":\"https:\/\/graziamagazine.com\/mx\/#website\"},\"datePublished\":\"2024-08-02T20:00:16+00:00\",\"dateModified\":\"2024-08-05T19:23:05+00:00\",\"description\":\"Dior expone en Par\u00eds los vestidos de Lady Gaga, Aya Nakamura y C\u00e9line Dion usados en la inauguraci\u00f3n de los Juegos Ol\u00edmpicos 2024.\",\"breadcrumb\":{\"@id\":\"https:\/\/graziamagazine.com\/mx\/articles\/dior-y-la-moda-olimpica-una-fusion-de-arte-y-deporte-en-la-galeria-dior\/#breadcrumb\"},\"inLanguage\":\"es-MX\",\"potentialAction\":[{\"@type\":\"ReadAction\",\"target\":[\"https:\/\/graziamagazine.com\/mx\/articles\/dior-y-la-moda-olimpica-una-fusion-de-arte-y-deporte-en-la-galeria-dior\/\"]}]},{\"@type\":\"BreadcrumbList\",\"@id\":\"https:\/\/graziamagazine.com\/mx\/articles\/dior-y-la-moda-olimpica-una-fusion-de-arte-y-deporte-en-la-galeria-dior\/#breadcrumb\",\"itemListElement\":[{\"@type\":\"ListItem\",\"position\":1,\"name\":\"Home\",\"item\":\"https:\/\/graziamagazine.com\/mx\/\"},{\"@type\":\"ListItem\",\"position\":2,\"name\":\"Dior y la moda ol\u00edmpica: Una fusi\u00f3n de arte y deporte en la Galer\u00eda Dior\"}]},{\"@type\":\"WebSite\",\"@id\":\"https:\/\/graziamagazine.com\/mx\/#website\",\"url\":\"https:\/\/graziamagazine.com\/mx\/\",\"name\":\"Grazia M\u00e9xico y Latinoam\u00e9rica\",\"description\":\"Grazia es moda, belleza y noticias  de actualidad \",\"potentialAction\":[{\"@type\":\"SearchAction\",\"target\":{\"@type\":\"EntryPoint\",\"urlTemplate\":\"https:\/\/graziamagazine.com\/mx\/?s={search_term_string}\"},\"query-input\":\"required name=search_term_string\"}],\"inLanguage\":\"es-MX\"}]}<\/script>\n<!-- \/ Yoast SEO Premium plugin. -->","yoast_head_json":{"title":"Dior y la moda ol\u00edmpica: Una fusi\u00f3n de arte y deporte en la Galer\u00eda Dior","description":"Dior expone en Par\u00eds los vestidos de Lady Gaga, Aya Nakamura y C\u00e9line Dion usados en la inauguraci\u00f3n de los Juegos Ol\u00edmpicos 2024.","robots":{"index":"index","follow":"follow","max-snippet":"max-snippet:-1","max-image-preview":"max-image-preview:large","max-video-preview":"max-video-preview:-1"},"canonical":"https:\/\/graziamagazine.com\/mx\/articles\/dior-y-la-moda-olimpica-una-fusion-de-arte-y-deporte-en-la-galeria-dior\/","og_locale":"es_MX","og_type":"article","og_title":"Dior y la moda ol\u00edmpica: Una fusi\u00f3n de arte y deporte en la Galer\u00eda Dior","og_description":"Dior expone en Par\u00eds los vestidos de Lady Gaga, Aya Nakamura y C\u00e9line Dion usados en la inauguraci\u00f3n de los Juegos Ol\u00edmpicos 2024.","og_url":"https:\/\/graziamagazine.com\/mx\/articles\/dior-y-la-moda-olimpica-una-fusion-de-arte-y-deporte-en-la-galeria-dior\/","og_site_name":"Grazia M\u00e9xico y Latinoam\u00e9rica","article_modified_time":"2024-08-05T19:23:05+00:00","og_image":[{"width":1707,"height":1200,"url":"https:\/\/graziamagazine.com\/mx\/wp-content\/uploads\/sites\/13\/2024\/08\/920635-la-galerie-dior-un-nouveau-parcours-d-exposition-a-l-adresse-historique-de-la-maison-de-couture.jpg","type":"image\/jpeg"}],"twitter_card":"summary_large_image","twitter_misc":{"Est. reading time":"3 minutos"},"schema":{"@context":"https:\/\/schema.org","@graph":[{"@type":"WebPage","@id":"https:\/\/graziamagazine.com\/mx\/articles\/dior-y-la-moda-olimpica-una-fusion-de-arte-y-deporte-en-la-galeria-dior\/","url":"https:\/\/graziamagazine.com\/mx\/articles\/dior-y-la-moda-olimpica-una-fusion-de-arte-y-deporte-en-la-galeria-dior\/","name":"Dior y la moda ol\u00edmpica: Una fusi\u00f3n de arte y deporte en la Galer\u00eda Dior","isPartOf":{"@id":"https:\/\/graziamagazine.com\/mx\/#website"},"datePublished":"2024-08-02T20:00:16+00:00","dateModified":"2024-08-05T19:23:05+00:00","description":"Dior expone en Par\u00eds los vestidos de Lady Gaga, Aya Nakamura y C\u00e9line Dion usados en la inauguraci\u00f3n de los Juegos Ol\u00edmpicos 2024.","breadcrumb":{"@id":"https:\/\/graziamagazine.com\/mx\/articles\/dior-y-la-moda-olimpica-una-fusion-de-arte-y-deporte-en-la-galeria-dior\/#breadcrumb"},"inLanguage":"es-MX","potentialAction":[{"@type":"ReadAction","target":["https:\/\/graziamagazine.com\/mx\/articles\/dior-y-la-moda-olimpica-una-fusion-de-arte-y-deporte-en-la-galeria-dior\/"]}]},{"@type":"BreadcrumbList","@id":"https:\/\/graziamagazine.com\/mx\/articles\/dior-y-la-moda-olimpica-una-fusion-de-arte-y-deporte-en-la-galeria-dior\/#breadcrumb","itemListElement":[{"@type":"ListItem","position":1,"name":"Home","item":"https:\/\/graziamagazine.com\/mx\/"},{"@type":"ListItem","position":2,"name":"Dior y la moda ol\u00edmpica: Una fusi\u00f3n de arte y deporte en la Galer\u00eda Dior"}]},{"@type":"WebSite","@id":"https:\/\/graziamagazine.com\/mx\/#website","url":"https:\/\/graziamagazine.com\/mx\/","name":"Grazia M\u00e9xico y Latinoam\u00e9rica","description":"Grazia es moda, belleza y noticias  de actualidad ","potentialAction":[{"@type":"SearchAction","target":{"@type":"EntryPoint","urlTemplate":"https:\/\/graziamagazine.com\/mx\/?s={search_term_string}"},"query-input":"required name=search_term_string"}],"inLanguage":"es-MX"}]}},"jetpack_sharing_enabled":true,"distributor_meta":false,"distributor_terms":false,"distributor_media":false,"distributor_original_site_name":"Grazia M\u00e9xico y Latinoam\u00e9rica","distributor_original_site_url":"https:\/\/graziamagazine.com\/mx","push-errors":false,"_links":{"self":[{"href":"https:\/\/graziamagazine.com\/mx\/wp-json\/wp\/v2\/articles\/139944"}],"collection":[{"href":"https:\/\/graziamagazine.com\/mx\/wp-json\/wp\/v2\/articles"}],"about":[{"href":"https:\/\/graziamagazine.com\/mx\/wp-json\/wp\/v2\/types\/articles"}],"author":[{"embeddable":true,"href":"https:\/\/graziamagazine.com\/mx\/wp-json\/wp\/v2\/users\/28953"}],"wp:featuredmedia":[{"embeddable":true,"href":"https:\/\/graziamagazine.com\/mx\/wp-json\/wp\/v2\/media\/139946"}],"wp:attachment":[{"href":"https:\/\/graziamagazine.com\/mx\/wp-json\/wp\/v2\/media?parent=139944"}],"wp:term":[{"taxonomy":"category","embeddable":true,"href":"https:\/\/graziamagazine.com\/mx\/wp-json\/wp\/v2\/categories?post=139944"}],"curies":[{"name":"wp","href":"https:\/\/api.w.org\/{rel}","templated":true}]}}