{"id":139872,"date":"2024-07-31T14:30:43","date_gmt":"2024-07-31T19:30:43","guid":{"rendered":"https:\/\/graziamagazine.com\/mx\/?post_type=articles&#038;p=139872"},"modified":"2024-08-01T00:17:19","modified_gmt":"2024-08-01T05:17:19","slug":"la-greca-la-nueva-joya-de-versace-para-primavera-verano-2024","status":"publish","type":"articles","link":"https:\/\/graziamagazine.com\/mx\/articles\/la-greca-la-nueva-joya-de-versace-para-primavera-verano-2024\/","title":{"rendered":"La Greca: La Nueva Joya de Versace para Primavera\/Verano 2024"},"content":{"rendered":"<p>Versace, sin\u00f3nimo de lujo y sofisticaci\u00f3n, se enorgullece en presentar su \u00faltima creaci\u00f3n para la temporada <strong>Primavera\/Verano 2024<\/strong>:<strong> La Grec<\/strong>a. Este reloj joya &#8220;petite&#8221; encarna la esencia de la elegancia y el refinamiento, estableciendo un nuevo est\u00e1ndar en la moda y la medici\u00f3n del tiempo al capturar la esencia de la feminidad moderna.<\/p>\n<p>La Greca es una maravilla de 28mm, dise\u00f1ada para la mujer contempor\u00e1nea que valora tanto el estilo como la precisi\u00f3n. Su tama\u00f1o compacto y l\u00edneas elegantes lo hacen perfecto para aquellas que desean expresar un encanto \u00fanico y sofisticado.<\/p>\n<p>El dise\u00f1o incorpora el ic\u00f3nico detalle de la Greca en el brazalete y en el bisel, creando una armoniosa conexi\u00f3n entre forma y funci\u00f3n, y reflejando la esencia del lujo y la artesan\u00eda exquisita que caracteriza a <strong>Versace.<\/strong><\/p>\n<figure id=\"attachment_139876\" aria-describedby=\"caption-attachment-139876\" style=\"width: 765px\" class=\"wp-caption alignnone\"><img loading=\"lazy\" decoding=\"async\" class=\"wp-image-139876 size-large\" src=\"https:\/\/graziamagazine.com\/mx\/wp-content\/uploads\/sites\/13\/2024\/07\/Captura-de-Pantalla-2024-07-31-a-las-13.29.28-765x1024.png\" alt=\"La Greca: La Nueva Joya de Versace para Primavera\/Verano 2024\" width=\"765\" height=\"1024\" \/><figcaption id=\"caption-attachment-139876\" class=\"wp-caption-text\">La Greca: La Nueva Joya de Versace para Primavera\/Verano 2024<\/figcaption><\/figure>\n<p>El reloj, fabricado en acero inoxidable, presenta un movimiento de cuarzo que garantiza precisi\u00f3n y confiabilidad. Su esfera negra con indicadores y manecillas tipo espada ofrece una lectura clara y estilizada del tiempo, mientras que el detalle grabado y la placa de Medusa a\u00f1aden un toque distintivo de la marca.<\/p>\n<p>La caja redonda y el bisel grabado se integran perfectamente con el brazalete de eslabones, que se cierra con un broche seguro, garantizando comodidad y estilo en la mu\u00f1eca.<\/p>\n<p>M\u00e1s que un simple accesorio, La Greca es una aut\u00e9ntica joya que adorna la mu\u00f1eca con un mensaje de clase, estilo y refinamiento atemporal. Su resistencia al agua hasta 30 metros (3 ATM) asegura que la funcionalidad no se sacrifique por la est\u00e9tica, permitiendo a la mujer moderna llevar su elegancia en cualquier situaci\u00f3n.<\/p>\n<div class=\"content-gallery\"><div class=\"gallery-placeholder\"><div class=\"spinner\"><\/div><\/div><span class=\"gallery-pagination\"><\/span><div id=\"gallery-1\" class=\"gallery galleryid-139872 gallery-columns- gallery-size-medium\"><figure class=\"gallery-item\"><div class=\"gallery-icon landscape\"><img loading=\"lazy\" decoding=\"async\" width=\"1168\" height=\"1524\" src=\"https:\/\/graziamagazine.com\/mx\/wp-content\/uploads\/sites\/13\/2024\/07\/Captura-de-Pantalla-2024-07-31-a-las-13.29.20.png\" class=\"lazy\" alt=\"\" srcset=\"https:\/\/graziamagazine.com\/mx\/wp-content\/uploads\/sites\/13\/2024\/07\/Captura-de-Pantalla-2024-07-31-a-las-13.29.20.png 1168w, https:\/\/graziamagazine.com\/mx\/wp-content\/uploads\/sites\/13\/2024\/07\/Captura-de-Pantalla-2024-07-31-a-las-13.29.20-345x450.png 345w, https:\/\/graziamagazine.com\/mx\/wp-content\/uploads\/sites\/13\/2024\/07\/Captura-de-Pantalla-2024-07-31-a-las-13.29.20-785x1024.png 785w, https:\/\/graziamagazine.com\/mx\/wp-content\/uploads\/sites\/13\/2024\/07\/Captura-de-Pantalla-2024-07-31-a-las-13.29.20-768x1002.png 768w, https:\/\/graziamagazine.com\/mx\/wp-content\/uploads\/sites\/13\/2024\/07\/Captura-de-Pantalla-2024-07-31-a-las-13.29.20-400x522.png 400w, https:\/\/graziamagazine.com\/mx\/wp-content\/uploads\/sites\/13\/2024\/07\/Captura-de-Pantalla-2024-07-31-a-las-13.29.20-155x202.png 155w\" sizes=\"(max-width: 1168px) 100vw, 1168px\" \/><\/div><\/figure><figure class=\"gallery-item\"><div class=\"gallery-icon landscape\"><img loading=\"lazy\" decoding=\"async\" width=\"1274\" height=\"1740\" src=\"https:\/\/graziamagazine.com\/mx\/wp-content\/uploads\/sites\/13\/2024\/07\/Captura-de-Pantalla-2024-07-31-a-las-13.29.14.png\" class=\"lazy\" alt=\"\" srcset=\"https:\/\/graziamagazine.com\/mx\/wp-content\/uploads\/sites\/13\/2024\/07\/Captura-de-Pantalla-2024-07-31-a-las-13.29.14.png 1274w, https:\/\/graziamagazine.com\/mx\/wp-content\/uploads\/sites\/13\/2024\/07\/Captura-de-Pantalla-2024-07-31-a-las-13.29.14-329x450.png 329w, https:\/\/graziamagazine.com\/mx\/wp-content\/uploads\/sites\/13\/2024\/07\/Captura-de-Pantalla-2024-07-31-a-las-13.29.14-750x1024.png 750w, https:\/\/graziamagazine.com\/mx\/wp-content\/uploads\/sites\/13\/2024\/07\/Captura-de-Pantalla-2024-07-31-a-las-13.29.14-768x1049.png 768w, https:\/\/graziamagazine.com\/mx\/wp-content\/uploads\/sites\/13\/2024\/07\/Captura-de-Pantalla-2024-07-31-a-las-13.29.14-1125x1536.png 1125w, https:\/\/graziamagazine.com\/mx\/wp-content\/uploads\/sites\/13\/2024\/07\/Captura-de-Pantalla-2024-07-31-a-las-13.29.14-400x546.png 400w, https:\/\/graziamagazine.com\/mx\/wp-content\/uploads\/sites\/13\/2024\/07\/Captura-de-Pantalla-2024-07-31-a-las-13.29.14-155x212.png 155w\" sizes=\"(max-width: 1274px) 100vw, 1274px\" \/><\/div><\/figure><\/div><\/div>\n<p>Estar\u00e1 disponible a partir de febrero de 2024 en boutiques seleccionadas y revendedores autorizados, consolid\u00e1ndose como el accesorio imprescindible para la pr\u00f3xima temporada.<\/p>\n<p>Con una garant\u00eda est\u00e1ndar de un a\u00f1o, este reloj joya no solo promete estilo y elegancia, sino tambi\u00e9n la tranquilidad de contar con la calidad indiscutible de Versace.<\/p>\n<p>Versace ha logrado, una vez m\u00e1s, capturar la esencia de la feminidad moderna en un dise\u00f1o que combina lujo, precisi\u00f3n y artesan\u00eda, redefiniendo la moda y la manera en que medimos el tiempo. Para las mujeres que buscan un accesorio que refleje su elegancia innata y su amor por el lujo, La Greca es la elecci\u00f3n perfecta.<\/p>\n<p><em><strong>*IMAGEN: Cortes\u00eda<\/strong><\/em><\/p>\n","protected":false},"author":28953,"featured_media":139873,"template":"","format":"standard","categories":[4],"acf":[],"yoast_head":"<!-- This site is optimized with the Yoast SEO Premium plugin v18.5 (Yoast SEO v20.4) - https:\/\/yoast.com\/wordpress\/plugins\/seo\/ -->\n<title>La Greca: La Nueva Joya de Versace para Primavera\/Verano 2024<\/title>\n<meta name=\"description\" content=\"Versace presenta La Greca, un reloj joya de 28mm, elegante y refinado, que redefine el lujo y la feminidad moderna.\" \/>\n<meta name=\"robots\" content=\"index, follow, max-snippet:-1, max-image-preview:large, max-video-preview:-1\" \/>\n<link rel=\"canonical\" href=\"https:\/\/graziamagazine.com\/mx\/articles\/la-greca-la-nueva-joya-de-versace-para-primavera-verano-2024\/\" \/>\n<meta property=\"og:locale\" content=\"es_MX\" \/>\n<meta property=\"og:type\" content=\"article\" \/>\n<meta property=\"og:title\" content=\"La Greca: La Nueva Joya de Versace para Primavera\/Verano 2024\" \/>\n<meta property=\"og:description\" content=\"Versace presenta La Greca, un reloj joya de 28mm, elegante y refinado, que redefine el lujo y la feminidad moderna.\" \/>\n<meta property=\"og:url\" content=\"https:\/\/graziamagazine.com\/mx\/articles\/la-greca-la-nueva-joya-de-versace-para-primavera-verano-2024\/\" \/>\n<meta property=\"og:site_name\" content=\"Grazia M\u00e9xico y Latinoam\u00e9rica\" \/>\n<meta property=\"article:modified_time\" content=\"2024-08-01T05:17:19+00:00\" \/>\n<meta property=\"og:image\" content=\"https:\/\/graziamagazine.com\/mx\/wp-content\/uploads\/sites\/13\/2024\/07\/Captura-de-Pantalla-2024-07-31-a-las-13.28.44-1024x709.png\" \/>\n\t<meta property=\"og:image:width\" content=\"1024\" \/>\n\t<meta property=\"og:image:height\" content=\"709\" \/>\n\t<meta property=\"og:image:type\" content=\"image\/png\" \/>\n<meta name=\"twitter:card\" content=\"summary_large_image\" \/>\n<meta name=\"twitter:label1\" content=\"Est. reading time\" \/>\n\t<meta name=\"twitter:data1\" content=\"2 minutos\" \/>\n<script type=\"application\/ld+json\" class=\"yoast-schema-graph\">{\"@context\":\"https:\/\/schema.org\",\"@graph\":[{\"@type\":\"WebPage\",\"@id\":\"https:\/\/graziamagazine.com\/mx\/articles\/la-greca-la-nueva-joya-de-versace-para-primavera-verano-2024\/\",\"url\":\"https:\/\/graziamagazine.com\/mx\/articles\/la-greca-la-nueva-joya-de-versace-para-primavera-verano-2024\/\",\"name\":\"La Greca: La Nueva Joya de Versace para Primavera\/Verano 2024\",\"isPartOf\":{\"@id\":\"https:\/\/graziamagazine.com\/mx\/#website\"},\"datePublished\":\"2024-07-31T19:30:43+00:00\",\"dateModified\":\"2024-08-01T05:17:19+00:00\",\"description\":\"Versace presenta La Greca, un reloj joya de 28mm, elegante y refinado, que redefine el lujo y la feminidad moderna.\",\"breadcrumb\":{\"@id\":\"https:\/\/graziamagazine.com\/mx\/articles\/la-greca-la-nueva-joya-de-versace-para-primavera-verano-2024\/#breadcrumb\"},\"inLanguage\":\"es-MX\",\"potentialAction\":[{\"@type\":\"ReadAction\",\"target\":[\"https:\/\/graziamagazine.com\/mx\/articles\/la-greca-la-nueva-joya-de-versace-para-primavera-verano-2024\/\"]}]},{\"@type\":\"BreadcrumbList\",\"@id\":\"https:\/\/graziamagazine.com\/mx\/articles\/la-greca-la-nueva-joya-de-versace-para-primavera-verano-2024\/#breadcrumb\",\"itemListElement\":[{\"@type\":\"ListItem\",\"position\":1,\"name\":\"Home\",\"item\":\"https:\/\/graziamagazine.com\/mx\/\"},{\"@type\":\"ListItem\",\"position\":2,\"name\":\"La Greca: La Nueva Joya de Versace para Primavera\/Verano 2024\"}]},{\"@type\":\"WebSite\",\"@id\":\"https:\/\/graziamagazine.com\/mx\/#website\",\"url\":\"https:\/\/graziamagazine.com\/mx\/\",\"name\":\"Grazia M\u00e9xico y Latinoam\u00e9rica\",\"description\":\"Grazia es moda, belleza y noticias  de actualidad \",\"potentialAction\":[{\"@type\":\"SearchAction\",\"target\":{\"@type\":\"EntryPoint\",\"urlTemplate\":\"https:\/\/graziamagazine.com\/mx\/?s={search_term_string}\"},\"query-input\":\"required name=search_term_string\"}],\"inLanguage\":\"es-MX\"}]}<\/script>\n<!-- \/ Yoast SEO Premium plugin. -->","yoast_head_json":{"title":"La Greca: La Nueva Joya de Versace para Primavera\/Verano 2024","description":"Versace presenta La Greca, un reloj joya de 28mm, elegante y refinado, que redefine el lujo y la feminidad moderna.","robots":{"index":"index","follow":"follow","max-snippet":"max-snippet:-1","max-image-preview":"max-image-preview:large","max-video-preview":"max-video-preview:-1"},"canonical":"https:\/\/graziamagazine.com\/mx\/articles\/la-greca-la-nueva-joya-de-versace-para-primavera-verano-2024\/","og_locale":"es_MX","og_type":"article","og_title":"La Greca: La Nueva Joya de Versace para Primavera\/Verano 2024","og_description":"Versace presenta La Greca, un reloj joya de 28mm, elegante y refinado, que redefine el lujo y la feminidad moderna.","og_url":"https:\/\/graziamagazine.com\/mx\/articles\/la-greca-la-nueva-joya-de-versace-para-primavera-verano-2024\/","og_site_name":"Grazia M\u00e9xico y Latinoam\u00e9rica","article_modified_time":"2024-08-01T05:17:19+00:00","og_image":[{"width":1024,"height":709,"url":"https:\/\/graziamagazine.com\/mx\/wp-content\/uploads\/sites\/13\/2024\/07\/Captura-de-Pantalla-2024-07-31-a-las-13.28.44-1024x709.png","type":"image\/png"}],"twitter_card":"summary_large_image","twitter_misc":{"Est. reading time":"2 minutos"},"schema":{"@context":"https:\/\/schema.org","@graph":[{"@type":"WebPage","@id":"https:\/\/graziamagazine.com\/mx\/articles\/la-greca-la-nueva-joya-de-versace-para-primavera-verano-2024\/","url":"https:\/\/graziamagazine.com\/mx\/articles\/la-greca-la-nueva-joya-de-versace-para-primavera-verano-2024\/","name":"La Greca: La Nueva Joya de Versace para Primavera\/Verano 2024","isPartOf":{"@id":"https:\/\/graziamagazine.com\/mx\/#website"},"datePublished":"2024-07-31T19:30:43+00:00","dateModified":"2024-08-01T05:17:19+00:00","description":"Versace presenta La Greca, un reloj joya de 28mm, elegante y refinado, que redefine el lujo y la feminidad moderna.","breadcrumb":{"@id":"https:\/\/graziamagazine.com\/mx\/articles\/la-greca-la-nueva-joya-de-versace-para-primavera-verano-2024\/#breadcrumb"},"inLanguage":"es-MX","potentialAction":[{"@type":"ReadAction","target":["https:\/\/graziamagazine.com\/mx\/articles\/la-greca-la-nueva-joya-de-versace-para-primavera-verano-2024\/"]}]},{"@type":"BreadcrumbList","@id":"https:\/\/graziamagazine.com\/mx\/articles\/la-greca-la-nueva-joya-de-versace-para-primavera-verano-2024\/#breadcrumb","itemListElement":[{"@type":"ListItem","position":1,"name":"Home","item":"https:\/\/graziamagazine.com\/mx\/"},{"@type":"ListItem","position":2,"name":"La Greca: La Nueva Joya de Versace para Primavera\/Verano 2024"}]},{"@type":"WebSite","@id":"https:\/\/graziamagazine.com\/mx\/#website","url":"https:\/\/graziamagazine.com\/mx\/","name":"Grazia M\u00e9xico y Latinoam\u00e9rica","description":"Grazia es moda, belleza y noticias  de actualidad ","potentialAction":[{"@type":"SearchAction","target":{"@type":"EntryPoint","urlTemplate":"https:\/\/graziamagazine.com\/mx\/?s={search_term_string}"},"query-input":"required name=search_term_string"}],"inLanguage":"es-MX"}]}},"jetpack_sharing_enabled":true,"distributor_meta":false,"distributor_terms":false,"distributor_media":false,"distributor_original_site_name":"Grazia M\u00e9xico y Latinoam\u00e9rica","distributor_original_site_url":"https:\/\/graziamagazine.com\/mx","push-errors":false,"_links":{"self":[{"href":"https:\/\/graziamagazine.com\/mx\/wp-json\/wp\/v2\/articles\/139872"}],"collection":[{"href":"https:\/\/graziamagazine.com\/mx\/wp-json\/wp\/v2\/articles"}],"about":[{"href":"https:\/\/graziamagazine.com\/mx\/wp-json\/wp\/v2\/types\/articles"}],"author":[{"embeddable":true,"href":"https:\/\/graziamagazine.com\/mx\/wp-json\/wp\/v2\/users\/28953"}],"wp:featuredmedia":[{"embeddable":true,"href":"https:\/\/graziamagazine.com\/mx\/wp-json\/wp\/v2\/media\/139873"}],"wp:attachment":[{"href":"https:\/\/graziamagazine.com\/mx\/wp-json\/wp\/v2\/media?parent=139872"}],"wp:term":[{"taxonomy":"category","embeddable":true,"href":"https:\/\/graziamagazine.com\/mx\/wp-json\/wp\/v2\/categories?post=139872"}],"curies":[{"name":"wp","href":"https:\/\/api.w.org\/{rel}","templated":true}]}}