{"id":139799,"date":"2024-07-29T15:55:59","date_gmt":"2024-07-29T20:55:59","guid":{"rendered":"https:\/\/graziamagazine.com\/mx\/?post_type=articles&#038;p=139799"},"modified":"2024-07-30T12:15:48","modified_gmt":"2024-07-30T17:15:48","slug":"callando-bocas-desde-1925-karla-souza-en-los-juegos-olimpicos-de-paris-2024","status":"publish","type":"articles","link":"https:\/\/graziamagazine.com\/mx\/articles\/callando-bocas-desde-1925-karla-souza-en-los-juegos-olimpicos-de-paris-2024\/","title":{"rendered":"&#8220;Callando bocas desde 1925&#8221;: Karla Souza en los Juegos Ol\u00edmpicos de Par\u00eds 2024"},"content":{"rendered":"<div class=\"flex-shrink-0 flex flex-col relative items-end\">\n<div>\n<div class=\"pt-0\">\n<div class=\"gizmo-bot-avatar flex h-8 w-8 items-center justify-center overflow-hidden rounded-full\"><\/div>\n<\/div>\n<\/div>\n<\/div>\n<div class=\"group\/conversation-turn relative flex w-full min-w-0 flex-col agent-turn\">\n<div class=\"flex-col gap-1 md:gap-3\">\n<div class=\"flex flex-grow flex-col max-w-full\">\n<div class=\"min-h-[20px] text-message flex w-full flex-col items-end gap-2 whitespace-pre-wrap break-words [.text-message+&amp;]:mt-5 overflow-x-auto\" dir=\"auto\" data-message-author-role=\"assistant\" data-message-id=\"dc290f8e-bf65-452c-9fb2-95bec807702a\">\n<div class=\"flex w-full flex-col gap-1 empty:hidden first:pt-[3px]\">\n<div class=\"markdown prose w-full break-words dark:prose-invert light\">\n<p class=\"p1\">En un emotivo gesto de apoyo a los atletas ol\u00edmpicos mexicanos, la reconocida actriz Karla Souza tuvo una destacada participaci\u00f3n durante la Ceremonia de Inauguraci\u00f3n de los Juegos Ol\u00edmpicos de Par\u00eds 2024.<\/p>\n<p class=\"p1\">En colaboraci\u00f3n con Corona Cero, la cerveza sin alcohol del portafolio de Grupo Modelo, Souza lanz\u00f3 un poderoso manifiesto bajo la campa\u00f1a \u201cCallando bocas desde 1925\u201d, que celebra la determinaci\u00f3n y el esp\u00edritu indomable de los deportistas nacionales.<\/p>\n<blockquote><p>Karla Souza, en su discurso, destac\u00f3: \u201cDile a un mexicano que no puede, dile que no va a destacar; dile que no tiene futuro. Dile a un mexicano que no lo va a lograr y siempre tendr\u00e1s la misma respuesta: \u00a1shhh! Porque M\u00e9xico Manda\u201d. Estas palabras resonaron profundamente, encapsulando el esp\u00edritu de la campa\u00f1a.<img loading=\"lazy\" decoding=\"async\" class=\"alignnone size-large wp-image-139802\" src=\"https:\/\/graziamagazine.com\/mx\/wp-content\/uploads\/sites\/13\/2024\/07\/Karla-Souza-Corona-Cero-717x1024.png\" alt=\"\" width=\"717\" height=\"1024\" srcset=\"https:\/\/graziamagazine.com\/mx\/wp-content\/uploads\/sites\/13\/2024\/07\/Karla-Souza-Corona-Cero-717x1024.png 717w, https:\/\/graziamagazine.com\/mx\/wp-content\/uploads\/sites\/13\/2024\/07\/Karla-Souza-Corona-Cero-315x450.png 315w, https:\/\/graziamagazine.com\/mx\/wp-content\/uploads\/sites\/13\/2024\/07\/Karla-Souza-Corona-Cero-768x1097.png 768w, https:\/\/graziamagazine.com\/mx\/wp-content\/uploads\/sites\/13\/2024\/07\/Karla-Souza-Corona-Cero-400x571.png 400w, https:\/\/graziamagazine.com\/mx\/wp-content\/uploads\/sites\/13\/2024\/07\/Karla-Souza-Corona-Cero-151x215.png 151w, https:\/\/graziamagazine.com\/mx\/wp-content\/uploads\/sites\/13\/2024\/07\/Karla-Souza-Corona-Cero.png 966w\" sizes=\"(max-width: 717px) 100vw, 717px\" \/><\/p><\/blockquote>\n<p>La iniciativa de Corona Cero no solo se limita a palabras inspiradoras. El TVC de la campa\u00f1a cuenta con la participaci\u00f3n de destacados medallistas ol\u00edmpicos que han dejado una huella indeleble en la historia del deporte mexicano.<\/p>\n<p>Entre ellos, Felipe Mu\u00f1oz Kapamas, oro en nataci\u00f3n en M\u00e9xico 1968; Soraya Jim\u00e9nez, quien obtuvo el oro en halterofilia en Sydney 2000; y los taekwondistas Guillermo P\u00e9rez Sandoval y Mar\u00eda Espinoza, quienes lograron el oro en Beijing 2008.<\/p>\n<p>Adem\u00e1s, la Selecci\u00f3n Nacional de F\u00fatbol que trajo el oro a M\u00e9xico en los Juegos de Londres 2012 tambi\u00e9n es parte de este homenaje.<\/p>\n<p>Karla Souza expres\u00f3 su entusiasmo por formar parte de esta campa\u00f1a: \u201cEstoy muy emocionada de poder sumarme a este esfuerzo, ya que es una manera de dar visibilidad y celebrar a todos los atletas nacionales que van a los Juegos Ol\u00edmpicos, el m\u00e1ximo reto para un atleta, donde seguramente seguir\u00e1n callando bocas con su desempe\u00f1o\u201d.<\/p>\n<p>Subray\u00f3 la importancia del apoyo a largo plazo de Corona Cero hacia el deporte y los atletas mexicanos, destacando que estos deportistas son un ejemplo claro de que \u201cM\u00e9xico Manda\u201d.<\/p>\n<p>La actriz viajar\u00e1 a Par\u00eds para apoyar directamente a la delegaci\u00f3n nacional y tendr\u00e1 un rol especial: su voz ser\u00e1 utilizada por el equipo mexicano de Nado Sincronizado, con quienes ha mantenido una relaci\u00f3n de apoyo constante.<\/p>\n<p>Los atletas ol\u00edmpicos mexicanos contin\u00faan inspirando a generaciones con su capacidad para desafiar las expectativas y triunfar en los escenarios m\u00e1s exigentes del mundo. Su legado es un testimonio del orgullo nacional y del esp\u00edritu inquebrantable que caracteriza a M\u00e9xico, record\u00e1ndonos que cuando un mexicano se propone algo, no hay nada que lo detenga.<\/p>\n<p><em><strong>*IMAGEN: Cortes\u00eda<\/strong><\/em><\/p>\n<\/div>\n<\/div>\n<\/div>\n<\/div>\n<\/div>\n<\/div>\n","protected":false},"author":28953,"featured_media":139800,"template":"","format":"standard","categories":[114],"acf":[],"yoast_head":"<!-- This site is optimized with the Yoast SEO Premium plugin v18.5 (Yoast SEO v20.4) - https:\/\/yoast.com\/wordpress\/plugins\/seo\/ -->\n<title>&quot;Callando bocas desde 1925&quot;: Karla Souza en los Juegos Ol\u00edmpicos de Par\u00eds 2024<\/title>\n<meta name=\"description\" content=\"La campa\u00f1a &quot;Callando bocas desde 1925&quot; y la participaci\u00f3n de Karla Souza en los Juegos Ol\u00edmpicos de Par\u00eds 2024 son una poderosa afirmaci\u00f3n de este esp\u00edritu.\" \/>\n<meta name=\"robots\" content=\"index, follow, max-snippet:-1, max-image-preview:large, max-video-preview:-1\" \/>\n<link rel=\"canonical\" href=\"https:\/\/graziamagazine.com\/mx\/articles\/callando-bocas-desde-1925-karla-souza-en-los-juegos-olimpicos-de-paris-2024\/\" \/>\n<meta property=\"og:locale\" content=\"es_MX\" \/>\n<meta property=\"og:type\" content=\"article\" \/>\n<meta property=\"og:title\" content=\"&quot;Callando bocas desde 1925&quot;: Karla Souza en los Juegos Ol\u00edmpicos de Par\u00eds 2024\" \/>\n<meta property=\"og:description\" content=\"La campa\u00f1a &quot;Callando bocas desde 1925&quot; y la participaci\u00f3n de Karla Souza en los Juegos Ol\u00edmpicos de Par\u00eds 2024 son una poderosa afirmaci\u00f3n de este esp\u00edritu.\" \/>\n<meta property=\"og:url\" content=\"https:\/\/graziamagazine.com\/mx\/articles\/callando-bocas-desde-1925-karla-souza-en-los-juegos-olimpicos-de-paris-2024\/\" \/>\n<meta property=\"og:site_name\" content=\"Grazia M\u00e9xico y Latinoam\u00e9rica\" \/>\n<meta property=\"article:modified_time\" content=\"2024-07-30T17:15:48+00:00\" \/>\n<meta property=\"og:image\" content=\"https:\/\/graziamagazine.com\/mx\/wp-content\/uploads\/sites\/13\/2024\/07\/Karla-Souza-Corona-Cero-3.jpg\" \/>\n\t<meta property=\"og:image:width\" content=\"7797\" \/>\n\t<meta property=\"og:image:height\" content=\"5200\" \/>\n\t<meta property=\"og:image:type\" content=\"image\/jpeg\" \/>\n<meta name=\"twitter:card\" content=\"summary_large_image\" \/>\n<meta name=\"twitter:label1\" content=\"Est. reading time\" \/>\n\t<meta name=\"twitter:data1\" content=\"3 minutos\" \/>\n<script type=\"application\/ld+json\" class=\"yoast-schema-graph\">{\"@context\":\"https:\/\/schema.org\",\"@graph\":[{\"@type\":\"WebPage\",\"@id\":\"https:\/\/graziamagazine.com\/mx\/articles\/callando-bocas-desde-1925-karla-souza-en-los-juegos-olimpicos-de-paris-2024\/\",\"url\":\"https:\/\/graziamagazine.com\/mx\/articles\/callando-bocas-desde-1925-karla-souza-en-los-juegos-olimpicos-de-paris-2024\/\",\"name\":\"\\\"Callando bocas desde 1925\\\": Karla Souza en los Juegos Ol\u00edmpicos de Par\u00eds 2024\",\"isPartOf\":{\"@id\":\"https:\/\/graziamagazine.com\/mx\/#website\"},\"datePublished\":\"2024-07-29T20:55:59+00:00\",\"dateModified\":\"2024-07-30T17:15:48+00:00\",\"description\":\"La campa\u00f1a \\\"Callando bocas desde 1925\\\" y la participaci\u00f3n de Karla Souza en los Juegos Ol\u00edmpicos de Par\u00eds 2024 son una poderosa afirmaci\u00f3n de este esp\u00edritu.\",\"breadcrumb\":{\"@id\":\"https:\/\/graziamagazine.com\/mx\/articles\/callando-bocas-desde-1925-karla-souza-en-los-juegos-olimpicos-de-paris-2024\/#breadcrumb\"},\"inLanguage\":\"es-MX\",\"potentialAction\":[{\"@type\":\"ReadAction\",\"target\":[\"https:\/\/graziamagazine.com\/mx\/articles\/callando-bocas-desde-1925-karla-souza-en-los-juegos-olimpicos-de-paris-2024\/\"]}]},{\"@type\":\"BreadcrumbList\",\"@id\":\"https:\/\/graziamagazine.com\/mx\/articles\/callando-bocas-desde-1925-karla-souza-en-los-juegos-olimpicos-de-paris-2024\/#breadcrumb\",\"itemListElement\":[{\"@type\":\"ListItem\",\"position\":1,\"name\":\"Home\",\"item\":\"https:\/\/graziamagazine.com\/mx\/\"},{\"@type\":\"ListItem\",\"position\":2,\"name\":\"&#8220;Callando bocas desde 1925&#8221;: Karla Souza en los Juegos Ol\u00edmpicos de Par\u00eds 2024\"}]},{\"@type\":\"WebSite\",\"@id\":\"https:\/\/graziamagazine.com\/mx\/#website\",\"url\":\"https:\/\/graziamagazine.com\/mx\/\",\"name\":\"Grazia M\u00e9xico y Latinoam\u00e9rica\",\"description\":\"Grazia es moda, belleza y noticias  de actualidad \",\"potentialAction\":[{\"@type\":\"SearchAction\",\"target\":{\"@type\":\"EntryPoint\",\"urlTemplate\":\"https:\/\/graziamagazine.com\/mx\/?s={search_term_string}\"},\"query-input\":\"required name=search_term_string\"}],\"inLanguage\":\"es-MX\"}]}<\/script>\n<!-- \/ Yoast SEO Premium plugin. -->","yoast_head_json":{"title":"\"Callando bocas desde 1925\": Karla Souza en los Juegos Ol\u00edmpicos de Par\u00eds 2024","description":"La campa\u00f1a \"Callando bocas desde 1925\" y la participaci\u00f3n de Karla Souza en los Juegos Ol\u00edmpicos de Par\u00eds 2024 son una poderosa afirmaci\u00f3n de este esp\u00edritu.","robots":{"index":"index","follow":"follow","max-snippet":"max-snippet:-1","max-image-preview":"max-image-preview:large","max-video-preview":"max-video-preview:-1"},"canonical":"https:\/\/graziamagazine.com\/mx\/articles\/callando-bocas-desde-1925-karla-souza-en-los-juegos-olimpicos-de-paris-2024\/","og_locale":"es_MX","og_type":"article","og_title":"\"Callando bocas desde 1925\": Karla Souza en los Juegos Ol\u00edmpicos de Par\u00eds 2024","og_description":"La campa\u00f1a \"Callando bocas desde 1925\" y la participaci\u00f3n de Karla Souza en los Juegos Ol\u00edmpicos de Par\u00eds 2024 son una poderosa afirmaci\u00f3n de este esp\u00edritu.","og_url":"https:\/\/graziamagazine.com\/mx\/articles\/callando-bocas-desde-1925-karla-souza-en-los-juegos-olimpicos-de-paris-2024\/","og_site_name":"Grazia M\u00e9xico y Latinoam\u00e9rica","article_modified_time":"2024-07-30T17:15:48+00:00","og_image":[{"width":7797,"height":5200,"url":"https:\/\/graziamagazine.com\/mx\/wp-content\/uploads\/sites\/13\/2024\/07\/Karla-Souza-Corona-Cero-3.jpg","type":"image\/jpeg"}],"twitter_card":"summary_large_image","twitter_misc":{"Est. reading time":"3 minutos"},"schema":{"@context":"https:\/\/schema.org","@graph":[{"@type":"WebPage","@id":"https:\/\/graziamagazine.com\/mx\/articles\/callando-bocas-desde-1925-karla-souza-en-los-juegos-olimpicos-de-paris-2024\/","url":"https:\/\/graziamagazine.com\/mx\/articles\/callando-bocas-desde-1925-karla-souza-en-los-juegos-olimpicos-de-paris-2024\/","name":"\"Callando bocas desde 1925\": Karla Souza en los Juegos Ol\u00edmpicos de Par\u00eds 2024","isPartOf":{"@id":"https:\/\/graziamagazine.com\/mx\/#website"},"datePublished":"2024-07-29T20:55:59+00:00","dateModified":"2024-07-30T17:15:48+00:00","description":"La campa\u00f1a \"Callando bocas desde 1925\" y la participaci\u00f3n de Karla Souza en los Juegos Ol\u00edmpicos de Par\u00eds 2024 son una poderosa afirmaci\u00f3n de este esp\u00edritu.","breadcrumb":{"@id":"https:\/\/graziamagazine.com\/mx\/articles\/callando-bocas-desde-1925-karla-souza-en-los-juegos-olimpicos-de-paris-2024\/#breadcrumb"},"inLanguage":"es-MX","potentialAction":[{"@type":"ReadAction","target":["https:\/\/graziamagazine.com\/mx\/articles\/callando-bocas-desde-1925-karla-souza-en-los-juegos-olimpicos-de-paris-2024\/"]}]},{"@type":"BreadcrumbList","@id":"https:\/\/graziamagazine.com\/mx\/articles\/callando-bocas-desde-1925-karla-souza-en-los-juegos-olimpicos-de-paris-2024\/#breadcrumb","itemListElement":[{"@type":"ListItem","position":1,"name":"Home","item":"https:\/\/graziamagazine.com\/mx\/"},{"@type":"ListItem","position":2,"name":"&#8220;Callando bocas desde 1925&#8221;: Karla Souza en los Juegos Ol\u00edmpicos de Par\u00eds 2024"}]},{"@type":"WebSite","@id":"https:\/\/graziamagazine.com\/mx\/#website","url":"https:\/\/graziamagazine.com\/mx\/","name":"Grazia M\u00e9xico y Latinoam\u00e9rica","description":"Grazia es moda, belleza y noticias  de actualidad ","potentialAction":[{"@type":"SearchAction","target":{"@type":"EntryPoint","urlTemplate":"https:\/\/graziamagazine.com\/mx\/?s={search_term_string}"},"query-input":"required name=search_term_string"}],"inLanguage":"es-MX"}]}},"jetpack_sharing_enabled":true,"distributor_meta":false,"distributor_terms":false,"distributor_media":false,"distributor_original_site_name":"Grazia M\u00e9xico y Latinoam\u00e9rica","distributor_original_site_url":"https:\/\/graziamagazine.com\/mx","push-errors":false,"_links":{"self":[{"href":"https:\/\/graziamagazine.com\/mx\/wp-json\/wp\/v2\/articles\/139799"}],"collection":[{"href":"https:\/\/graziamagazine.com\/mx\/wp-json\/wp\/v2\/articles"}],"about":[{"href":"https:\/\/graziamagazine.com\/mx\/wp-json\/wp\/v2\/types\/articles"}],"author":[{"embeddable":true,"href":"https:\/\/graziamagazine.com\/mx\/wp-json\/wp\/v2\/users\/28953"}],"wp:featuredmedia":[{"embeddable":true,"href":"https:\/\/graziamagazine.com\/mx\/wp-json\/wp\/v2\/media\/139800"}],"wp:attachment":[{"href":"https:\/\/graziamagazine.com\/mx\/wp-json\/wp\/v2\/media?parent=139799"}],"wp:term":[{"taxonomy":"category","embeddable":true,"href":"https:\/\/graziamagazine.com\/mx\/wp-json\/wp\/v2\/categories?post=139799"}],"curies":[{"name":"wp","href":"https:\/\/api.w.org\/{rel}","templated":true}]}}