{"id":139739,"date":"2024-07-26T12:48:18","date_gmt":"2024-07-26T17:48:18","guid":{"rendered":"https:\/\/graziamagazine.com\/mx\/?post_type=articles&#038;p=139739"},"modified":"2024-07-27T10:23:39","modified_gmt":"2024-07-27T15:23:39","slug":"el-refugio-de-luis-miguel-y-paloma-cuevas-en-marbella","status":"publish","type":"articles","link":"https:\/\/graziamagazine.com\/mx\/articles\/el-refugio-de-luis-miguel-y-paloma-cuevas-en-marbella\/","title":{"rendered":"El refugio de Luis Miguel y Paloma Cuevas en Marbella"},"content":{"rendered":"<p><span style=\"font-weight: 400\"><strong>Luis Miguel y Paloma Cuevas<\/strong> han vuelto a elegir la exclusiva urbanizaci\u00f3n de <strong>La Zagalet<\/strong>a, en Benahav\u00eds, Espa\u00f1a, como su base de operaciones para este verano. Mientras el \u2018<strong>sol de M\u00e9xi<\/strong>co\u2019 sigue deslumbrando a sus fans con su <strong>Tour 2024<\/strong>, que inici\u00f3 en Buenos Aires el 3 de agosto del a\u00f1o pasado y<strong> finalizar\u00e1 el 18 de diciembre en Guadalajara, M\u00e9xico<\/strong>, la pareja se refugia en este lujoso espacio andaluz.<\/span><\/p>\n<p><span style=\"font-weight: 400\">El actual tour de Luis Miguel ha sido notable no solo por su m\u00fasica, sino tambi\u00e9n por las decisiones inesperadas en su itinerario. Cambiar su concierto inaugural del estadio Santiago Bernab\u00e9u a la plaza de toros de Los Califas, en C\u00f3rdoba, fue una de ellas.<\/span><\/p>\n<p><span style=\"font-weight: 400\">Este cambio, que tom\u00f3 por sorpresa a promotores y a parte de su equipo, tuvo un motivo muy especial:<strong> C\u00f3rdoba es la ciudad natal de Paloma Cuevas.<\/strong> Fue ella quien gestion\u00f3 esta posibilidad, como confirm\u00f3 Isabel Albas Vives, teniente alcalde de Cultura y Patrimonio de C\u00f3rdoba: \u201cEs un impacto impresionante. No podemos estar m\u00e1s agradecidos con Luis Miguel y sobre todo con Paloma Cuevas, que siempre ha estado muy implicada con esta ciudad y ahora lo ha demostrado\u201d.<\/span><\/p>\n<p><span style=\"font-weight: 400\">La elecci\u00f3n de La Zagaleta no es casualidad. Este lugar, conocido por su privacidad y exclusividad, es ideal para que Luis Miguel y Paloma Cuevas disfruten de un verano tranquilo, lejos de las miradas indiscretas. El lugar, solo accesible para bolsillos adinerados, ofrece todas las comodidades necesarias para que la pareja y sus seres queridos pasen unas vacaciones inolvidables.<\/span><\/p>\n<p><span style=\"font-weight: 400\">Hace siete a\u00f1os, durante otra gira, Luis Miguel sol\u00eda descansar en La Cetrina, en Ja\u00e9n, cuando Paloma Cuevas a\u00fan estaba casada con Enrique Ponce. Ahora, la historia ha cambiado y La Zagaleta se ha convertido en su nuevo refugio.\u00a0<\/span><\/p>\n<p><span style=\"font-weight: 400\">La llegada de Luis Miguel, Paloma y el resto de su grupo se espera para este fin de semana, de acuerdo con informaci\u00f3n publicada por medios espa\u00f1oles. L<strong>uis Miguel se presentar\u00e1 en Valencia el 27 de julio<\/strong> y en el recinto de Starlite en <strong>Marbella el 27, 31 de julio y el 2 y 3 de agosto<\/strong>. La proximidad de La Zagaleta con estos lugares la convierte en el sitio perfecto para que el artista descanse entre sus compromisos profesionales.<\/span><\/p>\n","protected":false},"author":11628,"featured_media":139740,"template":"","format":"standard","categories":[2],"acf":[],"yoast_head":"<!-- This site is optimized with the Yoast SEO Premium plugin v18.5 (Yoast SEO v20.4) - https:\/\/yoast.com\/wordpress\/plugins\/seo\/ -->\n<title>El refugio de Luis Miguel y Paloma Cuevas en Marbella | Grazia M\u00e9xico y Latinoam\u00e9rica<\/title>\n<meta name=\"description\" content=\"Luis Miguel y Paloma Cuevas han vuelto a elegir la exclusiva urbanizaci\u00f3n de La Zagaleta, en Benahav\u00eds, Espa\u00f1a, como su base de operaciones para este\" \/>\n<meta name=\"robots\" content=\"index, follow, max-snippet:-1, max-image-preview:large, max-video-preview:-1\" \/>\n<link rel=\"canonical\" href=\"https:\/\/graziamagazine.com\/mx\/articles\/el-refugio-de-luis-miguel-y-paloma-cuevas-en-marbella\/\" \/>\n<meta property=\"og:locale\" content=\"es_MX\" \/>\n<meta property=\"og:type\" content=\"article\" \/>\n<meta property=\"og:title\" content=\"El refugio de Luis Miguel y Paloma Cuevas en Marbella\" \/>\n<meta property=\"og:description\" content=\"Luis Miguel y Paloma Cuevas han vuelto a elegir la exclusiva urbanizaci\u00f3n de La Zagaleta, en Benahav\u00eds, Espa\u00f1a, como su base de operaciones para este\" \/>\n<meta property=\"og:url\" content=\"https:\/\/graziamagazine.com\/mx\/articles\/el-refugio-de-luis-miguel-y-paloma-cuevas-en-marbella\/\" \/>\n<meta property=\"og:site_name\" content=\"Grazia M\u00e9xico y Latinoam\u00e9rica\" \/>\n<meta property=\"article:modified_time\" content=\"2024-07-27T15:23:39+00:00\" \/>\n<meta property=\"og:image\" content=\"https:\/\/graziamagazine.com\/mx\/wp-content\/uploads\/sites\/13\/2024\/07\/lm.jpg\" \/>\n\t<meta property=\"og:image:width\" content=\"603\" \/>\n\t<meta property=\"og:image:height\" content=\"432\" \/>\n\t<meta property=\"og:image:type\" content=\"image\/jpeg\" \/>\n<meta name=\"twitter:card\" content=\"summary_large_image\" \/>\n<meta name=\"twitter:label1\" content=\"Est. reading time\" \/>\n\t<meta name=\"twitter:data1\" content=\"2 minutos\" \/>\n<script type=\"application\/ld+json\" class=\"yoast-schema-graph\">{\"@context\":\"https:\/\/schema.org\",\"@graph\":[{\"@type\":\"WebPage\",\"@id\":\"https:\/\/graziamagazine.com\/mx\/articles\/el-refugio-de-luis-miguel-y-paloma-cuevas-en-marbella\/\",\"url\":\"https:\/\/graziamagazine.com\/mx\/articles\/el-refugio-de-luis-miguel-y-paloma-cuevas-en-marbella\/\",\"name\":\"El refugio de Luis Miguel y Paloma Cuevas en Marbella | Grazia M\u00e9xico y Latinoam\u00e9rica\",\"isPartOf\":{\"@id\":\"https:\/\/graziamagazine.com\/mx\/#website\"},\"datePublished\":\"2024-07-26T17:48:18+00:00\",\"dateModified\":\"2024-07-27T15:23:39+00:00\",\"description\":\"Luis Miguel y Paloma Cuevas han vuelto a elegir la exclusiva urbanizaci\u00f3n de La Zagaleta, en Benahav\u00eds, Espa\u00f1a, como su base de operaciones para este\",\"breadcrumb\":{\"@id\":\"https:\/\/graziamagazine.com\/mx\/articles\/el-refugio-de-luis-miguel-y-paloma-cuevas-en-marbella\/#breadcrumb\"},\"inLanguage\":\"es-MX\",\"potentialAction\":[{\"@type\":\"ReadAction\",\"target\":[\"https:\/\/graziamagazine.com\/mx\/articles\/el-refugio-de-luis-miguel-y-paloma-cuevas-en-marbella\/\"]}]},{\"@type\":\"BreadcrumbList\",\"@id\":\"https:\/\/graziamagazine.com\/mx\/articles\/el-refugio-de-luis-miguel-y-paloma-cuevas-en-marbella\/#breadcrumb\",\"itemListElement\":[{\"@type\":\"ListItem\",\"position\":1,\"name\":\"Home\",\"item\":\"https:\/\/graziamagazine.com\/mx\/\"},{\"@type\":\"ListItem\",\"position\":2,\"name\":\"El refugio de Luis Miguel y Paloma Cuevas en Marbella\"}]},{\"@type\":\"WebSite\",\"@id\":\"https:\/\/graziamagazine.com\/mx\/#website\",\"url\":\"https:\/\/graziamagazine.com\/mx\/\",\"name\":\"Grazia M\u00e9xico y Latinoam\u00e9rica\",\"description\":\"Grazia es moda, belleza y noticias  de actualidad \",\"potentialAction\":[{\"@type\":\"SearchAction\",\"target\":{\"@type\":\"EntryPoint\",\"urlTemplate\":\"https:\/\/graziamagazine.com\/mx\/?s={search_term_string}\"},\"query-input\":\"required name=search_term_string\"}],\"inLanguage\":\"es-MX\"}]}<\/script>\n<!-- \/ Yoast SEO Premium plugin. -->","yoast_head_json":{"title":"El refugio de Luis Miguel y Paloma Cuevas en Marbella | Grazia M\u00e9xico y Latinoam\u00e9rica","description":"Luis Miguel y Paloma Cuevas han vuelto a elegir la exclusiva urbanizaci\u00f3n de La Zagaleta, en Benahav\u00eds, Espa\u00f1a, como su base de operaciones para este","robots":{"index":"index","follow":"follow","max-snippet":"max-snippet:-1","max-image-preview":"max-image-preview:large","max-video-preview":"max-video-preview:-1"},"canonical":"https:\/\/graziamagazine.com\/mx\/articles\/el-refugio-de-luis-miguel-y-paloma-cuevas-en-marbella\/","og_locale":"es_MX","og_type":"article","og_title":"El refugio de Luis Miguel y Paloma Cuevas en Marbella","og_description":"Luis Miguel y Paloma Cuevas han vuelto a elegir la exclusiva urbanizaci\u00f3n de La Zagaleta, en Benahav\u00eds, Espa\u00f1a, como su base de operaciones para este","og_url":"https:\/\/graziamagazine.com\/mx\/articles\/el-refugio-de-luis-miguel-y-paloma-cuevas-en-marbella\/","og_site_name":"Grazia M\u00e9xico y Latinoam\u00e9rica","article_modified_time":"2024-07-27T15:23:39+00:00","og_image":[{"width":603,"height":432,"url":"https:\/\/graziamagazine.com\/mx\/wp-content\/uploads\/sites\/13\/2024\/07\/lm.jpg","type":"image\/jpeg"}],"twitter_card":"summary_large_image","twitter_misc":{"Est. reading time":"2 minutos"},"schema":{"@context":"https:\/\/schema.org","@graph":[{"@type":"WebPage","@id":"https:\/\/graziamagazine.com\/mx\/articles\/el-refugio-de-luis-miguel-y-paloma-cuevas-en-marbella\/","url":"https:\/\/graziamagazine.com\/mx\/articles\/el-refugio-de-luis-miguel-y-paloma-cuevas-en-marbella\/","name":"El refugio de Luis Miguel y Paloma Cuevas en Marbella | Grazia M\u00e9xico y Latinoam\u00e9rica","isPartOf":{"@id":"https:\/\/graziamagazine.com\/mx\/#website"},"datePublished":"2024-07-26T17:48:18+00:00","dateModified":"2024-07-27T15:23:39+00:00","description":"Luis Miguel y Paloma Cuevas han vuelto a elegir la exclusiva urbanizaci\u00f3n de La Zagaleta, en Benahav\u00eds, Espa\u00f1a, como su base de operaciones para este","breadcrumb":{"@id":"https:\/\/graziamagazine.com\/mx\/articles\/el-refugio-de-luis-miguel-y-paloma-cuevas-en-marbella\/#breadcrumb"},"inLanguage":"es-MX","potentialAction":[{"@type":"ReadAction","target":["https:\/\/graziamagazine.com\/mx\/articles\/el-refugio-de-luis-miguel-y-paloma-cuevas-en-marbella\/"]}]},{"@type":"BreadcrumbList","@id":"https:\/\/graziamagazine.com\/mx\/articles\/el-refugio-de-luis-miguel-y-paloma-cuevas-en-marbella\/#breadcrumb","itemListElement":[{"@type":"ListItem","position":1,"name":"Home","item":"https:\/\/graziamagazine.com\/mx\/"},{"@type":"ListItem","position":2,"name":"El refugio de Luis Miguel y Paloma Cuevas en Marbella"}]},{"@type":"WebSite","@id":"https:\/\/graziamagazine.com\/mx\/#website","url":"https:\/\/graziamagazine.com\/mx\/","name":"Grazia M\u00e9xico y Latinoam\u00e9rica","description":"Grazia es moda, belleza y noticias  de actualidad ","potentialAction":[{"@type":"SearchAction","target":{"@type":"EntryPoint","urlTemplate":"https:\/\/graziamagazine.com\/mx\/?s={search_term_string}"},"query-input":"required name=search_term_string"}],"inLanguage":"es-MX"}]}},"jetpack_sharing_enabled":true,"distributor_meta":false,"distributor_terms":false,"distributor_media":false,"distributor_original_site_name":"Grazia M\u00e9xico y Latinoam\u00e9rica","distributor_original_site_url":"https:\/\/graziamagazine.com\/mx","push-errors":false,"_links":{"self":[{"href":"https:\/\/graziamagazine.com\/mx\/wp-json\/wp\/v2\/articles\/139739"}],"collection":[{"href":"https:\/\/graziamagazine.com\/mx\/wp-json\/wp\/v2\/articles"}],"about":[{"href":"https:\/\/graziamagazine.com\/mx\/wp-json\/wp\/v2\/types\/articles"}],"author":[{"embeddable":true,"href":"https:\/\/graziamagazine.com\/mx\/wp-json\/wp\/v2\/users\/11628"}],"wp:featuredmedia":[{"embeddable":true,"href":"https:\/\/graziamagazine.com\/mx\/wp-json\/wp\/v2\/media\/139740"}],"wp:attachment":[{"href":"https:\/\/graziamagazine.com\/mx\/wp-json\/wp\/v2\/media?parent=139739"}],"wp:term":[{"taxonomy":"category","embeddable":true,"href":"https:\/\/graziamagazine.com\/mx\/wp-json\/wp\/v2\/categories?post=139739"}],"curies":[{"name":"wp","href":"https:\/\/api.w.org\/{rel}","templated":true}]}}