{"id":139541,"date":"2024-07-23T16:00:37","date_gmt":"2024-07-23T21:00:37","guid":{"rendered":"https:\/\/graziamagazine.com\/mx\/?post_type=articles&#038;p=139541"},"modified":"2024-07-23T18:50:01","modified_gmt":"2024-07-23T23:50:01","slug":"guia-para-elegir-las-gafas-de-sol-perfectas","status":"publish","type":"articles","link":"https:\/\/graziamagazine.com\/mx\/articles\/guia-para-elegir-las-gafas-de-sol-perfectas\/","title":{"rendered":"Gu\u00eda para elegir las gafas de sol perfectas"},"content":{"rendered":"<p>Pocos accesorios son tan eficaces para conseguir un efecto de buena cara inmediato o elevar un outfit anodino como unas buenas gafas de sol en tendencia.<\/p>\n<p>No solo protegen del sol y nos evitan hacer muecas, sino que tambi\u00e9n ocultan ojeras y bolsas bajo los ojos. Adem\u00e1s, hay modelos tan elegantes y bonitos que nos hacen parecer tan sofisticadas como una estrella de Hollywood.<\/p>\n<p>Te compartimos algunos consejos para que elijas las gafas de sol seg\u00fan la forma de tu cara<\/p>\n<h3>Caras Ovaladas<\/h3>\n<figure id=\"attachment_139575\" aria-describedby=\"caption-attachment-139575\" style=\"width: 607px\" class=\"wp-caption alignnone\"><img loading=\"lazy\" decoding=\"async\" class=\"size-large wp-image-139575\" src=\"https:\/\/graziamagazine.com\/mx\/wp-content\/uploads\/sites\/13\/2024\/07\/Captura-de-Pantalla-2024-07-23-a-las-15.21.32-607x1024.png\" alt=\"Gu\u00eda para elegir la gafa de sol perfecta\" width=\"607\" height=\"1024\" srcset=\"https:\/\/graziamagazine.com\/mx\/wp-content\/uploads\/sites\/13\/2024\/07\/Captura-de-Pantalla-2024-07-23-a-las-15.21.32-607x1024.png 607w, https:\/\/graziamagazine.com\/mx\/wp-content\/uploads\/sites\/13\/2024\/07\/Captura-de-Pantalla-2024-07-23-a-las-15.21.32-267x450.png 267w, https:\/\/graziamagazine.com\/mx\/wp-content\/uploads\/sites\/13\/2024\/07\/Captura-de-Pantalla-2024-07-23-a-las-15.21.32-768x1296.png 768w, https:\/\/graziamagazine.com\/mx\/wp-content\/uploads\/sites\/13\/2024\/07\/Captura-de-Pantalla-2024-07-23-a-las-15.21.32-910x1536.png 910w, https:\/\/graziamagazine.com\/mx\/wp-content\/uploads\/sites\/13\/2024\/07\/Captura-de-Pantalla-2024-07-23-a-las-15.21.32-400x675.png 400w, https:\/\/graziamagazine.com\/mx\/wp-content\/uploads\/sites\/13\/2024\/07\/Captura-de-Pantalla-2024-07-23-a-las-15.21.32-127x215.png 127w, https:\/\/graziamagazine.com\/mx\/wp-content\/uploads\/sites\/13\/2024\/07\/Captura-de-Pantalla-2024-07-23-a-las-15.21.32.png 1000w\" sizes=\"(max-width: 607px) 100vw, 607px\" \/><figcaption id=\"caption-attachment-139575\" class=\"wp-caption-text\">Gu\u00eda para elegir la gafa de sol perfecta<\/figcaption><\/figure>\n<p>Si tienes un rostro ovalado, est\u00e1s de suerte, porque la mayor\u00eda de las gafas de sol te quedar\u00e1n bien gracias al equilibrio de las proporciones de estos rostros. Para realzar tus rasgos, busca monturas que sean tan anchas como la parte m\u00e1s ancha de tu cara.<\/p>\n<h3>Caras Cuadradas<\/h3>\n<figure id=\"attachment_139573\" aria-describedby=\"caption-attachment-139573\" style=\"width: 754px\" class=\"wp-caption alignnone\"><img loading=\"lazy\" decoding=\"async\" class=\"size-large wp-image-139573\" src=\"https:\/\/graziamagazine.com\/mx\/wp-content\/uploads\/sites\/13\/2024\/07\/Captura-de-Pantalla-2024-07-23-a-las-15.21.22-754x1024.png\" alt=\"Gu\u00eda para elegir la gafa de sol perfecta\" width=\"754\" height=\"1024\" srcset=\"https:\/\/graziamagazine.com\/mx\/wp-content\/uploads\/sites\/13\/2024\/07\/Captura-de-Pantalla-2024-07-23-a-las-15.21.22-754x1024.png 754w, https:\/\/graziamagazine.com\/mx\/wp-content\/uploads\/sites\/13\/2024\/07\/Captura-de-Pantalla-2024-07-23-a-las-15.21.22-331x450.png 331w, https:\/\/graziamagazine.com\/mx\/wp-content\/uploads\/sites\/13\/2024\/07\/Captura-de-Pantalla-2024-07-23-a-las-15.21.22-768x1043.png 768w, https:\/\/graziamagazine.com\/mx\/wp-content\/uploads\/sites\/13\/2024\/07\/Captura-de-Pantalla-2024-07-23-a-las-15.21.22-1131x1536.png 1131w, https:\/\/graziamagazine.com\/mx\/wp-content\/uploads\/sites\/13\/2024\/07\/Captura-de-Pantalla-2024-07-23-a-las-15.21.22-400x543.png 400w, https:\/\/graziamagazine.com\/mx\/wp-content\/uploads\/sites\/13\/2024\/07\/Captura-de-Pantalla-2024-07-23-a-las-15.21.22-155x211.png 155w, https:\/\/graziamagazine.com\/mx\/wp-content\/uploads\/sites\/13\/2024\/07\/Captura-de-Pantalla-2024-07-23-a-las-15.21.22.png 1290w\" sizes=\"(max-width: 754px) 100vw, 754px\" \/><figcaption id=\"caption-attachment-139573\" class=\"wp-caption-text\">Gu\u00eda para elegir la gafa de sol perfecta<\/figcaption><\/figure>\n<p>Para quienes tienen una mand\u00edbula pronunciada y una frente amplia, lo ideal son las gafas de sol redondas u ovaladas, ya que ayudan a suavizar estos rasgos. Evita las monturas demasiado angulares y opta por dise\u00f1os que a\u00f1adan un poco de curva a tu rostro.<\/p>\n<h3>Caras Redondas<\/h3>\n<figure id=\"attachment_139576\" aria-describedby=\"caption-attachment-139576\" style=\"width: 690px\" class=\"wp-caption alignnone\"><img loading=\"lazy\" decoding=\"async\" class=\"size-large wp-image-139576\" src=\"https:\/\/graziamagazine.com\/mx\/wp-content\/uploads\/sites\/13\/2024\/07\/Captura-de-Pantalla-2024-07-23-a-las-15.21.37-690x1024.png\" alt=\"Gu\u00eda para elegir la gafa de sol perfecta\" width=\"690\" height=\"1024\" srcset=\"https:\/\/graziamagazine.com\/mx\/wp-content\/uploads\/sites\/13\/2024\/07\/Captura-de-Pantalla-2024-07-23-a-las-15.21.37-690x1024.png 690w, https:\/\/graziamagazine.com\/mx\/wp-content\/uploads\/sites\/13\/2024\/07\/Captura-de-Pantalla-2024-07-23-a-las-15.21.37-303x450.png 303w, https:\/\/graziamagazine.com\/mx\/wp-content\/uploads\/sites\/13\/2024\/07\/Captura-de-Pantalla-2024-07-23-a-las-15.21.37-768x1140.png 768w, https:\/\/graziamagazine.com\/mx\/wp-content\/uploads\/sites\/13\/2024\/07\/Captura-de-Pantalla-2024-07-23-a-las-15.21.37-1035x1536.png 1035w, https:\/\/graziamagazine.com\/mx\/wp-content\/uploads\/sites\/13\/2024\/07\/Captura-de-Pantalla-2024-07-23-a-las-15.21.37-400x594.png 400w, https:\/\/graziamagazine.com\/mx\/wp-content\/uploads\/sites\/13\/2024\/07\/Captura-de-Pantalla-2024-07-23-a-las-15.21.37-145x215.png 145w, https:\/\/graziamagazine.com\/mx\/wp-content\/uploads\/sites\/13\/2024\/07\/Captura-de-Pantalla-2024-07-23-a-las-15.21.37.png 1120w\" sizes=\"(max-width: 690px) 100vw, 690px\" \/><figcaption id=\"caption-attachment-139576\" class=\"wp-caption-text\">Gu\u00eda para elegir la gafa de sol perfecta<\/figcaption><\/figure>\n<p>Aqu\u00ed se busca crear contraste con las curvas naturales, consiguiendo que la cara parezca m\u00e1s larga y delgada. Las gafas de sol con monturas angulares o rectangulares son la mejor opci\u00f3n.<\/p>\n<h3>Caras en Forma de Coraz\u00f3n<\/h3>\n<figure id=\"attachment_139574\" aria-describedby=\"caption-attachment-139574\" style=\"width: 668px\" class=\"wp-caption alignnone\"><img loading=\"lazy\" decoding=\"async\" class=\"size-large wp-image-139574\" src=\"https:\/\/graziamagazine.com\/mx\/wp-content\/uploads\/sites\/13\/2024\/07\/Captura-de-Pantalla-2024-07-23-a-las-15.21.26-668x1024.png\" alt=\"Gu\u00eda para elegir la gafa de sol perfecta\" width=\"668\" height=\"1024\" srcset=\"https:\/\/graziamagazine.com\/mx\/wp-content\/uploads\/sites\/13\/2024\/07\/Captura-de-Pantalla-2024-07-23-a-las-15.21.26-668x1024.png 668w, https:\/\/graziamagazine.com\/mx\/wp-content\/uploads\/sites\/13\/2024\/07\/Captura-de-Pantalla-2024-07-23-a-las-15.21.26-294x450.png 294w, https:\/\/graziamagazine.com\/mx\/wp-content\/uploads\/sites\/13\/2024\/07\/Captura-de-Pantalla-2024-07-23-a-las-15.21.26-768x1177.png 768w, https:\/\/graziamagazine.com\/mx\/wp-content\/uploads\/sites\/13\/2024\/07\/Captura-de-Pantalla-2024-07-23-a-las-15.21.26-1002x1536.png 1002w, https:\/\/graziamagazine.com\/mx\/wp-content\/uploads\/sites\/13\/2024\/07\/Captura-de-Pantalla-2024-07-23-a-las-15.21.26-400x613.png 400w, https:\/\/graziamagazine.com\/mx\/wp-content\/uploads\/sites\/13\/2024\/07\/Captura-de-Pantalla-2024-07-23-a-las-15.21.26-140x215.png 140w, https:\/\/graziamagazine.com\/mx\/wp-content\/uploads\/sites\/13\/2024\/07\/Captura-de-Pantalla-2024-07-23-a-las-15.21.26.png 1146w\" sizes=\"(max-width: 668px) 100vw, 668px\" \/><figcaption id=\"caption-attachment-139574\" class=\"wp-caption-text\">Gu\u00eda para elegir la gafa de sol perfecta<\/figcaption><\/figure>\n<p>Con una frente amplia y una barbilla estrecha, es fundamental equilibrar la parte superior del rostro. Las gafas de sol con monturas inferiores anchas o con detalles en la parte inferior son ideales. Las monturas estilo aviador tambi\u00e9n funcionan muy bien.<\/p>\n<h3>Caras Largas<\/h3>\n<figure id=\"attachment_139578\" aria-describedby=\"caption-attachment-139578\" style=\"width: 640px\" class=\"wp-caption alignnone\"><img loading=\"lazy\" decoding=\"async\" class=\"size-large wp-image-139578\" src=\"https:\/\/graziamagazine.com\/mx\/wp-content\/uploads\/sites\/13\/2024\/07\/Captura-de-Pantalla-2024-07-23-a-las-15.26.03-640x1024.png\" alt=\"Gu\u00eda para elegir la gafa de sol perfecta\" width=\"640\" height=\"1024\" srcset=\"https:\/\/graziamagazine.com\/mx\/wp-content\/uploads\/sites\/13\/2024\/07\/Captura-de-Pantalla-2024-07-23-a-las-15.26.03-640x1024.png 640w, https:\/\/graziamagazine.com\/mx\/wp-content\/uploads\/sites\/13\/2024\/07\/Captura-de-Pantalla-2024-07-23-a-las-15.26.03-281x450.png 281w, https:\/\/graziamagazine.com\/mx\/wp-content\/uploads\/sites\/13\/2024\/07\/Captura-de-Pantalla-2024-07-23-a-las-15.26.03-768x1229.png 768w, https:\/\/graziamagazine.com\/mx\/wp-content\/uploads\/sites\/13\/2024\/07\/Captura-de-Pantalla-2024-07-23-a-las-15.26.03-400x640.png 400w, https:\/\/graziamagazine.com\/mx\/wp-content\/uploads\/sites\/13\/2024\/07\/Captura-de-Pantalla-2024-07-23-a-las-15.26.03-134x215.png 134w, https:\/\/graziamagazine.com\/mx\/wp-content\/uploads\/sites\/13\/2024\/07\/Captura-de-Pantalla-2024-07-23-a-las-15.26.03.png 910w\" sizes=\"(max-width: 640px) 100vw, 640px\" \/><figcaption id=\"caption-attachment-139578\" class=\"wp-caption-text\">Gu\u00eda para elegir la gafa de sol perfecta<\/figcaption><\/figure>\n<p>Para ensanchar el rostro, elige gafas de sol con monturas grandes y exageradas. Las monturas decorativas o distintivas pueden agregar un punto focal horizontal, haciendo que el rostro parezca m\u00e1s equilibrado.<\/p>\n<h2>Recomendaciones de Estilo<\/h2>\n<h3>Gafas de Sol Estilo Aviador<\/h3>\n<div class=\"content-gallery\"><div class=\"gallery-placeholder\"><div class=\"spinner\"><\/div><\/div><span class=\"gallery-pagination\"><\/span><div id=\"gallery-1\" class=\"gallery galleryid-139541 gallery-columns- gallery-size-\"><figure class=\"gallery-item\"><div class=\"gallery-icon landscape\"><img loading=\"lazy\" decoding=\"async\" width=\"1758\" height=\"1748\" src=\"https:\/\/graziamagazine.com\/mx\/wp-content\/uploads\/sites\/13\/2024\/07\/Captura-de-Pantalla-2024-07-23-a-las-15.19.18.png\" class=\"lazy\" alt=\"\" srcset=\"https:\/\/graziamagazine.com\/mx\/wp-content\/uploads\/sites\/13\/2024\/07\/Captura-de-Pantalla-2024-07-23-a-las-15.19.18.png 1758w, https:\/\/graziamagazine.com\/mx\/wp-content\/uploads\/sites\/13\/2024\/07\/Captura-de-Pantalla-2024-07-23-a-las-15.19.18-450x447.png 450w, https:\/\/graziamagazine.com\/mx\/wp-content\/uploads\/sites\/13\/2024\/07\/Captura-de-Pantalla-2024-07-23-a-las-15.19.18-1024x1018.png 1024w, https:\/\/graziamagazine.com\/mx\/wp-content\/uploads\/sites\/13\/2024\/07\/Captura-de-Pantalla-2024-07-23-a-las-15.19.18-150x150.png 150w, https:\/\/graziamagazine.com\/mx\/wp-content\/uploads\/sites\/13\/2024\/07\/Captura-de-Pantalla-2024-07-23-a-las-15.19.18-768x764.png 768w, https:\/\/graziamagazine.com\/mx\/wp-content\/uploads\/sites\/13\/2024\/07\/Captura-de-Pantalla-2024-07-23-a-las-15.19.18-1536x1527.png 1536w, https:\/\/graziamagazine.com\/mx\/wp-content\/uploads\/sites\/13\/2024\/07\/Captura-de-Pantalla-2024-07-23-a-las-15.19.18-400x398.png 400w, https:\/\/graziamagazine.com\/mx\/wp-content\/uploads\/sites\/13\/2024\/07\/Captura-de-Pantalla-2024-07-23-a-las-15.19.18-155x154.png 155w\" sizes=\"(max-width: 1758px) 100vw, 1758px\" \/><\/div><\/figure><figure class=\"gallery-item\"><div class=\"gallery-icon landscape\"><img loading=\"lazy\" decoding=\"async\" width=\"1758\" height=\"1748\" src=\"https:\/\/graziamagazine.com\/mx\/wp-content\/uploads\/sites\/13\/2024\/07\/Captura-de-Pantalla-2024-07-23-a-las-15.19.17.png\" class=\"lazy\" alt=\"\" srcset=\"https:\/\/graziamagazine.com\/mx\/wp-content\/uploads\/sites\/13\/2024\/07\/Captura-de-Pantalla-2024-07-23-a-las-15.19.17.png 1758w, https:\/\/graziamagazine.com\/mx\/wp-content\/uploads\/sites\/13\/2024\/07\/Captura-de-Pantalla-2024-07-23-a-las-15.19.17-450x447.png 450w, https:\/\/graziamagazine.com\/mx\/wp-content\/uploads\/sites\/13\/2024\/07\/Captura-de-Pantalla-2024-07-23-a-las-15.19.17-1024x1018.png 1024w, https:\/\/graziamagazine.com\/mx\/wp-content\/uploads\/sites\/13\/2024\/07\/Captura-de-Pantalla-2024-07-23-a-las-15.19.17-150x150.png 150w, https:\/\/graziamagazine.com\/mx\/wp-content\/uploads\/sites\/13\/2024\/07\/Captura-de-Pantalla-2024-07-23-a-las-15.19.17-768x764.png 768w, https:\/\/graziamagazine.com\/mx\/wp-content\/uploads\/sites\/13\/2024\/07\/Captura-de-Pantalla-2024-07-23-a-las-15.19.17-1536x1527.png 1536w, https:\/\/graziamagazine.com\/mx\/wp-content\/uploads\/sites\/13\/2024\/07\/Captura-de-Pantalla-2024-07-23-a-las-15.19.17-400x398.png 400w, https:\/\/graziamagazine.com\/mx\/wp-content\/uploads\/sites\/13\/2024\/07\/Captura-de-Pantalla-2024-07-23-a-las-15.19.17-155x154.png 155w\" sizes=\"(max-width: 1758px) 100vw, 1758px\" \/><\/div><\/figure><figure class=\"gallery-item\"><div class=\"gallery-icon landscape\"><img loading=\"lazy\" decoding=\"async\" width=\"1758\" height=\"1748\" src=\"https:\/\/graziamagazine.com\/mx\/wp-content\/uploads\/sites\/13\/2024\/07\/Captura-de-Pantalla-2024-07-23-a-las-15.19.19.png\" class=\"lazy\" alt=\"\" srcset=\"https:\/\/graziamagazine.com\/mx\/wp-content\/uploads\/sites\/13\/2024\/07\/Captura-de-Pantalla-2024-07-23-a-las-15.19.19.png 1758w, https:\/\/graziamagazine.com\/mx\/wp-content\/uploads\/sites\/13\/2024\/07\/Captura-de-Pantalla-2024-07-23-a-las-15.19.19-450x447.png 450w, https:\/\/graziamagazine.com\/mx\/wp-content\/uploads\/sites\/13\/2024\/07\/Captura-de-Pantalla-2024-07-23-a-las-15.19.19-1024x1018.png 1024w, https:\/\/graziamagazine.com\/mx\/wp-content\/uploads\/sites\/13\/2024\/07\/Captura-de-Pantalla-2024-07-23-a-las-15.19.19-150x150.png 150w, https:\/\/graziamagazine.com\/mx\/wp-content\/uploads\/sites\/13\/2024\/07\/Captura-de-Pantalla-2024-07-23-a-las-15.19.19-768x764.png 768w, https:\/\/graziamagazine.com\/mx\/wp-content\/uploads\/sites\/13\/2024\/07\/Captura-de-Pantalla-2024-07-23-a-las-15.19.19-1536x1527.png 1536w, https:\/\/graziamagazine.com\/mx\/wp-content\/uploads\/sites\/13\/2024\/07\/Captura-de-Pantalla-2024-07-23-a-las-15.19.19-400x398.png 400w, https:\/\/graziamagazine.com\/mx\/wp-content\/uploads\/sites\/13\/2024\/07\/Captura-de-Pantalla-2024-07-23-a-las-15.19.19-155x154.png 155w\" sizes=\"(max-width: 1758px) 100vw, 1758px\" \/><\/div><\/figure><\/div><\/div>\n<p>Con su ic\u00f3nica forma de gota y montura met\u00e1lica, las gafas aviador son pr\u00e1cticas y elegantes, complementando especialmente las caras redondas.<\/p>\n<h3>Gafas de Sol Wayfarer<\/h3>\n<div class=\"content-gallery\"><div class=\"gallery-placeholder\"><div class=\"spinner\"><\/div><\/div><span class=\"gallery-pagination\"><\/span><div id=\"gallery-2\" class=\"gallery galleryid-139541 gallery-columns- gallery-size-\"><figure class=\"gallery-item\"><div class=\"gallery-icon landscape\"><img loading=\"lazy\" decoding=\"async\" width=\"1170\" height=\"878\" src=\"https:\/\/graziamagazine.com\/mx\/wp-content\/uploads\/sites\/13\/2024\/07\/Captura-de-Pantalla-2024-07-23-a-las-15.40.24.png\" class=\"lazy\" alt=\"\" srcset=\"https:\/\/graziamagazine.com\/mx\/wp-content\/uploads\/sites\/13\/2024\/07\/Captura-de-Pantalla-2024-07-23-a-las-15.40.24.png 1170w, https:\/\/graziamagazine.com\/mx\/wp-content\/uploads\/sites\/13\/2024\/07\/Captura-de-Pantalla-2024-07-23-a-las-15.40.24-450x338.png 450w, https:\/\/graziamagazine.com\/mx\/wp-content\/uploads\/sites\/13\/2024\/07\/Captura-de-Pantalla-2024-07-23-a-las-15.40.24-1024x768.png 1024w, https:\/\/graziamagazine.com\/mx\/wp-content\/uploads\/sites\/13\/2024\/07\/Captura-de-Pantalla-2024-07-23-a-las-15.40.24-768x576.png 768w, https:\/\/graziamagazine.com\/mx\/wp-content\/uploads\/sites\/13\/2024\/07\/Captura-de-Pantalla-2024-07-23-a-las-15.40.24-400x300.png 400w, https:\/\/graziamagazine.com\/mx\/wp-content\/uploads\/sites\/13\/2024\/07\/Captura-de-Pantalla-2024-07-23-a-las-15.40.24-155x116.png 155w\" sizes=\"(max-width: 1170px) 100vw, 1170px\" \/><\/div><\/figure><figure class=\"gallery-item\"><div class=\"gallery-icon landscape\"><img loading=\"lazy\" decoding=\"async\" width=\"1280\" height=\"1050\" src=\"https:\/\/graziamagazine.com\/mx\/wp-content\/uploads\/sites\/13\/2024\/07\/Captura-de-Pantalla-2024-07-23-a-las-15.40.17.png\" class=\"lazy\" alt=\"\" srcset=\"https:\/\/graziamagazine.com\/mx\/wp-content\/uploads\/sites\/13\/2024\/07\/Captura-de-Pantalla-2024-07-23-a-las-15.40.17.png 1280w, https:\/\/graziamagazine.com\/mx\/wp-content\/uploads\/sites\/13\/2024\/07\/Captura-de-Pantalla-2024-07-23-a-las-15.40.17-450x369.png 450w, https:\/\/graziamagazine.com\/mx\/wp-content\/uploads\/sites\/13\/2024\/07\/Captura-de-Pantalla-2024-07-23-a-las-15.40.17-1024x840.png 1024w, https:\/\/graziamagazine.com\/mx\/wp-content\/uploads\/sites\/13\/2024\/07\/Captura-de-Pantalla-2024-07-23-a-las-15.40.17-768x630.png 768w, https:\/\/graziamagazine.com\/mx\/wp-content\/uploads\/sites\/13\/2024\/07\/Captura-de-Pantalla-2024-07-23-a-las-15.40.17-400x328.png 400w, https:\/\/graziamagazine.com\/mx\/wp-content\/uploads\/sites\/13\/2024\/07\/Captura-de-Pantalla-2024-07-23-a-las-15.40.17-155x127.png 155w\" sizes=\"(max-width: 1280px) 100vw, 1280px\" \/><\/div><\/figure><figure class=\"gallery-item\"><div class=\"gallery-icon landscape\"><img loading=\"lazy\" decoding=\"async\" width=\"2232\" height=\"1462\" src=\"https:\/\/graziamagazine.com\/mx\/wp-content\/uploads\/sites\/13\/2024\/07\/Captura-de-Pantalla-2024-07-23-a-las-15.35.22.png\" class=\"lazy\" alt=\"\" srcset=\"https:\/\/graziamagazine.com\/mx\/wp-content\/uploads\/sites\/13\/2024\/07\/Captura-de-Pantalla-2024-07-23-a-las-15.35.22.png 2232w, https:\/\/graziamagazine.com\/mx\/wp-content\/uploads\/sites\/13\/2024\/07\/Captura-de-Pantalla-2024-07-23-a-las-15.35.22-450x295.png 450w, https:\/\/graziamagazine.com\/mx\/wp-content\/uploads\/sites\/13\/2024\/07\/Captura-de-Pantalla-2024-07-23-a-las-15.35.22-1024x671.png 1024w, https:\/\/graziamagazine.com\/mx\/wp-content\/uploads\/sites\/13\/2024\/07\/Captura-de-Pantalla-2024-07-23-a-las-15.35.22-768x503.png 768w, https:\/\/graziamagazine.com\/mx\/wp-content\/uploads\/sites\/13\/2024\/07\/Captura-de-Pantalla-2024-07-23-a-las-15.35.22-1536x1006.png 1536w, https:\/\/graziamagazine.com\/mx\/wp-content\/uploads\/sites\/13\/2024\/07\/Captura-de-Pantalla-2024-07-23-a-las-15.35.22-2048x1341.png 2048w, https:\/\/graziamagazine.com\/mx\/wp-content\/uploads\/sites\/13\/2024\/07\/Captura-de-Pantalla-2024-07-23-a-las-15.35.22-400x262.png 400w, https:\/\/graziamagazine.com\/mx\/wp-content\/uploads\/sites\/13\/2024\/07\/Captura-de-Pantalla-2024-07-23-a-las-15.35.22-155x102.png 155w\" sizes=\"(max-width: 2232px) 100vw, 2232px\" \/><\/div><\/figure><\/div><\/div>\n<p>Con monturas de pl\u00e1stico grueso y lentes rectangulares o trapezoidales, este estilo se asocia con el esp\u00edritu rebelde y funciona bien en rostros alargados, ovalados y redondos.<\/p>\n<h3>Gafas de Sol Cat-Eye<\/h3>\n<div class=\"content-gallery\"><div class=\"gallery-placeholder\"><div class=\"spinner\"><\/div><\/div><span class=\"gallery-pagination\"><\/span><div id=\"gallery-3\" class=\"gallery galleryid-139541 gallery-columns- gallery-size-\"><figure class=\"gallery-item\"><div class=\"gallery-icon landscape\"><img loading=\"lazy\" decoding=\"async\" width=\"1274\" height=\"766\" src=\"https:\/\/graziamagazine.com\/mx\/wp-content\/uploads\/sites\/13\/2024\/07\/Captura-de-Pantalla-2024-07-23-a-las-15.40.31.png\" class=\"lazy\" alt=\"\" srcset=\"https:\/\/graziamagazine.com\/mx\/wp-content\/uploads\/sites\/13\/2024\/07\/Captura-de-Pantalla-2024-07-23-a-las-15.40.31.png 1274w, https:\/\/graziamagazine.com\/mx\/wp-content\/uploads\/sites\/13\/2024\/07\/Captura-de-Pantalla-2024-07-23-a-las-15.40.31-450x271.png 450w, https:\/\/graziamagazine.com\/mx\/wp-content\/uploads\/sites\/13\/2024\/07\/Captura-de-Pantalla-2024-07-23-a-las-15.40.31-1024x616.png 1024w, https:\/\/graziamagazine.com\/mx\/wp-content\/uploads\/sites\/13\/2024\/07\/Captura-de-Pantalla-2024-07-23-a-las-15.40.31-768x462.png 768w, https:\/\/graziamagazine.com\/mx\/wp-content\/uploads\/sites\/13\/2024\/07\/Captura-de-Pantalla-2024-07-23-a-las-15.40.31-400x241.png 400w, https:\/\/graziamagazine.com\/mx\/wp-content\/uploads\/sites\/13\/2024\/07\/Captura-de-Pantalla-2024-07-23-a-las-15.40.31-155x93.png 155w\" sizes=\"(max-width: 1274px) 100vw, 1274px\" \/><\/div><\/figure><figure class=\"gallery-item\"><div class=\"gallery-icon landscape\"><img loading=\"lazy\" decoding=\"async\" width=\"2718\" height=\"1374\" src=\"https:\/\/graziamagazine.com\/mx\/wp-content\/uploads\/sites\/13\/2024\/07\/Captura-de-Pantalla-2024-07-23-a-las-15.42.08.png\" class=\"lazy\" alt=\"\" srcset=\"https:\/\/graziamagazine.com\/mx\/wp-content\/uploads\/sites\/13\/2024\/07\/Captura-de-Pantalla-2024-07-23-a-las-15.42.08.png 2718w, https:\/\/graziamagazine.com\/mx\/wp-content\/uploads\/sites\/13\/2024\/07\/Captura-de-Pantalla-2024-07-23-a-las-15.42.08-450x227.png 450w, https:\/\/graziamagazine.com\/mx\/wp-content\/uploads\/sites\/13\/2024\/07\/Captura-de-Pantalla-2024-07-23-a-las-15.42.08-1024x518.png 1024w, https:\/\/graziamagazine.com\/mx\/wp-content\/uploads\/sites\/13\/2024\/07\/Captura-de-Pantalla-2024-07-23-a-las-15.42.08-768x388.png 768w, https:\/\/graziamagazine.com\/mx\/wp-content\/uploads\/sites\/13\/2024\/07\/Captura-de-Pantalla-2024-07-23-a-las-15.42.08-1536x776.png 1536w, https:\/\/graziamagazine.com\/mx\/wp-content\/uploads\/sites\/13\/2024\/07\/Captura-de-Pantalla-2024-07-23-a-las-15.42.08-2048x1035.png 2048w, https:\/\/graziamagazine.com\/mx\/wp-content\/uploads\/sites\/13\/2024\/07\/Captura-de-Pantalla-2024-07-23-a-las-15.42.08-400x202.png 400w, https:\/\/graziamagazine.com\/mx\/wp-content\/uploads\/sites\/13\/2024\/07\/Captura-de-Pantalla-2024-07-23-a-las-15.42.08-155x78.png 155w\" sizes=\"(max-width: 2718px) 100vw, 2718px\" \/><\/div><\/figure><figure class=\"gallery-item\"><div class=\"gallery-icon landscape\"><img loading=\"lazy\" decoding=\"async\" width=\"2786\" height=\"1134\" src=\"https:\/\/graziamagazine.com\/mx\/wp-content\/uploads\/sites\/13\/2024\/07\/Captura-de-Pantalla-2024-07-23-a-las-15.42.13.png\" class=\"lazy\" alt=\"\" srcset=\"https:\/\/graziamagazine.com\/mx\/wp-content\/uploads\/sites\/13\/2024\/07\/Captura-de-Pantalla-2024-07-23-a-las-15.42.13.png 2786w, https:\/\/graziamagazine.com\/mx\/wp-content\/uploads\/sites\/13\/2024\/07\/Captura-de-Pantalla-2024-07-23-a-las-15.42.13-450x183.png 450w, https:\/\/graziamagazine.com\/mx\/wp-content\/uploads\/sites\/13\/2024\/07\/Captura-de-Pantalla-2024-07-23-a-las-15.42.13-1024x417.png 1024w, https:\/\/graziamagazine.com\/mx\/wp-content\/uploads\/sites\/13\/2024\/07\/Captura-de-Pantalla-2024-07-23-a-las-15.42.13-768x313.png 768w, https:\/\/graziamagazine.com\/mx\/wp-content\/uploads\/sites\/13\/2024\/07\/Captura-de-Pantalla-2024-07-23-a-las-15.42.13-1536x625.png 1536w, https:\/\/graziamagazine.com\/mx\/wp-content\/uploads\/sites\/13\/2024\/07\/Captura-de-Pantalla-2024-07-23-a-las-15.42.13-2048x834.png 2048w, https:\/\/graziamagazine.com\/mx\/wp-content\/uploads\/sites\/13\/2024\/07\/Captura-de-Pantalla-2024-07-23-a-las-15.42.13-400x163.png 400w, https:\/\/graziamagazine.com\/mx\/wp-content\/uploads\/sites\/13\/2024\/07\/Captura-de-Pantalla-2024-07-23-a-las-15.42.13-155x63.png 155w\" sizes=\"(max-width: 2786px) 100vw, 2786px\" \/><\/div><\/figure><\/div><\/div>\n<p>Inspiradas en las m\u00e1scaras venecianas, las gafas cat-eye son un s\u00edmbolo de sofisticaci\u00f3n y empoderamiento femenino, favoreciendo casi todas las formas de cara.<\/p>\n<h3>Gafas de Sol Redondas<\/h3>\n<div class=\"content-gallery\"><div class=\"gallery-placeholder\"><div class=\"spinner\"><\/div><\/div><span class=\"gallery-pagination\"><\/span><div id=\"gallery-4\" class=\"gallery galleryid-139541 gallery-columns- gallery-size-\"><figure class=\"gallery-item\"><div class=\"gallery-icon landscape\"><img loading=\"lazy\" decoding=\"async\" width=\"1924\" height=\"1748\" src=\"https:\/\/graziamagazine.com\/mx\/wp-content\/uploads\/sites\/13\/2024\/07\/Captura-de-Pantalla-2024-07-23-a-las-15.34.24.png\" class=\"lazy\" alt=\"\" srcset=\"https:\/\/graziamagazine.com\/mx\/wp-content\/uploads\/sites\/13\/2024\/07\/Captura-de-Pantalla-2024-07-23-a-las-15.34.24.png 1924w, https:\/\/graziamagazine.com\/mx\/wp-content\/uploads\/sites\/13\/2024\/07\/Captura-de-Pantalla-2024-07-23-a-las-15.34.24-450x409.png 450w, https:\/\/graziamagazine.com\/mx\/wp-content\/uploads\/sites\/13\/2024\/07\/Captura-de-Pantalla-2024-07-23-a-las-15.34.24-1024x930.png 1024w, https:\/\/graziamagazine.com\/mx\/wp-content\/uploads\/sites\/13\/2024\/07\/Captura-de-Pantalla-2024-07-23-a-las-15.34.24-768x698.png 768w, https:\/\/graziamagazine.com\/mx\/wp-content\/uploads\/sites\/13\/2024\/07\/Captura-de-Pantalla-2024-07-23-a-las-15.34.24-1536x1395.png 1536w, https:\/\/graziamagazine.com\/mx\/wp-content\/uploads\/sites\/13\/2024\/07\/Captura-de-Pantalla-2024-07-23-a-las-15.34.24-400x363.png 400w, https:\/\/graziamagazine.com\/mx\/wp-content\/uploads\/sites\/13\/2024\/07\/Captura-de-Pantalla-2024-07-23-a-las-15.34.24-155x141.png 155w\" sizes=\"(max-width: 1924px) 100vw, 1924px\" \/><\/div><\/figure><figure class=\"gallery-item\"><div class=\"gallery-icon landscape\"><img loading=\"lazy\" decoding=\"async\" width=\"2294\" height=\"1396\" src=\"https:\/\/graziamagazine.com\/mx\/wp-content\/uploads\/sites\/13\/2024\/07\/Captura-de-Pantalla-2024-07-23-a-las-15.34.51.png\" class=\"lazy\" alt=\"\" srcset=\"https:\/\/graziamagazine.com\/mx\/wp-content\/uploads\/sites\/13\/2024\/07\/Captura-de-Pantalla-2024-07-23-a-las-15.34.51.png 2294w, https:\/\/graziamagazine.com\/mx\/wp-content\/uploads\/sites\/13\/2024\/07\/Captura-de-Pantalla-2024-07-23-a-las-15.34.51-450x274.png 450w, https:\/\/graziamagazine.com\/mx\/wp-content\/uploads\/sites\/13\/2024\/07\/Captura-de-Pantalla-2024-07-23-a-las-15.34.51-1024x623.png 1024w, https:\/\/graziamagazine.com\/mx\/wp-content\/uploads\/sites\/13\/2024\/07\/Captura-de-Pantalla-2024-07-23-a-las-15.34.51-768x467.png 768w, https:\/\/graziamagazine.com\/mx\/wp-content\/uploads\/sites\/13\/2024\/07\/Captura-de-Pantalla-2024-07-23-a-las-15.34.51-1536x935.png 1536w, https:\/\/graziamagazine.com\/mx\/wp-content\/uploads\/sites\/13\/2024\/07\/Captura-de-Pantalla-2024-07-23-a-las-15.34.51-2048x1246.png 2048w, https:\/\/graziamagazine.com\/mx\/wp-content\/uploads\/sites\/13\/2024\/07\/Captura-de-Pantalla-2024-07-23-a-las-15.34.51-400x243.png 400w, https:\/\/graziamagazine.com\/mx\/wp-content\/uploads\/sites\/13\/2024\/07\/Captura-de-Pantalla-2024-07-23-a-las-15.34.51-155x94.png 155w\" sizes=\"(max-width: 2294px) 100vw, 2294px\" \/><\/div><\/figure><figure class=\"gallery-item\"><div class=\"gallery-icon landscape\"><img loading=\"lazy\" decoding=\"async\" width=\"2232\" height=\"1462\" src=\"https:\/\/graziamagazine.com\/mx\/wp-content\/uploads\/sites\/13\/2024\/07\/Captura-de-Pantalla-2024-07-23-a-las-15.35.22.png\" class=\"lazy\" alt=\"\" srcset=\"https:\/\/graziamagazine.com\/mx\/wp-content\/uploads\/sites\/13\/2024\/07\/Captura-de-Pantalla-2024-07-23-a-las-15.35.22.png 2232w, https:\/\/graziamagazine.com\/mx\/wp-content\/uploads\/sites\/13\/2024\/07\/Captura-de-Pantalla-2024-07-23-a-las-15.35.22-450x295.png 450w, https:\/\/graziamagazine.com\/mx\/wp-content\/uploads\/sites\/13\/2024\/07\/Captura-de-Pantalla-2024-07-23-a-las-15.35.22-1024x671.png 1024w, https:\/\/graziamagazine.com\/mx\/wp-content\/uploads\/sites\/13\/2024\/07\/Captura-de-Pantalla-2024-07-23-a-las-15.35.22-768x503.png 768w, https:\/\/graziamagazine.com\/mx\/wp-content\/uploads\/sites\/13\/2024\/07\/Captura-de-Pantalla-2024-07-23-a-las-15.35.22-1536x1006.png 1536w, https:\/\/graziamagazine.com\/mx\/wp-content\/uploads\/sites\/13\/2024\/07\/Captura-de-Pantalla-2024-07-23-a-las-15.35.22-2048x1341.png 2048w, https:\/\/graziamagazine.com\/mx\/wp-content\/uploads\/sites\/13\/2024\/07\/Captura-de-Pantalla-2024-07-23-a-las-15.35.22-400x262.png 400w, https:\/\/graziamagazine.com\/mx\/wp-content\/uploads\/sites\/13\/2024\/07\/Captura-de-Pantalla-2024-07-23-a-las-15.35.22-155x102.png 155w\" sizes=\"(max-width: 2232px) 100vw, 2232px\" \/><\/div><\/figure><\/div><\/div>\n<p>Con su dise\u00f1o cl\u00e1sico y atractivo retro, las gafas redondas suavizan los rostros angulosos y complementan los rostros en forma de coraz\u00f3n.<\/p>\n<h3>Gafas de Sol Cuadradas<\/h3>\n<div class=\"content-gallery\"><div class=\"gallery-placeholder\"><div class=\"spinner\"><\/div><\/div><span class=\"gallery-pagination\"><\/span><div id=\"gallery-5\" class=\"gallery galleryid-139541 gallery-columns- gallery-size-\"><figure class=\"gallery-item\"><div class=\"gallery-icon landscape\"><img loading=\"lazy\" decoding=\"async\" width=\"1758\" height=\"1748\" src=\"https:\/\/graziamagazine.com\/mx\/wp-content\/uploads\/sites\/13\/2024\/07\/Captura-de-Pantalla-2024-07-23-a-las-15.19.22.png\" class=\"lazy\" alt=\"\" srcset=\"https:\/\/graziamagazine.com\/mx\/wp-content\/uploads\/sites\/13\/2024\/07\/Captura-de-Pantalla-2024-07-23-a-las-15.19.22.png 1758w, https:\/\/graziamagazine.com\/mx\/wp-content\/uploads\/sites\/13\/2024\/07\/Captura-de-Pantalla-2024-07-23-a-las-15.19.22-450x447.png 450w, https:\/\/graziamagazine.com\/mx\/wp-content\/uploads\/sites\/13\/2024\/07\/Captura-de-Pantalla-2024-07-23-a-las-15.19.22-1024x1018.png 1024w, https:\/\/graziamagazine.com\/mx\/wp-content\/uploads\/sites\/13\/2024\/07\/Captura-de-Pantalla-2024-07-23-a-las-15.19.22-150x150.png 150w, https:\/\/graziamagazine.com\/mx\/wp-content\/uploads\/sites\/13\/2024\/07\/Captura-de-Pantalla-2024-07-23-a-las-15.19.22-768x764.png 768w, https:\/\/graziamagazine.com\/mx\/wp-content\/uploads\/sites\/13\/2024\/07\/Captura-de-Pantalla-2024-07-23-a-las-15.19.22-1536x1527.png 1536w, https:\/\/graziamagazine.com\/mx\/wp-content\/uploads\/sites\/13\/2024\/07\/Captura-de-Pantalla-2024-07-23-a-las-15.19.22-400x398.png 400w, https:\/\/graziamagazine.com\/mx\/wp-content\/uploads\/sites\/13\/2024\/07\/Captura-de-Pantalla-2024-07-23-a-las-15.19.22-155x154.png 155w\" sizes=\"(max-width: 1758px) 100vw, 1758px\" \/><\/div><\/figure><figure class=\"gallery-item\"><div class=\"gallery-icon landscape\"><img loading=\"lazy\" decoding=\"async\" width=\"1758\" height=\"1748\" src=\"https:\/\/graziamagazine.com\/mx\/wp-content\/uploads\/sites\/13\/2024\/07\/Captura-de-Pantalla-2024-07-23-a-las-15.19.21.png\" class=\"lazy\" alt=\"\" srcset=\"https:\/\/graziamagazine.com\/mx\/wp-content\/uploads\/sites\/13\/2024\/07\/Captura-de-Pantalla-2024-07-23-a-las-15.19.21.png 1758w, https:\/\/graziamagazine.com\/mx\/wp-content\/uploads\/sites\/13\/2024\/07\/Captura-de-Pantalla-2024-07-23-a-las-15.19.21-450x447.png 450w, https:\/\/graziamagazine.com\/mx\/wp-content\/uploads\/sites\/13\/2024\/07\/Captura-de-Pantalla-2024-07-23-a-las-15.19.21-1024x1018.png 1024w, https:\/\/graziamagazine.com\/mx\/wp-content\/uploads\/sites\/13\/2024\/07\/Captura-de-Pantalla-2024-07-23-a-las-15.19.21-150x150.png 150w, https:\/\/graziamagazine.com\/mx\/wp-content\/uploads\/sites\/13\/2024\/07\/Captura-de-Pantalla-2024-07-23-a-las-15.19.21-768x764.png 768w, https:\/\/graziamagazine.com\/mx\/wp-content\/uploads\/sites\/13\/2024\/07\/Captura-de-Pantalla-2024-07-23-a-las-15.19.21-1536x1527.png 1536w, https:\/\/graziamagazine.com\/mx\/wp-content\/uploads\/sites\/13\/2024\/07\/Captura-de-Pantalla-2024-07-23-a-las-15.19.21-400x398.png 400w, https:\/\/graziamagazine.com\/mx\/wp-content\/uploads\/sites\/13\/2024\/07\/Captura-de-Pantalla-2024-07-23-a-las-15.19.21-155x154.png 155w\" sizes=\"(max-width: 1758px) 100vw, 1758px\" \/><\/div><\/figure><figure class=\"gallery-item\"><div class=\"gallery-icon landscape\"><img loading=\"lazy\" decoding=\"async\" width=\"1758\" height=\"1748\" src=\"https:\/\/graziamagazine.com\/mx\/wp-content\/uploads\/sites\/13\/2024\/07\/Captura-de-Pantalla-2024-07-23-a-las-15.19.20.png\" class=\"lazy\" alt=\"\" srcset=\"https:\/\/graziamagazine.com\/mx\/wp-content\/uploads\/sites\/13\/2024\/07\/Captura-de-Pantalla-2024-07-23-a-las-15.19.20.png 1758w, https:\/\/graziamagazine.com\/mx\/wp-content\/uploads\/sites\/13\/2024\/07\/Captura-de-Pantalla-2024-07-23-a-las-15.19.20-450x447.png 450w, https:\/\/graziamagazine.com\/mx\/wp-content\/uploads\/sites\/13\/2024\/07\/Captura-de-Pantalla-2024-07-23-a-las-15.19.20-1024x1018.png 1024w, https:\/\/graziamagazine.com\/mx\/wp-content\/uploads\/sites\/13\/2024\/07\/Captura-de-Pantalla-2024-07-23-a-las-15.19.20-150x150.png 150w, https:\/\/graziamagazine.com\/mx\/wp-content\/uploads\/sites\/13\/2024\/07\/Captura-de-Pantalla-2024-07-23-a-las-15.19.20-768x764.png 768w, https:\/\/graziamagazine.com\/mx\/wp-content\/uploads\/sites\/13\/2024\/07\/Captura-de-Pantalla-2024-07-23-a-las-15.19.20-1536x1527.png 1536w, https:\/\/graziamagazine.com\/mx\/wp-content\/uploads\/sites\/13\/2024\/07\/Captura-de-Pantalla-2024-07-23-a-las-15.19.20-400x398.png 400w, https:\/\/graziamagazine.com\/mx\/wp-content\/uploads\/sites\/13\/2024\/07\/Captura-de-Pantalla-2024-07-23-a-las-15.19.20-155x154.png 155w\" sizes=\"(max-width: 1758px) 100vw, 1758px\" \/><\/div><\/figure><\/div><\/div>\n<p>Ideales para caras redondas u ovaladas, las monturas cuadradas a\u00f1aden definici\u00f3n y equilibrio a los contornos suaves.<\/p>\n<h3>Gafas de Sol Rectangulares<\/h3>\n<div class=\"content-gallery\"><div class=\"gallery-placeholder\"><div class=\"spinner\"><\/div><\/div><span class=\"gallery-pagination\"><\/span><div id=\"gallery-6\" class=\"gallery galleryid-139541 gallery-columns- gallery-size-\"><figure class=\"gallery-item\"><div class=\"gallery-icon landscape\"><img loading=\"lazy\" decoding=\"async\" width=\"1758\" height=\"1748\" src=\"https:\/\/graziamagazine.com\/mx\/wp-content\/uploads\/sites\/13\/2024\/07\/Captura-de-Pantalla-2024-07-23-a-las-15.14.17.png\" class=\"lazy\" alt=\"\" srcset=\"https:\/\/graziamagazine.com\/mx\/wp-content\/uploads\/sites\/13\/2024\/07\/Captura-de-Pantalla-2024-07-23-a-las-15.14.17.png 1758w, https:\/\/graziamagazine.com\/mx\/wp-content\/uploads\/sites\/13\/2024\/07\/Captura-de-Pantalla-2024-07-23-a-las-15.14.17-450x447.png 450w, https:\/\/graziamagazine.com\/mx\/wp-content\/uploads\/sites\/13\/2024\/07\/Captura-de-Pantalla-2024-07-23-a-las-15.14.17-1024x1018.png 1024w, https:\/\/graziamagazine.com\/mx\/wp-content\/uploads\/sites\/13\/2024\/07\/Captura-de-Pantalla-2024-07-23-a-las-15.14.17-150x150.png 150w, https:\/\/graziamagazine.com\/mx\/wp-content\/uploads\/sites\/13\/2024\/07\/Captura-de-Pantalla-2024-07-23-a-las-15.14.17-768x764.png 768w, https:\/\/graziamagazine.com\/mx\/wp-content\/uploads\/sites\/13\/2024\/07\/Captura-de-Pantalla-2024-07-23-a-las-15.14.17-1536x1527.png 1536w, https:\/\/graziamagazine.com\/mx\/wp-content\/uploads\/sites\/13\/2024\/07\/Captura-de-Pantalla-2024-07-23-a-las-15.14.17-400x398.png 400w, https:\/\/graziamagazine.com\/mx\/wp-content\/uploads\/sites\/13\/2024\/07\/Captura-de-Pantalla-2024-07-23-a-las-15.14.17-155x154.png 155w\" sizes=\"(max-width: 1758px) 100vw, 1758px\" \/><\/div><figcaption class=\"wp-caption-text gallery-caption\" id=\"gallery-6-139565\">Gu\u00eda para elegir la gafa de sol perfecta<\/figcaption><\/figure><figure class=\"gallery-item\"><div class=\"gallery-icon landscape\"><img loading=\"lazy\" decoding=\"async\" width=\"1758\" height=\"1748\" src=\"https:\/\/graziamagazine.com\/mx\/wp-content\/uploads\/sites\/13\/2024\/07\/Captura-de-Pantalla-2024-07-23-a-las-15.14.16.png\" class=\"lazy\" alt=\"\" srcset=\"https:\/\/graziamagazine.com\/mx\/wp-content\/uploads\/sites\/13\/2024\/07\/Captura-de-Pantalla-2024-07-23-a-las-15.14.16.png 1758w, https:\/\/graziamagazine.com\/mx\/wp-content\/uploads\/sites\/13\/2024\/07\/Captura-de-Pantalla-2024-07-23-a-las-15.14.16-450x447.png 450w, https:\/\/graziamagazine.com\/mx\/wp-content\/uploads\/sites\/13\/2024\/07\/Captura-de-Pantalla-2024-07-23-a-las-15.14.16-1024x1018.png 1024w, https:\/\/graziamagazine.com\/mx\/wp-content\/uploads\/sites\/13\/2024\/07\/Captura-de-Pantalla-2024-07-23-a-las-15.14.16-150x150.png 150w, https:\/\/graziamagazine.com\/mx\/wp-content\/uploads\/sites\/13\/2024\/07\/Captura-de-Pantalla-2024-07-23-a-las-15.14.16-768x764.png 768w, https:\/\/graziamagazine.com\/mx\/wp-content\/uploads\/sites\/13\/2024\/07\/Captura-de-Pantalla-2024-07-23-a-las-15.14.16-1536x1527.png 1536w, https:\/\/graziamagazine.com\/mx\/wp-content\/uploads\/sites\/13\/2024\/07\/Captura-de-Pantalla-2024-07-23-a-las-15.14.16-400x398.png 400w, https:\/\/graziamagazine.com\/mx\/wp-content\/uploads\/sites\/13\/2024\/07\/Captura-de-Pantalla-2024-07-23-a-las-15.14.16-155x154.png 155w\" sizes=\"(max-width: 1758px) 100vw, 1758px\" \/><\/div><\/figure><figure class=\"gallery-item\"><div class=\"gallery-icon landscape\"><img loading=\"lazy\" decoding=\"async\" width=\"1758\" height=\"1748\" src=\"https:\/\/graziamagazine.com\/mx\/wp-content\/uploads\/sites\/13\/2024\/07\/Captura-de-Pantalla-2024-07-23-a-las-15.14.12.png\" class=\"lazy\" alt=\"Gu\u00eda para elegir la gafa de sol perfecta\" srcset=\"https:\/\/graziamagazine.com\/mx\/wp-content\/uploads\/sites\/13\/2024\/07\/Captura-de-Pantalla-2024-07-23-a-las-15.14.12.png 1758w, https:\/\/graziamagazine.com\/mx\/wp-content\/uploads\/sites\/13\/2024\/07\/Captura-de-Pantalla-2024-07-23-a-las-15.14.12-450x447.png 450w, https:\/\/graziamagazine.com\/mx\/wp-content\/uploads\/sites\/13\/2024\/07\/Captura-de-Pantalla-2024-07-23-a-las-15.14.12-1024x1018.png 1024w, https:\/\/graziamagazine.com\/mx\/wp-content\/uploads\/sites\/13\/2024\/07\/Captura-de-Pantalla-2024-07-23-a-las-15.14.12-150x150.png 150w, https:\/\/graziamagazine.com\/mx\/wp-content\/uploads\/sites\/13\/2024\/07\/Captura-de-Pantalla-2024-07-23-a-las-15.14.12-768x764.png 768w, https:\/\/graziamagazine.com\/mx\/wp-content\/uploads\/sites\/13\/2024\/07\/Captura-de-Pantalla-2024-07-23-a-las-15.14.12-1536x1527.png 1536w, https:\/\/graziamagazine.com\/mx\/wp-content\/uploads\/sites\/13\/2024\/07\/Captura-de-Pantalla-2024-07-23-a-las-15.14.12-400x398.png 400w, https:\/\/graziamagazine.com\/mx\/wp-content\/uploads\/sites\/13\/2024\/07\/Captura-de-Pantalla-2024-07-23-a-las-15.14.12-155x154.png 155w\" sizes=\"(max-width: 1758px) 100vw, 1758px\" \/><\/div><figcaption class=\"wp-caption-text gallery-caption\" id=\"gallery-6-139563\">Gu\u00eda para elegir la gafa de sol perfecta<\/figcaption><\/figure><\/div><\/div>\n<p>Con un dise\u00f1o aerodin\u00e1mico, estas gafas a\u00f1aden estructura a los rostros redondos y ovalados, complementando tambi\u00e9n los rostros angulosos.<\/p>\n<h3>Gafas de Sol Mariposa<\/h3>\n<div class=\"content-gallery\"><div class=\"gallery-placeholder\"><div class=\"spinner\"><\/div><\/div><span class=\"gallery-pagination\"><\/span><div id=\"gallery-7\" class=\"gallery galleryid-139541 gallery-columns- gallery-size-\"><figure class=\"gallery-item\"><div class=\"gallery-icon landscape\"><img loading=\"lazy\" decoding=\"async\" width=\"1758\" height=\"1748\" src=\"https:\/\/graziamagazine.com\/mx\/wp-content\/uploads\/sites\/13\/2024\/07\/Captura-de-Pantalla-2024-07-23-a-las-15.06.35.png\" class=\"lazy\" alt=\"\" srcset=\"https:\/\/graziamagazine.com\/mx\/wp-content\/uploads\/sites\/13\/2024\/07\/Captura-de-Pantalla-2024-07-23-a-las-15.06.35.png 1758w, https:\/\/graziamagazine.com\/mx\/wp-content\/uploads\/sites\/13\/2024\/07\/Captura-de-Pantalla-2024-07-23-a-las-15.06.35-450x447.png 450w, https:\/\/graziamagazine.com\/mx\/wp-content\/uploads\/sites\/13\/2024\/07\/Captura-de-Pantalla-2024-07-23-a-las-15.06.35-1024x1018.png 1024w, https:\/\/graziamagazine.com\/mx\/wp-content\/uploads\/sites\/13\/2024\/07\/Captura-de-Pantalla-2024-07-23-a-las-15.06.35-150x150.png 150w, https:\/\/graziamagazine.com\/mx\/wp-content\/uploads\/sites\/13\/2024\/07\/Captura-de-Pantalla-2024-07-23-a-las-15.06.35-768x764.png 768w, https:\/\/graziamagazine.com\/mx\/wp-content\/uploads\/sites\/13\/2024\/07\/Captura-de-Pantalla-2024-07-23-a-las-15.06.35-1536x1527.png 1536w, https:\/\/graziamagazine.com\/mx\/wp-content\/uploads\/sites\/13\/2024\/07\/Captura-de-Pantalla-2024-07-23-a-las-15.06.35-400x398.png 400w, https:\/\/graziamagazine.com\/mx\/wp-content\/uploads\/sites\/13\/2024\/07\/Captura-de-Pantalla-2024-07-23-a-las-15.06.35-155x154.png 155w\" sizes=\"(max-width: 1758px) 100vw, 1758px\" \/><\/div><\/figure><figure class=\"gallery-item\"><div class=\"gallery-icon landscape\"><img loading=\"lazy\" decoding=\"async\" width=\"1758\" height=\"1748\" src=\"https:\/\/graziamagazine.com\/mx\/wp-content\/uploads\/sites\/13\/2024\/07\/Captura-de-Pantalla-2024-07-23-a-las-15.06.32.png\" class=\"lazy\" alt=\"\" srcset=\"https:\/\/graziamagazine.com\/mx\/wp-content\/uploads\/sites\/13\/2024\/07\/Captura-de-Pantalla-2024-07-23-a-las-15.06.32.png 1758w, https:\/\/graziamagazine.com\/mx\/wp-content\/uploads\/sites\/13\/2024\/07\/Captura-de-Pantalla-2024-07-23-a-las-15.06.32-450x447.png 450w, https:\/\/graziamagazine.com\/mx\/wp-content\/uploads\/sites\/13\/2024\/07\/Captura-de-Pantalla-2024-07-23-a-las-15.06.32-1024x1018.png 1024w, https:\/\/graziamagazine.com\/mx\/wp-content\/uploads\/sites\/13\/2024\/07\/Captura-de-Pantalla-2024-07-23-a-las-15.06.32-150x150.png 150w, https:\/\/graziamagazine.com\/mx\/wp-content\/uploads\/sites\/13\/2024\/07\/Captura-de-Pantalla-2024-07-23-a-las-15.06.32-768x764.png 768w, https:\/\/graziamagazine.com\/mx\/wp-content\/uploads\/sites\/13\/2024\/07\/Captura-de-Pantalla-2024-07-23-a-las-15.06.32-1536x1527.png 1536w, https:\/\/graziamagazine.com\/mx\/wp-content\/uploads\/sites\/13\/2024\/07\/Captura-de-Pantalla-2024-07-23-a-las-15.06.32-400x398.png 400w, https:\/\/graziamagazine.com\/mx\/wp-content\/uploads\/sites\/13\/2024\/07\/Captura-de-Pantalla-2024-07-23-a-las-15.06.32-155x154.png 155w\" sizes=\"(max-width: 1758px) 100vw, 1758px\" \/><\/div><\/figure><figure class=\"gallery-item\"><div class=\"gallery-icon landscape\"><img loading=\"lazy\" decoding=\"async\" width=\"1758\" height=\"1748\" src=\"https:\/\/graziamagazine.com\/mx\/wp-content\/uploads\/sites\/13\/2024\/07\/Captura-de-Pantalla-2024-07-23-a-las-15.06.28.png\" class=\"lazy\" alt=\"\" srcset=\"https:\/\/graziamagazine.com\/mx\/wp-content\/uploads\/sites\/13\/2024\/07\/Captura-de-Pantalla-2024-07-23-a-las-15.06.28.png 1758w, https:\/\/graziamagazine.com\/mx\/wp-content\/uploads\/sites\/13\/2024\/07\/Captura-de-Pantalla-2024-07-23-a-las-15.06.28-450x447.png 450w, https:\/\/graziamagazine.com\/mx\/wp-content\/uploads\/sites\/13\/2024\/07\/Captura-de-Pantalla-2024-07-23-a-las-15.06.28-1024x1018.png 1024w, https:\/\/graziamagazine.com\/mx\/wp-content\/uploads\/sites\/13\/2024\/07\/Captura-de-Pantalla-2024-07-23-a-las-15.06.28-150x150.png 150w, https:\/\/graziamagazine.com\/mx\/wp-content\/uploads\/sites\/13\/2024\/07\/Captura-de-Pantalla-2024-07-23-a-las-15.06.28-768x764.png 768w, https:\/\/graziamagazine.com\/mx\/wp-content\/uploads\/sites\/13\/2024\/07\/Captura-de-Pantalla-2024-07-23-a-las-15.06.28-1536x1527.png 1536w, https:\/\/graziamagazine.com\/mx\/wp-content\/uploads\/sites\/13\/2024\/07\/Captura-de-Pantalla-2024-07-23-a-las-15.06.28-400x398.png 400w, https:\/\/graziamagazine.com\/mx\/wp-content\/uploads\/sites\/13\/2024\/07\/Captura-de-Pantalla-2024-07-23-a-las-15.06.28-155x154.png 155w\" sizes=\"(max-width: 1758px) 100vw, 1758px\" \/><\/div><\/figure><figure class=\"gallery-item\"><div class=\"gallery-icon landscape\"><img loading=\"lazy\" decoding=\"async\" width=\"1754\" height=\"1754\" src=\"https:\/\/graziamagazine.com\/mx\/wp-content\/uploads\/sites\/13\/2024\/07\/Captura-de-Pantalla-2024-07-23-a-las-15.06.17.png\" class=\"lazy\" alt=\"\" srcset=\"https:\/\/graziamagazine.com\/mx\/wp-content\/uploads\/sites\/13\/2024\/07\/Captura-de-Pantalla-2024-07-23-a-las-15.06.17.png 1754w, https:\/\/graziamagazine.com\/mx\/wp-content\/uploads\/sites\/13\/2024\/07\/Captura-de-Pantalla-2024-07-23-a-las-15.06.17-450x450.png 450w, https:\/\/graziamagazine.com\/mx\/wp-content\/uploads\/sites\/13\/2024\/07\/Captura-de-Pantalla-2024-07-23-a-las-15.06.17-1024x1024.png 1024w, https:\/\/graziamagazine.com\/mx\/wp-content\/uploads\/sites\/13\/2024\/07\/Captura-de-Pantalla-2024-07-23-a-las-15.06.17-150x150.png 150w, https:\/\/graziamagazine.com\/mx\/wp-content\/uploads\/sites\/13\/2024\/07\/Captura-de-Pantalla-2024-07-23-a-las-15.06.17-768x768.png 768w, https:\/\/graziamagazine.com\/mx\/wp-content\/uploads\/sites\/13\/2024\/07\/Captura-de-Pantalla-2024-07-23-a-las-15.06.17-1536x1536.png 1536w, https:\/\/graziamagazine.com\/mx\/wp-content\/uploads\/sites\/13\/2024\/07\/Captura-de-Pantalla-2024-07-23-a-las-15.06.17-400x400.png 400w, https:\/\/graziamagazine.com\/mx\/wp-content\/uploads\/sites\/13\/2024\/07\/Captura-de-Pantalla-2024-07-23-a-las-15.06.17-155x155.png 155w\" sizes=\"(max-width: 1754px) 100vw, 1754px\" \/><\/div><\/figure><\/div><\/div>\n<p>Con monturas de gran tama\u00f1o, estas gafas equilibran la anchura de la frente en rostros con forma de coraz\u00f3n, pero pueden resultar desproporcionadas en rostros peque\u00f1os.<\/p>\n<h3>Gafas de Sol Geom\u00e9tricas<\/h3>\n<div class=\"content-gallery\"><div class=\"gallery-placeholder\"><div class=\"spinner\"><\/div><\/div><span class=\"gallery-pagination\"><\/span><div id=\"gallery-8\" class=\"gallery galleryid-139541 gallery-columns- gallery-size-\"><figure class=\"gallery-item\"><div class=\"gallery-icon landscape\"><img loading=\"lazy\" decoding=\"async\" width=\"1758\" height=\"1748\" src=\"https:\/\/graziamagazine.com\/mx\/wp-content\/uploads\/sites\/13\/2024\/07\/Captura-de-Pantalla-2024-07-23-a-las-15.28.06.png\" class=\"lazy\" alt=\"\" srcset=\"https:\/\/graziamagazine.com\/mx\/wp-content\/uploads\/sites\/13\/2024\/07\/Captura-de-Pantalla-2024-07-23-a-las-15.28.06.png 1758w, https:\/\/graziamagazine.com\/mx\/wp-content\/uploads\/sites\/13\/2024\/07\/Captura-de-Pantalla-2024-07-23-a-las-15.28.06-450x447.png 450w, https:\/\/graziamagazine.com\/mx\/wp-content\/uploads\/sites\/13\/2024\/07\/Captura-de-Pantalla-2024-07-23-a-las-15.28.06-1024x1018.png 1024w, https:\/\/graziamagazine.com\/mx\/wp-content\/uploads\/sites\/13\/2024\/07\/Captura-de-Pantalla-2024-07-23-a-las-15.28.06-150x150.png 150w, https:\/\/graziamagazine.com\/mx\/wp-content\/uploads\/sites\/13\/2024\/07\/Captura-de-Pantalla-2024-07-23-a-las-15.28.06-768x764.png 768w, https:\/\/graziamagazine.com\/mx\/wp-content\/uploads\/sites\/13\/2024\/07\/Captura-de-Pantalla-2024-07-23-a-las-15.28.06-1536x1527.png 1536w, https:\/\/graziamagazine.com\/mx\/wp-content\/uploads\/sites\/13\/2024\/07\/Captura-de-Pantalla-2024-07-23-a-las-15.28.06-400x398.png 400w, https:\/\/graziamagazine.com\/mx\/wp-content\/uploads\/sites\/13\/2024\/07\/Captura-de-Pantalla-2024-07-23-a-las-15.28.06-155x154.png 155w\" sizes=\"(max-width: 1758px) 100vw, 1758px\" \/><\/div><\/figure><figure class=\"gallery-item\"><div class=\"gallery-icon landscape\"><img loading=\"lazy\" decoding=\"async\" width=\"1758\" height=\"1748\" src=\"https:\/\/graziamagazine.com\/mx\/wp-content\/uploads\/sites\/13\/2024\/07\/Captura-de-Pantalla-2024-07-23-a-las-15.28.03.png\" class=\"lazy\" alt=\"\" srcset=\"https:\/\/graziamagazine.com\/mx\/wp-content\/uploads\/sites\/13\/2024\/07\/Captura-de-Pantalla-2024-07-23-a-las-15.28.03.png 1758w, https:\/\/graziamagazine.com\/mx\/wp-content\/uploads\/sites\/13\/2024\/07\/Captura-de-Pantalla-2024-07-23-a-las-15.28.03-450x447.png 450w, https:\/\/graziamagazine.com\/mx\/wp-content\/uploads\/sites\/13\/2024\/07\/Captura-de-Pantalla-2024-07-23-a-las-15.28.03-1024x1018.png 1024w, https:\/\/graziamagazine.com\/mx\/wp-content\/uploads\/sites\/13\/2024\/07\/Captura-de-Pantalla-2024-07-23-a-las-15.28.03-150x150.png 150w, https:\/\/graziamagazine.com\/mx\/wp-content\/uploads\/sites\/13\/2024\/07\/Captura-de-Pantalla-2024-07-23-a-las-15.28.03-768x764.png 768w, https:\/\/graziamagazine.com\/mx\/wp-content\/uploads\/sites\/13\/2024\/07\/Captura-de-Pantalla-2024-07-23-a-las-15.28.03-1536x1527.png 1536w, https:\/\/graziamagazine.com\/mx\/wp-content\/uploads\/sites\/13\/2024\/07\/Captura-de-Pantalla-2024-07-23-a-las-15.28.03-400x398.png 400w, https:\/\/graziamagazine.com\/mx\/wp-content\/uploads\/sites\/13\/2024\/07\/Captura-de-Pantalla-2024-07-23-a-las-15.28.03-155x154.png 155w\" sizes=\"(max-width: 1758px) 100vw, 1758px\" \/><\/div><\/figure><figure class=\"gallery-item\"><div class=\"gallery-icon landscape\"><img loading=\"lazy\" decoding=\"async\" width=\"1758\" height=\"1748\" src=\"https:\/\/graziamagazine.com\/mx\/wp-content\/uploads\/sites\/13\/2024\/07\/Captura-de-Pantalla-2024-07-23-a-las-15.28.05.png\" class=\"lazy\" alt=\"\" srcset=\"https:\/\/graziamagazine.com\/mx\/wp-content\/uploads\/sites\/13\/2024\/07\/Captura-de-Pantalla-2024-07-23-a-las-15.28.05.png 1758w, https:\/\/graziamagazine.com\/mx\/wp-content\/uploads\/sites\/13\/2024\/07\/Captura-de-Pantalla-2024-07-23-a-las-15.28.05-450x447.png 450w, https:\/\/graziamagazine.com\/mx\/wp-content\/uploads\/sites\/13\/2024\/07\/Captura-de-Pantalla-2024-07-23-a-las-15.28.05-1024x1018.png 1024w, https:\/\/graziamagazine.com\/mx\/wp-content\/uploads\/sites\/13\/2024\/07\/Captura-de-Pantalla-2024-07-23-a-las-15.28.05-150x150.png 150w, https:\/\/graziamagazine.com\/mx\/wp-content\/uploads\/sites\/13\/2024\/07\/Captura-de-Pantalla-2024-07-23-a-las-15.28.05-768x764.png 768w, https:\/\/graziamagazine.com\/mx\/wp-content\/uploads\/sites\/13\/2024\/07\/Captura-de-Pantalla-2024-07-23-a-las-15.28.05-1536x1527.png 1536w, https:\/\/graziamagazine.com\/mx\/wp-content\/uploads\/sites\/13\/2024\/07\/Captura-de-Pantalla-2024-07-23-a-las-15.28.05-400x398.png 400w, https:\/\/graziamagazine.com\/mx\/wp-content\/uploads\/sites\/13\/2024\/07\/Captura-de-Pantalla-2024-07-23-a-las-15.28.05-155x154.png 155w\" sizes=\"(max-width: 1758px) 100vw, 1758px\" \/><\/div><\/figure><\/div><\/div>\n<p>Disponibles en una variedad de formas divertidas, las gafas geom\u00e9tricas a\u00f1aden un toque de encanto a cualquier conjunto, adapt\u00e1ndose a todas las formas de cara.<\/p>\n<p>Elegir las gafas de sol perfectas no tiene por qu\u00e9 ser complicado. Con esta gu\u00eda, podr\u00e1s encontrar el par que realce tu belleza natural y complemente tu estilo personal.<\/p>\n<p><em><strong>*IMAGEN: Google Images<\/strong><\/em><\/p>\n","protected":false},"author":28953,"featured_media":139559,"template":"","format":"standard","categories":[4],"acf":[],"yoast_head":"<!-- This site is optimized with the Yoast SEO Premium plugin v18.5 (Yoast SEO v20.4) - https:\/\/yoast.com\/wordpress\/plugins\/seo\/ -->\n<title>Gu\u00eda para elegir las gafas de sol perfectas<\/title>\n<meta name=\"description\" content=\"\u00a1Te compartimos algunos tips para encontrar las gafas perfectas para tu rostro y lucir un look super chic!\" \/>\n<meta name=\"robots\" content=\"index, follow, max-snippet:-1, max-image-preview:large, max-video-preview:-1\" \/>\n<link rel=\"canonical\" href=\"https:\/\/graziamagazine.com\/mx\/articles\/guia-para-elegir-las-gafas-de-sol-perfectas\/\" \/>\n<meta property=\"og:locale\" content=\"es_MX\" \/>\n<meta property=\"og:type\" content=\"article\" \/>\n<meta property=\"og:title\" content=\"Gu\u00eda para elegir las gafas de sol perfectas\" \/>\n<meta property=\"og:description\" content=\"\u00a1Te compartimos algunos tips para encontrar las gafas perfectas para tu rostro y lucir un look super chic!\" \/>\n<meta property=\"og:url\" content=\"https:\/\/graziamagazine.com\/mx\/articles\/guia-para-elegir-las-gafas-de-sol-perfectas\/\" \/>\n<meta property=\"og:site_name\" content=\"Grazia M\u00e9xico y Latinoam\u00e9rica\" \/>\n<meta property=\"article:modified_time\" content=\"2024-07-23T23:50:01+00:00\" \/>\n<meta property=\"og:image\" content=\"https:\/\/graziamagazine.com\/mx\/wp-content\/uploads\/sites\/13\/2024\/07\/Captura-de-Pantalla-2024-07-23-a-las-15.07.40-1-e1721769414521-1024x817.png\" \/>\n\t<meta property=\"og:image:width\" content=\"1024\" \/>\n\t<meta property=\"og:image:height\" content=\"817\" \/>\n\t<meta property=\"og:image:type\" content=\"image\/png\" \/>\n<meta name=\"twitter:card\" content=\"summary_large_image\" \/>\n<meta name=\"twitter:label1\" content=\"Est. reading time\" \/>\n\t<meta name=\"twitter:data1\" content=\"4 minutos\" \/>\n<script type=\"application\/ld+json\" class=\"yoast-schema-graph\">{\"@context\":\"https:\/\/schema.org\",\"@graph\":[{\"@type\":\"WebPage\",\"@id\":\"https:\/\/graziamagazine.com\/mx\/articles\/guia-para-elegir-las-gafas-de-sol-perfectas\/\",\"url\":\"https:\/\/graziamagazine.com\/mx\/articles\/guia-para-elegir-las-gafas-de-sol-perfectas\/\",\"name\":\"Gu\u00eda para elegir las gafas de sol perfectas\",\"isPartOf\":{\"@id\":\"https:\/\/graziamagazine.com\/mx\/#website\"},\"datePublished\":\"2024-07-23T21:00:37+00:00\",\"dateModified\":\"2024-07-23T23:50:01+00:00\",\"description\":\"\u00a1Te compartimos algunos tips para encontrar las gafas perfectas para tu rostro y lucir un look super chic!\",\"breadcrumb\":{\"@id\":\"https:\/\/graziamagazine.com\/mx\/articles\/guia-para-elegir-las-gafas-de-sol-perfectas\/#breadcrumb\"},\"inLanguage\":\"es-MX\",\"potentialAction\":[{\"@type\":\"ReadAction\",\"target\":[\"https:\/\/graziamagazine.com\/mx\/articles\/guia-para-elegir-las-gafas-de-sol-perfectas\/\"]}]},{\"@type\":\"BreadcrumbList\",\"@id\":\"https:\/\/graziamagazine.com\/mx\/articles\/guia-para-elegir-las-gafas-de-sol-perfectas\/#breadcrumb\",\"itemListElement\":[{\"@type\":\"ListItem\",\"position\":1,\"name\":\"Home\",\"item\":\"https:\/\/graziamagazine.com\/mx\/\"},{\"@type\":\"ListItem\",\"position\":2,\"name\":\"Gu\u00eda para elegir las gafas de sol perfectas\"}]},{\"@type\":\"WebSite\",\"@id\":\"https:\/\/graziamagazine.com\/mx\/#website\",\"url\":\"https:\/\/graziamagazine.com\/mx\/\",\"name\":\"Grazia M\u00e9xico y Latinoam\u00e9rica\",\"description\":\"Grazia es moda, belleza y noticias  de actualidad \",\"potentialAction\":[{\"@type\":\"SearchAction\",\"target\":{\"@type\":\"EntryPoint\",\"urlTemplate\":\"https:\/\/graziamagazine.com\/mx\/?s={search_term_string}\"},\"query-input\":\"required name=search_term_string\"}],\"inLanguage\":\"es-MX\"}]}<\/script>\n<!-- \/ Yoast SEO Premium plugin. -->","yoast_head_json":{"title":"Gu\u00eda para elegir las gafas de sol perfectas","description":"\u00a1Te compartimos algunos tips para encontrar las gafas perfectas para tu rostro y lucir un look super chic!","robots":{"index":"index","follow":"follow","max-snippet":"max-snippet:-1","max-image-preview":"max-image-preview:large","max-video-preview":"max-video-preview:-1"},"canonical":"https:\/\/graziamagazine.com\/mx\/articles\/guia-para-elegir-las-gafas-de-sol-perfectas\/","og_locale":"es_MX","og_type":"article","og_title":"Gu\u00eda para elegir las gafas de sol perfectas","og_description":"\u00a1Te compartimos algunos tips para encontrar las gafas perfectas para tu rostro y lucir un look super chic!","og_url":"https:\/\/graziamagazine.com\/mx\/articles\/guia-para-elegir-las-gafas-de-sol-perfectas\/","og_site_name":"Grazia M\u00e9xico y Latinoam\u00e9rica","article_modified_time":"2024-07-23T23:50:01+00:00","og_image":[{"width":1024,"height":817,"url":"https:\/\/graziamagazine.com\/mx\/wp-content\/uploads\/sites\/13\/2024\/07\/Captura-de-Pantalla-2024-07-23-a-las-15.07.40-1-e1721769414521-1024x817.png","type":"image\/png"}],"twitter_card":"summary_large_image","twitter_misc":{"Est. reading time":"4 minutos"},"schema":{"@context":"https:\/\/schema.org","@graph":[{"@type":"WebPage","@id":"https:\/\/graziamagazine.com\/mx\/articles\/guia-para-elegir-las-gafas-de-sol-perfectas\/","url":"https:\/\/graziamagazine.com\/mx\/articles\/guia-para-elegir-las-gafas-de-sol-perfectas\/","name":"Gu\u00eda para elegir las gafas de sol perfectas","isPartOf":{"@id":"https:\/\/graziamagazine.com\/mx\/#website"},"datePublished":"2024-07-23T21:00:37+00:00","dateModified":"2024-07-23T23:50:01+00:00","description":"\u00a1Te compartimos algunos tips para encontrar las gafas perfectas para tu rostro y lucir un look super chic!","breadcrumb":{"@id":"https:\/\/graziamagazine.com\/mx\/articles\/guia-para-elegir-las-gafas-de-sol-perfectas\/#breadcrumb"},"inLanguage":"es-MX","potentialAction":[{"@type":"ReadAction","target":["https:\/\/graziamagazine.com\/mx\/articles\/guia-para-elegir-las-gafas-de-sol-perfectas\/"]}]},{"@type":"BreadcrumbList","@id":"https:\/\/graziamagazine.com\/mx\/articles\/guia-para-elegir-las-gafas-de-sol-perfectas\/#breadcrumb","itemListElement":[{"@type":"ListItem","position":1,"name":"Home","item":"https:\/\/graziamagazine.com\/mx\/"},{"@type":"ListItem","position":2,"name":"Gu\u00eda para elegir las gafas de sol perfectas"}]},{"@type":"WebSite","@id":"https:\/\/graziamagazine.com\/mx\/#website","url":"https:\/\/graziamagazine.com\/mx\/","name":"Grazia M\u00e9xico y Latinoam\u00e9rica","description":"Grazia es moda, belleza y noticias  de actualidad ","potentialAction":[{"@type":"SearchAction","target":{"@type":"EntryPoint","urlTemplate":"https:\/\/graziamagazine.com\/mx\/?s={search_term_string}"},"query-input":"required name=search_term_string"}],"inLanguage":"es-MX"}]}},"jetpack_sharing_enabled":true,"distributor_meta":false,"distributor_terms":false,"distributor_media":false,"distributor_original_site_name":"Grazia M\u00e9xico y Latinoam\u00e9rica","distributor_original_site_url":"https:\/\/graziamagazine.com\/mx","push-errors":false,"_links":{"self":[{"href":"https:\/\/graziamagazine.com\/mx\/wp-json\/wp\/v2\/articles\/139541"}],"collection":[{"href":"https:\/\/graziamagazine.com\/mx\/wp-json\/wp\/v2\/articles"}],"about":[{"href":"https:\/\/graziamagazine.com\/mx\/wp-json\/wp\/v2\/types\/articles"}],"author":[{"embeddable":true,"href":"https:\/\/graziamagazine.com\/mx\/wp-json\/wp\/v2\/users\/28953"}],"wp:featuredmedia":[{"embeddable":true,"href":"https:\/\/graziamagazine.com\/mx\/wp-json\/wp\/v2\/media\/139559"}],"wp:attachment":[{"href":"https:\/\/graziamagazine.com\/mx\/wp-json\/wp\/v2\/media?parent=139541"}],"wp:term":[{"taxonomy":"category","embeddable":true,"href":"https:\/\/graziamagazine.com\/mx\/wp-json\/wp\/v2\/categories?post=139541"}],"curies":[{"name":"wp","href":"https:\/\/api.w.org\/{rel}","templated":true}]}}