{"id":139382,"date":"2024-07-19T09:00:38","date_gmt":"2024-07-19T14:00:38","guid":{"rendered":"https:\/\/graziamagazine.com\/mx\/?post_type=articles&#038;p=139382"},"modified":"2024-07-22T22:57:47","modified_gmt":"2024-07-23T03:57:47","slug":"descubre-el-detras-de-camaras-y-al-nuevo-elenco-de-stranger-things-5","status":"publish","type":"articles","link":"https:\/\/graziamagazine.com\/mx\/articles\/descubre-el-detras-de-camaras-y-al-nuevo-elenco-de-stranger-things-5\/","title":{"rendered":"\u00a1Descubre el detr\u00e1s de c\u00e1maras y al nuevo elenco de Stranger Things 5!"},"content":{"rendered":"<p><span style=\"font-weight: 400\"><strong>Netflix<\/strong> public\u00f3 un emocionante vistazo detr\u00e1s de c\u00e1maras que marca el punto medio de la filmaci\u00f3n de la quinta y \u00faltima temporada de la aclamada serie<em><strong> Stranger Things<\/strong><\/em>, revelando adem\u00e1s a los nuevos miembros del elenco.\u00a0<\/span><\/p>\n<p><span style=\"font-weight: 400\"><strong>Nell Fisher, Jake Connelly y Alex Breaux<\/strong> se unen a los ya conocidos actores de la serie, como\u00a0 Winona Ryder, David Harbour, Finn Wolfhard, Millie Bobby Brown, Gaten Matarazzo, Caleb McLaughlin, Natalia Dyer, Charlie Heaton, Cara Buono, Matthew Modine, Noah Schnapp, Sadie Sink, Joe Keery, Dacre Montgomery, Sean Astin, Paul Reiser, Maya Hawke, Priah Ferguson, Brett Gelman, Jamie Campbell Bower, Eduardo Franco, Joseph Quinn y Amybeth McNulty.<\/span><\/p>\n<p><span style=\"font-weight: 400\">Desde su debut en julio de 2016, <em>Stranger Things<\/em>, creada por los<strong> hermanos Duffer<\/strong>, se ha convertido en una de las series m\u00e1s exitosas de Netflix. La cuarta temporada acumul\u00f3 m\u00e1s de 140.7 millones de visualizaciones globales, reviviendo la nostalgia de los 80 con cada episodio.<\/span><\/p>\n<p><span style=\"font-weight: 400\">Con el estreno de los nuevos episodios, la serie ha resucitado la canci\u00f3n <strong><em>Running Up That Hill<\/em><\/strong> de <strong>Kate Bush<\/strong>, que lleg\u00f3 al top 10 del Billboard Hot 100 por primera vez en sus 38 a\u00f1os de historia.<\/span><\/p>\n<p><span style=\"font-weight: 400\"><em>Stranger Things<\/em> ha sido nominada a m\u00e1s de 230 premios y ha ganado m\u00e1s de 70, incluyendo varios Emmy y un premio SAG a la mejor interpretaci\u00f3n de reparto en una serie dram\u00e1tica. Los fans de todo el mundo muestran su amor por la serie celebrando el <strong>D\u00eda de Stranger Things el 6 de noviembre<\/strong>, la fecha en que desapareci\u00f3 Will Byers.<\/span><\/p>\n<p><span style=\"font-weight: 400\">La quinta temporada ha sido anunciada como la \u00faltima, pero los proyectos de este universo no terminan aqu\u00ed. Pronto podremos disfrutar de S<em><strong>tranger Things: The First Shadow<\/strong><\/em> en vivo en el West End de Londres y una serie de animaci\u00f3n a\u00fan sin t\u00edtulo.<\/span><\/p>\n<p><iframe loading=\"lazy\" title=\"Detr\u00e1s de c\u00e1maras | Stranger Things\u00a05 | En el set de la temporada final | Netflix\" width=\"500\" height=\"281\" src=\"https:\/\/www.youtube.com\/embed\/0kj7uBFcjAE?feature=oembed\" frameborder=\"0\" allow=\"accelerometer; autoplay; clipboard-write; encrypted-media; gyroscope; picture-in-picture; web-share\" referrerpolicy=\"strict-origin-when-cross-origin\" allowfullscreen><\/iframe><\/p>\n","protected":false},"author":11628,"featured_media":103162,"template":"","format":"standard","categories":[12517],"acf":[],"yoast_head":"<!-- This site is optimized with the Yoast SEO Premium plugin v18.5 (Yoast SEO v20.4) - https:\/\/yoast.com\/wordpress\/plugins\/seo\/ -->\n<title>\u00a1Descubre el detr\u00e1s de c\u00e1maras y al nuevo elenco de Stranger Things 5! | Grazia M\u00e9xico y Latinoam\u00e9rica<\/title>\n<meta name=\"description\" content=\"Netflix public\u00f3 un emocionante vistazo detr\u00e1s de c\u00e1maras que marca el punto medio de la filmaci\u00f3n de la quinta y \u00faltima temporada de la aclamada serie\" \/>\n<meta name=\"robots\" content=\"index, follow, max-snippet:-1, max-image-preview:large, max-video-preview:-1\" \/>\n<link rel=\"canonical\" href=\"https:\/\/graziamagazine.com\/mx\/articles\/descubre-el-detras-de-camaras-y-al-nuevo-elenco-de-stranger-things-5\/\" \/>\n<meta property=\"og:locale\" content=\"es_MX\" \/>\n<meta property=\"og:type\" content=\"article\" \/>\n<meta property=\"og:title\" content=\"\u00a1Descubre el detr\u00e1s de c\u00e1maras y al nuevo elenco de Stranger Things 5!\" \/>\n<meta property=\"og:description\" content=\"Netflix public\u00f3 un emocionante vistazo detr\u00e1s de c\u00e1maras que marca el punto medio de la filmaci\u00f3n de la quinta y \u00faltima temporada de la aclamada serie\" \/>\n<meta property=\"og:url\" content=\"https:\/\/graziamagazine.com\/mx\/articles\/descubre-el-detras-de-camaras-y-al-nuevo-elenco-de-stranger-things-5\/\" \/>\n<meta property=\"og:site_name\" content=\"Grazia M\u00e9xico y Latinoam\u00e9rica\" \/>\n<meta property=\"article:modified_time\" content=\"2024-07-23T03:57:47+00:00\" \/>\n<meta property=\"og:image\" content=\"https:\/\/graziamagazine.com\/mx\/wp-content\/uploads\/sites\/13\/2021\/11\/1561615.jpeg\" \/>\n\t<meta property=\"og:image:width\" content=\"1280\" \/>\n\t<meta property=\"og:image:height\" content=\"720\" \/>\n\t<meta property=\"og:image:type\" content=\"image\/jpeg\" \/>\n<meta name=\"twitter:card\" content=\"summary_large_image\" \/>\n<meta name=\"twitter:label1\" content=\"Est. reading time\" \/>\n\t<meta name=\"twitter:data1\" content=\"2 minutos\" \/>\n<script type=\"application\/ld+json\" class=\"yoast-schema-graph\">{\"@context\":\"https:\/\/schema.org\",\"@graph\":[{\"@type\":\"WebPage\",\"@id\":\"https:\/\/graziamagazine.com\/mx\/articles\/descubre-el-detras-de-camaras-y-al-nuevo-elenco-de-stranger-things-5\/\",\"url\":\"https:\/\/graziamagazine.com\/mx\/articles\/descubre-el-detras-de-camaras-y-al-nuevo-elenco-de-stranger-things-5\/\",\"name\":\"\u00a1Descubre el detr\u00e1s de c\u00e1maras y al nuevo elenco de Stranger Things 5! | Grazia M\u00e9xico y Latinoam\u00e9rica\",\"isPartOf\":{\"@id\":\"https:\/\/graziamagazine.com\/mx\/#website\"},\"datePublished\":\"2024-07-19T14:00:38+00:00\",\"dateModified\":\"2024-07-23T03:57:47+00:00\",\"description\":\"Netflix public\u00f3 un emocionante vistazo detr\u00e1s de c\u00e1maras que marca el punto medio de la filmaci\u00f3n de la quinta y \u00faltima temporada de la aclamada serie\",\"breadcrumb\":{\"@id\":\"https:\/\/graziamagazine.com\/mx\/articles\/descubre-el-detras-de-camaras-y-al-nuevo-elenco-de-stranger-things-5\/#breadcrumb\"},\"inLanguage\":\"es-MX\",\"potentialAction\":[{\"@type\":\"ReadAction\",\"target\":[\"https:\/\/graziamagazine.com\/mx\/articles\/descubre-el-detras-de-camaras-y-al-nuevo-elenco-de-stranger-things-5\/\"]}]},{\"@type\":\"BreadcrumbList\",\"@id\":\"https:\/\/graziamagazine.com\/mx\/articles\/descubre-el-detras-de-camaras-y-al-nuevo-elenco-de-stranger-things-5\/#breadcrumb\",\"itemListElement\":[{\"@type\":\"ListItem\",\"position\":1,\"name\":\"Home\",\"item\":\"https:\/\/graziamagazine.com\/mx\/\"},{\"@type\":\"ListItem\",\"position\":2,\"name\":\"\u00a1Descubre el detr\u00e1s de c\u00e1maras y al nuevo elenco de Stranger Things 5!\"}]},{\"@type\":\"WebSite\",\"@id\":\"https:\/\/graziamagazine.com\/mx\/#website\",\"url\":\"https:\/\/graziamagazine.com\/mx\/\",\"name\":\"Grazia M\u00e9xico y Latinoam\u00e9rica\",\"description\":\"Grazia es moda, belleza y noticias  de actualidad \",\"potentialAction\":[{\"@type\":\"SearchAction\",\"target\":{\"@type\":\"EntryPoint\",\"urlTemplate\":\"https:\/\/graziamagazine.com\/mx\/?s={search_term_string}\"},\"query-input\":\"required name=search_term_string\"}],\"inLanguage\":\"es-MX\"}]}<\/script>\n<!-- \/ Yoast SEO Premium plugin. -->","yoast_head_json":{"title":"\u00a1Descubre el detr\u00e1s de c\u00e1maras y al nuevo elenco de Stranger Things 5! | Grazia M\u00e9xico y Latinoam\u00e9rica","description":"Netflix public\u00f3 un emocionante vistazo detr\u00e1s de c\u00e1maras que marca el punto medio de la filmaci\u00f3n de la quinta y \u00faltima temporada de la aclamada serie","robots":{"index":"index","follow":"follow","max-snippet":"max-snippet:-1","max-image-preview":"max-image-preview:large","max-video-preview":"max-video-preview:-1"},"canonical":"https:\/\/graziamagazine.com\/mx\/articles\/descubre-el-detras-de-camaras-y-al-nuevo-elenco-de-stranger-things-5\/","og_locale":"es_MX","og_type":"article","og_title":"\u00a1Descubre el detr\u00e1s de c\u00e1maras y al nuevo elenco de Stranger Things 5!","og_description":"Netflix public\u00f3 un emocionante vistazo detr\u00e1s de c\u00e1maras que marca el punto medio de la filmaci\u00f3n de la quinta y \u00faltima temporada de la aclamada serie","og_url":"https:\/\/graziamagazine.com\/mx\/articles\/descubre-el-detras-de-camaras-y-al-nuevo-elenco-de-stranger-things-5\/","og_site_name":"Grazia M\u00e9xico y Latinoam\u00e9rica","article_modified_time":"2024-07-23T03:57:47+00:00","og_image":[{"width":1280,"height":720,"url":"https:\/\/graziamagazine.com\/mx\/wp-content\/uploads\/sites\/13\/2021\/11\/1561615.jpeg","type":"image\/jpeg"}],"twitter_card":"summary_large_image","twitter_misc":{"Est. reading time":"2 minutos"},"schema":{"@context":"https:\/\/schema.org","@graph":[{"@type":"WebPage","@id":"https:\/\/graziamagazine.com\/mx\/articles\/descubre-el-detras-de-camaras-y-al-nuevo-elenco-de-stranger-things-5\/","url":"https:\/\/graziamagazine.com\/mx\/articles\/descubre-el-detras-de-camaras-y-al-nuevo-elenco-de-stranger-things-5\/","name":"\u00a1Descubre el detr\u00e1s de c\u00e1maras y al nuevo elenco de Stranger Things 5! | Grazia M\u00e9xico y Latinoam\u00e9rica","isPartOf":{"@id":"https:\/\/graziamagazine.com\/mx\/#website"},"datePublished":"2024-07-19T14:00:38+00:00","dateModified":"2024-07-23T03:57:47+00:00","description":"Netflix public\u00f3 un emocionante vistazo detr\u00e1s de c\u00e1maras que marca el punto medio de la filmaci\u00f3n de la quinta y \u00faltima temporada de la aclamada serie","breadcrumb":{"@id":"https:\/\/graziamagazine.com\/mx\/articles\/descubre-el-detras-de-camaras-y-al-nuevo-elenco-de-stranger-things-5\/#breadcrumb"},"inLanguage":"es-MX","potentialAction":[{"@type":"ReadAction","target":["https:\/\/graziamagazine.com\/mx\/articles\/descubre-el-detras-de-camaras-y-al-nuevo-elenco-de-stranger-things-5\/"]}]},{"@type":"BreadcrumbList","@id":"https:\/\/graziamagazine.com\/mx\/articles\/descubre-el-detras-de-camaras-y-al-nuevo-elenco-de-stranger-things-5\/#breadcrumb","itemListElement":[{"@type":"ListItem","position":1,"name":"Home","item":"https:\/\/graziamagazine.com\/mx\/"},{"@type":"ListItem","position":2,"name":"\u00a1Descubre el detr\u00e1s de c\u00e1maras y al nuevo elenco de Stranger Things 5!"}]},{"@type":"WebSite","@id":"https:\/\/graziamagazine.com\/mx\/#website","url":"https:\/\/graziamagazine.com\/mx\/","name":"Grazia M\u00e9xico y Latinoam\u00e9rica","description":"Grazia es moda, belleza y noticias  de actualidad ","potentialAction":[{"@type":"SearchAction","target":{"@type":"EntryPoint","urlTemplate":"https:\/\/graziamagazine.com\/mx\/?s={search_term_string}"},"query-input":"required name=search_term_string"}],"inLanguage":"es-MX"}]}},"jetpack_sharing_enabled":true,"distributor_meta":false,"distributor_terms":false,"distributor_media":false,"distributor_original_site_name":"Grazia M\u00e9xico y Latinoam\u00e9rica","distributor_original_site_url":"https:\/\/graziamagazine.com\/mx","push-errors":false,"_links":{"self":[{"href":"https:\/\/graziamagazine.com\/mx\/wp-json\/wp\/v2\/articles\/139382"}],"collection":[{"href":"https:\/\/graziamagazine.com\/mx\/wp-json\/wp\/v2\/articles"}],"about":[{"href":"https:\/\/graziamagazine.com\/mx\/wp-json\/wp\/v2\/types\/articles"}],"author":[{"embeddable":true,"href":"https:\/\/graziamagazine.com\/mx\/wp-json\/wp\/v2\/users\/11628"}],"wp:featuredmedia":[{"embeddable":true,"href":"https:\/\/graziamagazine.com\/mx\/wp-json\/wp\/v2\/media\/103162"}],"wp:attachment":[{"href":"https:\/\/graziamagazine.com\/mx\/wp-json\/wp\/v2\/media?parent=139382"}],"wp:term":[{"taxonomy":"category","embeddable":true,"href":"https:\/\/graziamagazine.com\/mx\/wp-json\/wp\/v2\/categories?post=139382"}],"curies":[{"name":"wp","href":"https:\/\/api.w.org\/{rel}","templated":true}]}}