{"id":139359,"date":"2024-07-18T13:41:47","date_gmt":"2024-07-18T18:41:47","guid":{"rendered":"https:\/\/graziamagazine.com\/mx\/?post_type=articles&#038;p=139359"},"modified":"2024-07-23T13:39:51","modified_gmt":"2024-07-23T18:39:51","slug":"converse-y-comme-des-garcons-celebran-15-anos-relanzando-su-iconico-diseno-original","status":"publish","type":"articles","link":"https:\/\/graziamagazine.com\/mx\/articles\/converse-y-comme-des-garcons-celebran-15-anos-relanzando-su-iconico-diseno-original\/","title":{"rendered":"Converse y Comme des Gar\u00e7ons celebran 15 a\u00f1os relanzando su ic\u00f3nico dise\u00f1o original"},"content":{"rendered":"<p>En el mundo de la moda, pocas colaboraciones han dejado una huella tan indeleble como la de Converse y Comme des Gar\u00e7ons. Se trata de la colaboraci\u00f3n entre <strong>Converse y PLAY Comme des Gar\u00e7ons,<\/strong> una uni\u00f3n que ha capturado la atenci\u00f3n del mundo de la moda y m\u00e1s all\u00e1.<\/p>\n<p>Esta colaboraci\u00f3n ha sido un \u00e9xito desde su inicio hace 15 a\u00f1os, en 2009. \u00bfTe sorprende saber que esta collab ha perdurado tanto tiempo?<\/p>\n<p>Es una prueba del equilibrio perfecto entre la sencillez de los Chuck Taylor y el vanguardismo minimalista de Comme des Gar\u00e7ons.<\/p>\n<p>Para celebrar el 15\u00b0 aniversario de esta exitosa asociaci\u00f3n, ambas marcas han decidido rendir homenaje a sus inicios relanzando el modelo original que dio comienzo a todo: <strong>Converse x PLAY Comme des Gar\u00e7ons OG Single Hearts.<\/strong><\/p>\n<figure id=\"attachment_139361\" aria-describedby=\"caption-attachment-139361\" style=\"width: 1024px\" class=\"wp-caption alignnone\"><img loading=\"lazy\" decoding=\"async\" class=\"size-large wp-image-139361\" src=\"https:\/\/graziamagazine.com\/mx\/wp-content\/uploads\/sites\/13\/2024\/07\/Captura-de-Pantalla-2024-07-18-a-las-12.48.09-1024x1007.png\" alt=\"Converse y Comme des Gar\u00e7ons celebran 15 a\u00f1os relanzando su ic\u00f3nico dise\u00f1o original\" width=\"1024\" height=\"1007\" srcset=\"https:\/\/graziamagazine.com\/mx\/wp-content\/uploads\/sites\/13\/2024\/07\/Captura-de-Pantalla-2024-07-18-a-las-12.48.09-1024x1007.png 1024w, https:\/\/graziamagazine.com\/mx\/wp-content\/uploads\/sites\/13\/2024\/07\/Captura-de-Pantalla-2024-07-18-a-las-12.48.09-450x443.png 450w, https:\/\/graziamagazine.com\/mx\/wp-content\/uploads\/sites\/13\/2024\/07\/Captura-de-Pantalla-2024-07-18-a-las-12.48.09-768x755.png 768w, https:\/\/graziamagazine.com\/mx\/wp-content\/uploads\/sites\/13\/2024\/07\/Captura-de-Pantalla-2024-07-18-a-las-12.48.09-400x393.png 400w, https:\/\/graziamagazine.com\/mx\/wp-content\/uploads\/sites\/13\/2024\/07\/Captura-de-Pantalla-2024-07-18-a-las-12.48.09-155x152.png 155w, https:\/\/graziamagazine.com\/mx\/wp-content\/uploads\/sites\/13\/2024\/07\/Captura-de-Pantalla-2024-07-18-a-las-12.48.09.png 1446w\" sizes=\"(max-width: 1024px) 100vw, 1024px\" \/><figcaption id=\"caption-attachment-139361\" class=\"wp-caption-text\">Converse y Comme des Gar\u00e7ons celebran 15 a\u00f1os relanzando su ic\u00f3nico dise\u00f1o original<\/figcaption><\/figure>\n<p>Este dise\u00f1o emblem\u00e1tico presenta el coraz\u00f3n completo en un costado de los tenis, un s\u00edmbolo optimista y sin pretensiones que ha capturado la imaginaci\u00f3n de los aficionados a la moda de todo el mundo.<\/p>\n<p>En su debut en 2009, el dise\u00f1o apareci\u00f3 exclusivamente en los <strong>Chuck Taylor All Star<\/strong>. Ahora, para conmemorar este hito, tambi\u00e9n estar\u00e1 disponible en los<strong> Chuck 70 y en los Chuck 70 OX.<\/strong><\/p>\n<p>Los modelos de esta edici\u00f3n limitada est\u00e1n disponibles en los<strong> colores cl\u00e1sicos milk y black con punteras blancas<\/strong>, y por primera vez, tambi\u00e9n se incluir\u00e1n en la oferta de<strong> calzado infantil. <\/strong><\/p>\n<p>Estos Chucks de edici\u00f3n limitada est\u00e1n confeccionados en lona de primera calidad y cuentan con plantillas de marcas compartidas, asegurando comodidad y durabilidad.<\/p>\n<figure id=\"attachment_139362\" aria-describedby=\"caption-attachment-139362\" style=\"width: 1024px\" class=\"wp-caption alignnone\"><img loading=\"lazy\" decoding=\"async\" class=\"size-large wp-image-139362\" src=\"https:\/\/graziamagazine.com\/mx\/wp-content\/uploads\/sites\/13\/2024\/07\/Captura-de-Pantalla-2024-07-18-a-las-12.48.16-1024x1024.png\" alt=\"Converse y Comme des Gar\u00e7ons celebran 15 a\u00f1os relanzando su ic\u00f3nico dise\u00f1o original\" width=\"1024\" height=\"1024\" srcset=\"https:\/\/graziamagazine.com\/mx\/wp-content\/uploads\/sites\/13\/2024\/07\/Captura-de-Pantalla-2024-07-18-a-las-12.48.16-1024x1024.png 1024w, https:\/\/graziamagazine.com\/mx\/wp-content\/uploads\/sites\/13\/2024\/07\/Captura-de-Pantalla-2024-07-18-a-las-12.48.16-450x450.png 450w, https:\/\/graziamagazine.com\/mx\/wp-content\/uploads\/sites\/13\/2024\/07\/Captura-de-Pantalla-2024-07-18-a-las-12.48.16-150x150.png 150w, https:\/\/graziamagazine.com\/mx\/wp-content\/uploads\/sites\/13\/2024\/07\/Captura-de-Pantalla-2024-07-18-a-las-12.48.16-768x767.png 768w, https:\/\/graziamagazine.com\/mx\/wp-content\/uploads\/sites\/13\/2024\/07\/Captura-de-Pantalla-2024-07-18-a-las-12.48.16-400x399.png 400w, https:\/\/graziamagazine.com\/mx\/wp-content\/uploads\/sites\/13\/2024\/07\/Captura-de-Pantalla-2024-07-18-a-las-12.48.16-155x155.png 155w, https:\/\/graziamagazine.com\/mx\/wp-content\/uploads\/sites\/13\/2024\/07\/Captura-de-Pantalla-2024-07-18-a-las-12.48.16.png 1444w\" sizes=\"(max-width: 1024px) 100vw, 1024px\" \/><figcaption id=\"caption-attachment-139362\" class=\"wp-caption-text\">Converse y Comme des Gar\u00e7ons celebran 15 a\u00f1os relanzando su ic\u00f3nico dise\u00f1o original<\/figcaption><\/figure>\n<p>Para los coleccionistas de calzado, este relanzamiento representa una oportunidad \u00fanica para a\u00f1adir a su colecci\u00f3n el modelo original de esta ic\u00f3nica colaboraci\u00f3n. La simplicidad del dise\u00f1o, combinada con el toque art\u00edstico de Comme des Gar\u00e7ons, ha asegurado que estos tenis sigan siendo un referente en el mundo de la moda.<\/p>\n<p>Converse y Comme des Gar\u00e7ons han demostrado que una colaboraci\u00f3n bien pensada puede trascender el tiempo y las tendencias. Este relanzamiento no solo celebra 15 a\u00f1os de \u00e9xito, sino que tambi\u00e9n reafirma el compromiso de ambas marcas con la calidad y el dise\u00f1o innovador.<\/p>\n<p>As\u00ed que, si eres un entusiasta de la moda o simplemente alguien que aprecia el buen dise\u00f1o, esta es tu oportunidad para conseguir un par de estos legendarios tenis.<\/p>\n<p><em><strong>*IMAGEN: Google Images<\/strong><\/em><\/p>\n","protected":false},"author":28953,"featured_media":139360,"template":"","format":"standard","categories":[4],"acf":[],"yoast_head":"<!-- This site is optimized with the Yoast SEO Premium plugin v18.5 (Yoast SEO v20.4) - https:\/\/yoast.com\/wordpress\/plugins\/seo\/ -->\n<title>Converse y Comme des Gar\u00e7ons celebran 15 a\u00f1os relanzando su ic\u00f3nico dise\u00f1o original<\/title>\n<meta name=\"description\" content=\"El ic\u00f3nico coraz\u00f3n de Comme des Gar\u00e7ons regresa en los Chuck Taylor, Chuck 70 y Chuck 70 OX para celebrar el aniversario.\" \/>\n<meta name=\"robots\" content=\"index, follow, max-snippet:-1, max-image-preview:large, max-video-preview:-1\" \/>\n<link rel=\"canonical\" href=\"https:\/\/graziamagazine.com\/mx\/articles\/converse-y-comme-des-garcons-celebran-15-anos-relanzando-su-iconico-diseno-original\/\" \/>\n<meta property=\"og:locale\" content=\"es_MX\" \/>\n<meta property=\"og:type\" content=\"article\" \/>\n<meta property=\"og:title\" content=\"Converse y Comme des Gar\u00e7ons celebran 15 a\u00f1os relanzando su ic\u00f3nico dise\u00f1o original\" \/>\n<meta property=\"og:description\" content=\"El ic\u00f3nico coraz\u00f3n de Comme des Gar\u00e7ons regresa en los Chuck Taylor, Chuck 70 y Chuck 70 OX para celebrar el aniversario.\" \/>\n<meta property=\"og:url\" content=\"https:\/\/graziamagazine.com\/mx\/articles\/converse-y-comme-des-garcons-celebran-15-anos-relanzando-su-iconico-diseno-original\/\" \/>\n<meta property=\"og:site_name\" content=\"Grazia M\u00e9xico y Latinoam\u00e9rica\" \/>\n<meta property=\"article:modified_time\" content=\"2024-07-23T18:39:51+00:00\" \/>\n<meta property=\"og:image\" content=\"https:\/\/graziamagazine.com\/mx\/wp-content\/uploads\/sites\/13\/2024\/07\/Captura-de-Pantalla-2024-07-18-a-las-12.48.01-e1721328607701.png\" \/>\n\t<meta property=\"og:image:width\" content=\"1452\" \/>\n\t<meta property=\"og:image:height\" content=\"866\" \/>\n\t<meta property=\"og:image:type\" content=\"image\/png\" \/>\n<meta name=\"twitter:card\" content=\"summary_large_image\" \/>\n<meta name=\"twitter:label1\" content=\"Est. reading time\" \/>\n\t<meta name=\"twitter:data1\" content=\"3 minutos\" \/>\n<script type=\"application\/ld+json\" class=\"yoast-schema-graph\">{\"@context\":\"https:\/\/schema.org\",\"@graph\":[{\"@type\":\"WebPage\",\"@id\":\"https:\/\/graziamagazine.com\/mx\/articles\/converse-y-comme-des-garcons-celebran-15-anos-relanzando-su-iconico-diseno-original\/\",\"url\":\"https:\/\/graziamagazine.com\/mx\/articles\/converse-y-comme-des-garcons-celebran-15-anos-relanzando-su-iconico-diseno-original\/\",\"name\":\"Converse y Comme des Gar\u00e7ons celebran 15 a\u00f1os relanzando su ic\u00f3nico dise\u00f1o original\",\"isPartOf\":{\"@id\":\"https:\/\/graziamagazine.com\/mx\/#website\"},\"datePublished\":\"2024-07-18T18:41:47+00:00\",\"dateModified\":\"2024-07-23T18:39:51+00:00\",\"description\":\"El ic\u00f3nico coraz\u00f3n de Comme des Gar\u00e7ons regresa en los Chuck Taylor, Chuck 70 y Chuck 70 OX para celebrar el aniversario.\",\"breadcrumb\":{\"@id\":\"https:\/\/graziamagazine.com\/mx\/articles\/converse-y-comme-des-garcons-celebran-15-anos-relanzando-su-iconico-diseno-original\/#breadcrumb\"},\"inLanguage\":\"es-MX\",\"potentialAction\":[{\"@type\":\"ReadAction\",\"target\":[\"https:\/\/graziamagazine.com\/mx\/articles\/converse-y-comme-des-garcons-celebran-15-anos-relanzando-su-iconico-diseno-original\/\"]}]},{\"@type\":\"BreadcrumbList\",\"@id\":\"https:\/\/graziamagazine.com\/mx\/articles\/converse-y-comme-des-garcons-celebran-15-anos-relanzando-su-iconico-diseno-original\/#breadcrumb\",\"itemListElement\":[{\"@type\":\"ListItem\",\"position\":1,\"name\":\"Home\",\"item\":\"https:\/\/graziamagazine.com\/mx\/\"},{\"@type\":\"ListItem\",\"position\":2,\"name\":\"Converse y Comme des Gar\u00e7ons celebran 15 a\u00f1os relanzando su ic\u00f3nico dise\u00f1o original\"}]},{\"@type\":\"WebSite\",\"@id\":\"https:\/\/graziamagazine.com\/mx\/#website\",\"url\":\"https:\/\/graziamagazine.com\/mx\/\",\"name\":\"Grazia M\u00e9xico y Latinoam\u00e9rica\",\"description\":\"Grazia es moda, belleza y noticias  de actualidad \",\"potentialAction\":[{\"@type\":\"SearchAction\",\"target\":{\"@type\":\"EntryPoint\",\"urlTemplate\":\"https:\/\/graziamagazine.com\/mx\/?s={search_term_string}\"},\"query-input\":\"required name=search_term_string\"}],\"inLanguage\":\"es-MX\"}]}<\/script>\n<!-- \/ Yoast SEO Premium plugin. -->","yoast_head_json":{"title":"Converse y Comme des Gar\u00e7ons celebran 15 a\u00f1os relanzando su ic\u00f3nico dise\u00f1o original","description":"El ic\u00f3nico coraz\u00f3n de Comme des Gar\u00e7ons regresa en los Chuck Taylor, Chuck 70 y Chuck 70 OX para celebrar el aniversario.","robots":{"index":"index","follow":"follow","max-snippet":"max-snippet:-1","max-image-preview":"max-image-preview:large","max-video-preview":"max-video-preview:-1"},"canonical":"https:\/\/graziamagazine.com\/mx\/articles\/converse-y-comme-des-garcons-celebran-15-anos-relanzando-su-iconico-diseno-original\/","og_locale":"es_MX","og_type":"article","og_title":"Converse y Comme des Gar\u00e7ons celebran 15 a\u00f1os relanzando su ic\u00f3nico dise\u00f1o original","og_description":"El ic\u00f3nico coraz\u00f3n de Comme des Gar\u00e7ons regresa en los Chuck Taylor, Chuck 70 y Chuck 70 OX para celebrar el aniversario.","og_url":"https:\/\/graziamagazine.com\/mx\/articles\/converse-y-comme-des-garcons-celebran-15-anos-relanzando-su-iconico-diseno-original\/","og_site_name":"Grazia M\u00e9xico y Latinoam\u00e9rica","article_modified_time":"2024-07-23T18:39:51+00:00","og_image":[{"width":1452,"height":866,"url":"https:\/\/graziamagazine.com\/mx\/wp-content\/uploads\/sites\/13\/2024\/07\/Captura-de-Pantalla-2024-07-18-a-las-12.48.01-e1721328607701.png","type":"image\/png"}],"twitter_card":"summary_large_image","twitter_misc":{"Est. reading time":"3 minutos"},"schema":{"@context":"https:\/\/schema.org","@graph":[{"@type":"WebPage","@id":"https:\/\/graziamagazine.com\/mx\/articles\/converse-y-comme-des-garcons-celebran-15-anos-relanzando-su-iconico-diseno-original\/","url":"https:\/\/graziamagazine.com\/mx\/articles\/converse-y-comme-des-garcons-celebran-15-anos-relanzando-su-iconico-diseno-original\/","name":"Converse y Comme des Gar\u00e7ons celebran 15 a\u00f1os relanzando su ic\u00f3nico dise\u00f1o original","isPartOf":{"@id":"https:\/\/graziamagazine.com\/mx\/#website"},"datePublished":"2024-07-18T18:41:47+00:00","dateModified":"2024-07-23T18:39:51+00:00","description":"El ic\u00f3nico coraz\u00f3n de Comme des Gar\u00e7ons regresa en los Chuck Taylor, Chuck 70 y Chuck 70 OX para celebrar el aniversario.","breadcrumb":{"@id":"https:\/\/graziamagazine.com\/mx\/articles\/converse-y-comme-des-garcons-celebran-15-anos-relanzando-su-iconico-diseno-original\/#breadcrumb"},"inLanguage":"es-MX","potentialAction":[{"@type":"ReadAction","target":["https:\/\/graziamagazine.com\/mx\/articles\/converse-y-comme-des-garcons-celebran-15-anos-relanzando-su-iconico-diseno-original\/"]}]},{"@type":"BreadcrumbList","@id":"https:\/\/graziamagazine.com\/mx\/articles\/converse-y-comme-des-garcons-celebran-15-anos-relanzando-su-iconico-diseno-original\/#breadcrumb","itemListElement":[{"@type":"ListItem","position":1,"name":"Home","item":"https:\/\/graziamagazine.com\/mx\/"},{"@type":"ListItem","position":2,"name":"Converse y Comme des Gar\u00e7ons celebran 15 a\u00f1os relanzando su ic\u00f3nico dise\u00f1o original"}]},{"@type":"WebSite","@id":"https:\/\/graziamagazine.com\/mx\/#website","url":"https:\/\/graziamagazine.com\/mx\/","name":"Grazia M\u00e9xico y Latinoam\u00e9rica","description":"Grazia es moda, belleza y noticias  de actualidad ","potentialAction":[{"@type":"SearchAction","target":{"@type":"EntryPoint","urlTemplate":"https:\/\/graziamagazine.com\/mx\/?s={search_term_string}"},"query-input":"required name=search_term_string"}],"inLanguage":"es-MX"}]}},"jetpack_sharing_enabled":true,"distributor_meta":false,"distributor_terms":false,"distributor_media":false,"distributor_original_site_name":"Grazia M\u00e9xico y Latinoam\u00e9rica","distributor_original_site_url":"https:\/\/graziamagazine.com\/mx","push-errors":false,"_links":{"self":[{"href":"https:\/\/graziamagazine.com\/mx\/wp-json\/wp\/v2\/articles\/139359"}],"collection":[{"href":"https:\/\/graziamagazine.com\/mx\/wp-json\/wp\/v2\/articles"}],"about":[{"href":"https:\/\/graziamagazine.com\/mx\/wp-json\/wp\/v2\/types\/articles"}],"author":[{"embeddable":true,"href":"https:\/\/graziamagazine.com\/mx\/wp-json\/wp\/v2\/users\/28953"}],"wp:featuredmedia":[{"embeddable":true,"href":"https:\/\/graziamagazine.com\/mx\/wp-json\/wp\/v2\/media\/139360"}],"wp:attachment":[{"href":"https:\/\/graziamagazine.com\/mx\/wp-json\/wp\/v2\/media?parent=139359"}],"wp:term":[{"taxonomy":"category","embeddable":true,"href":"https:\/\/graziamagazine.com\/mx\/wp-json\/wp\/v2\/categories?post=139359"}],"curies":[{"name":"wp","href":"https:\/\/api.w.org\/{rel}","templated":true}]}}