{"id":139329,"date":"2024-07-17T12:32:01","date_gmt":"2024-07-17T17:32:01","guid":{"rendered":"https:\/\/graziamagazine.com\/mx\/?post_type=articles&#038;p=139329"},"modified":"2024-07-17T12:39:35","modified_gmt":"2024-07-17T17:39:35","slug":"louis-vuitton-x-timberland","status":"publish","type":"articles","link":"https:\/\/graziamagazine.com\/mx\/articles\/louis-vuitton-x-timberland\/","title":{"rendered":"Louis Vuitton x Timberland"},"content":{"rendered":"<div class=\"flex flex-grow flex-col max-w-full\">\n<div class=\"min-h-[20px] text-message flex flex-col items-start whitespace-pre-wrap break-words [.text-message+&amp;]:mt-5 juice:w-full juice:items-end overflow-x-auto gap-2\" dir=\"auto\" data-message-author-role=\"assistant\" data-message-id=\"91500e7b-bcce-4f8e-9f0a-efc35a404fbd\">\n<div class=\"flex w-full flex-col gap-1 juice:empty:hidden juice:first:pt-[3px]\">\n<div class=\"markdown prose w-full break-words dark:prose-invert light\">\n<p>Pocas veces logramos ver colaboraciones tan extraordinarias como la de <strong>Louis Vuitton y Timberland<\/strong>. Este encuentro tit\u00e1nico de dos gigantes de la moda ha dado lugar a una colecci\u00f3n c\u00e1psula que trasciende lo convencional, fusionando de manera magistral la elegancia de Louis Vuitton con la robustez funcional de Timberland.<\/p>\n<p>En cada pieza se percibe una meticulosa atenci\u00f3n a los detalles y un profundo respeto hacia la esencia distintiva de ambas marcas. Esta sinergia no solo rinde homenaje a sus legados individuales, sino que tambi\u00e9n redefine los est\u00e1ndares de la moda contempor\u00e1nea, ofreciendo una propuesta que es a la vez sofisticada y utilitaria, reflejando la visi\u00f3n creativa de <strong>Pharrell Williams<\/strong> y la artesan\u00eda inigualable de la Maison.<\/p>\n<p>Este lanzamiento en el centro de <strong>Par\u00eds<\/strong> marca un hito significativo, integrando<strong> pr\u00eat-\u00e0-porter,<\/strong> la edici\u00f3n limitada del<strong> bolso Keepall 50 Toolbox<\/strong>, y una esperada colaboraci\u00f3n con Timberland en botas de trabajo.<\/p>\n<figure id=\"attachment_139331\" aria-describedby=\"caption-attachment-139331\" style=\"width: 819px\" class=\"wp-caption alignnone\"><img loading=\"lazy\" decoding=\"async\" class=\"size-large wp-image-139331\" src=\"https:\/\/graziamagazine.com\/mx\/wp-content\/uploads\/sites\/13\/2024\/07\/LOUIS_VUITTON_COLLECTION_CAPSULE_WORKWEAR_IMAGE_2-819x1024.jpg\" alt=\"Louis Vuitton x Timberland\" width=\"819\" height=\"1024\" srcset=\"https:\/\/graziamagazine.com\/mx\/wp-content\/uploads\/sites\/13\/2024\/07\/LOUIS_VUITTON_COLLECTION_CAPSULE_WORKWEAR_IMAGE_2-819x1024.jpg 819w, https:\/\/graziamagazine.com\/mx\/wp-content\/uploads\/sites\/13\/2024\/07\/LOUIS_VUITTON_COLLECTION_CAPSULE_WORKWEAR_IMAGE_2-360x450.jpg 360w, https:\/\/graziamagazine.com\/mx\/wp-content\/uploads\/sites\/13\/2024\/07\/LOUIS_VUITTON_COLLECTION_CAPSULE_WORKWEAR_IMAGE_2-768x960.jpg 768w, https:\/\/graziamagazine.com\/mx\/wp-content\/uploads\/sites\/13\/2024\/07\/LOUIS_VUITTON_COLLECTION_CAPSULE_WORKWEAR_IMAGE_2-400x500.jpg 400w, https:\/\/graziamagazine.com\/mx\/wp-content\/uploads\/sites\/13\/2024\/07\/LOUIS_VUITTON_COLLECTION_CAPSULE_WORKWEAR_IMAGE_2-155x194.jpg 155w, https:\/\/graziamagazine.com\/mx\/wp-content\/uploads\/sites\/13\/2024\/07\/LOUIS_VUITTON_COLLECTION_CAPSULE_WORKWEAR_IMAGE_2.jpg 1080w\" sizes=\"(max-width: 819px) 100vw, 819px\" \/><figcaption id=\"caption-attachment-139331\" class=\"wp-caption-text\">Louis Vuitton x Timberland<\/figcaption><\/figure>\n<p>El pr\u00eat-\u00e0-porter de esta colecci\u00f3n encapsula la esencia de la ropa de trabajo americana con el refinado savoir-faire de Louis Vuitton. Las piezas destacan por su <strong>versatilidad y sofisticaci\u00f3n<\/strong>, combinando durabilidad y estilo.<\/p>\n<p>Con <strong>siluetas robustas y detalles artesanales<\/strong>, las prendas presentan trajes de jacquard en tonos marrones, negros y beiges, adornados con motivos de yugos y apliques de cuero. Los botones turquesa, bordados y tachuelas aportan un toque distintivo a las chaquetas y abrigos, creando una fusi\u00f3n perfecta entre elegancia y funcionalidad.<\/p>\n<p>La colaboraci\u00f3n con Timberland trae al mercado <strong>la primera bota de trabajo de Louis Vuitton<\/strong>, reimaginada bajo la direcci\u00f3n creativa de Pharrell Williams.<\/p>\n<figure id=\"attachment_139332\" aria-describedby=\"caption-attachment-139332\" style=\"width: 1024px\" class=\"wp-caption alignnone\"><img loading=\"lazy\" decoding=\"async\" class=\"size-large wp-image-139332\" src=\"https:\/\/graziamagazine.com\/mx\/wp-content\/uploads\/sites\/13\/2024\/07\/LOUIS_VUITTON_COLLECTION_CAPSULE_WORKWEAR_IMAGE_3-1024x576.jpg\" alt=\"Louis Vuitton x Timberland\" width=\"1024\" height=\"576\" srcset=\"https:\/\/graziamagazine.com\/mx\/wp-content\/uploads\/sites\/13\/2024\/07\/LOUIS_VUITTON_COLLECTION_CAPSULE_WORKWEAR_IMAGE_3-1024x576.jpg 1024w, https:\/\/graziamagazine.com\/mx\/wp-content\/uploads\/sites\/13\/2024\/07\/LOUIS_VUITTON_COLLECTION_CAPSULE_WORKWEAR_IMAGE_3-450x253.jpg 450w, https:\/\/graziamagazine.com\/mx\/wp-content\/uploads\/sites\/13\/2024\/07\/LOUIS_VUITTON_COLLECTION_CAPSULE_WORKWEAR_IMAGE_3-768x432.jpg 768w, https:\/\/graziamagazine.com\/mx\/wp-content\/uploads\/sites\/13\/2024\/07\/LOUIS_VUITTON_COLLECTION_CAPSULE_WORKWEAR_IMAGE_3-1536x864.jpg 1536w, https:\/\/graziamagazine.com\/mx\/wp-content\/uploads\/sites\/13\/2024\/07\/LOUIS_VUITTON_COLLECTION_CAPSULE_WORKWEAR_IMAGE_3-400x225.jpg 400w, https:\/\/graziamagazine.com\/mx\/wp-content\/uploads\/sites\/13\/2024\/07\/LOUIS_VUITTON_COLLECTION_CAPSULE_WORKWEAR_IMAGE_3-155x87.jpg 155w, https:\/\/graziamagazine.com\/mx\/wp-content\/uploads\/sites\/13\/2024\/07\/LOUIS_VUITTON_COLLECTION_CAPSULE_WORKWEAR_IMAGE_3.jpg 1920w\" sizes=\"(max-width: 1024px) 100vw, 1024px\" \/><figcaption id=\"caption-attachment-139332\" class=\"wp-caption-text\">Louis Vuitton x Timberland<\/figcaption><\/figure>\n<p>Pre-lanzada en el sitio web de Louis Vuitton y la aplicaci\u00f3n LV el 18 de julio de 2024, y disponible en tiendas seleccionadas a partir del 8 de agosto de 2024, esta gama incluye dos l\u00edneas principales de botas: la <strong>LV 6-Inch y la LV Boot.<\/strong><\/p>\n<p>Elaborada en el <strong>taller italiano de Fiesso d&#8217;Artico<\/strong>, la bota LV 6-Inch se presenta en dise\u00f1os de piel nobuk italiana de alta calidad. Ofrecida en color trigo y negro, cuenta con un sistema de aislamiento y construcci\u00f3n impermeable.<\/p>\n<p>Los detalles incluyen un monograma LV en relieve, forro de leng\u00fceta con el <strong>Monograma<\/strong>, ojales Louis Vuitton y adornos de etiqueta de piel, todo esto sobre una robusta suela de tacos de goma.<\/p>\n<figure id=\"attachment_139333\" aria-describedby=\"caption-attachment-139333\" style=\"width: 1024px\" class=\"wp-caption alignnone\"><img loading=\"lazy\" decoding=\"async\" class=\"size-large wp-image-139333\" src=\"https:\/\/graziamagazine.com\/mx\/wp-content\/uploads\/sites\/13\/2024\/07\/LOUIS_VUITTON_COLLECTION_CAPSULE_WORKWEAR_STILL_IMAGE_1-1024x770.jpg\" alt=\"Louis Vuitton x Timberland\" width=\"1024\" height=\"770\" srcset=\"https:\/\/graziamagazine.com\/mx\/wp-content\/uploads\/sites\/13\/2024\/07\/LOUIS_VUITTON_COLLECTION_CAPSULE_WORKWEAR_STILL_IMAGE_1-1024x770.jpg 1024w, https:\/\/graziamagazine.com\/mx\/wp-content\/uploads\/sites\/13\/2024\/07\/LOUIS_VUITTON_COLLECTION_CAPSULE_WORKWEAR_STILL_IMAGE_1-450x339.jpg 450w, https:\/\/graziamagazine.com\/mx\/wp-content\/uploads\/sites\/13\/2024\/07\/LOUIS_VUITTON_COLLECTION_CAPSULE_WORKWEAR_STILL_IMAGE_1-768x578.jpg 768w, https:\/\/graziamagazine.com\/mx\/wp-content\/uploads\/sites\/13\/2024\/07\/LOUIS_VUITTON_COLLECTION_CAPSULE_WORKWEAR_STILL_IMAGE_1-1536x1156.jpg 1536w, https:\/\/graziamagazine.com\/mx\/wp-content\/uploads\/sites\/13\/2024\/07\/LOUIS_VUITTON_COLLECTION_CAPSULE_WORKWEAR_STILL_IMAGE_1-2048x1541.jpg 2048w, https:\/\/graziamagazine.com\/mx\/wp-content\/uploads\/sites\/13\/2024\/07\/LOUIS_VUITTON_COLLECTION_CAPSULE_WORKWEAR_STILL_IMAGE_1-400x301.jpg 400w, https:\/\/graziamagazine.com\/mx\/wp-content\/uploads\/sites\/13\/2024\/07\/LOUIS_VUITTON_COLLECTION_CAPSULE_WORKWEAR_STILL_IMAGE_1-155x117.jpg 155w\" sizes=\"(max-width: 1024px) 100vw, 1024px\" \/><figcaption id=\"caption-attachment-139333\" class=\"wp-caption-text\">Louis Vuitton x Timberland<\/figcaption><\/figure>\n<p>La LV Boot ampl\u00eda la silueta cl\u00e1sica, presentando versiones de bota tobillera, bota ranger y bota de media ca\u00f1a, todas con suela de tacos de goma. Estas botas est\u00e1n disponibles en piel granulada y nobuk, en colores trigo y negro, destacando por sus detalles de dise\u00f1o como ganchos para los cordones y adornos de correas.<\/p>\n<p>La edici\u00f3n excepcional LV 6-Inch es la joya de la colecci\u00f3n, con <strong>solo cincuenta pares disponibles<\/strong>. Confeccionada en piel italiana impermeable Classic Monogram, esta bota presenta detalles en oro de 18 quilates y las palabras <strong>\u201cTHE SUN IS SHINING ON US\u201d<\/strong> grabadas en la leng\u00fceta, un tributo al debut de Pharrell Williams. Cada par viene en una caja de zapatos Monogram de piel y plexigl\u00e1s.<\/p>\n<figure id=\"attachment_139334\" aria-describedby=\"caption-attachment-139334\" style=\"width: 1024px\" class=\"wp-caption alignnone\"><img loading=\"lazy\" decoding=\"async\" class=\"size-large wp-image-139334\" src=\"https:\/\/graziamagazine.com\/mx\/wp-content\/uploads\/sites\/13\/2024\/07\/LOUIS_VUITTON_COLLECTION_CAPSULE_WORKWEAR_STILL_IMAGE_2-1024x1016.jpg\" alt=\"Louis Vuitton x Timberland\" width=\"1024\" height=\"1016\" srcset=\"https:\/\/graziamagazine.com\/mx\/wp-content\/uploads\/sites\/13\/2024\/07\/LOUIS_VUITTON_COLLECTION_CAPSULE_WORKWEAR_STILL_IMAGE_2-1024x1016.jpg 1024w, https:\/\/graziamagazine.com\/mx\/wp-content\/uploads\/sites\/13\/2024\/07\/LOUIS_VUITTON_COLLECTION_CAPSULE_WORKWEAR_STILL_IMAGE_2-450x447.jpg 450w, https:\/\/graziamagazine.com\/mx\/wp-content\/uploads\/sites\/13\/2024\/07\/LOUIS_VUITTON_COLLECTION_CAPSULE_WORKWEAR_STILL_IMAGE_2-150x150.jpg 150w, https:\/\/graziamagazine.com\/mx\/wp-content\/uploads\/sites\/13\/2024\/07\/LOUIS_VUITTON_COLLECTION_CAPSULE_WORKWEAR_STILL_IMAGE_2-768x762.jpg 768w, https:\/\/graziamagazine.com\/mx\/wp-content\/uploads\/sites\/13\/2024\/07\/LOUIS_VUITTON_COLLECTION_CAPSULE_WORKWEAR_STILL_IMAGE_2-1536x1525.jpg 1536w, https:\/\/graziamagazine.com\/mx\/wp-content\/uploads\/sites\/13\/2024\/07\/LOUIS_VUITTON_COLLECTION_CAPSULE_WORKWEAR_STILL_IMAGE_2-2048x2033.jpg 2048w, https:\/\/graziamagazine.com\/mx\/wp-content\/uploads\/sites\/13\/2024\/07\/LOUIS_VUITTON_COLLECTION_CAPSULE_WORKWEAR_STILL_IMAGE_2-400x397.jpg 400w, https:\/\/graziamagazine.com\/mx\/wp-content\/uploads\/sites\/13\/2024\/07\/LOUIS_VUITTON_COLLECTION_CAPSULE_WORKWEAR_STILL_IMAGE_2-155x154.jpg 155w\" sizes=\"(max-width: 1024px) 100vw, 1024px\" \/><figcaption id=\"caption-attachment-139334\" class=\"wp-caption-text\">Louis Vuitton x Timberland<\/figcaption><\/figure>\n<p>La colecci\u00f3n c\u00e1psula de Louis Vuitton para<strong> oto\u00f1o-invierno 2024<\/strong> no solo celebra la funcionalidad y la durabilidad de la ropa de trabajo americana, sino que tambi\u00e9n realza la intrincada artesan\u00eda y el lujo caracter\u00edsticos de la Maison.<\/p>\n<p>Pharrell Williams, junto con el <strong>Louis Vuitton Studio Pr\u00eat-\u00e0-Porter Homme,<\/strong> ha logrado capturar la esencia de la elegancia, la utilidad y la comodidad en una colecci\u00f3n que promete ser un hito en la moda masculina.<\/p>\n<p><em><strong>*IMAGEN: Cortes\u00eda<\/strong><\/em><\/p>\n<\/div>\n<\/div>\n<\/div>\n<\/div>\n","protected":false},"author":28953,"featured_media":139330,"template":"","format":"standard","categories":[4],"acf":[],"yoast_head":"<!-- This site is optimized with the Yoast SEO Premium plugin v18.5 (Yoast SEO v20.4) - https:\/\/yoast.com\/wordpress\/plugins\/seo\/ -->\n<title>Louis Vuitton x Timberland<\/title>\n<meta name=\"description\" content=\"La colaboraci\u00f3n Louis Vuitton x Timberland combina elegancia y funcionalidad, destacando detalles meticulosos y respetando la esencia \u00fanica de ambas marcas.\" \/>\n<meta name=\"robots\" content=\"index, follow, max-snippet:-1, max-image-preview:large, max-video-preview:-1\" \/>\n<link rel=\"canonical\" href=\"https:\/\/graziamagazine.com\/mx\/articles\/louis-vuitton-x-timberland\/\" \/>\n<meta property=\"og:locale\" content=\"es_MX\" \/>\n<meta property=\"og:type\" content=\"article\" \/>\n<meta property=\"og:title\" content=\"Louis Vuitton x Timberland\" \/>\n<meta property=\"og:description\" content=\"La colaboraci\u00f3n Louis Vuitton x Timberland combina elegancia y funcionalidad, destacando detalles meticulosos y respetando la esencia \u00fanica de ambas marcas.\" \/>\n<meta property=\"og:url\" content=\"https:\/\/graziamagazine.com\/mx\/articles\/louis-vuitton-x-timberland\/\" \/>\n<meta property=\"og:site_name\" content=\"Grazia M\u00e9xico y Latinoam\u00e9rica\" \/>\n<meta property=\"article:modified_time\" content=\"2024-07-17T17:39:35+00:00\" \/>\n<meta property=\"og:image\" content=\"https:\/\/graziamagazine.com\/mx\/wp-content\/uploads\/sites\/13\/2024\/07\/LOUIS_VUITTON_COLLECTION_CAPSULE_WORKWEAR_IMAGE_1.jpg\" \/>\n\t<meta property=\"og:image:width\" content=\"1920\" \/>\n\t<meta property=\"og:image:height\" content=\"1080\" \/>\n\t<meta property=\"og:image:type\" content=\"image\/jpeg\" \/>\n<meta name=\"twitter:card\" content=\"summary_large_image\" \/>\n<meta name=\"twitter:label1\" content=\"Est. reading time\" \/>\n\t<meta name=\"twitter:data1\" content=\"4 minutos\" \/>\n<script type=\"application\/ld+json\" class=\"yoast-schema-graph\">{\"@context\":\"https:\/\/schema.org\",\"@graph\":[{\"@type\":\"WebPage\",\"@id\":\"https:\/\/graziamagazine.com\/mx\/articles\/louis-vuitton-x-timberland\/\",\"url\":\"https:\/\/graziamagazine.com\/mx\/articles\/louis-vuitton-x-timberland\/\",\"name\":\"Louis Vuitton x Timberland\",\"isPartOf\":{\"@id\":\"https:\/\/graziamagazine.com\/mx\/#website\"},\"datePublished\":\"2024-07-17T17:32:01+00:00\",\"dateModified\":\"2024-07-17T17:39:35+00:00\",\"description\":\"La colaboraci\u00f3n Louis Vuitton x Timberland combina elegancia y funcionalidad, destacando detalles meticulosos y respetando la esencia \u00fanica de ambas marcas.\",\"breadcrumb\":{\"@id\":\"https:\/\/graziamagazine.com\/mx\/articles\/louis-vuitton-x-timberland\/#breadcrumb\"},\"inLanguage\":\"es-MX\",\"potentialAction\":[{\"@type\":\"ReadAction\",\"target\":[\"https:\/\/graziamagazine.com\/mx\/articles\/louis-vuitton-x-timberland\/\"]}]},{\"@type\":\"BreadcrumbList\",\"@id\":\"https:\/\/graziamagazine.com\/mx\/articles\/louis-vuitton-x-timberland\/#breadcrumb\",\"itemListElement\":[{\"@type\":\"ListItem\",\"position\":1,\"name\":\"Home\",\"item\":\"https:\/\/graziamagazine.com\/mx\/\"},{\"@type\":\"ListItem\",\"position\":2,\"name\":\"Louis Vuitton x Timberland\"}]},{\"@type\":\"WebSite\",\"@id\":\"https:\/\/graziamagazine.com\/mx\/#website\",\"url\":\"https:\/\/graziamagazine.com\/mx\/\",\"name\":\"Grazia M\u00e9xico y Latinoam\u00e9rica\",\"description\":\"Grazia es moda, belleza y noticias  de actualidad \",\"potentialAction\":[{\"@type\":\"SearchAction\",\"target\":{\"@type\":\"EntryPoint\",\"urlTemplate\":\"https:\/\/graziamagazine.com\/mx\/?s={search_term_string}\"},\"query-input\":\"required name=search_term_string\"}],\"inLanguage\":\"es-MX\"}]}<\/script>\n<!-- \/ Yoast SEO Premium plugin. -->","yoast_head_json":{"title":"Louis Vuitton x Timberland","description":"La colaboraci\u00f3n Louis Vuitton x Timberland combina elegancia y funcionalidad, destacando detalles meticulosos y respetando la esencia \u00fanica de ambas marcas.","robots":{"index":"index","follow":"follow","max-snippet":"max-snippet:-1","max-image-preview":"max-image-preview:large","max-video-preview":"max-video-preview:-1"},"canonical":"https:\/\/graziamagazine.com\/mx\/articles\/louis-vuitton-x-timberland\/","og_locale":"es_MX","og_type":"article","og_title":"Louis Vuitton x Timberland","og_description":"La colaboraci\u00f3n Louis Vuitton x Timberland combina elegancia y funcionalidad, destacando detalles meticulosos y respetando la esencia \u00fanica de ambas marcas.","og_url":"https:\/\/graziamagazine.com\/mx\/articles\/louis-vuitton-x-timberland\/","og_site_name":"Grazia M\u00e9xico y Latinoam\u00e9rica","article_modified_time":"2024-07-17T17:39:35+00:00","og_image":[{"width":1920,"height":1080,"url":"https:\/\/graziamagazine.com\/mx\/wp-content\/uploads\/sites\/13\/2024\/07\/LOUIS_VUITTON_COLLECTION_CAPSULE_WORKWEAR_IMAGE_1.jpg","type":"image\/jpeg"}],"twitter_card":"summary_large_image","twitter_misc":{"Est. reading time":"4 minutos"},"schema":{"@context":"https:\/\/schema.org","@graph":[{"@type":"WebPage","@id":"https:\/\/graziamagazine.com\/mx\/articles\/louis-vuitton-x-timberland\/","url":"https:\/\/graziamagazine.com\/mx\/articles\/louis-vuitton-x-timberland\/","name":"Louis Vuitton x Timberland","isPartOf":{"@id":"https:\/\/graziamagazine.com\/mx\/#website"},"datePublished":"2024-07-17T17:32:01+00:00","dateModified":"2024-07-17T17:39:35+00:00","description":"La colaboraci\u00f3n Louis Vuitton x Timberland combina elegancia y funcionalidad, destacando detalles meticulosos y respetando la esencia \u00fanica de ambas marcas.","breadcrumb":{"@id":"https:\/\/graziamagazine.com\/mx\/articles\/louis-vuitton-x-timberland\/#breadcrumb"},"inLanguage":"es-MX","potentialAction":[{"@type":"ReadAction","target":["https:\/\/graziamagazine.com\/mx\/articles\/louis-vuitton-x-timberland\/"]}]},{"@type":"BreadcrumbList","@id":"https:\/\/graziamagazine.com\/mx\/articles\/louis-vuitton-x-timberland\/#breadcrumb","itemListElement":[{"@type":"ListItem","position":1,"name":"Home","item":"https:\/\/graziamagazine.com\/mx\/"},{"@type":"ListItem","position":2,"name":"Louis Vuitton x Timberland"}]},{"@type":"WebSite","@id":"https:\/\/graziamagazine.com\/mx\/#website","url":"https:\/\/graziamagazine.com\/mx\/","name":"Grazia M\u00e9xico y Latinoam\u00e9rica","description":"Grazia es moda, belleza y noticias  de actualidad ","potentialAction":[{"@type":"SearchAction","target":{"@type":"EntryPoint","urlTemplate":"https:\/\/graziamagazine.com\/mx\/?s={search_term_string}"},"query-input":"required name=search_term_string"}],"inLanguage":"es-MX"}]}},"jetpack_sharing_enabled":true,"distributor_meta":false,"distributor_terms":false,"distributor_media":false,"distributor_original_site_name":"Grazia M\u00e9xico y Latinoam\u00e9rica","distributor_original_site_url":"https:\/\/graziamagazine.com\/mx","push-errors":false,"_links":{"self":[{"href":"https:\/\/graziamagazine.com\/mx\/wp-json\/wp\/v2\/articles\/139329"}],"collection":[{"href":"https:\/\/graziamagazine.com\/mx\/wp-json\/wp\/v2\/articles"}],"about":[{"href":"https:\/\/graziamagazine.com\/mx\/wp-json\/wp\/v2\/types\/articles"}],"author":[{"embeddable":true,"href":"https:\/\/graziamagazine.com\/mx\/wp-json\/wp\/v2\/users\/28953"}],"wp:featuredmedia":[{"embeddable":true,"href":"https:\/\/graziamagazine.com\/mx\/wp-json\/wp\/v2\/media\/139330"}],"wp:attachment":[{"href":"https:\/\/graziamagazine.com\/mx\/wp-json\/wp\/v2\/media?parent=139329"}],"wp:term":[{"taxonomy":"category","embeddable":true,"href":"https:\/\/graziamagazine.com\/mx\/wp-json\/wp\/v2\/categories?post=139329"}],"curies":[{"name":"wp","href":"https:\/\/api.w.org\/{rel}","templated":true}]}}