{"id":139233,"date":"2024-07-14T11:03:52","date_gmt":"2024-07-14T16:03:52","guid":{"rendered":"https:\/\/graziamagazine.com\/mx\/?post_type=articles&#038;p=139233"},"modified":"2024-07-23T13:44:14","modified_gmt":"2024-07-23T18:44:14","slug":"shannen-doherty-la-estrella-rebelde-de-los-90-pierde-su-lucha-contra-el-cancer","status":"publish","type":"articles","link":"https:\/\/graziamagazine.com\/mx\/articles\/shannen-doherty-la-estrella-rebelde-de-los-90-pierde-su-lucha-contra-el-cancer\/","title":{"rendered":"Shannen Doherty: La estrella rebelde de los 90 pierde su lucha contra el c\u00e1ncer"},"content":{"rendered":"<p><strong>Shannen Doherty<\/strong>, la actriz conocida por sus roles memorables en los dramas televisivos de los a\u00f1os 90, falleci\u00f3 el s\u00e1bado a la edad de<strong> 53 a\u00f1os<\/strong> debido a complicaciones relacionadas con el c\u00e1ncer. Su publicista, <strong>Leslie Sloane<\/strong>, confirm\u00f3 la noticia en un comunicado enviado por correo electr\u00f3nico.<\/p>\n<p>Nacida el 12 de abril de 1971 en Memphis, Doherty comenz\u00f3 su carrera actoral a una edad temprana, consolid\u00e1ndose como una estrella infantil en series como <strong>&#8220;Little House on the Prairie&#8221; y &#8220;Our House&#8221;.<\/strong><\/p>\n<figure id=\"attachment_139237\" aria-describedby=\"caption-attachment-139237\" style=\"width: 777px\" class=\"wp-caption alignnone\"><img loading=\"lazy\" decoding=\"async\" class=\"size-large wp-image-139237\" src=\"https:\/\/graziamagazine.com\/mx\/wp-content\/uploads\/sites\/13\/2024\/07\/Captura-de-Pantalla-2024-07-14-a-las-10.03.49-777x1024.png\" alt=\"Shannen Doherty: La estrella rebelde de los 90 pierde su lucha contra el c\u00e1ncer\" width=\"777\" height=\"1024\" srcset=\"https:\/\/graziamagazine.com\/mx\/wp-content\/uploads\/sites\/13\/2024\/07\/Captura-de-Pantalla-2024-07-14-a-las-10.03.49-777x1024.png 777w, https:\/\/graziamagazine.com\/mx\/wp-content\/uploads\/sites\/13\/2024\/07\/Captura-de-Pantalla-2024-07-14-a-las-10.03.49-341x450.png 341w, https:\/\/graziamagazine.com\/mx\/wp-content\/uploads\/sites\/13\/2024\/07\/Captura-de-Pantalla-2024-07-14-a-las-10.03.49-768x1013.png 768w, https:\/\/graziamagazine.com\/mx\/wp-content\/uploads\/sites\/13\/2024\/07\/Captura-de-Pantalla-2024-07-14-a-las-10.03.49-1165x1536.png 1165w, https:\/\/graziamagazine.com\/mx\/wp-content\/uploads\/sites\/13\/2024\/07\/Captura-de-Pantalla-2024-07-14-a-las-10.03.49-400x527.png 400w, https:\/\/graziamagazine.com\/mx\/wp-content\/uploads\/sites\/13\/2024\/07\/Captura-de-Pantalla-2024-07-14-a-las-10.03.49-155x204.png 155w, https:\/\/graziamagazine.com\/mx\/wp-content\/uploads\/sites\/13\/2024\/07\/Captura-de-Pantalla-2024-07-14-a-las-10.03.49.png 1306w\" sizes=\"(max-width: 777px) 100vw, 777px\" \/><figcaption id=\"caption-attachment-139237\" class=\"wp-caption-text\">Shannen Doherty: La estrella rebelde de los 90 pierde su lucha contra el c\u00e1ncer<\/figcaption><\/figure>\n<p>Sin embargo, fue su papel como <strong>Heather Duk<\/strong>e en la pel\u00edcula de culto <strong>&#8220;Heathers&#8221;<\/strong> (1988) lo que la puso en el mapa, antes de convertirse en un \u00edcono cultural como Brenda Walsh en <strong>&#8220;Beverly Hills, 90210&#8221;. <\/strong><\/p>\n<p>Este \u00faltimo papel la catapult\u00f3 a la fama, donde interpret\u00f3 a una adolescente rebelde con un coraz\u00f3n de oro, un personaje que reson\u00f3 profundamente con una generaci\u00f3n.<\/p>\n<p>El \u00e9xito de &#8220;Beverly Hills, 90210&#8221; vino acompa\u00f1ado de una intensa atenci\u00f3n medi\u00e1tica. La prensa sensacionalista no tard\u00f3 en capturar las controversias y los conflictos que surg\u00edan tanto en el set como en su vida personal.<\/p>\n<figure id=\"attachment_139236\" aria-describedby=\"caption-attachment-139236\" style=\"width: 1024px\" class=\"wp-caption alignnone\"><img loading=\"lazy\" decoding=\"async\" class=\"size-large wp-image-139236\" src=\"https:\/\/graziamagazine.com\/mx\/wp-content\/uploads\/sites\/13\/2024\/07\/Captura-de-Pantalla-2024-07-14-a-las-10.03.44-1024x673.png\" alt=\"Shannen Doherty: La estrella rebelde de los 90 pierde su lucha contra el c\u00e1ncer\" width=\"1024\" height=\"673\" srcset=\"https:\/\/graziamagazine.com\/mx\/wp-content\/uploads\/sites\/13\/2024\/07\/Captura-de-Pantalla-2024-07-14-a-las-10.03.44-1024x673.png 1024w, https:\/\/graziamagazine.com\/mx\/wp-content\/uploads\/sites\/13\/2024\/07\/Captura-de-Pantalla-2024-07-14-a-las-10.03.44-450x296.png 450w, https:\/\/graziamagazine.com\/mx\/wp-content\/uploads\/sites\/13\/2024\/07\/Captura-de-Pantalla-2024-07-14-a-las-10.03.44-768x505.png 768w, https:\/\/graziamagazine.com\/mx\/wp-content\/uploads\/sites\/13\/2024\/07\/Captura-de-Pantalla-2024-07-14-a-las-10.03.44-1536x1010.png 1536w, https:\/\/graziamagazine.com\/mx\/wp-content\/uploads\/sites\/13\/2024\/07\/Captura-de-Pantalla-2024-07-14-a-las-10.03.44-2048x1347.png 2048w, https:\/\/graziamagazine.com\/mx\/wp-content\/uploads\/sites\/13\/2024\/07\/Captura-de-Pantalla-2024-07-14-a-las-10.03.44-400x263.png 400w, https:\/\/graziamagazine.com\/mx\/wp-content\/uploads\/sites\/13\/2024\/07\/Captura-de-Pantalla-2024-07-14-a-las-10.03.44-155x102.png 155w\" sizes=\"(max-width: 1024px) 100vw, 1024px\" \/><figcaption id=\"caption-attachment-139236\" class=\"wp-caption-text\">Shannen Doherty: La estrella rebelde de los 90 pierde su lucha contra el c\u00e1ncer<\/figcaption><\/figure>\n<p>A pesar de su talento innegable, Doherty fue despedida del programa en 1994 tras m\u00faltiples reportes de comportamiento problem\u00e1tico. Sin embargo, su carrera continu\u00f3 con papeles significativos en <strong>&#8220;Mallrats&#8221;<\/strong> (1995) y <strong>&#8220;Jay and Silent Bob Strike Back&#8221;<\/strong> (2001), ambas dirigidas por Kevin Smith.<\/p>\n<p>En 1998, Doherty regres\u00f3 a la televisi\u00f3n con otro \u00e9xito, <strong>&#8220;Charmed&#8221;<\/strong>, donde interpret\u00f3 a Prue Halliwell, la mayor de tres hermanas brujas. A pesar de su salida abrupta despu\u00e9s de tres temporadas, Doherty dej\u00f3 una huella imborrable en la serie.<\/p>\n<p>La vida personal de Doherty estuvo marcada por turbulencias, incluyendo tres matrimonios y una batalla p\u00fablica contra el c\u00e1ncer de mama, diagnosticado en 2015.<\/p>\n<figure id=\"attachment_139235\" aria-describedby=\"caption-attachment-139235\" style=\"width: 1024px\" class=\"wp-caption alignnone\"><img loading=\"lazy\" decoding=\"async\" class=\"size-large wp-image-139235\" src=\"https:\/\/graziamagazine.com\/mx\/wp-content\/uploads\/sites\/13\/2024\/07\/Captura-de-Pantalla-2024-07-14-a-las-10.03.34-1024x673.png\" alt=\"Shannen Doherty: La estrella rebelde de los 90 pierde su lucha contra el c\u00e1ncer\" width=\"1024\" height=\"673\" srcset=\"https:\/\/graziamagazine.com\/mx\/wp-content\/uploads\/sites\/13\/2024\/07\/Captura-de-Pantalla-2024-07-14-a-las-10.03.34-1024x673.png 1024w, https:\/\/graziamagazine.com\/mx\/wp-content\/uploads\/sites\/13\/2024\/07\/Captura-de-Pantalla-2024-07-14-a-las-10.03.34-450x296.png 450w, https:\/\/graziamagazine.com\/mx\/wp-content\/uploads\/sites\/13\/2024\/07\/Captura-de-Pantalla-2024-07-14-a-las-10.03.34-768x505.png 768w, https:\/\/graziamagazine.com\/mx\/wp-content\/uploads\/sites\/13\/2024\/07\/Captura-de-Pantalla-2024-07-14-a-las-10.03.34-1536x1010.png 1536w, https:\/\/graziamagazine.com\/mx\/wp-content\/uploads\/sites\/13\/2024\/07\/Captura-de-Pantalla-2024-07-14-a-las-10.03.34-2048x1347.png 2048w, https:\/\/graziamagazine.com\/mx\/wp-content\/uploads\/sites\/13\/2024\/07\/Captura-de-Pantalla-2024-07-14-a-las-10.03.34-400x263.png 400w, https:\/\/graziamagazine.com\/mx\/wp-content\/uploads\/sites\/13\/2024\/07\/Captura-de-Pantalla-2024-07-14-a-las-10.03.34-155x102.png 155w\" sizes=\"(max-width: 1024px) 100vw, 1024px\" \/><figcaption id=\"caption-attachment-139235\" class=\"wp-caption-text\">Shannen Doherty: La estrella rebelde de los 90 pierde su lucha contra el c\u00e1ncer<\/figcaption><\/figure>\n<p>A pesar de su enfermedad, continu\u00f3 trabajando y compartiendo su lucha con el p\u00fablico, mostrando una valent\u00eda admirable. En 2020, anunci\u00f3 que el <strong>c\u00e1ncer hab\u00eda regresado<\/strong> y se hab\u00eda extendido al cerebro. En noviembre de 2023, revel\u00f3 que tambi\u00e9n se hab\u00eda diseminado a los huesos.<\/p>\n<p>A pesar de estos desaf\u00edos, Doherty nunca dej\u00f3 de luchar ni de trabajar. En noviembre pasado, inici\u00f3 un podcast, demostrando su <strong>compromiso con su carrera y su p\u00fablico hasta el final.<\/strong><\/p>\n<p>Shannen Doherty no solo fue una <strong>actriz talentosa<\/strong>, sino tambi\u00e9n una <strong>luchadora incansable<\/strong>, enfrentando cada obst\u00e1culo con determinaci\u00f3n y gracia.<img loading=\"lazy\" decoding=\"async\" class=\"alignnone size-large wp-image-139238\" src=\"https:\/\/graziamagazine.com\/mx\/wp-content\/uploads\/sites\/13\/2024\/07\/Captura-de-Pantalla-2024-07-14-a-las-10.07.55-1024x680.png\" alt=\"\" width=\"1024\" height=\"680\" srcset=\"https:\/\/graziamagazine.com\/mx\/wp-content\/uploads\/sites\/13\/2024\/07\/Captura-de-Pantalla-2024-07-14-a-las-10.07.55-1024x680.png 1024w, https:\/\/graziamagazine.com\/mx\/wp-content\/uploads\/sites\/13\/2024\/07\/Captura-de-Pantalla-2024-07-14-a-las-10.07.55-450x299.png 450w, https:\/\/graziamagazine.com\/mx\/wp-content\/uploads\/sites\/13\/2024\/07\/Captura-de-Pantalla-2024-07-14-a-las-10.07.55-768x510.png 768w, https:\/\/graziamagazine.com\/mx\/wp-content\/uploads\/sites\/13\/2024\/07\/Captura-de-Pantalla-2024-07-14-a-las-10.07.55-1536x1020.png 1536w, https:\/\/graziamagazine.com\/mx\/wp-content\/uploads\/sites\/13\/2024\/07\/Captura-de-Pantalla-2024-07-14-a-las-10.07.55-2048x1360.png 2048w\" sizes=\"(max-width: 1024px) 100vw, 1024px\" \/><\/p>\n<p>Shannen Doherty deja un<strong> legado profundo y una influencia perdurable<\/strong> en la <strong>cultura popular<\/strong>. Su madre sobrevive a la actriz, y aunque los detalles completos de sus sobrevivientes no se han divulgado, su impacto en la industria del entretenimiento y en sus seguidores ser\u00e1 recordado por siempre.<\/p>\n<p>En sus propias palabras, <strong>&#8220;En alg\u00fan momento, hay que seguir adelante&#8221;<\/strong>, y Doherty lo hizo hasta su \u00faltimo aliento.<\/p>\n","protected":false},"author":28953,"featured_media":139241,"template":"","format":"standard","categories":[2],"acf":[],"yoast_head":"<!-- This site is optimized with the Yoast SEO Premium plugin v18.5 (Yoast SEO v20.4) - https:\/\/yoast.com\/wordpress\/plugins\/seo\/ -->\n<title>Shannen Doherty: La estrella rebelde de los 90 pierde su lucha contra el c\u00e1ncer<\/title>\n<meta name=\"description\" content=\"La actriz ic\u00f3nica de &quot;Beverly Hills, 90210&quot; y &quot;Charmed&quot; falleci\u00f3 a los 53 a\u00f1os, dejando un legado marcado por el talento y la resiliencia.\" \/>\n<meta name=\"robots\" content=\"index, follow, max-snippet:-1, max-image-preview:large, max-video-preview:-1\" \/>\n<link rel=\"canonical\" href=\"https:\/\/graziamagazine.com\/mx\/articles\/shannen-doherty-la-estrella-rebelde-de-los-90-pierde-su-lucha-contra-el-cancer\/\" \/>\n<meta property=\"og:locale\" content=\"es_MX\" \/>\n<meta property=\"og:type\" content=\"article\" \/>\n<meta property=\"og:title\" content=\"Shannen Doherty: La estrella rebelde de los 90 pierde su lucha contra el c\u00e1ncer\" \/>\n<meta property=\"og:description\" content=\"La actriz ic\u00f3nica de &quot;Beverly Hills, 90210&quot; y &quot;Charmed&quot; falleci\u00f3 a los 53 a\u00f1os, dejando un legado marcado por el talento y la resiliencia.\" \/>\n<meta property=\"og:url\" content=\"https:\/\/graziamagazine.com\/mx\/articles\/shannen-doherty-la-estrella-rebelde-de-los-90-pierde-su-lucha-contra-el-cancer\/\" \/>\n<meta property=\"og:site_name\" content=\"Grazia M\u00e9xico y Latinoam\u00e9rica\" \/>\n<meta property=\"article:modified_time\" content=\"2024-07-23T18:44:14+00:00\" \/>\n<meta property=\"og:image\" content=\"https:\/\/graziamagazine.com\/mx\/wp-content\/uploads\/sites\/13\/2024\/07\/doherty.jpg\" \/>\n\t<meta property=\"og:image:width\" content=\"1280\" \/>\n\t<meta property=\"og:image:height\" content=\"720\" \/>\n\t<meta property=\"og:image:type\" content=\"image\/jpeg\" \/>\n<meta name=\"twitter:card\" content=\"summary_large_image\" \/>\n<meta name=\"twitter:label1\" content=\"Est. reading time\" \/>\n\t<meta name=\"twitter:data1\" content=\"4 minutos\" \/>\n<script type=\"application\/ld+json\" class=\"yoast-schema-graph\">{\"@context\":\"https:\/\/schema.org\",\"@graph\":[{\"@type\":\"WebPage\",\"@id\":\"https:\/\/graziamagazine.com\/mx\/articles\/shannen-doherty-la-estrella-rebelde-de-los-90-pierde-su-lucha-contra-el-cancer\/\",\"url\":\"https:\/\/graziamagazine.com\/mx\/articles\/shannen-doherty-la-estrella-rebelde-de-los-90-pierde-su-lucha-contra-el-cancer\/\",\"name\":\"Shannen Doherty: La estrella rebelde de los 90 pierde su lucha contra el c\u00e1ncer\",\"isPartOf\":{\"@id\":\"https:\/\/graziamagazine.com\/mx\/#website\"},\"datePublished\":\"2024-07-14T16:03:52+00:00\",\"dateModified\":\"2024-07-23T18:44:14+00:00\",\"description\":\"La actriz ic\u00f3nica de \\\"Beverly Hills, 90210\\\" y \\\"Charmed\\\" falleci\u00f3 a los 53 a\u00f1os, dejando un legado marcado por el talento y la resiliencia.\",\"breadcrumb\":{\"@id\":\"https:\/\/graziamagazine.com\/mx\/articles\/shannen-doherty-la-estrella-rebelde-de-los-90-pierde-su-lucha-contra-el-cancer\/#breadcrumb\"},\"inLanguage\":\"es-MX\",\"potentialAction\":[{\"@type\":\"ReadAction\",\"target\":[\"https:\/\/graziamagazine.com\/mx\/articles\/shannen-doherty-la-estrella-rebelde-de-los-90-pierde-su-lucha-contra-el-cancer\/\"]}]},{\"@type\":\"BreadcrumbList\",\"@id\":\"https:\/\/graziamagazine.com\/mx\/articles\/shannen-doherty-la-estrella-rebelde-de-los-90-pierde-su-lucha-contra-el-cancer\/#breadcrumb\",\"itemListElement\":[{\"@type\":\"ListItem\",\"position\":1,\"name\":\"Home\",\"item\":\"https:\/\/graziamagazine.com\/mx\/\"},{\"@type\":\"ListItem\",\"position\":2,\"name\":\"Shannen Doherty: La estrella rebelde de los 90 pierde su lucha contra el c\u00e1ncer\"}]},{\"@type\":\"WebSite\",\"@id\":\"https:\/\/graziamagazine.com\/mx\/#website\",\"url\":\"https:\/\/graziamagazine.com\/mx\/\",\"name\":\"Grazia M\u00e9xico y Latinoam\u00e9rica\",\"description\":\"Grazia es moda, belleza y noticias  de actualidad \",\"potentialAction\":[{\"@type\":\"SearchAction\",\"target\":{\"@type\":\"EntryPoint\",\"urlTemplate\":\"https:\/\/graziamagazine.com\/mx\/?s={search_term_string}\"},\"query-input\":\"required name=search_term_string\"}],\"inLanguage\":\"es-MX\"}]}<\/script>\n<!-- \/ Yoast SEO Premium plugin. -->","yoast_head_json":{"title":"Shannen Doherty: La estrella rebelde de los 90 pierde su lucha contra el c\u00e1ncer","description":"La actriz ic\u00f3nica de \"Beverly Hills, 90210\" y \"Charmed\" falleci\u00f3 a los 53 a\u00f1os, dejando un legado marcado por el talento y la resiliencia.","robots":{"index":"index","follow":"follow","max-snippet":"max-snippet:-1","max-image-preview":"max-image-preview:large","max-video-preview":"max-video-preview:-1"},"canonical":"https:\/\/graziamagazine.com\/mx\/articles\/shannen-doherty-la-estrella-rebelde-de-los-90-pierde-su-lucha-contra-el-cancer\/","og_locale":"es_MX","og_type":"article","og_title":"Shannen Doherty: La estrella rebelde de los 90 pierde su lucha contra el c\u00e1ncer","og_description":"La actriz ic\u00f3nica de \"Beverly Hills, 90210\" y \"Charmed\" falleci\u00f3 a los 53 a\u00f1os, dejando un legado marcado por el talento y la resiliencia.","og_url":"https:\/\/graziamagazine.com\/mx\/articles\/shannen-doherty-la-estrella-rebelde-de-los-90-pierde-su-lucha-contra-el-cancer\/","og_site_name":"Grazia M\u00e9xico y Latinoam\u00e9rica","article_modified_time":"2024-07-23T18:44:14+00:00","og_image":[{"width":1280,"height":720,"url":"https:\/\/graziamagazine.com\/mx\/wp-content\/uploads\/sites\/13\/2024\/07\/doherty.jpg","type":"image\/jpeg"}],"twitter_card":"summary_large_image","twitter_misc":{"Est. reading time":"4 minutos"},"schema":{"@context":"https:\/\/schema.org","@graph":[{"@type":"WebPage","@id":"https:\/\/graziamagazine.com\/mx\/articles\/shannen-doherty-la-estrella-rebelde-de-los-90-pierde-su-lucha-contra-el-cancer\/","url":"https:\/\/graziamagazine.com\/mx\/articles\/shannen-doherty-la-estrella-rebelde-de-los-90-pierde-su-lucha-contra-el-cancer\/","name":"Shannen Doherty: La estrella rebelde de los 90 pierde su lucha contra el c\u00e1ncer","isPartOf":{"@id":"https:\/\/graziamagazine.com\/mx\/#website"},"datePublished":"2024-07-14T16:03:52+00:00","dateModified":"2024-07-23T18:44:14+00:00","description":"La actriz ic\u00f3nica de \"Beverly Hills, 90210\" y \"Charmed\" falleci\u00f3 a los 53 a\u00f1os, dejando un legado marcado por el talento y la resiliencia.","breadcrumb":{"@id":"https:\/\/graziamagazine.com\/mx\/articles\/shannen-doherty-la-estrella-rebelde-de-los-90-pierde-su-lucha-contra-el-cancer\/#breadcrumb"},"inLanguage":"es-MX","potentialAction":[{"@type":"ReadAction","target":["https:\/\/graziamagazine.com\/mx\/articles\/shannen-doherty-la-estrella-rebelde-de-los-90-pierde-su-lucha-contra-el-cancer\/"]}]},{"@type":"BreadcrumbList","@id":"https:\/\/graziamagazine.com\/mx\/articles\/shannen-doherty-la-estrella-rebelde-de-los-90-pierde-su-lucha-contra-el-cancer\/#breadcrumb","itemListElement":[{"@type":"ListItem","position":1,"name":"Home","item":"https:\/\/graziamagazine.com\/mx\/"},{"@type":"ListItem","position":2,"name":"Shannen Doherty: La estrella rebelde de los 90 pierde su lucha contra el c\u00e1ncer"}]},{"@type":"WebSite","@id":"https:\/\/graziamagazine.com\/mx\/#website","url":"https:\/\/graziamagazine.com\/mx\/","name":"Grazia M\u00e9xico y Latinoam\u00e9rica","description":"Grazia es moda, belleza y noticias  de actualidad ","potentialAction":[{"@type":"SearchAction","target":{"@type":"EntryPoint","urlTemplate":"https:\/\/graziamagazine.com\/mx\/?s={search_term_string}"},"query-input":"required name=search_term_string"}],"inLanguage":"es-MX"}]}},"jetpack_sharing_enabled":true,"distributor_meta":false,"distributor_terms":false,"distributor_media":false,"distributor_original_site_name":"Grazia M\u00e9xico y Latinoam\u00e9rica","distributor_original_site_url":"https:\/\/graziamagazine.com\/mx","push-errors":false,"_links":{"self":[{"href":"https:\/\/graziamagazine.com\/mx\/wp-json\/wp\/v2\/articles\/139233"}],"collection":[{"href":"https:\/\/graziamagazine.com\/mx\/wp-json\/wp\/v2\/articles"}],"about":[{"href":"https:\/\/graziamagazine.com\/mx\/wp-json\/wp\/v2\/types\/articles"}],"author":[{"embeddable":true,"href":"https:\/\/graziamagazine.com\/mx\/wp-json\/wp\/v2\/users\/28953"}],"wp:featuredmedia":[{"embeddable":true,"href":"https:\/\/graziamagazine.com\/mx\/wp-json\/wp\/v2\/media\/139241"}],"wp:attachment":[{"href":"https:\/\/graziamagazine.com\/mx\/wp-json\/wp\/v2\/media?parent=139233"}],"wp:term":[{"taxonomy":"category","embeddable":true,"href":"https:\/\/graziamagazine.com\/mx\/wp-json\/wp\/v2\/categories?post=139233"}],"curies":[{"name":"wp","href":"https:\/\/api.w.org\/{rel}","templated":true}]}}