{"id":139228,"date":"2024-07-12T17:13:50","date_gmt":"2024-07-12T22:13:50","guid":{"rendered":"https:\/\/graziamagazine.com\/mx\/?post_type=articles&#038;p=139228"},"modified":"2024-07-12T17:27:09","modified_gmt":"2024-07-12T22:27:09","slug":"damos-todos-detalles-proximo-documental-principe-william","status":"publish","type":"articles","link":"https:\/\/graziamagazine.com\/mx\/articles\/damos-todos-detalles-proximo-documental-principe-william\/","title":{"rendered":"Te damos todos los detalles del pr\u00f3ximo documental del pr\u00edncipe William"},"content":{"rendered":"<p>El <strong>pr\u00edncipe William<\/strong> protagonizar\u00e1 en los pr\u00f3ximos meses un <strong>documental<\/strong>, de dos partes, que contar\u00e1 la historia de su iniciativa para acabar contra la falta de vivienda. Una de las causas m\u00e1s importantes a la que ha enfocado su labor humanitaria.<\/p>\n<p>La historia estar\u00e1 centrada en las personas en situaci\u00f3n de calle que no tienen donde vivir, un problema que afecta al <strong>Reino Unido<\/strong> y el mundo.<\/p>\n<p>En el documental se podr\u00e1 ver c\u00f3mo el pr\u00edncipe crea y ejecuta la iniciativa conocida como <strong>Homewards<\/strong>, la cual tiene como foco reducir el n\u00famero de personas en situaci\u00f3n de calle.<\/p>\n<figure id=\"attachment_139229\" aria-describedby=\"caption-attachment-139229\" style=\"width: 368px\" class=\"wp-caption alignnone\"><img loading=\"lazy\" decoding=\"async\" class=\"size-medium wp-image-139229\" src=\"https:\/\/graziamagazine.com\/mx\/wp-content\/uploads\/sites\/13\/2024\/07\/WhatsApp-Image-2024-07-12-at-4.22.29-PM-368x450.jpeg\" alt=\"\" width=\"368\" height=\"450\" srcset=\"https:\/\/graziamagazine.com\/mx\/wp-content\/uploads\/sites\/13\/2024\/07\/WhatsApp-Image-2024-07-12-at-4.22.29-PM-368x450.jpeg 368w, https:\/\/graziamagazine.com\/mx\/wp-content\/uploads\/sites\/13\/2024\/07\/WhatsApp-Image-2024-07-12-at-4.22.29-PM-837x1024.jpeg 837w, https:\/\/graziamagazine.com\/mx\/wp-content\/uploads\/sites\/13\/2024\/07\/WhatsApp-Image-2024-07-12-at-4.22.29-PM-768x940.jpeg 768w, https:\/\/graziamagazine.com\/mx\/wp-content\/uploads\/sites\/13\/2024\/07\/WhatsApp-Image-2024-07-12-at-4.22.29-PM-400x490.jpeg 400w, https:\/\/graziamagazine.com\/mx\/wp-content\/uploads\/sites\/13\/2024\/07\/WhatsApp-Image-2024-07-12-at-4.22.29-PM-155x190.jpeg 155w, https:\/\/graziamagazine.com\/mx\/wp-content\/uploads\/sites\/13\/2024\/07\/WhatsApp-Image-2024-07-12-at-4.22.29-PM.jpeg 1125w\" sizes=\"(max-width: 368px) 100vw, 368px\" \/><figcaption id=\"caption-attachment-139229\" class=\"wp-caption-text\">Instagram<\/figcaption><\/figure>\n<p>La serie tendr\u00e1 solo dos episodios y es producida por difundida por <strong>ITV<\/strong>. Se estrenar\u00e1 en Reino Unido durante el pr\u00f3ximo oto\u00f1o.<\/p>\n<p>El documental se llamar\u00e1 <em><strong>Prince William: We Can End Homelessness<\/strong> <\/em>y tendr\u00e1 entrevistas con personas que actualmente se encuentran sin un lugar donde vivir, as\u00ed como personas que estuvieron en esa situaci\u00f3n alg\u00fan momento de sus vidas.<\/p>\n<p>Seg\u00fan los reportes del Reino Unido, m\u00e1s de 300 mil personas enfrentan esa situaci\u00f3n en ese pa\u00eds.<\/p>\n<figure id=\"attachment_139230\" aria-describedby=\"caption-attachment-139230\" style=\"width: 450px\" class=\"wp-caption alignnone\"><img loading=\"lazy\" decoding=\"async\" class=\"size-medium wp-image-139230\" src=\"https:\/\/graziamagazine.com\/mx\/wp-content\/uploads\/sites\/13\/2024\/07\/Captura-de-Pantalla-2024-07-12-a-las-16.22.15-450x418.png\" alt=\"\" width=\"450\" height=\"418\" srcset=\"https:\/\/graziamagazine.com\/mx\/wp-content\/uploads\/sites\/13\/2024\/07\/Captura-de-Pantalla-2024-07-12-a-las-16.22.15-450x418.png 450w, https:\/\/graziamagazine.com\/mx\/wp-content\/uploads\/sites\/13\/2024\/07\/Captura-de-Pantalla-2024-07-12-a-las-16.22.15-1024x951.png 1024w, https:\/\/graziamagazine.com\/mx\/wp-content\/uploads\/sites\/13\/2024\/07\/Captura-de-Pantalla-2024-07-12-a-las-16.22.15-768x713.png 768w, https:\/\/graziamagazine.com\/mx\/wp-content\/uploads\/sites\/13\/2024\/07\/Captura-de-Pantalla-2024-07-12-a-las-16.22.15-400x371.png 400w, https:\/\/graziamagazine.com\/mx\/wp-content\/uploads\/sites\/13\/2024\/07\/Captura-de-Pantalla-2024-07-12-a-las-16.22.15-155x144.png 155w, https:\/\/graziamagazine.com\/mx\/wp-content\/uploads\/sites\/13\/2024\/07\/Captura-de-Pantalla-2024-07-12-a-las-16.22.15.png 1148w\" sizes=\"(max-width: 450px) 100vw, 450px\" \/><figcaption id=\"caption-attachment-139230\" class=\"wp-caption-text\">Getty<\/figcaption><\/figure>\n<p>En la historia tambi\u00e9n se podr\u00e1n ver los de defensores y l\u00edderes de proyectos con la misma causa en Aberdeen, Bournemouth, Christchurch y Poole, Lambeth, Newport, Irlanda del Norte y Sheffield.<\/p>\n<p>La serie es dirigida por Leo Burley, ganador del <strong>BAFTA<\/strong>, quien se dio a la tarea de seguir a William para capturar la esencia del documental.<\/p>\n<p>&#8220;Durante el a\u00f1o pasado pasamos tiempo siguiendo al Pr\u00edncipe William y la Fundaci\u00f3n Real durante el primer a\u00f1o del programa Homewards. Hemos escuchado algunas historias incre\u00edblemente conmovedoras de personas de todo el pa\u00eds que se enfrentan a la falta de vivienda&#8221;, asegur\u00f3 para <em>People<\/em>.<\/p>\n","protected":false},"author":36289,"featured_media":139231,"template":"","format":"standard","categories":[12484],"acf":[],"yoast_head":"<!-- This site is optimized with the Yoast SEO Premium plugin v18.5 (Yoast SEO v20.4) - https:\/\/yoast.com\/wordpress\/plugins\/seo\/ -->\n<title>Te damos todos los detalles del pr\u00f3ximo documental del pr\u00edncipe William | Grazia M\u00e9xico y Latinoam\u00e9rica<\/title>\n<meta name=\"description\" content=\"El pr\u00edncipe William protagonizar\u00e1 en los pr\u00f3ximos meses un documental, de dos partes, que contar\u00e1 la historia de su iniciativa para acabar contra la falta\" \/>\n<meta name=\"robots\" content=\"index, follow, max-snippet:-1, max-image-preview:large, max-video-preview:-1\" \/>\n<link rel=\"canonical\" href=\"https:\/\/graziamagazine.com\/mx\/articles\/damos-todos-detalles-proximo-documental-principe-william\/\" \/>\n<meta property=\"og:locale\" content=\"es_MX\" \/>\n<meta property=\"og:type\" content=\"article\" \/>\n<meta property=\"og:title\" content=\"Te damos todos los detalles del pr\u00f3ximo documental del pr\u00edncipe William\" \/>\n<meta property=\"og:description\" content=\"El pr\u00edncipe William protagonizar\u00e1 en los pr\u00f3ximos meses un documental, de dos partes, que contar\u00e1 la historia de su iniciativa para acabar contra la falta\" \/>\n<meta property=\"og:url\" content=\"https:\/\/graziamagazine.com\/mx\/articles\/damos-todos-detalles-proximo-documental-principe-william\/\" \/>\n<meta property=\"og:site_name\" content=\"Grazia M\u00e9xico y Latinoam\u00e9rica\" \/>\n<meta property=\"article:modified_time\" content=\"2024-07-12T22:27:09+00:00\" \/>\n<meta property=\"og:image\" content=\"https:\/\/graziamagazine.com\/mx\/wp-content\/uploads\/sites\/13\/2024\/07\/Captura-de-Pantalla-2024-07-12-a-las-16.22.43-e1720823084995.png\" \/>\n\t<meta property=\"og:image:width\" content=\"1147\" \/>\n\t<meta property=\"og:image:height\" content=\"719\" \/>\n\t<meta property=\"og:image:type\" content=\"image\/png\" \/>\n<meta name=\"twitter:card\" content=\"summary_large_image\" \/>\n<meta name=\"twitter:label1\" content=\"Est. reading time\" \/>\n\t<meta name=\"twitter:data1\" content=\"2 minutos\" \/>\n<script type=\"application\/ld+json\" class=\"yoast-schema-graph\">{\"@context\":\"https:\/\/schema.org\",\"@graph\":[{\"@type\":\"WebPage\",\"@id\":\"https:\/\/graziamagazine.com\/mx\/articles\/damos-todos-detalles-proximo-documental-principe-william\/\",\"url\":\"https:\/\/graziamagazine.com\/mx\/articles\/damos-todos-detalles-proximo-documental-principe-william\/\",\"name\":\"Te damos todos los detalles del pr\u00f3ximo documental del pr\u00edncipe William | Grazia M\u00e9xico y Latinoam\u00e9rica\",\"isPartOf\":{\"@id\":\"https:\/\/graziamagazine.com\/mx\/#website\"},\"datePublished\":\"2024-07-12T22:13:50+00:00\",\"dateModified\":\"2024-07-12T22:27:09+00:00\",\"description\":\"El pr\u00edncipe William protagonizar\u00e1 en los pr\u00f3ximos meses un documental, de dos partes, que contar\u00e1 la historia de su iniciativa para acabar contra la falta\",\"breadcrumb\":{\"@id\":\"https:\/\/graziamagazine.com\/mx\/articles\/damos-todos-detalles-proximo-documental-principe-william\/#breadcrumb\"},\"inLanguage\":\"es-MX\",\"potentialAction\":[{\"@type\":\"ReadAction\",\"target\":[\"https:\/\/graziamagazine.com\/mx\/articles\/damos-todos-detalles-proximo-documental-principe-william\/\"]}]},{\"@type\":\"BreadcrumbList\",\"@id\":\"https:\/\/graziamagazine.com\/mx\/articles\/damos-todos-detalles-proximo-documental-principe-william\/#breadcrumb\",\"itemListElement\":[{\"@type\":\"ListItem\",\"position\":1,\"name\":\"Home\",\"item\":\"https:\/\/graziamagazine.com\/mx\/\"},{\"@type\":\"ListItem\",\"position\":2,\"name\":\"Te damos todos los detalles del pr\u00f3ximo documental del pr\u00edncipe William\"}]},{\"@type\":\"WebSite\",\"@id\":\"https:\/\/graziamagazine.com\/mx\/#website\",\"url\":\"https:\/\/graziamagazine.com\/mx\/\",\"name\":\"Grazia M\u00e9xico y Latinoam\u00e9rica\",\"description\":\"Grazia es moda, belleza y noticias  de actualidad \",\"potentialAction\":[{\"@type\":\"SearchAction\",\"target\":{\"@type\":\"EntryPoint\",\"urlTemplate\":\"https:\/\/graziamagazine.com\/mx\/?s={search_term_string}\"},\"query-input\":\"required name=search_term_string\"}],\"inLanguage\":\"es-MX\"}]}<\/script>\n<!-- \/ Yoast SEO Premium plugin. -->","yoast_head_json":{"title":"Te damos todos los detalles del pr\u00f3ximo documental del pr\u00edncipe William | Grazia M\u00e9xico y Latinoam\u00e9rica","description":"El pr\u00edncipe William protagonizar\u00e1 en los pr\u00f3ximos meses un documental, de dos partes, que contar\u00e1 la historia de su iniciativa para acabar contra la falta","robots":{"index":"index","follow":"follow","max-snippet":"max-snippet:-1","max-image-preview":"max-image-preview:large","max-video-preview":"max-video-preview:-1"},"canonical":"https:\/\/graziamagazine.com\/mx\/articles\/damos-todos-detalles-proximo-documental-principe-william\/","og_locale":"es_MX","og_type":"article","og_title":"Te damos todos los detalles del pr\u00f3ximo documental del pr\u00edncipe William","og_description":"El pr\u00edncipe William protagonizar\u00e1 en los pr\u00f3ximos meses un documental, de dos partes, que contar\u00e1 la historia de su iniciativa para acabar contra la falta","og_url":"https:\/\/graziamagazine.com\/mx\/articles\/damos-todos-detalles-proximo-documental-principe-william\/","og_site_name":"Grazia M\u00e9xico y Latinoam\u00e9rica","article_modified_time":"2024-07-12T22:27:09+00:00","og_image":[{"width":1147,"height":719,"url":"https:\/\/graziamagazine.com\/mx\/wp-content\/uploads\/sites\/13\/2024\/07\/Captura-de-Pantalla-2024-07-12-a-las-16.22.43-e1720823084995.png","type":"image\/png"}],"twitter_card":"summary_large_image","twitter_misc":{"Est. reading time":"2 minutos"},"schema":{"@context":"https:\/\/schema.org","@graph":[{"@type":"WebPage","@id":"https:\/\/graziamagazine.com\/mx\/articles\/damos-todos-detalles-proximo-documental-principe-william\/","url":"https:\/\/graziamagazine.com\/mx\/articles\/damos-todos-detalles-proximo-documental-principe-william\/","name":"Te damos todos los detalles del pr\u00f3ximo documental del pr\u00edncipe William | Grazia M\u00e9xico y Latinoam\u00e9rica","isPartOf":{"@id":"https:\/\/graziamagazine.com\/mx\/#website"},"datePublished":"2024-07-12T22:13:50+00:00","dateModified":"2024-07-12T22:27:09+00:00","description":"El pr\u00edncipe William protagonizar\u00e1 en los pr\u00f3ximos meses un documental, de dos partes, que contar\u00e1 la historia de su iniciativa para acabar contra la falta","breadcrumb":{"@id":"https:\/\/graziamagazine.com\/mx\/articles\/damos-todos-detalles-proximo-documental-principe-william\/#breadcrumb"},"inLanguage":"es-MX","potentialAction":[{"@type":"ReadAction","target":["https:\/\/graziamagazine.com\/mx\/articles\/damos-todos-detalles-proximo-documental-principe-william\/"]}]},{"@type":"BreadcrumbList","@id":"https:\/\/graziamagazine.com\/mx\/articles\/damos-todos-detalles-proximo-documental-principe-william\/#breadcrumb","itemListElement":[{"@type":"ListItem","position":1,"name":"Home","item":"https:\/\/graziamagazine.com\/mx\/"},{"@type":"ListItem","position":2,"name":"Te damos todos los detalles del pr\u00f3ximo documental del pr\u00edncipe William"}]},{"@type":"WebSite","@id":"https:\/\/graziamagazine.com\/mx\/#website","url":"https:\/\/graziamagazine.com\/mx\/","name":"Grazia M\u00e9xico y Latinoam\u00e9rica","description":"Grazia es moda, belleza y noticias  de actualidad ","potentialAction":[{"@type":"SearchAction","target":{"@type":"EntryPoint","urlTemplate":"https:\/\/graziamagazine.com\/mx\/?s={search_term_string}"},"query-input":"required name=search_term_string"}],"inLanguage":"es-MX"}]}},"jetpack_sharing_enabled":true,"distributor_meta":false,"distributor_terms":false,"distributor_media":false,"distributor_original_site_name":"Grazia M\u00e9xico y Latinoam\u00e9rica","distributor_original_site_url":"https:\/\/graziamagazine.com\/mx","push-errors":false,"_links":{"self":[{"href":"https:\/\/graziamagazine.com\/mx\/wp-json\/wp\/v2\/articles\/139228"}],"collection":[{"href":"https:\/\/graziamagazine.com\/mx\/wp-json\/wp\/v2\/articles"}],"about":[{"href":"https:\/\/graziamagazine.com\/mx\/wp-json\/wp\/v2\/types\/articles"}],"author":[{"embeddable":true,"href":"https:\/\/graziamagazine.com\/mx\/wp-json\/wp\/v2\/users\/36289"}],"wp:featuredmedia":[{"embeddable":true,"href":"https:\/\/graziamagazine.com\/mx\/wp-json\/wp\/v2\/media\/139231"}],"wp:attachment":[{"href":"https:\/\/graziamagazine.com\/mx\/wp-json\/wp\/v2\/media?parent=139228"}],"wp:term":[{"taxonomy":"category","embeddable":true,"href":"https:\/\/graziamagazine.com\/mx\/wp-json\/wp\/v2\/categories?post=139228"}],"curies":[{"name":"wp","href":"https:\/\/api.w.org\/{rel}","templated":true}]}}