{"id":138825,"date":"2024-07-02T21:28:41","date_gmt":"2024-07-03T02:28:41","guid":{"rendered":"https:\/\/graziamagazine.com\/mx\/?post_type=articles&#038;p=138825"},"modified":"2024-07-02T21:30:36","modified_gmt":"2024-07-03T02:30:36","slug":"la-polemica-por-el-premio-que-le-sera-otorgado-a-prince-harry","status":"publish","type":"articles","link":"https:\/\/graziamagazine.com\/mx\/articles\/la-polemica-por-el-premio-que-le-sera-otorgado-a-prince-harry\/","title":{"rendered":"La pol\u00e9mica por el premio que le ser\u00e1 otorgado a Prince Harry"},"content":{"rendered":"<p><span style=\"font-weight: 400\">La decisi\u00f3n de otorgar una condecoraci\u00f3n estadounidense al brit\u00e1nico <strong>pr\u00edncipe Harry<\/strong>, ha desatado una controversia en Estados Unidos, ya que el reconocimiento es en honor a <strong>Pat Tillman<\/strong>, un h\u00e9roe de guerra estadounidense que falleci\u00f3 en Afganist\u00e1n.<\/span><\/p>\n<p><span style=\"font-weight: 400\">En los pr\u00f3ximos premios <strong>ESPY,<\/strong> la ceremonia deportiva organizada por <em>ESPN<\/em>, se prev\u00e9 que el <strong>duque de Sussex<\/strong> reciba el galard\u00f3n creado en 2014 en honor al exjugador de la NFL asesinado en una misi\u00f3n en Afganist\u00e1n en 2004.<\/span><\/p>\n<p><span style=\"font-weight: 400\">La menci\u00f3n reconoce anualmente a una &#8220;persona con una fuerte conexi\u00f3n con el deporte que haya servido a los dem\u00e1s de una manera que refleje el legado de Pat Tillman&#8221;. Sin embargo, el anuncio de la nominaci\u00f3n ha generado mucha controversia, hasta el punto en que algunos<\/span><i><span style=\"font-weight: 400\"> haters<\/span><\/i><span style=\"font-weight: 400\"> del nieto de la reina <strong>Elizabeth II<\/strong> han lanzado una petici\u00f3n para revocar su nominaci\u00f3n.<\/span><\/p>\n<p><span style=\"font-weight: 400\"><strong>Mary Tillman<\/strong>, la madre de Pat Tillman, fue la primera en expresar su descontento con esta decisi\u00f3n: &#8220;Me sorprende que hayan elegido a una persona tan controvertida y que causa tantas divisiones para recibir este premio. Hay galardonados mucho m\u00e1s merecedores, personas que trabajan en la comunidad de veteranos y hacen cosas extraordinarias para ayudarles. Estas personas no disponen del dinero, los recursos, las conexiones o los privilegios del pr\u00edncipe Harry. Creo que ese es el tipo de persona que merece ese reconocimiento\u201d.<\/span><\/p>\n<p><span style=\"font-weight: 400\"><strong>Pat McAfee<\/strong>, exjugador de la NFL y colaborador de ESPN, tambi\u00e9n critic\u00f3 al comit\u00e9 organizador, cuestionando el motivo de su elecci\u00f3n y lamentando que no se hubiera considerado a estadounidenses para este reconocimiento. Por su parte, el comentarista <strong>Boston Connor<\/strong> describi\u00f3 la decisi\u00f3n como \u201cposiblemente la cosa m\u00e1s vergonzosa que he visto en toda mi vida\u201d.<\/span><\/p>\n<p><span style=\"font-weight: 400\">En respuesta, <strong>Kate Jackson<\/strong>, vicepresidenta de producci\u00f3n de ESPN y representante del comit\u00e9 de los premios ESPY, defendi\u00f3 la elecci\u00f3n diciendo: &#8220;Estos galardonados han empleado su fama para cambiar el mundo y hacerlo m\u00e1s inclusivo para las comunidades marginadas y que sufren, demostrando una incre\u00edble resistencia, positividad y perseverancia. Estamos encantados de celebrarlos en los ESPY 2024&#8221;.\u00a0<\/span><\/p>\n<p><span style=\"font-weight: 400\">En particular, mencion\u00f3 los<strong> Juegos Invictus<\/strong>, el evento deportivo para soldados, veteranos de guerra heridos y personas con discapacidad cofundado por el pr\u00edncipe Harry.<\/span><\/p>\n<p><span style=\"font-weight: 400\">La ceremonia de los premios ESPY se llevar\u00e1 a cabo el pr\u00f3ximo <strong>11 de julio<\/strong> en Los \u00c1ngeles y ser\u00e1 presentada por S<strong>erena Williams,<\/strong> campeona de tenis y amiga cercana del duque y su esposa, <strong>Meghan Markle.<\/strong><\/span><\/p>\n","protected":false},"author":11628,"featured_media":87607,"template":"","format":"standard","categories":[12655],"acf":[],"yoast_head":"<!-- This site is optimized with the Yoast SEO Premium plugin v18.5 (Yoast SEO v20.4) - https:\/\/yoast.com\/wordpress\/plugins\/seo\/ -->\n<title>La pol\u00e9mica por el premio que le ser\u00e1 otorgado a Prince Harry | Grazia M\u00e9xico y Latinoam\u00e9rica<\/title>\n<meta name=\"description\" content=\"La decisi\u00f3n de otorgar una condecoraci\u00f3n estadounidense al brit\u00e1nico pr\u00edncipe Harry, ha desatado una controversia en Estados Unidos, ya que el\" \/>\n<meta name=\"robots\" content=\"index, follow, max-snippet:-1, max-image-preview:large, max-video-preview:-1\" \/>\n<link rel=\"canonical\" href=\"https:\/\/graziamagazine.com\/mx\/articles\/la-polemica-por-el-premio-que-le-sera-otorgado-a-prince-harry\/\" \/>\n<meta property=\"og:locale\" content=\"es_MX\" \/>\n<meta property=\"og:type\" content=\"article\" \/>\n<meta property=\"og:title\" content=\"La pol\u00e9mica por el premio que le ser\u00e1 otorgado a Prince Harry\" \/>\n<meta property=\"og:description\" content=\"La decisi\u00f3n de otorgar una condecoraci\u00f3n estadounidense al brit\u00e1nico pr\u00edncipe Harry, ha desatado una controversia en Estados Unidos, ya que el\" \/>\n<meta property=\"og:url\" content=\"https:\/\/graziamagazine.com\/mx\/articles\/la-polemica-por-el-premio-que-le-sera-otorgado-a-prince-harry\/\" \/>\n<meta property=\"og:site_name\" content=\"Grazia M\u00e9xico y Latinoam\u00e9rica\" \/>\n<meta property=\"article:modified_time\" content=\"2024-07-03T02:30:36+00:00\" \/>\n<meta property=\"og:image\" content=\"https:\/\/graziamagazine.com\/mx\/wp-content\/uploads\/sites\/13\/2020\/07\/un-nuevo-libro-revelo-la-cuenta-secreta-de-prince-harry-en-instagram-destacada.jpg\" \/>\n\t<meta property=\"og:image:width\" content=\"2768\" \/>\n\t<meta property=\"og:image:height\" content=\"1888\" \/>\n\t<meta property=\"og:image:type\" content=\"image\/jpeg\" \/>\n<meta name=\"twitter:card\" content=\"summary_large_image\" \/>\n<meta name=\"twitter:label1\" content=\"Est. reading time\" \/>\n\t<meta name=\"twitter:data1\" content=\"2 minutos\" \/>\n<script type=\"application\/ld+json\" class=\"yoast-schema-graph\">{\"@context\":\"https:\/\/schema.org\",\"@graph\":[{\"@type\":\"WebPage\",\"@id\":\"https:\/\/graziamagazine.com\/mx\/articles\/la-polemica-por-el-premio-que-le-sera-otorgado-a-prince-harry\/\",\"url\":\"https:\/\/graziamagazine.com\/mx\/articles\/la-polemica-por-el-premio-que-le-sera-otorgado-a-prince-harry\/\",\"name\":\"La pol\u00e9mica por el premio que le ser\u00e1 otorgado a Prince Harry | Grazia M\u00e9xico y Latinoam\u00e9rica\",\"isPartOf\":{\"@id\":\"https:\/\/graziamagazine.com\/mx\/#website\"},\"datePublished\":\"2024-07-03T02:28:41+00:00\",\"dateModified\":\"2024-07-03T02:30:36+00:00\",\"description\":\"La decisi\u00f3n de otorgar una condecoraci\u00f3n estadounidense al brit\u00e1nico pr\u00edncipe Harry, ha desatado una controversia en Estados Unidos, ya que el\",\"breadcrumb\":{\"@id\":\"https:\/\/graziamagazine.com\/mx\/articles\/la-polemica-por-el-premio-que-le-sera-otorgado-a-prince-harry\/#breadcrumb\"},\"inLanguage\":\"es-MX\",\"potentialAction\":[{\"@type\":\"ReadAction\",\"target\":[\"https:\/\/graziamagazine.com\/mx\/articles\/la-polemica-por-el-premio-que-le-sera-otorgado-a-prince-harry\/\"]}]},{\"@type\":\"BreadcrumbList\",\"@id\":\"https:\/\/graziamagazine.com\/mx\/articles\/la-polemica-por-el-premio-que-le-sera-otorgado-a-prince-harry\/#breadcrumb\",\"itemListElement\":[{\"@type\":\"ListItem\",\"position\":1,\"name\":\"Home\",\"item\":\"https:\/\/graziamagazine.com\/mx\/\"},{\"@type\":\"ListItem\",\"position\":2,\"name\":\"La pol\u00e9mica por el premio que le ser\u00e1 otorgado a Prince Harry\"}]},{\"@type\":\"WebSite\",\"@id\":\"https:\/\/graziamagazine.com\/mx\/#website\",\"url\":\"https:\/\/graziamagazine.com\/mx\/\",\"name\":\"Grazia M\u00e9xico y Latinoam\u00e9rica\",\"description\":\"Grazia es moda, belleza y noticias  de actualidad \",\"potentialAction\":[{\"@type\":\"SearchAction\",\"target\":{\"@type\":\"EntryPoint\",\"urlTemplate\":\"https:\/\/graziamagazine.com\/mx\/?s={search_term_string}\"},\"query-input\":\"required name=search_term_string\"}],\"inLanguage\":\"es-MX\"}]}<\/script>\n<!-- \/ Yoast SEO Premium plugin. -->","yoast_head_json":{"title":"La pol\u00e9mica por el premio que le ser\u00e1 otorgado a Prince Harry | Grazia M\u00e9xico y Latinoam\u00e9rica","description":"La decisi\u00f3n de otorgar una condecoraci\u00f3n estadounidense al brit\u00e1nico pr\u00edncipe Harry, ha desatado una controversia en Estados Unidos, ya que el","robots":{"index":"index","follow":"follow","max-snippet":"max-snippet:-1","max-image-preview":"max-image-preview:large","max-video-preview":"max-video-preview:-1"},"canonical":"https:\/\/graziamagazine.com\/mx\/articles\/la-polemica-por-el-premio-que-le-sera-otorgado-a-prince-harry\/","og_locale":"es_MX","og_type":"article","og_title":"La pol\u00e9mica por el premio que le ser\u00e1 otorgado a Prince Harry","og_description":"La decisi\u00f3n de otorgar una condecoraci\u00f3n estadounidense al brit\u00e1nico pr\u00edncipe Harry, ha desatado una controversia en Estados Unidos, ya que el","og_url":"https:\/\/graziamagazine.com\/mx\/articles\/la-polemica-por-el-premio-que-le-sera-otorgado-a-prince-harry\/","og_site_name":"Grazia M\u00e9xico y Latinoam\u00e9rica","article_modified_time":"2024-07-03T02:30:36+00:00","og_image":[{"width":2768,"height":1888,"url":"https:\/\/graziamagazine.com\/mx\/wp-content\/uploads\/sites\/13\/2020\/07\/un-nuevo-libro-revelo-la-cuenta-secreta-de-prince-harry-en-instagram-destacada.jpg","type":"image\/jpeg"}],"twitter_card":"summary_large_image","twitter_misc":{"Est. reading time":"2 minutos"},"schema":{"@context":"https:\/\/schema.org","@graph":[{"@type":"WebPage","@id":"https:\/\/graziamagazine.com\/mx\/articles\/la-polemica-por-el-premio-que-le-sera-otorgado-a-prince-harry\/","url":"https:\/\/graziamagazine.com\/mx\/articles\/la-polemica-por-el-premio-que-le-sera-otorgado-a-prince-harry\/","name":"La pol\u00e9mica por el premio que le ser\u00e1 otorgado a Prince Harry | Grazia M\u00e9xico y Latinoam\u00e9rica","isPartOf":{"@id":"https:\/\/graziamagazine.com\/mx\/#website"},"datePublished":"2024-07-03T02:28:41+00:00","dateModified":"2024-07-03T02:30:36+00:00","description":"La decisi\u00f3n de otorgar una condecoraci\u00f3n estadounidense al brit\u00e1nico pr\u00edncipe Harry, ha desatado una controversia en Estados Unidos, ya que el","breadcrumb":{"@id":"https:\/\/graziamagazine.com\/mx\/articles\/la-polemica-por-el-premio-que-le-sera-otorgado-a-prince-harry\/#breadcrumb"},"inLanguage":"es-MX","potentialAction":[{"@type":"ReadAction","target":["https:\/\/graziamagazine.com\/mx\/articles\/la-polemica-por-el-premio-que-le-sera-otorgado-a-prince-harry\/"]}]},{"@type":"BreadcrumbList","@id":"https:\/\/graziamagazine.com\/mx\/articles\/la-polemica-por-el-premio-que-le-sera-otorgado-a-prince-harry\/#breadcrumb","itemListElement":[{"@type":"ListItem","position":1,"name":"Home","item":"https:\/\/graziamagazine.com\/mx\/"},{"@type":"ListItem","position":2,"name":"La pol\u00e9mica por el premio que le ser\u00e1 otorgado a Prince Harry"}]},{"@type":"WebSite","@id":"https:\/\/graziamagazine.com\/mx\/#website","url":"https:\/\/graziamagazine.com\/mx\/","name":"Grazia M\u00e9xico y Latinoam\u00e9rica","description":"Grazia es moda, belleza y noticias  de actualidad ","potentialAction":[{"@type":"SearchAction","target":{"@type":"EntryPoint","urlTemplate":"https:\/\/graziamagazine.com\/mx\/?s={search_term_string}"},"query-input":"required name=search_term_string"}],"inLanguage":"es-MX"}]}},"jetpack_sharing_enabled":true,"distributor_meta":false,"distributor_terms":false,"distributor_media":false,"distributor_original_site_name":"Grazia M\u00e9xico y Latinoam\u00e9rica","distributor_original_site_url":"https:\/\/graziamagazine.com\/mx","push-errors":false,"_links":{"self":[{"href":"https:\/\/graziamagazine.com\/mx\/wp-json\/wp\/v2\/articles\/138825"}],"collection":[{"href":"https:\/\/graziamagazine.com\/mx\/wp-json\/wp\/v2\/articles"}],"about":[{"href":"https:\/\/graziamagazine.com\/mx\/wp-json\/wp\/v2\/types\/articles"}],"author":[{"embeddable":true,"href":"https:\/\/graziamagazine.com\/mx\/wp-json\/wp\/v2\/users\/11628"}],"wp:featuredmedia":[{"embeddable":true,"href":"https:\/\/graziamagazine.com\/mx\/wp-json\/wp\/v2\/media\/87607"}],"wp:attachment":[{"href":"https:\/\/graziamagazine.com\/mx\/wp-json\/wp\/v2\/media?parent=138825"}],"wp:term":[{"taxonomy":"category","embeddable":true,"href":"https:\/\/graziamagazine.com\/mx\/wp-json\/wp\/v2\/categories?post=138825"}],"curies":[{"name":"wp","href":"https:\/\/api.w.org\/{rel}","templated":true}]}}