{"id":138761,"date":"2024-07-01T17:29:21","date_gmt":"2024-07-01T22:29:21","guid":{"rendered":"https:\/\/graziamagazine.com\/mx\/?post_type=articles&#038;p=138761"},"modified":"2024-07-01T17:46:31","modified_gmt":"2024-07-01T22:46:31","slug":"los-felices-conoce-unico-hotel-dedicado-moda-mundo","status":"publish","type":"articles","link":"https:\/\/graziamagazine.com\/mx\/articles\/los-felices-conoce-unico-hotel-dedicado-moda-mundo\/","title":{"rendered":"Los Felices: conoce el \u00fanico hotel dedicado a la moda en el mundo"},"content":{"rendered":"<p><strong>Los Felices<\/strong> es el \u00fanico <strong>hotel<\/strong> dedicado a la moda en el mundo y est\u00e1 ubicado en la <strong>Bah\u00eda de San Jos\u00e9<\/strong> en <strong>Ibiza<\/strong> y adem\u00e1s, rinde un homenaje a <strong>Palm Springs<\/strong>, la ciudad al este de <strong>Los \u00c1ngeles<\/strong> que est\u00e1 en <strong>Coachella Valley<\/strong>.<\/p>\n<p>De hecho, el hotel es conocido como <em><strong>Playground of the stars<\/strong><\/em> por la continua afluencia de celebridades que tiene el lugar desde los a\u00f1os cincuenta como Frank Sinatra, Cher, Sonny Bono, Bob Hope, George Hamilton o el pianista Liberace.<\/p>\n<p>Este hotel es el noveno de la marca <strong>The Concept Hotels<\/strong> y fue dise\u00f1ado por el estudio de arquitectura y dise\u00f1o <strong>Ilmiodesign<\/strong>.<\/p>\n<figure id=\"attachment_138764\" aria-describedby=\"caption-attachment-138764\" style=\"width: 450px\" class=\"wp-caption alignnone\"><img loading=\"lazy\" decoding=\"async\" class=\"size-medium wp-image-138764\" src=\"https:\/\/graziamagazine.com\/mx\/wp-content\/uploads\/sites\/13\/2024\/07\/Captura-de-Pantalla-2024-07-01-a-las-16.41.08-450x337.png\" alt=\"\" width=\"450\" height=\"337\" srcset=\"https:\/\/graziamagazine.com\/mx\/wp-content\/uploads\/sites\/13\/2024\/07\/Captura-de-Pantalla-2024-07-01-a-las-16.41.08-450x337.png 450w, https:\/\/graziamagazine.com\/mx\/wp-content\/uploads\/sites\/13\/2024\/07\/Captura-de-Pantalla-2024-07-01-a-las-16.41.08-768x575.png 768w, https:\/\/graziamagazine.com\/mx\/wp-content\/uploads\/sites\/13\/2024\/07\/Captura-de-Pantalla-2024-07-01-a-las-16.41.08-400x299.png 400w, https:\/\/graziamagazine.com\/mx\/wp-content\/uploads\/sites\/13\/2024\/07\/Captura-de-Pantalla-2024-07-01-a-las-16.41.08-155x116.png 155w, https:\/\/graziamagazine.com\/mx\/wp-content\/uploads\/sites\/13\/2024\/07\/Captura-de-Pantalla-2024-07-01-a-las-16.41.08.png 842w\" sizes=\"(max-width: 450px) 100vw, 450px\" \/><figcaption id=\"caption-attachment-138764\" class=\"wp-caption-text\">The Concept Hotels<\/figcaption><\/figure>\n<p>De hecho, hay varios dise\u00f1adores de modas involucrados en el proyecto que busca resaltar lo mejor de la industria.<\/p>\n<p>Alejandro G\u00f3mez Palomo, Pepa Salazar, Abraham Ortu\u00f1o y Angel Nokonoko. As\u00ed como Jean Paul Gaultier, Emma Rowen Rose, Florentin Gl\u00e8marec, que est\u00e1 detr\u00e1s de Egonlab, Kevin Nonpeix y la dise\u00f1adora griega Dimitra Petsa, son parte del equipo de dise\u00f1adores que colaboran con el hotel.<\/p>\n<p>Los Felices tendr\u00e1 habitaciones est\u00e1ndar y suites, adem\u00e1s de seis villas con acceso independiente con terraza privada y acceso a las zonas de albercas.<\/p>\n<p>Adem\u00e1s, el hotel tendr\u00e1 una boutique en el interior del hotel, llamada <em><strong>Les Fleurs<\/strong><\/em>, con moda enfocada en el <em>upcycling<\/em> y el reciclaje de tejidos.<\/p>\n<figure id=\"attachment_138763\" aria-describedby=\"caption-attachment-138763\" style=\"width: 450px\" class=\"wp-caption alignnone\"><img loading=\"lazy\" decoding=\"async\" class=\"size-medium wp-image-138763\" src=\"https:\/\/graziamagazine.com\/mx\/wp-content\/uploads\/sites\/13\/2024\/07\/Captura-de-Pantalla-2024-07-01-a-las-16.40.58-450x337.png\" alt=\"\" width=\"450\" height=\"337\" srcset=\"https:\/\/graziamagazine.com\/mx\/wp-content\/uploads\/sites\/13\/2024\/07\/Captura-de-Pantalla-2024-07-01-a-las-16.40.58-450x337.png 450w, https:\/\/graziamagazine.com\/mx\/wp-content\/uploads\/sites\/13\/2024\/07\/Captura-de-Pantalla-2024-07-01-a-las-16.40.58-768x576.png 768w, https:\/\/graziamagazine.com\/mx\/wp-content\/uploads\/sites\/13\/2024\/07\/Captura-de-Pantalla-2024-07-01-a-las-16.40.58-400x300.png 400w, https:\/\/graziamagazine.com\/mx\/wp-content\/uploads\/sites\/13\/2024\/07\/Captura-de-Pantalla-2024-07-01-a-las-16.40.58-155x116.png 155w, https:\/\/graziamagazine.com\/mx\/wp-content\/uploads\/sites\/13\/2024\/07\/Captura-de-Pantalla-2024-07-01-a-las-16.40.58.png 846w\" sizes=\"(max-width: 450px) 100vw, 450px\" \/><figcaption id=\"caption-attachment-138763\" class=\"wp-caption-text\">The Concept Hotels<\/figcaption><\/figure>\n<p>Tendr\u00e1 un fant\u00e1stico Kiosko, La Fashiont\u00e8que, que contar\u00e1 con revistas, libros de moda y publicaciones especializadas sobre moda al alcance de cualquier hu\u00e9sped.<\/p>\n<p>La zona de alberca, The Palms Pool Club, tiene dos piscinas separadas por la cabina de dj con forma de parasol sesentero. Adem\u00e1s, Los Felices abrir\u00e1 su propio <em>nightclub<\/em> en el 2025.<\/p>\n","protected":false},"author":36289,"featured_media":138765,"template":"","format":"standard","categories":[12483],"acf":[],"yoast_head":"<!-- This site is optimized with the Yoast SEO Premium plugin v18.5 (Yoast SEO v20.4) - https:\/\/yoast.com\/wordpress\/plugins\/seo\/ -->\n<title>Los Felices: conoce el \u00fanico hotel dedicado a la moda en el mundo | Grazia M\u00e9xico y Latinoam\u00e9rica<\/title>\n<meta name=\"description\" content=\"Los Felices es el \u00fanico hotel dedicado a la moda en el mundo y est\u00e1 ubicado en la Bah\u00eda de San Jos\u00e9 en Ibiza y adem\u00e1s, rinde un homenaje a Palm Springs,\" \/>\n<meta name=\"robots\" content=\"index, follow, max-snippet:-1, max-image-preview:large, max-video-preview:-1\" \/>\n<link rel=\"canonical\" href=\"https:\/\/graziamagazine.com\/mx\/articles\/los-felices-conoce-unico-hotel-dedicado-moda-mundo\/\" \/>\n<meta property=\"og:locale\" content=\"es_MX\" \/>\n<meta property=\"og:type\" content=\"article\" \/>\n<meta property=\"og:title\" content=\"Los Felices: conoce el \u00fanico hotel dedicado a la moda en el mundo\" \/>\n<meta property=\"og:description\" content=\"Los Felices es el \u00fanico hotel dedicado a la moda en el mundo y est\u00e1 ubicado en la Bah\u00eda de San Jos\u00e9 en Ibiza y adem\u00e1s, rinde un homenaje a Palm Springs,\" \/>\n<meta property=\"og:url\" content=\"https:\/\/graziamagazine.com\/mx\/articles\/los-felices-conoce-unico-hotel-dedicado-moda-mundo\/\" \/>\n<meta property=\"og:site_name\" content=\"Grazia M\u00e9xico y Latinoam\u00e9rica\" \/>\n<meta property=\"article:modified_time\" content=\"2024-07-01T22:46:31+00:00\" \/>\n<meta property=\"og:image\" content=\"https:\/\/graziamagazine.com\/mx\/wp-content\/uploads\/sites\/13\/2024\/07\/Captura-de-Pantalla-2024-07-01-a-las-16.41.25-e1719873893864-1024x575.png\" \/>\n\t<meta property=\"og:image:width\" content=\"1024\" \/>\n\t<meta property=\"og:image:height\" content=\"575\" \/>\n\t<meta property=\"og:image:type\" content=\"image\/png\" \/>\n<meta name=\"twitter:card\" content=\"summary_large_image\" \/>\n<meta name=\"twitter:label1\" content=\"Est. reading time\" \/>\n\t<meta name=\"twitter:data1\" content=\"2 minutos\" \/>\n<script type=\"application\/ld+json\" class=\"yoast-schema-graph\">{\"@context\":\"https:\/\/schema.org\",\"@graph\":[{\"@type\":\"WebPage\",\"@id\":\"https:\/\/graziamagazine.com\/mx\/articles\/los-felices-conoce-unico-hotel-dedicado-moda-mundo\/\",\"url\":\"https:\/\/graziamagazine.com\/mx\/articles\/los-felices-conoce-unico-hotel-dedicado-moda-mundo\/\",\"name\":\"Los Felices: conoce el \u00fanico hotel dedicado a la moda en el mundo | Grazia M\u00e9xico y Latinoam\u00e9rica\",\"isPartOf\":{\"@id\":\"https:\/\/graziamagazine.com\/mx\/#website\"},\"datePublished\":\"2024-07-01T22:29:21+00:00\",\"dateModified\":\"2024-07-01T22:46:31+00:00\",\"description\":\"Los Felices es el \u00fanico hotel dedicado a la moda en el mundo y est\u00e1 ubicado en la Bah\u00eda de San Jos\u00e9 en Ibiza y adem\u00e1s, rinde un homenaje a Palm Springs,\",\"breadcrumb\":{\"@id\":\"https:\/\/graziamagazine.com\/mx\/articles\/los-felices-conoce-unico-hotel-dedicado-moda-mundo\/#breadcrumb\"},\"inLanguage\":\"es-MX\",\"potentialAction\":[{\"@type\":\"ReadAction\",\"target\":[\"https:\/\/graziamagazine.com\/mx\/articles\/los-felices-conoce-unico-hotel-dedicado-moda-mundo\/\"]}]},{\"@type\":\"BreadcrumbList\",\"@id\":\"https:\/\/graziamagazine.com\/mx\/articles\/los-felices-conoce-unico-hotel-dedicado-moda-mundo\/#breadcrumb\",\"itemListElement\":[{\"@type\":\"ListItem\",\"position\":1,\"name\":\"Home\",\"item\":\"https:\/\/graziamagazine.com\/mx\/\"},{\"@type\":\"ListItem\",\"position\":2,\"name\":\"Los Felices: conoce el \u00fanico hotel dedicado a la moda en el mundo\"}]},{\"@type\":\"WebSite\",\"@id\":\"https:\/\/graziamagazine.com\/mx\/#website\",\"url\":\"https:\/\/graziamagazine.com\/mx\/\",\"name\":\"Grazia M\u00e9xico y Latinoam\u00e9rica\",\"description\":\"Grazia es moda, belleza y noticias  de actualidad \",\"potentialAction\":[{\"@type\":\"SearchAction\",\"target\":{\"@type\":\"EntryPoint\",\"urlTemplate\":\"https:\/\/graziamagazine.com\/mx\/?s={search_term_string}\"},\"query-input\":\"required name=search_term_string\"}],\"inLanguage\":\"es-MX\"}]}<\/script>\n<!-- \/ Yoast SEO Premium plugin. -->","yoast_head_json":{"title":"Los Felices: conoce el \u00fanico hotel dedicado a la moda en el mundo | Grazia M\u00e9xico y Latinoam\u00e9rica","description":"Los Felices es el \u00fanico hotel dedicado a la moda en el mundo y est\u00e1 ubicado en la Bah\u00eda de San Jos\u00e9 en Ibiza y adem\u00e1s, rinde un homenaje a Palm Springs,","robots":{"index":"index","follow":"follow","max-snippet":"max-snippet:-1","max-image-preview":"max-image-preview:large","max-video-preview":"max-video-preview:-1"},"canonical":"https:\/\/graziamagazine.com\/mx\/articles\/los-felices-conoce-unico-hotel-dedicado-moda-mundo\/","og_locale":"es_MX","og_type":"article","og_title":"Los Felices: conoce el \u00fanico hotel dedicado a la moda en el mundo","og_description":"Los Felices es el \u00fanico hotel dedicado a la moda en el mundo y est\u00e1 ubicado en la Bah\u00eda de San Jos\u00e9 en Ibiza y adem\u00e1s, rinde un homenaje a Palm Springs,","og_url":"https:\/\/graziamagazine.com\/mx\/articles\/los-felices-conoce-unico-hotel-dedicado-moda-mundo\/","og_site_name":"Grazia M\u00e9xico y Latinoam\u00e9rica","article_modified_time":"2024-07-01T22:46:31+00:00","og_image":[{"width":1024,"height":575,"url":"https:\/\/graziamagazine.com\/mx\/wp-content\/uploads\/sites\/13\/2024\/07\/Captura-de-Pantalla-2024-07-01-a-las-16.41.25-e1719873893864-1024x575.png","type":"image\/png"}],"twitter_card":"summary_large_image","twitter_misc":{"Est. reading time":"2 minutos"},"schema":{"@context":"https:\/\/schema.org","@graph":[{"@type":"WebPage","@id":"https:\/\/graziamagazine.com\/mx\/articles\/los-felices-conoce-unico-hotel-dedicado-moda-mundo\/","url":"https:\/\/graziamagazine.com\/mx\/articles\/los-felices-conoce-unico-hotel-dedicado-moda-mundo\/","name":"Los Felices: conoce el \u00fanico hotel dedicado a la moda en el mundo | Grazia M\u00e9xico y Latinoam\u00e9rica","isPartOf":{"@id":"https:\/\/graziamagazine.com\/mx\/#website"},"datePublished":"2024-07-01T22:29:21+00:00","dateModified":"2024-07-01T22:46:31+00:00","description":"Los Felices es el \u00fanico hotel dedicado a la moda en el mundo y est\u00e1 ubicado en la Bah\u00eda de San Jos\u00e9 en Ibiza y adem\u00e1s, rinde un homenaje a Palm Springs,","breadcrumb":{"@id":"https:\/\/graziamagazine.com\/mx\/articles\/los-felices-conoce-unico-hotel-dedicado-moda-mundo\/#breadcrumb"},"inLanguage":"es-MX","potentialAction":[{"@type":"ReadAction","target":["https:\/\/graziamagazine.com\/mx\/articles\/los-felices-conoce-unico-hotel-dedicado-moda-mundo\/"]}]},{"@type":"BreadcrumbList","@id":"https:\/\/graziamagazine.com\/mx\/articles\/los-felices-conoce-unico-hotel-dedicado-moda-mundo\/#breadcrumb","itemListElement":[{"@type":"ListItem","position":1,"name":"Home","item":"https:\/\/graziamagazine.com\/mx\/"},{"@type":"ListItem","position":2,"name":"Los Felices: conoce el \u00fanico hotel dedicado a la moda en el mundo"}]},{"@type":"WebSite","@id":"https:\/\/graziamagazine.com\/mx\/#website","url":"https:\/\/graziamagazine.com\/mx\/","name":"Grazia M\u00e9xico y Latinoam\u00e9rica","description":"Grazia es moda, belleza y noticias  de actualidad ","potentialAction":[{"@type":"SearchAction","target":{"@type":"EntryPoint","urlTemplate":"https:\/\/graziamagazine.com\/mx\/?s={search_term_string}"},"query-input":"required name=search_term_string"}],"inLanguage":"es-MX"}]}},"jetpack_sharing_enabled":true,"distributor_meta":false,"distributor_terms":false,"distributor_media":false,"distributor_original_site_name":"Grazia M\u00e9xico y Latinoam\u00e9rica","distributor_original_site_url":"https:\/\/graziamagazine.com\/mx","push-errors":false,"_links":{"self":[{"href":"https:\/\/graziamagazine.com\/mx\/wp-json\/wp\/v2\/articles\/138761"}],"collection":[{"href":"https:\/\/graziamagazine.com\/mx\/wp-json\/wp\/v2\/articles"}],"about":[{"href":"https:\/\/graziamagazine.com\/mx\/wp-json\/wp\/v2\/types\/articles"}],"author":[{"embeddable":true,"href":"https:\/\/graziamagazine.com\/mx\/wp-json\/wp\/v2\/users\/36289"}],"wp:featuredmedia":[{"embeddable":true,"href":"https:\/\/graziamagazine.com\/mx\/wp-json\/wp\/v2\/media\/138765"}],"wp:attachment":[{"href":"https:\/\/graziamagazine.com\/mx\/wp-json\/wp\/v2\/media?parent=138761"}],"wp:term":[{"taxonomy":"category","embeddable":true,"href":"https:\/\/graziamagazine.com\/mx\/wp-json\/wp\/v2\/categories?post=138761"}],"curies":[{"name":"wp","href":"https:\/\/api.w.org\/{rel}","templated":true}]}}