{"id":138684,"date":"2024-06-27T19:58:16","date_gmt":"2024-06-28T00:58:16","guid":{"rendered":"https:\/\/graziamagazine.com\/mx\/?post_type=articles&#038;p=138684"},"modified":"2024-06-27T20:00:03","modified_gmt":"2024-06-28T01:00:03","slug":"la-casa-de-marylin-monroe-en-los-angeles-sera-un-monumento-historico","status":"publish","type":"articles","link":"https:\/\/graziamagazine.com\/mx\/articles\/la-casa-de-marylin-monroe-en-los-angeles-sera-un-monumento-historico\/","title":{"rendered":"La casa de Marylin Monroe en Los \u00c1ngeles ser\u00e1 un monumento hist\u00f3rico"},"content":{"rendered":"<p><span style=\"font-weight: 400\">La casa de Marilyn Monroe en Los \u00c1ngeles ha sido reconocida como un monumento hist\u00f3rico para la cultura estadounidense, despu\u00e9s de que los miembros del concejo municipal votaran un\u00e1nimemente para designarla monumento cultural hist\u00f3rico.<\/span><\/p>\n<p><span style=\"font-weight: 400\">La casa, ubicada en Brentwood, fue el hogar de Monroe en 1962, a\u00f1o de su muerte, donde ella vivi\u00f3 por \u00faltima vez.<\/span><\/p>\n<p><span style=\"font-weight: 400\">Marilyn compr\u00f3 la casa por $75,000 d\u00f3lares en 1962. Sin embargo, la actriz muri\u00f3 de lo que oficialmente se consider\u00f3 una sobredosis en la misma residencia solo seis meses despu\u00e9s.<\/span><\/p>\n<p><span style=\"font-weight: 400\">Despu\u00e9s de que el propietario del edificio obtuviera un permiso para demoler la casa en septiembre de 2023, el consejo suspendi\u00f3 temporalmente el permiso para poder estudiar el tema m\u00e1s a fondo. Los comit\u00e9s determinaron que la propiedad calificaba para la preservaci\u00f3n hist\u00f3rica, pero a\u00fan era necesaria la adopci\u00f3n del consejo.<\/span><\/p>\n<p><img loading=\"lazy\" decoding=\"async\" class=\"alignnone size-medium wp-image-138686\" src=\"https:\/\/graziamagazine.com\/mx\/wp-content\/uploads\/sites\/13\/2024\/06\/Captura-de-Pantalla-2024-06-27-a-las-10.18.04-450x298.png\" alt=\"\" width=\"450\" height=\"298\" srcset=\"https:\/\/graziamagazine.com\/mx\/wp-content\/uploads\/sites\/13\/2024\/06\/Captura-de-Pantalla-2024-06-27-a-las-10.18.04-450x298.png 450w, https:\/\/graziamagazine.com\/mx\/wp-content\/uploads\/sites\/13\/2024\/06\/Captura-de-Pantalla-2024-06-27-a-las-10.18.04-400x265.png 400w, https:\/\/graziamagazine.com\/mx\/wp-content\/uploads\/sites\/13\/2024\/06\/Captura-de-Pantalla-2024-06-27-a-las-10.18.04-155x103.png 155w, https:\/\/graziamagazine.com\/mx\/wp-content\/uploads\/sites\/13\/2024\/06\/Captura-de-Pantalla-2024-06-27-a-las-10.18.04.png 591w\" sizes=\"(max-width: 450px) 100vw, 450px\" \/><\/p>\n<p><span style=\"font-weight: 400\">La concejal Tracy Park, que representa el \u00e1rea donde se encuentra la casa, dijo antes de la votaci\u00f3n que los miembros tuvieron la oportunidad de hacer lo que &#8220;deber\u00eda haberse hecho hace 60 a\u00f1os\u201d.<\/span><\/p>\n<p><span style=\"font-weight: 400\">Park se comprometi\u00f3 a presentar una moci\u00f3n sobre el tr\u00e1fico no deseado de los autobuses tur\u00edsticos del que se hab\u00edan quejado los vecinos, pero dej\u00f3 claros sus sentimientos generales.<\/span><\/p>\n<p><span style=\"font-weight: 400\">&#8220;Perder este pedazo de historia, la \u00fanica casa que Monroe tuvo alguna vez, ser\u00eda un golpe devastador para la preservaci\u00f3n hist\u00f3rica y para una ciudad donde menos del 3 por ciento de las designaciones hist\u00f3ricas est\u00e1n asociadas con la herencia de las mujeres&#8221;, dijo Park.<\/span><\/p>\n<p><span style=\"font-weight: 400\">Despu\u00e9s de la votaci\u00f3n, el abogado de Milstein y Bank, Peter C. Sheridan, dijo a la estaci\u00f3n que era parte de un proceso &#8220;inconstitucional y ama\u00f1ado&#8221; y aleg\u00f3 que las renovaciones a la propiedad realizadas por propietarios anteriores que fueron aprobadas por la ciudad dieron como resultado que no quedara &#8220;nada&#8221;, reflejando el breve tiempo que la Sra. Monroe pas\u00f3 all\u00ed hace 60 a\u00f1os\u201d.<\/span><\/p>\n<p><span style=\"font-weight: 400\">\u201cLas acciones de Tracy Park hoy y durante todo el proceso, sin tener en cuenta los intereses de sus electores y los hechos y m\u00e9ritos, demuestran que la casa o la inversi\u00f3n de nadie est\u00e1 segura\u201d, a\u00f1adi\u00f3 Sheridan en el comunicado.<\/span><\/p>\n","protected":false},"author":11628,"featured_media":138685,"template":"","format":"standard","categories":[114,2],"acf":[],"yoast_head":"<!-- This site is optimized with the Yoast SEO Premium plugin v18.5 (Yoast SEO v20.4) - https:\/\/yoast.com\/wordpress\/plugins\/seo\/ -->\n<title>La casa de Marylin Monroe en Los \u00c1ngeles ser\u00e1 un monumento hist\u00f3rico | Grazia M\u00e9xico y Latinoam\u00e9rica<\/title>\n<meta name=\"description\" content=\"La casa de Marilyn Monroe en Los \u00c1ngeles ha sido reconocida como un monumento hist\u00f3rico para la cultura estadounidense, despu\u00e9s de que los miembros del\" \/>\n<meta name=\"robots\" content=\"index, follow, max-snippet:-1, max-image-preview:large, max-video-preview:-1\" \/>\n<link rel=\"canonical\" href=\"https:\/\/graziamagazine.com\/mx\/articles\/la-casa-de-marylin-monroe-en-los-angeles-sera-un-monumento-historico\/\" \/>\n<meta property=\"og:locale\" content=\"es_MX\" \/>\n<meta property=\"og:type\" content=\"article\" \/>\n<meta property=\"og:title\" content=\"La casa de Marylin Monroe en Los \u00c1ngeles ser\u00e1 un monumento hist\u00f3rico\" \/>\n<meta property=\"og:description\" content=\"La casa de Marilyn Monroe en Los \u00c1ngeles ha sido reconocida como un monumento hist\u00f3rico para la cultura estadounidense, despu\u00e9s de que los miembros del\" \/>\n<meta property=\"og:url\" content=\"https:\/\/graziamagazine.com\/mx\/articles\/la-casa-de-marylin-monroe-en-los-angeles-sera-un-monumento-historico\/\" \/>\n<meta property=\"og:site_name\" content=\"Grazia M\u00e9xico y Latinoam\u00e9rica\" \/>\n<meta property=\"article:modified_time\" content=\"2024-06-28T01:00:03+00:00\" \/>\n<meta property=\"og:image\" content=\"https:\/\/graziamagazine.com\/mx\/wp-content\/uploads\/sites\/13\/2024\/06\/Captura-de-Pantalla-2024-06-27-a-las-10.19.49.png\" \/>\n\t<meta property=\"og:image:width\" content=\"406\" \/>\n\t<meta property=\"og:image:height\" content=\"250\" \/>\n\t<meta property=\"og:image:type\" content=\"image\/png\" \/>\n<meta name=\"twitter:card\" content=\"summary_large_image\" \/>\n<meta name=\"twitter:label1\" content=\"Est. reading time\" \/>\n\t<meta name=\"twitter:data1\" content=\"2 minutos\" \/>\n<script type=\"application\/ld+json\" class=\"yoast-schema-graph\">{\"@context\":\"https:\/\/schema.org\",\"@graph\":[{\"@type\":\"WebPage\",\"@id\":\"https:\/\/graziamagazine.com\/mx\/articles\/la-casa-de-marylin-monroe-en-los-angeles-sera-un-monumento-historico\/\",\"url\":\"https:\/\/graziamagazine.com\/mx\/articles\/la-casa-de-marylin-monroe-en-los-angeles-sera-un-monumento-historico\/\",\"name\":\"La casa de Marylin Monroe en Los \u00c1ngeles ser\u00e1 un monumento hist\u00f3rico | Grazia M\u00e9xico y Latinoam\u00e9rica\",\"isPartOf\":{\"@id\":\"https:\/\/graziamagazine.com\/mx\/#website\"},\"datePublished\":\"2024-06-28T00:58:16+00:00\",\"dateModified\":\"2024-06-28T01:00:03+00:00\",\"description\":\"La casa de Marilyn Monroe en Los \u00c1ngeles ha sido reconocida como un monumento hist\u00f3rico para la cultura estadounidense, despu\u00e9s de que los miembros del\",\"breadcrumb\":{\"@id\":\"https:\/\/graziamagazine.com\/mx\/articles\/la-casa-de-marylin-monroe-en-los-angeles-sera-un-monumento-historico\/#breadcrumb\"},\"inLanguage\":\"es-MX\",\"potentialAction\":[{\"@type\":\"ReadAction\",\"target\":[\"https:\/\/graziamagazine.com\/mx\/articles\/la-casa-de-marylin-monroe-en-los-angeles-sera-un-monumento-historico\/\"]}]},{\"@type\":\"BreadcrumbList\",\"@id\":\"https:\/\/graziamagazine.com\/mx\/articles\/la-casa-de-marylin-monroe-en-los-angeles-sera-un-monumento-historico\/#breadcrumb\",\"itemListElement\":[{\"@type\":\"ListItem\",\"position\":1,\"name\":\"Home\",\"item\":\"https:\/\/graziamagazine.com\/mx\/\"},{\"@type\":\"ListItem\",\"position\":2,\"name\":\"La casa de Marylin Monroe en Los \u00c1ngeles ser\u00e1 un monumento hist\u00f3rico\"}]},{\"@type\":\"WebSite\",\"@id\":\"https:\/\/graziamagazine.com\/mx\/#website\",\"url\":\"https:\/\/graziamagazine.com\/mx\/\",\"name\":\"Grazia M\u00e9xico y Latinoam\u00e9rica\",\"description\":\"Grazia es moda, belleza y noticias  de actualidad \",\"potentialAction\":[{\"@type\":\"SearchAction\",\"target\":{\"@type\":\"EntryPoint\",\"urlTemplate\":\"https:\/\/graziamagazine.com\/mx\/?s={search_term_string}\"},\"query-input\":\"required name=search_term_string\"}],\"inLanguage\":\"es-MX\"}]}<\/script>\n<!-- \/ Yoast SEO Premium plugin. -->","yoast_head_json":{"title":"La casa de Marylin Monroe en Los \u00c1ngeles ser\u00e1 un monumento hist\u00f3rico | Grazia M\u00e9xico y Latinoam\u00e9rica","description":"La casa de Marilyn Monroe en Los \u00c1ngeles ha sido reconocida como un monumento hist\u00f3rico para la cultura estadounidense, despu\u00e9s de que los miembros del","robots":{"index":"index","follow":"follow","max-snippet":"max-snippet:-1","max-image-preview":"max-image-preview:large","max-video-preview":"max-video-preview:-1"},"canonical":"https:\/\/graziamagazine.com\/mx\/articles\/la-casa-de-marylin-monroe-en-los-angeles-sera-un-monumento-historico\/","og_locale":"es_MX","og_type":"article","og_title":"La casa de Marylin Monroe en Los \u00c1ngeles ser\u00e1 un monumento hist\u00f3rico","og_description":"La casa de Marilyn Monroe en Los \u00c1ngeles ha sido reconocida como un monumento hist\u00f3rico para la cultura estadounidense, despu\u00e9s de que los miembros del","og_url":"https:\/\/graziamagazine.com\/mx\/articles\/la-casa-de-marylin-monroe-en-los-angeles-sera-un-monumento-historico\/","og_site_name":"Grazia M\u00e9xico y Latinoam\u00e9rica","article_modified_time":"2024-06-28T01:00:03+00:00","og_image":[{"width":406,"height":250,"url":"https:\/\/graziamagazine.com\/mx\/wp-content\/uploads\/sites\/13\/2024\/06\/Captura-de-Pantalla-2024-06-27-a-las-10.19.49.png","type":"image\/png"}],"twitter_card":"summary_large_image","twitter_misc":{"Est. reading time":"2 minutos"},"schema":{"@context":"https:\/\/schema.org","@graph":[{"@type":"WebPage","@id":"https:\/\/graziamagazine.com\/mx\/articles\/la-casa-de-marylin-monroe-en-los-angeles-sera-un-monumento-historico\/","url":"https:\/\/graziamagazine.com\/mx\/articles\/la-casa-de-marylin-monroe-en-los-angeles-sera-un-monumento-historico\/","name":"La casa de Marylin Monroe en Los \u00c1ngeles ser\u00e1 un monumento hist\u00f3rico | Grazia M\u00e9xico y Latinoam\u00e9rica","isPartOf":{"@id":"https:\/\/graziamagazine.com\/mx\/#website"},"datePublished":"2024-06-28T00:58:16+00:00","dateModified":"2024-06-28T01:00:03+00:00","description":"La casa de Marilyn Monroe en Los \u00c1ngeles ha sido reconocida como un monumento hist\u00f3rico para la cultura estadounidense, despu\u00e9s de que los miembros del","breadcrumb":{"@id":"https:\/\/graziamagazine.com\/mx\/articles\/la-casa-de-marylin-monroe-en-los-angeles-sera-un-monumento-historico\/#breadcrumb"},"inLanguage":"es-MX","potentialAction":[{"@type":"ReadAction","target":["https:\/\/graziamagazine.com\/mx\/articles\/la-casa-de-marylin-monroe-en-los-angeles-sera-un-monumento-historico\/"]}]},{"@type":"BreadcrumbList","@id":"https:\/\/graziamagazine.com\/mx\/articles\/la-casa-de-marylin-monroe-en-los-angeles-sera-un-monumento-historico\/#breadcrumb","itemListElement":[{"@type":"ListItem","position":1,"name":"Home","item":"https:\/\/graziamagazine.com\/mx\/"},{"@type":"ListItem","position":2,"name":"La casa de Marylin Monroe en Los \u00c1ngeles ser\u00e1 un monumento hist\u00f3rico"}]},{"@type":"WebSite","@id":"https:\/\/graziamagazine.com\/mx\/#website","url":"https:\/\/graziamagazine.com\/mx\/","name":"Grazia M\u00e9xico y Latinoam\u00e9rica","description":"Grazia es moda, belleza y noticias  de actualidad ","potentialAction":[{"@type":"SearchAction","target":{"@type":"EntryPoint","urlTemplate":"https:\/\/graziamagazine.com\/mx\/?s={search_term_string}"},"query-input":"required name=search_term_string"}],"inLanguage":"es-MX"}]}},"jetpack_sharing_enabled":true,"distributor_meta":false,"distributor_terms":false,"distributor_media":false,"distributor_original_site_name":"Grazia M\u00e9xico y Latinoam\u00e9rica","distributor_original_site_url":"https:\/\/graziamagazine.com\/mx","push-errors":false,"_links":{"self":[{"href":"https:\/\/graziamagazine.com\/mx\/wp-json\/wp\/v2\/articles\/138684"}],"collection":[{"href":"https:\/\/graziamagazine.com\/mx\/wp-json\/wp\/v2\/articles"}],"about":[{"href":"https:\/\/graziamagazine.com\/mx\/wp-json\/wp\/v2\/types\/articles"}],"author":[{"embeddable":true,"href":"https:\/\/graziamagazine.com\/mx\/wp-json\/wp\/v2\/users\/11628"}],"wp:featuredmedia":[{"embeddable":true,"href":"https:\/\/graziamagazine.com\/mx\/wp-json\/wp\/v2\/media\/138685"}],"wp:attachment":[{"href":"https:\/\/graziamagazine.com\/mx\/wp-json\/wp\/v2\/media?parent=138684"}],"wp:term":[{"taxonomy":"category","embeddable":true,"href":"https:\/\/graziamagazine.com\/mx\/wp-json\/wp\/v2\/categories?post=138684"}],"curies":[{"name":"wp","href":"https:\/\/api.w.org\/{rel}","templated":true}]}}