{"id":138631,"date":"2024-06-27T15:13:15","date_gmt":"2024-06-27T20:13:15","guid":{"rendered":"https:\/\/graziamagazine.com\/mx\/?post_type=articles&#038;p=138631"},"modified":"2024-06-27T15:20:14","modified_gmt":"2024-06-27T20:20:14","slug":"jean-paul-gaultier-alta-costura-otono-2024-la-maestria-de-nicolas-di-felice","status":"publish","type":"articles","link":"https:\/\/graziamagazine.com\/mx\/articles\/jean-paul-gaultier-alta-costura-otono-2024-la-maestria-de-nicolas-di-felice\/","title":{"rendered":"Jean Paul Gaultier Alta Costura Oto\u00f1o 2024: La Maestr\u00eda de Nicolas Di Felice"},"content":{"rendered":"<p>Desde el inicio del proyecto de colecciones colaborativas de<strong> Jean Paul Gaultier en 2021<\/strong>, varios dise\u00f1adores han dejado su huella, pero pocos lo han hecho con la audacia de <strong>Nicolas Di Felice.<\/strong><\/p>\n<p>A pesar de ser uno de los m\u00e1s recientes en unirse a esta iniciativa, Di Felice ha demostrado ser un innovador formidable en la pasarela, dejando una impresi\u00f3n duradera en la presentaci\u00f3n de la colecci\u00f3n de <strong>Alta Costura Oto\u00f1o 2024 de Gaultier.<\/strong><\/p>\n<p>La atm\u00f3sfera en la sede de JPG era sofocante, no solo por el mal funcionamiento del aire acondicionado, sino por la intensidad y la energ\u00eda de la colecci\u00f3n presentada.<\/p>\n<div class=\"content-gallery\"><div class=\"gallery-placeholder\"><div class=\"spinner\"><\/div><\/div><span class=\"gallery-pagination\"><\/span><div id=\"gallery-1\" class=\"gallery galleryid-138631 gallery-columns- gallery-size-\"><figure class=\"gallery-item\"><div class=\"gallery-icon landscape\"><img loading=\"lazy\" decoding=\"async\" width=\"706\" height=\"1074\" src=\"https:\/\/graziamagazine.com\/mx\/wp-content\/uploads\/sites\/13\/2024\/06\/Captura-de-Pantalla-2024-06-27-a-las-14.14.42.png\" class=\"lazy\" alt=\"\" srcset=\"https:\/\/graziamagazine.com\/mx\/wp-content\/uploads\/sites\/13\/2024\/06\/Captura-de-Pantalla-2024-06-27-a-las-14.14.42.png 706w, https:\/\/graziamagazine.com\/mx\/wp-content\/uploads\/sites\/13\/2024\/06\/Captura-de-Pantalla-2024-06-27-a-las-14.14.42-296x450.png 296w, https:\/\/graziamagazine.com\/mx\/wp-content\/uploads\/sites\/13\/2024\/06\/Captura-de-Pantalla-2024-06-27-a-las-14.14.42-673x1024.png 673w, https:\/\/graziamagazine.com\/mx\/wp-content\/uploads\/sites\/13\/2024\/06\/Captura-de-Pantalla-2024-06-27-a-las-14.14.42-400x608.png 400w, https:\/\/graziamagazine.com\/mx\/wp-content\/uploads\/sites\/13\/2024\/06\/Captura-de-Pantalla-2024-06-27-a-las-14.14.42-141x215.png 141w\" sizes=\"(max-width: 706px) 100vw, 706px\" \/><\/div><\/figure><figure class=\"gallery-item\"><div class=\"gallery-icon landscape\"><img loading=\"lazy\" decoding=\"async\" width=\"706\" height=\"1074\" src=\"https:\/\/graziamagazine.com\/mx\/wp-content\/uploads\/sites\/13\/2024\/06\/Captura-de-Pantalla-2024-06-27-a-las-14.14.44.png\" class=\"lazy\" alt=\"\" srcset=\"https:\/\/graziamagazine.com\/mx\/wp-content\/uploads\/sites\/13\/2024\/06\/Captura-de-Pantalla-2024-06-27-a-las-14.14.44.png 706w, https:\/\/graziamagazine.com\/mx\/wp-content\/uploads\/sites\/13\/2024\/06\/Captura-de-Pantalla-2024-06-27-a-las-14.14.44-296x450.png 296w, https:\/\/graziamagazine.com\/mx\/wp-content\/uploads\/sites\/13\/2024\/06\/Captura-de-Pantalla-2024-06-27-a-las-14.14.44-673x1024.png 673w, https:\/\/graziamagazine.com\/mx\/wp-content\/uploads\/sites\/13\/2024\/06\/Captura-de-Pantalla-2024-06-27-a-las-14.14.44-400x608.png 400w, https:\/\/graziamagazine.com\/mx\/wp-content\/uploads\/sites\/13\/2024\/06\/Captura-de-Pantalla-2024-06-27-a-las-14.14.44-141x215.png 141w\" sizes=\"(max-width: 706px) 100vw, 706px\" \/><\/div><\/figure><figure class=\"gallery-item\"><div class=\"gallery-icon landscape\"><img loading=\"lazy\" decoding=\"async\" width=\"706\" height=\"1074\" src=\"https:\/\/graziamagazine.com\/mx\/wp-content\/uploads\/sites\/13\/2024\/06\/Captura-de-Pantalla-2024-06-27-a-las-14.14.45.png\" class=\"lazy\" alt=\"\" srcset=\"https:\/\/graziamagazine.com\/mx\/wp-content\/uploads\/sites\/13\/2024\/06\/Captura-de-Pantalla-2024-06-27-a-las-14.14.45.png 706w, https:\/\/graziamagazine.com\/mx\/wp-content\/uploads\/sites\/13\/2024\/06\/Captura-de-Pantalla-2024-06-27-a-las-14.14.45-296x450.png 296w, https:\/\/graziamagazine.com\/mx\/wp-content\/uploads\/sites\/13\/2024\/06\/Captura-de-Pantalla-2024-06-27-a-las-14.14.45-673x1024.png 673w, https:\/\/graziamagazine.com\/mx\/wp-content\/uploads\/sites\/13\/2024\/06\/Captura-de-Pantalla-2024-06-27-a-las-14.14.45-400x608.png 400w, https:\/\/graziamagazine.com\/mx\/wp-content\/uploads\/sites\/13\/2024\/06\/Captura-de-Pantalla-2024-06-27-a-las-14.14.45-141x215.png 141w\" sizes=\"(max-width: 706px) 100vw, 706px\" \/><\/div><\/figure><figure class=\"gallery-item\"><div class=\"gallery-icon landscape\"><img loading=\"lazy\" decoding=\"async\" width=\"706\" height=\"1074\" src=\"https:\/\/graziamagazine.com\/mx\/wp-content\/uploads\/sites\/13\/2024\/06\/Captura-de-Pantalla-2024-06-27-a-las-14.14.46.png\" class=\"lazy\" alt=\"\" srcset=\"https:\/\/graziamagazine.com\/mx\/wp-content\/uploads\/sites\/13\/2024\/06\/Captura-de-Pantalla-2024-06-27-a-las-14.14.46.png 706w, https:\/\/graziamagazine.com\/mx\/wp-content\/uploads\/sites\/13\/2024\/06\/Captura-de-Pantalla-2024-06-27-a-las-14.14.46-296x450.png 296w, https:\/\/graziamagazine.com\/mx\/wp-content\/uploads\/sites\/13\/2024\/06\/Captura-de-Pantalla-2024-06-27-a-las-14.14.46-673x1024.png 673w, https:\/\/graziamagazine.com\/mx\/wp-content\/uploads\/sites\/13\/2024\/06\/Captura-de-Pantalla-2024-06-27-a-las-14.14.46-400x608.png 400w, https:\/\/graziamagazine.com\/mx\/wp-content\/uploads\/sites\/13\/2024\/06\/Captura-de-Pantalla-2024-06-27-a-las-14.14.46-141x215.png 141w\" sizes=\"(max-width: 706px) 100vw, 706px\" \/><\/div><\/figure><figure class=\"gallery-item\"><div class=\"gallery-icon landscape\"><img loading=\"lazy\" decoding=\"async\" width=\"706\" height=\"1074\" src=\"https:\/\/graziamagazine.com\/mx\/wp-content\/uploads\/sites\/13\/2024\/06\/Captura-de-Pantalla-2024-06-27-a-las-14.14.48.png\" class=\"lazy\" alt=\"\" srcset=\"https:\/\/graziamagazine.com\/mx\/wp-content\/uploads\/sites\/13\/2024\/06\/Captura-de-Pantalla-2024-06-27-a-las-14.14.48.png 706w, https:\/\/graziamagazine.com\/mx\/wp-content\/uploads\/sites\/13\/2024\/06\/Captura-de-Pantalla-2024-06-27-a-las-14.14.48-296x450.png 296w, https:\/\/graziamagazine.com\/mx\/wp-content\/uploads\/sites\/13\/2024\/06\/Captura-de-Pantalla-2024-06-27-a-las-14.14.48-673x1024.png 673w, https:\/\/graziamagazine.com\/mx\/wp-content\/uploads\/sites\/13\/2024\/06\/Captura-de-Pantalla-2024-06-27-a-las-14.14.48-400x608.png 400w, https:\/\/graziamagazine.com\/mx\/wp-content\/uploads\/sites\/13\/2024\/06\/Captura-de-Pantalla-2024-06-27-a-las-14.14.48-141x215.png 141w\" sizes=\"(max-width: 706px) 100vw, 706px\" \/><\/div><\/figure><figure class=\"gallery-item\"><div class=\"gallery-icon landscape\"><img loading=\"lazy\" decoding=\"async\" width=\"706\" height=\"1074\" src=\"https:\/\/graziamagazine.com\/mx\/wp-content\/uploads\/sites\/13\/2024\/06\/Captura-de-Pantalla-2024-06-27-a-las-14.14.50.png\" class=\"lazy\" alt=\"\" srcset=\"https:\/\/graziamagazine.com\/mx\/wp-content\/uploads\/sites\/13\/2024\/06\/Captura-de-Pantalla-2024-06-27-a-las-14.14.50.png 706w, https:\/\/graziamagazine.com\/mx\/wp-content\/uploads\/sites\/13\/2024\/06\/Captura-de-Pantalla-2024-06-27-a-las-14.14.50-296x450.png 296w, https:\/\/graziamagazine.com\/mx\/wp-content\/uploads\/sites\/13\/2024\/06\/Captura-de-Pantalla-2024-06-27-a-las-14.14.50-673x1024.png 673w, https:\/\/graziamagazine.com\/mx\/wp-content\/uploads\/sites\/13\/2024\/06\/Captura-de-Pantalla-2024-06-27-a-las-14.14.50-400x608.png 400w, https:\/\/graziamagazine.com\/mx\/wp-content\/uploads\/sites\/13\/2024\/06\/Captura-de-Pantalla-2024-06-27-a-las-14.14.50-141x215.png 141w\" sizes=\"(max-width: 706px) 100vw, 706px\" \/><\/div><\/figure><\/div><\/div>\n<p>Desde su llegada a Courr\u00e8ges, Di Felice ha revitalizado la marca, atrayendo a una nueva generaci\u00f3n con su estilo audaz y vanguardista. Esta misma energ\u00eda se traslad\u00f3 a su colaboraci\u00f3n con Gaultier, donde su enfoque fresco y moderno se combin\u00f3 perfectamente con la herencia del dise\u00f1ador franc\u00e9s.<\/p>\n<p>Di Felice, quien creci\u00f3 en B\u00e9lgica, recuerda v\u00edvidamente el impacto de Gaultier en su juventud, especialmente el ic\u00f3nico sujetador c\u00f3nico usado por Madonna.<\/p>\n<blockquote><p>Este recuerdo se transform\u00f3 en una celebraci\u00f3n de la diversidad y la libertad que Gaultier siempre ha representado. &#8220;Para m\u00ed y para tantas personas queer y diferentes, \u00e9l representaba a Par\u00eds, una ciudad donde todo es posible&#8221;, coment\u00f3 Di Felice, subrayando la influencia duradera de Gaultier.<\/p>\n<div class=\"content-gallery\"><div class=\"gallery-placeholder\"><div class=\"spinner\"><\/div><\/div><span class=\"gallery-pagination\"><\/span><div id=\"gallery-2\" class=\"gallery galleryid-138631 gallery-columns- gallery-size-\"><figure class=\"gallery-item\"><div class=\"gallery-icon landscape\"><img loading=\"lazy\" decoding=\"async\" width=\"706\" height=\"1074\" src=\"https:\/\/graziamagazine.com\/mx\/wp-content\/uploads\/sites\/13\/2024\/06\/Captura-de-Pantalla-2024-06-27-a-las-14.14.51.png\" class=\"lazy\" alt=\"\" srcset=\"https:\/\/graziamagazine.com\/mx\/wp-content\/uploads\/sites\/13\/2024\/06\/Captura-de-Pantalla-2024-06-27-a-las-14.14.51.png 706w, https:\/\/graziamagazine.com\/mx\/wp-content\/uploads\/sites\/13\/2024\/06\/Captura-de-Pantalla-2024-06-27-a-las-14.14.51-296x450.png 296w, https:\/\/graziamagazine.com\/mx\/wp-content\/uploads\/sites\/13\/2024\/06\/Captura-de-Pantalla-2024-06-27-a-las-14.14.51-673x1024.png 673w, https:\/\/graziamagazine.com\/mx\/wp-content\/uploads\/sites\/13\/2024\/06\/Captura-de-Pantalla-2024-06-27-a-las-14.14.51-400x608.png 400w, https:\/\/graziamagazine.com\/mx\/wp-content\/uploads\/sites\/13\/2024\/06\/Captura-de-Pantalla-2024-06-27-a-las-14.14.51-141x215.png 141w\" sizes=\"(max-width: 706px) 100vw, 706px\" \/><\/div><\/figure><figure class=\"gallery-item\"><div class=\"gallery-icon landscape\"><img loading=\"lazy\" decoding=\"async\" width=\"706\" height=\"1074\" src=\"https:\/\/graziamagazine.com\/mx\/wp-content\/uploads\/sites\/13\/2024\/06\/Captura-de-Pantalla-2024-06-27-a-las-14.14.53.png\" class=\"lazy\" alt=\"\" srcset=\"https:\/\/graziamagazine.com\/mx\/wp-content\/uploads\/sites\/13\/2024\/06\/Captura-de-Pantalla-2024-06-27-a-las-14.14.53.png 706w, https:\/\/graziamagazine.com\/mx\/wp-content\/uploads\/sites\/13\/2024\/06\/Captura-de-Pantalla-2024-06-27-a-las-14.14.53-296x450.png 296w, https:\/\/graziamagazine.com\/mx\/wp-content\/uploads\/sites\/13\/2024\/06\/Captura-de-Pantalla-2024-06-27-a-las-14.14.53-673x1024.png 673w, https:\/\/graziamagazine.com\/mx\/wp-content\/uploads\/sites\/13\/2024\/06\/Captura-de-Pantalla-2024-06-27-a-las-14.14.53-400x608.png 400w, https:\/\/graziamagazine.com\/mx\/wp-content\/uploads\/sites\/13\/2024\/06\/Captura-de-Pantalla-2024-06-27-a-las-14.14.53-141x215.png 141w\" sizes=\"(max-width: 706px) 100vw, 706px\" \/><\/div><\/figure><figure class=\"gallery-item\"><div class=\"gallery-icon landscape\"><img loading=\"lazy\" decoding=\"async\" width=\"706\" height=\"1074\" src=\"https:\/\/graziamagazine.com\/mx\/wp-content\/uploads\/sites\/13\/2024\/06\/Captura-de-Pantalla-2024-06-27-a-las-14.14.56.png\" class=\"lazy\" alt=\"\" srcset=\"https:\/\/graziamagazine.com\/mx\/wp-content\/uploads\/sites\/13\/2024\/06\/Captura-de-Pantalla-2024-06-27-a-las-14.14.56.png 706w, https:\/\/graziamagazine.com\/mx\/wp-content\/uploads\/sites\/13\/2024\/06\/Captura-de-Pantalla-2024-06-27-a-las-14.14.56-296x450.png 296w, https:\/\/graziamagazine.com\/mx\/wp-content\/uploads\/sites\/13\/2024\/06\/Captura-de-Pantalla-2024-06-27-a-las-14.14.56-673x1024.png 673w, https:\/\/graziamagazine.com\/mx\/wp-content\/uploads\/sites\/13\/2024\/06\/Captura-de-Pantalla-2024-06-27-a-las-14.14.56-400x608.png 400w, https:\/\/graziamagazine.com\/mx\/wp-content\/uploads\/sites\/13\/2024\/06\/Captura-de-Pantalla-2024-06-27-a-las-14.14.56-141x215.png 141w\" sizes=\"(max-width: 706px) 100vw, 706px\" \/><\/div><\/figure><figure class=\"gallery-item\"><div class=\"gallery-icon landscape\"><img loading=\"lazy\" decoding=\"async\" width=\"706\" height=\"1074\" src=\"https:\/\/graziamagazine.com\/mx\/wp-content\/uploads\/sites\/13\/2024\/06\/Captura-de-Pantalla-2024-06-27-a-las-14.14.57.png\" class=\"lazy\" alt=\"\" srcset=\"https:\/\/graziamagazine.com\/mx\/wp-content\/uploads\/sites\/13\/2024\/06\/Captura-de-Pantalla-2024-06-27-a-las-14.14.57.png 706w, https:\/\/graziamagazine.com\/mx\/wp-content\/uploads\/sites\/13\/2024\/06\/Captura-de-Pantalla-2024-06-27-a-las-14.14.57-296x450.png 296w, https:\/\/graziamagazine.com\/mx\/wp-content\/uploads\/sites\/13\/2024\/06\/Captura-de-Pantalla-2024-06-27-a-las-14.14.57-673x1024.png 673w, https:\/\/graziamagazine.com\/mx\/wp-content\/uploads\/sites\/13\/2024\/06\/Captura-de-Pantalla-2024-06-27-a-las-14.14.57-400x608.png 400w, https:\/\/graziamagazine.com\/mx\/wp-content\/uploads\/sites\/13\/2024\/06\/Captura-de-Pantalla-2024-06-27-a-las-14.14.57-141x215.png 141w\" sizes=\"(max-width: 706px) 100vw, 706px\" \/><\/div><\/figure><figure class=\"gallery-item\"><div class=\"gallery-icon landscape\"><img loading=\"lazy\" decoding=\"async\" width=\"706\" height=\"1074\" src=\"https:\/\/graziamagazine.com\/mx\/wp-content\/uploads\/sites\/13\/2024\/06\/Captura-de-Pantalla-2024-06-27-a-las-14.14.58.png\" class=\"lazy\" alt=\"\" srcset=\"https:\/\/graziamagazine.com\/mx\/wp-content\/uploads\/sites\/13\/2024\/06\/Captura-de-Pantalla-2024-06-27-a-las-14.14.58.png 706w, https:\/\/graziamagazine.com\/mx\/wp-content\/uploads\/sites\/13\/2024\/06\/Captura-de-Pantalla-2024-06-27-a-las-14.14.58-296x450.png 296w, https:\/\/graziamagazine.com\/mx\/wp-content\/uploads\/sites\/13\/2024\/06\/Captura-de-Pantalla-2024-06-27-a-las-14.14.58-673x1024.png 673w, https:\/\/graziamagazine.com\/mx\/wp-content\/uploads\/sites\/13\/2024\/06\/Captura-de-Pantalla-2024-06-27-a-las-14.14.58-400x608.png 400w, https:\/\/graziamagazine.com\/mx\/wp-content\/uploads\/sites\/13\/2024\/06\/Captura-de-Pantalla-2024-06-27-a-las-14.14.58-141x215.png 141w\" sizes=\"(max-width: 706px) 100vw, 706px\" \/><\/div><\/figure><figure class=\"gallery-item\"><div class=\"gallery-icon landscape\"><img loading=\"lazy\" decoding=\"async\" width=\"706\" height=\"1074\" src=\"https:\/\/graziamagazine.com\/mx\/wp-content\/uploads\/sites\/13\/2024\/06\/Captura-de-Pantalla-2024-06-27-a-las-14.15.01.png\" class=\"lazy\" alt=\"\" srcset=\"https:\/\/graziamagazine.com\/mx\/wp-content\/uploads\/sites\/13\/2024\/06\/Captura-de-Pantalla-2024-06-27-a-las-14.15.01.png 706w, https:\/\/graziamagazine.com\/mx\/wp-content\/uploads\/sites\/13\/2024\/06\/Captura-de-Pantalla-2024-06-27-a-las-14.15.01-296x450.png 296w, https:\/\/graziamagazine.com\/mx\/wp-content\/uploads\/sites\/13\/2024\/06\/Captura-de-Pantalla-2024-06-27-a-las-14.15.01-673x1024.png 673w, https:\/\/graziamagazine.com\/mx\/wp-content\/uploads\/sites\/13\/2024\/06\/Captura-de-Pantalla-2024-06-27-a-las-14.15.01-400x608.png 400w, https:\/\/graziamagazine.com\/mx\/wp-content\/uploads\/sites\/13\/2024\/06\/Captura-de-Pantalla-2024-06-27-a-las-14.15.01-141x215.png 141w\" sizes=\"(max-width: 706px) 100vw, 706px\" \/><\/div><\/figure><\/div><\/div><\/blockquote>\n<p>La colecci\u00f3n narr\u00f3 una metamorfosis, comenzando con prendas cubiertas y austeras que poco a poco revelaban m\u00e1s piel. Las chaquetas y vestidos de manga larga, faldas largas y escotes altos evolucionaron gradualmente, mostrando hombros, cabezas y finalmente desnudando caderas en un crescendo de <strong>sensualidad y liberaci\u00f3n.<\/strong><\/p>\n<p>Este proceso de descubrimiento er\u00f3tico record\u00f3 a las audaces presentaciones de Di Felice en Courr\u00e8ges, pero con un toque de sofisticaci\u00f3n que s\u00f3lo la alta costura puede ofrecer.<\/p>\n<p>Cada look de la colecci\u00f3n se inspir\u00f3 en piezas de archivo de Gaultier, con un hilo conductor inusual: el corchete. Encontrados en una muestra de tela bordada en los archivos de Gaultier, estos elementos sirvieron como el tejido conectivo para los dise\u00f1os de Di Felice, estructurando sus formas estrechas y ajustadas en lujosas telas como gabardina de soie, gazar y tafet\u00e1n.<\/p>\n<div class=\"content-gallery\"><div class=\"gallery-placeholder\"><div class=\"spinner\"><\/div><\/div><span class=\"gallery-pagination\"><\/span><div id=\"gallery-3\" class=\"gallery galleryid-138631 gallery-columns- gallery-size-\"><figure class=\"gallery-item\"><div class=\"gallery-icon landscape\"><img loading=\"lazy\" decoding=\"async\" width=\"706\" height=\"1074\" src=\"https:\/\/graziamagazine.com\/mx\/wp-content\/uploads\/sites\/13\/2024\/06\/Captura-de-Pantalla-2024-06-27-a-las-14.15.03.png\" class=\"lazy\" alt=\"\" srcset=\"https:\/\/graziamagazine.com\/mx\/wp-content\/uploads\/sites\/13\/2024\/06\/Captura-de-Pantalla-2024-06-27-a-las-14.15.03.png 706w, https:\/\/graziamagazine.com\/mx\/wp-content\/uploads\/sites\/13\/2024\/06\/Captura-de-Pantalla-2024-06-27-a-las-14.15.03-296x450.png 296w, https:\/\/graziamagazine.com\/mx\/wp-content\/uploads\/sites\/13\/2024\/06\/Captura-de-Pantalla-2024-06-27-a-las-14.15.03-673x1024.png 673w, https:\/\/graziamagazine.com\/mx\/wp-content\/uploads\/sites\/13\/2024\/06\/Captura-de-Pantalla-2024-06-27-a-las-14.15.03-400x608.png 400w, https:\/\/graziamagazine.com\/mx\/wp-content\/uploads\/sites\/13\/2024\/06\/Captura-de-Pantalla-2024-06-27-a-las-14.15.03-141x215.png 141w\" sizes=\"(max-width: 706px) 100vw, 706px\" \/><\/div><\/figure><figure class=\"gallery-item\"><div class=\"gallery-icon landscape\"><img loading=\"lazy\" decoding=\"async\" width=\"706\" height=\"1074\" src=\"https:\/\/graziamagazine.com\/mx\/wp-content\/uploads\/sites\/13\/2024\/06\/Captura-de-Pantalla-2024-06-27-a-las-14.15.04.png\" class=\"lazy\" alt=\"\" srcset=\"https:\/\/graziamagazine.com\/mx\/wp-content\/uploads\/sites\/13\/2024\/06\/Captura-de-Pantalla-2024-06-27-a-las-14.15.04.png 706w, https:\/\/graziamagazine.com\/mx\/wp-content\/uploads\/sites\/13\/2024\/06\/Captura-de-Pantalla-2024-06-27-a-las-14.15.04-296x450.png 296w, https:\/\/graziamagazine.com\/mx\/wp-content\/uploads\/sites\/13\/2024\/06\/Captura-de-Pantalla-2024-06-27-a-las-14.15.04-673x1024.png 673w, https:\/\/graziamagazine.com\/mx\/wp-content\/uploads\/sites\/13\/2024\/06\/Captura-de-Pantalla-2024-06-27-a-las-14.15.04-400x608.png 400w, https:\/\/graziamagazine.com\/mx\/wp-content\/uploads\/sites\/13\/2024\/06\/Captura-de-Pantalla-2024-06-27-a-las-14.15.04-141x215.png 141w\" sizes=\"(max-width: 706px) 100vw, 706px\" \/><\/div><\/figure><figure class=\"gallery-item\"><div class=\"gallery-icon landscape\"><img loading=\"lazy\" decoding=\"async\" width=\"706\" height=\"1074\" src=\"https:\/\/graziamagazine.com\/mx\/wp-content\/uploads\/sites\/13\/2024\/06\/Captura-de-Pantalla-2024-06-27-a-las-14.15.06.png\" class=\"lazy\" alt=\"\" srcset=\"https:\/\/graziamagazine.com\/mx\/wp-content\/uploads\/sites\/13\/2024\/06\/Captura-de-Pantalla-2024-06-27-a-las-14.15.06.png 706w, https:\/\/graziamagazine.com\/mx\/wp-content\/uploads\/sites\/13\/2024\/06\/Captura-de-Pantalla-2024-06-27-a-las-14.15.06-296x450.png 296w, https:\/\/graziamagazine.com\/mx\/wp-content\/uploads\/sites\/13\/2024\/06\/Captura-de-Pantalla-2024-06-27-a-las-14.15.06-673x1024.png 673w, https:\/\/graziamagazine.com\/mx\/wp-content\/uploads\/sites\/13\/2024\/06\/Captura-de-Pantalla-2024-06-27-a-las-14.15.06-400x608.png 400w, https:\/\/graziamagazine.com\/mx\/wp-content\/uploads\/sites\/13\/2024\/06\/Captura-de-Pantalla-2024-06-27-a-las-14.15.06-141x215.png 141w\" sizes=\"(max-width: 706px) 100vw, 706px\" \/><\/div><\/figure><figure class=\"gallery-item\"><div class=\"gallery-icon landscape\"><img loading=\"lazy\" decoding=\"async\" width=\"706\" height=\"1074\" src=\"https:\/\/graziamagazine.com\/mx\/wp-content\/uploads\/sites\/13\/2024\/06\/Captura-de-Pantalla-2024-06-27-a-las-14.15.08.png\" class=\"lazy\" alt=\"\" srcset=\"https:\/\/graziamagazine.com\/mx\/wp-content\/uploads\/sites\/13\/2024\/06\/Captura-de-Pantalla-2024-06-27-a-las-14.15.08.png 706w, https:\/\/graziamagazine.com\/mx\/wp-content\/uploads\/sites\/13\/2024\/06\/Captura-de-Pantalla-2024-06-27-a-las-14.15.08-296x450.png 296w, https:\/\/graziamagazine.com\/mx\/wp-content\/uploads\/sites\/13\/2024\/06\/Captura-de-Pantalla-2024-06-27-a-las-14.15.08-673x1024.png 673w, https:\/\/graziamagazine.com\/mx\/wp-content\/uploads\/sites\/13\/2024\/06\/Captura-de-Pantalla-2024-06-27-a-las-14.15.08-400x608.png 400w, https:\/\/graziamagazine.com\/mx\/wp-content\/uploads\/sites\/13\/2024\/06\/Captura-de-Pantalla-2024-06-27-a-las-14.15.08-141x215.png 141w\" sizes=\"(max-width: 706px) 100vw, 706px\" \/><\/div><\/figure><figure class=\"gallery-item\"><div class=\"gallery-icon landscape\"><img loading=\"lazy\" decoding=\"async\" width=\"706\" height=\"1074\" src=\"https:\/\/graziamagazine.com\/mx\/wp-content\/uploads\/sites\/13\/2024\/06\/Captura-de-Pantalla-2024-06-27-a-las-14.15.09.png\" class=\"lazy\" alt=\"\" srcset=\"https:\/\/graziamagazine.com\/mx\/wp-content\/uploads\/sites\/13\/2024\/06\/Captura-de-Pantalla-2024-06-27-a-las-14.15.09.png 706w, https:\/\/graziamagazine.com\/mx\/wp-content\/uploads\/sites\/13\/2024\/06\/Captura-de-Pantalla-2024-06-27-a-las-14.15.09-296x450.png 296w, https:\/\/graziamagazine.com\/mx\/wp-content\/uploads\/sites\/13\/2024\/06\/Captura-de-Pantalla-2024-06-27-a-las-14.15.09-673x1024.png 673w, https:\/\/graziamagazine.com\/mx\/wp-content\/uploads\/sites\/13\/2024\/06\/Captura-de-Pantalla-2024-06-27-a-las-14.15.09-400x608.png 400w, https:\/\/graziamagazine.com\/mx\/wp-content\/uploads\/sites\/13\/2024\/06\/Captura-de-Pantalla-2024-06-27-a-las-14.15.09-141x215.png 141w\" sizes=\"(max-width: 706px) 100vw, 706px\" \/><\/div><\/figure><figure class=\"gallery-item\"><div class=\"gallery-icon landscape\"><img loading=\"lazy\" decoding=\"async\" width=\"706\" height=\"1074\" src=\"https:\/\/graziamagazine.com\/mx\/wp-content\/uploads\/sites\/13\/2024\/06\/Captura-de-Pantalla-2024-06-27-a-las-14.15.11.png\" class=\"lazy\" alt=\"\" srcset=\"https:\/\/graziamagazine.com\/mx\/wp-content\/uploads\/sites\/13\/2024\/06\/Captura-de-Pantalla-2024-06-27-a-las-14.15.11.png 706w, https:\/\/graziamagazine.com\/mx\/wp-content\/uploads\/sites\/13\/2024\/06\/Captura-de-Pantalla-2024-06-27-a-las-14.15.11-296x450.png 296w, https:\/\/graziamagazine.com\/mx\/wp-content\/uploads\/sites\/13\/2024\/06\/Captura-de-Pantalla-2024-06-27-a-las-14.15.11-673x1024.png 673w, https:\/\/graziamagazine.com\/mx\/wp-content\/uploads\/sites\/13\/2024\/06\/Captura-de-Pantalla-2024-06-27-a-las-14.15.11-400x608.png 400w, https:\/\/graziamagazine.com\/mx\/wp-content\/uploads\/sites\/13\/2024\/06\/Captura-de-Pantalla-2024-06-27-a-las-14.15.11-141x215.png 141w\" sizes=\"(max-width: 706px) 100vw, 706px\" \/><\/div><\/figure><figure class=\"gallery-item\"><div class=\"gallery-icon landscape\"><img loading=\"lazy\" decoding=\"async\" width=\"706\" height=\"1074\" src=\"https:\/\/graziamagazine.com\/mx\/wp-content\/uploads\/sites\/13\/2024\/06\/Captura-de-Pantalla-2024-06-27-a-las-14.15.13.png\" class=\"lazy\" alt=\"\" srcset=\"https:\/\/graziamagazine.com\/mx\/wp-content\/uploads\/sites\/13\/2024\/06\/Captura-de-Pantalla-2024-06-27-a-las-14.15.13.png 706w, https:\/\/graziamagazine.com\/mx\/wp-content\/uploads\/sites\/13\/2024\/06\/Captura-de-Pantalla-2024-06-27-a-las-14.15.13-296x450.png 296w, https:\/\/graziamagazine.com\/mx\/wp-content\/uploads\/sites\/13\/2024\/06\/Captura-de-Pantalla-2024-06-27-a-las-14.15.13-673x1024.png 673w, https:\/\/graziamagazine.com\/mx\/wp-content\/uploads\/sites\/13\/2024\/06\/Captura-de-Pantalla-2024-06-27-a-las-14.15.13-400x608.png 400w, https:\/\/graziamagazine.com\/mx\/wp-content\/uploads\/sites\/13\/2024\/06\/Captura-de-Pantalla-2024-06-27-a-las-14.15.13-141x215.png 141w\" sizes=\"(max-width: 706px) 100vw, 706px\" \/><\/div><\/figure><\/div><\/div>\n<p>&#8220;Pude hacer cortinas que no ser\u00edan posibles sin esta t\u00e9cnica&#8221;, explic\u00f3 Di Felice, destacando la versatilidad y adaptabilidad de sus creaciones.<\/p>\n<p>La colecci\u00f3n tambi\u00e9n incluy\u00f3 un vestido lencero con corchetes que permit\u00edan ajustar la exposici\u00f3n, y un impresionante vestido de cota de malla hecho con <strong>40,000 corchetes interconectados<\/strong>, mostrando una combinaci\u00f3n de fortaleza y fragilidad.<\/p>\n<p>*IMAGEN: Jean Paul Gaultier<\/p>\n","protected":false},"author":28953,"featured_media":138637,"template":"","format":"standard","categories":[4],"acf":[],"yoast_head":"<!-- This site is optimized with the Yoast SEO Premium plugin v18.5 (Yoast SEO v20.4) - https:\/\/yoast.com\/wordpress\/plugins\/seo\/ -->\n<title>Jean Paul Gaultier Alta Costura Oto\u00f1o 2024: La Maestr\u00eda de Nicolas Di Felice<\/title>\n<meta name=\"description\" content=\"La presentaci\u00f3n de Di Felice no solo confirm\u00f3 su talento, sino que tambi\u00e9n subray\u00f3 su capacidad para reinterpretar y honrar la rica historia de Jean Paul Gaultier\" \/>\n<meta name=\"robots\" content=\"index, follow, max-snippet:-1, max-image-preview:large, max-video-preview:-1\" \/>\n<link rel=\"canonical\" href=\"https:\/\/graziamagazine.com\/mx\/articles\/jean-paul-gaultier-alta-costura-otono-2024-la-maestria-de-nicolas-di-felice\/\" \/>\n<meta property=\"og:locale\" content=\"es_MX\" \/>\n<meta property=\"og:type\" content=\"article\" \/>\n<meta property=\"og:title\" content=\"Jean Paul Gaultier Alta Costura Oto\u00f1o 2024: La Maestr\u00eda de Nicolas Di Felice\" \/>\n<meta property=\"og:description\" content=\"La presentaci\u00f3n de Di Felice no solo confirm\u00f3 su talento, sino que tambi\u00e9n subray\u00f3 su capacidad para reinterpretar y honrar la rica historia de Jean Paul Gaultier\" \/>\n<meta property=\"og:url\" content=\"https:\/\/graziamagazine.com\/mx\/articles\/jean-paul-gaultier-alta-costura-otono-2024-la-maestria-de-nicolas-di-felice\/\" \/>\n<meta property=\"og:site_name\" content=\"Grazia M\u00e9xico y Latinoam\u00e9rica\" \/>\n<meta property=\"article:modified_time\" content=\"2024-06-27T20:20:14+00:00\" \/>\n<meta property=\"og:image\" content=\"https:\/\/graziamagazine.com\/mx\/wp-content\/uploads\/sites\/13\/2024\/06\/Captura-de-Pantalla-2024-06-27-a-las-14.14.49-e1719519499645.png\" \/>\n\t<meta property=\"og:image:width\" content=\"705\" \/>\n\t<meta property=\"og:image:height\" content=\"474\" \/>\n\t<meta property=\"og:image:type\" content=\"image\/png\" \/>\n<meta name=\"twitter:card\" content=\"summary_large_image\" \/>\n<meta name=\"twitter:label1\" content=\"Est. reading time\" \/>\n\t<meta name=\"twitter:data1\" content=\"3 minutos\" \/>\n<script type=\"application\/ld+json\" class=\"yoast-schema-graph\">{\"@context\":\"https:\/\/schema.org\",\"@graph\":[{\"@type\":\"WebPage\",\"@id\":\"https:\/\/graziamagazine.com\/mx\/articles\/jean-paul-gaultier-alta-costura-otono-2024-la-maestria-de-nicolas-di-felice\/\",\"url\":\"https:\/\/graziamagazine.com\/mx\/articles\/jean-paul-gaultier-alta-costura-otono-2024-la-maestria-de-nicolas-di-felice\/\",\"name\":\"Jean Paul Gaultier Alta Costura Oto\u00f1o 2024: La Maestr\u00eda de Nicolas Di Felice\",\"isPartOf\":{\"@id\":\"https:\/\/graziamagazine.com\/mx\/#website\"},\"datePublished\":\"2024-06-27T20:13:15+00:00\",\"dateModified\":\"2024-06-27T20:20:14+00:00\",\"description\":\"La presentaci\u00f3n de Di Felice no solo confirm\u00f3 su talento, sino que tambi\u00e9n subray\u00f3 su capacidad para reinterpretar y honrar la rica historia de Jean Paul Gaultier\",\"breadcrumb\":{\"@id\":\"https:\/\/graziamagazine.com\/mx\/articles\/jean-paul-gaultier-alta-costura-otono-2024-la-maestria-de-nicolas-di-felice\/#breadcrumb\"},\"inLanguage\":\"es-MX\",\"potentialAction\":[{\"@type\":\"ReadAction\",\"target\":[\"https:\/\/graziamagazine.com\/mx\/articles\/jean-paul-gaultier-alta-costura-otono-2024-la-maestria-de-nicolas-di-felice\/\"]}]},{\"@type\":\"BreadcrumbList\",\"@id\":\"https:\/\/graziamagazine.com\/mx\/articles\/jean-paul-gaultier-alta-costura-otono-2024-la-maestria-de-nicolas-di-felice\/#breadcrumb\",\"itemListElement\":[{\"@type\":\"ListItem\",\"position\":1,\"name\":\"Home\",\"item\":\"https:\/\/graziamagazine.com\/mx\/\"},{\"@type\":\"ListItem\",\"position\":2,\"name\":\"Jean Paul Gaultier Alta Costura Oto\u00f1o 2024: La Maestr\u00eda de Nicolas Di Felice\"}]},{\"@type\":\"WebSite\",\"@id\":\"https:\/\/graziamagazine.com\/mx\/#website\",\"url\":\"https:\/\/graziamagazine.com\/mx\/\",\"name\":\"Grazia M\u00e9xico y Latinoam\u00e9rica\",\"description\":\"Grazia es moda, belleza y noticias  de actualidad \",\"potentialAction\":[{\"@type\":\"SearchAction\",\"target\":{\"@type\":\"EntryPoint\",\"urlTemplate\":\"https:\/\/graziamagazine.com\/mx\/?s={search_term_string}\"},\"query-input\":\"required name=search_term_string\"}],\"inLanguage\":\"es-MX\"}]}<\/script>\n<!-- \/ Yoast SEO Premium plugin. -->","yoast_head_json":{"title":"Jean Paul Gaultier Alta Costura Oto\u00f1o 2024: La Maestr\u00eda de Nicolas Di Felice","description":"La presentaci\u00f3n de Di Felice no solo confirm\u00f3 su talento, sino que tambi\u00e9n subray\u00f3 su capacidad para reinterpretar y honrar la rica historia de Jean Paul Gaultier","robots":{"index":"index","follow":"follow","max-snippet":"max-snippet:-1","max-image-preview":"max-image-preview:large","max-video-preview":"max-video-preview:-1"},"canonical":"https:\/\/graziamagazine.com\/mx\/articles\/jean-paul-gaultier-alta-costura-otono-2024-la-maestria-de-nicolas-di-felice\/","og_locale":"es_MX","og_type":"article","og_title":"Jean Paul Gaultier Alta Costura Oto\u00f1o 2024: La Maestr\u00eda de Nicolas Di Felice","og_description":"La presentaci\u00f3n de Di Felice no solo confirm\u00f3 su talento, sino que tambi\u00e9n subray\u00f3 su capacidad para reinterpretar y honrar la rica historia de Jean Paul Gaultier","og_url":"https:\/\/graziamagazine.com\/mx\/articles\/jean-paul-gaultier-alta-costura-otono-2024-la-maestria-de-nicolas-di-felice\/","og_site_name":"Grazia M\u00e9xico y Latinoam\u00e9rica","article_modified_time":"2024-06-27T20:20:14+00:00","og_image":[{"width":705,"height":474,"url":"https:\/\/graziamagazine.com\/mx\/wp-content\/uploads\/sites\/13\/2024\/06\/Captura-de-Pantalla-2024-06-27-a-las-14.14.49-e1719519499645.png","type":"image\/png"}],"twitter_card":"summary_large_image","twitter_misc":{"Est. reading time":"3 minutos"},"schema":{"@context":"https:\/\/schema.org","@graph":[{"@type":"WebPage","@id":"https:\/\/graziamagazine.com\/mx\/articles\/jean-paul-gaultier-alta-costura-otono-2024-la-maestria-de-nicolas-di-felice\/","url":"https:\/\/graziamagazine.com\/mx\/articles\/jean-paul-gaultier-alta-costura-otono-2024-la-maestria-de-nicolas-di-felice\/","name":"Jean Paul Gaultier Alta Costura Oto\u00f1o 2024: La Maestr\u00eda de Nicolas Di Felice","isPartOf":{"@id":"https:\/\/graziamagazine.com\/mx\/#website"},"datePublished":"2024-06-27T20:13:15+00:00","dateModified":"2024-06-27T20:20:14+00:00","description":"La presentaci\u00f3n de Di Felice no solo confirm\u00f3 su talento, sino que tambi\u00e9n subray\u00f3 su capacidad para reinterpretar y honrar la rica historia de Jean Paul Gaultier","breadcrumb":{"@id":"https:\/\/graziamagazine.com\/mx\/articles\/jean-paul-gaultier-alta-costura-otono-2024-la-maestria-de-nicolas-di-felice\/#breadcrumb"},"inLanguage":"es-MX","potentialAction":[{"@type":"ReadAction","target":["https:\/\/graziamagazine.com\/mx\/articles\/jean-paul-gaultier-alta-costura-otono-2024-la-maestria-de-nicolas-di-felice\/"]}]},{"@type":"BreadcrumbList","@id":"https:\/\/graziamagazine.com\/mx\/articles\/jean-paul-gaultier-alta-costura-otono-2024-la-maestria-de-nicolas-di-felice\/#breadcrumb","itemListElement":[{"@type":"ListItem","position":1,"name":"Home","item":"https:\/\/graziamagazine.com\/mx\/"},{"@type":"ListItem","position":2,"name":"Jean Paul Gaultier Alta Costura Oto\u00f1o 2024: La Maestr\u00eda de Nicolas Di Felice"}]},{"@type":"WebSite","@id":"https:\/\/graziamagazine.com\/mx\/#website","url":"https:\/\/graziamagazine.com\/mx\/","name":"Grazia M\u00e9xico y Latinoam\u00e9rica","description":"Grazia es moda, belleza y noticias  de actualidad ","potentialAction":[{"@type":"SearchAction","target":{"@type":"EntryPoint","urlTemplate":"https:\/\/graziamagazine.com\/mx\/?s={search_term_string}"},"query-input":"required name=search_term_string"}],"inLanguage":"es-MX"}]}},"jetpack_sharing_enabled":true,"distributor_meta":false,"distributor_terms":false,"distributor_media":false,"distributor_original_site_name":"Grazia M\u00e9xico y Latinoam\u00e9rica","distributor_original_site_url":"https:\/\/graziamagazine.com\/mx","push-errors":false,"_links":{"self":[{"href":"https:\/\/graziamagazine.com\/mx\/wp-json\/wp\/v2\/articles\/138631"}],"collection":[{"href":"https:\/\/graziamagazine.com\/mx\/wp-json\/wp\/v2\/articles"}],"about":[{"href":"https:\/\/graziamagazine.com\/mx\/wp-json\/wp\/v2\/types\/articles"}],"author":[{"embeddable":true,"href":"https:\/\/graziamagazine.com\/mx\/wp-json\/wp\/v2\/users\/28953"}],"wp:featuredmedia":[{"embeddable":true,"href":"https:\/\/graziamagazine.com\/mx\/wp-json\/wp\/v2\/media\/138637"}],"wp:attachment":[{"href":"https:\/\/graziamagazine.com\/mx\/wp-json\/wp\/v2\/media?parent=138631"}],"wp:term":[{"taxonomy":"category","embeddable":true,"href":"https:\/\/graziamagazine.com\/mx\/wp-json\/wp\/v2\/categories?post=138631"}],"curies":[{"name":"wp","href":"https:\/\/api.w.org\/{rel}","templated":true}]}}