{"id":138593,"date":"2024-06-26T16:50:13","date_gmt":"2024-06-26T21:50:13","guid":{"rendered":"https:\/\/graziamagazine.com\/mx\/?post_type=articles&#038;p=138593"},"modified":"2024-06-26T17:51:05","modified_gmt":"2024-06-26T22:51:05","slug":"travis-kelce-revela-enamoro-taylor-swift","status":"publish","type":"articles","link":"https:\/\/graziamagazine.com\/mx\/articles\/travis-kelce-revela-enamoro-taylor-swift\/","title":{"rendered":"Travis Kelce revela qu\u00e9 lo enamor\u00f3 de Taylor Swift"},"content":{"rendered":"<p><strong>Travis Kelce<\/strong> revel\u00f3 qu\u00e9 lo enamor\u00f3 de <strong>Taylor Swift<\/strong> en el podcast <em><strong>Bussin&#8217; With The Boys<\/strong> <\/em>al cual fue invitado recientemente.<\/p>\n<p>&#8220;Quieres mantener las cosas en privado, pero al mismo tiempo, no estoy aqu\u00ed para ocultar nada&#8221;, les dijo el jugador de los <strong>Kansas City Chiefs<\/strong>. &#8220;Esa es mi chica. Esa es mi se\u00f1ora. Estoy orgulloso de eso&#8221;, agreg\u00f3 en el podcast que conduce Will Compton y Taylor Lewan.<\/p>\n<p>&#8220;No estoy sentado aqu\u00ed tratando de pensar &#8216;\u00bfC\u00f3mo puedo mantener esto en secreto?&#8217; Simplemente no quieres dejar que todos entren en tu vida personal y puedan comentar sobre ella, sabiendo que todo lo que ella hace aparece en los titulares&#8221;, se\u00f1al\u00f3.<\/p>\n<figure id=\"attachment_138599\" aria-describedby=\"caption-attachment-138599\" style=\"width: 450px\" class=\"wp-caption alignnone\"><img loading=\"lazy\" decoding=\"async\" class=\"size-medium wp-image-138599\" src=\"https:\/\/graziamagazine.com\/mx\/wp-content\/uploads\/sites\/13\/2024\/06\/WhatsApp-Image-2024-06-26-at-4.47.51-PM-450x438.jpeg\" alt=\"\" width=\"450\" height=\"438\" srcset=\"https:\/\/graziamagazine.com\/mx\/wp-content\/uploads\/sites\/13\/2024\/06\/WhatsApp-Image-2024-06-26-at-4.47.51-PM-450x438.jpeg 450w, https:\/\/graziamagazine.com\/mx\/wp-content\/uploads\/sites\/13\/2024\/06\/WhatsApp-Image-2024-06-26-at-4.47.51-PM-1024x996.jpeg 1024w, https:\/\/graziamagazine.com\/mx\/wp-content\/uploads\/sites\/13\/2024\/06\/WhatsApp-Image-2024-06-26-at-4.47.51-PM-768x747.jpeg 768w, https:\/\/graziamagazine.com\/mx\/wp-content\/uploads\/sites\/13\/2024\/06\/WhatsApp-Image-2024-06-26-at-4.47.51-PM-400x389.jpeg 400w, https:\/\/graziamagazine.com\/mx\/wp-content\/uploads\/sites\/13\/2024\/06\/WhatsApp-Image-2024-06-26-at-4.47.51-PM-155x151.jpeg 155w, https:\/\/graziamagazine.com\/mx\/wp-content\/uploads\/sites\/13\/2024\/06\/WhatsApp-Image-2024-06-26-at-4.47.51-PM.jpeg 1125w\" sizes=\"(max-width: 450px) 100vw, 450px\" \/><figcaption id=\"caption-attachment-138599\" class=\"wp-caption-text\">Instagram<\/figcaption><\/figure>\n<p>Adem\u00e1s, asegur\u00f3 que la determinaci\u00f3n y fuerza de Taylor fue lo que lo enamor\u00f3.<\/p>\n<p>&#8220;Ella es muy consciente de s\u00ed misma&#8221;, comparti\u00f3. &#8220;Ella entiende situaciones como esa y creo que es por eso que realmente comenc\u00e9 a enamorarme de ella, por lo genuina que es cuando est\u00e1 con amigos y su familia&#8221;, asegur\u00f3.<\/p>\n<p>&#8220;Puede resultar una locura para alguien con tanta atenci\u00f3n y ella lo mantiene tan tranquilo y tan sereno que puedo admirarlo con seguridad&#8221;, agreg\u00f3.<\/p>\n<p>Adem\u00e1s, el jugador record\u00f3 la sencillez de la cantante cuando asisti\u00f3 a su primer juego de los Chiefs contra los Chicago Bears donde Taylor fue vista platicando con la madre de Kelce.<\/p>\n<figure id=\"attachment_138601\" aria-describedby=\"caption-attachment-138601\" style=\"width: 450px\" class=\"wp-caption alignnone\"><img loading=\"lazy\" decoding=\"async\" class=\"size-medium wp-image-138601\" src=\"https:\/\/graziamagazine.com\/mx\/wp-content\/uploads\/sites\/13\/2024\/06\/WhatsApp-Image-2024-06-26-at-4.47.53-PM-450x346.jpeg\" alt=\"\" width=\"450\" height=\"346\" srcset=\"https:\/\/graziamagazine.com\/mx\/wp-content\/uploads\/sites\/13\/2024\/06\/WhatsApp-Image-2024-06-26-at-4.47.53-PM-450x346.jpeg 450w, https:\/\/graziamagazine.com\/mx\/wp-content\/uploads\/sites\/13\/2024\/06\/WhatsApp-Image-2024-06-26-at-4.47.53-PM-1024x786.jpeg 1024w, https:\/\/graziamagazine.com\/mx\/wp-content\/uploads\/sites\/13\/2024\/06\/WhatsApp-Image-2024-06-26-at-4.47.53-PM-768x590.jpeg 768w, https:\/\/graziamagazine.com\/mx\/wp-content\/uploads\/sites\/13\/2024\/06\/WhatsApp-Image-2024-06-26-at-4.47.53-PM-400x307.jpeg 400w, https:\/\/graziamagazine.com\/mx\/wp-content\/uploads\/sites\/13\/2024\/06\/WhatsApp-Image-2024-06-26-at-4.47.53-PM-155x119.jpeg 155w, https:\/\/graziamagazine.com\/mx\/wp-content\/uploads\/sites\/13\/2024\/06\/WhatsApp-Image-2024-06-26-at-4.47.53-PM.jpeg 1125w\" sizes=\"(max-width: 450px) 100vw, 450px\" \/><figcaption id=\"caption-attachment-138601\" class=\"wp-caption-text\">Instagram<\/figcaption><\/figure>\n<p>&#8220;Ella simplemente entr\u00f3 por la puerta principal&#8221;, record\u00f3. &#8220;No se habl\u00f3 con la seguridad para asegurarnos de que ella llegara a su asiento. Ella dijo: &#8216;Solo quiero estar con mi familia y amigos y experimentar esto con todos'&#8221;.<\/p>\n<p>Pero no todo ha sido miel sobre hojuelas y el novio de Taylor asegur\u00f3 que lo m\u00e1s dif\u00edcil de lidiar respecto a la fama de Taylor es el constante asedio de los fot\u00f3grafos.<\/p>\n<p>&#8220;Paparazzi ha sido la cosa m\u00e1s loca. Definitivamente el momento de llegar a la casa se ha vuelto un azar, no lo s\u00e9&#8221;, dijo.<\/p>\n","protected":false},"author":36289,"featured_media":138603,"template":"","format":"standard","categories":[2],"acf":[],"yoast_head":"<!-- This site is optimized with the Yoast SEO Premium plugin v18.5 (Yoast SEO v20.4) - https:\/\/yoast.com\/wordpress\/plugins\/seo\/ -->\n<title>Travis Kelce revela qu\u00e9 lo enamor\u00f3 de Taylor Swift | Grazia M\u00e9xico y Latinoam\u00e9rica<\/title>\n<meta name=\"description\" content=\"Travis Kelce revel\u00f3 qu\u00e9 lo enamor\u00f3 de Taylor Swift en el podcast Bussin&#039; With The Boys al cual fue invitado recientemente. &quot;Quieres mantener las cosas en\" \/>\n<meta name=\"robots\" content=\"index, follow, max-snippet:-1, max-image-preview:large, max-video-preview:-1\" \/>\n<link rel=\"canonical\" href=\"https:\/\/graziamagazine.com\/mx\/articles\/travis-kelce-revela-enamoro-taylor-swift\/\" \/>\n<meta property=\"og:locale\" content=\"es_MX\" \/>\n<meta property=\"og:type\" content=\"article\" \/>\n<meta property=\"og:title\" content=\"Travis Kelce revela qu\u00e9 lo enamor\u00f3 de Taylor Swift\" \/>\n<meta property=\"og:description\" content=\"Travis Kelce revel\u00f3 qu\u00e9 lo enamor\u00f3 de Taylor Swift en el podcast Bussin&#039; With The Boys al cual fue invitado recientemente. &quot;Quieres mantener las cosas en\" \/>\n<meta property=\"og:url\" content=\"https:\/\/graziamagazine.com\/mx\/articles\/travis-kelce-revela-enamoro-taylor-swift\/\" \/>\n<meta property=\"og:site_name\" content=\"Grazia M\u00e9xico y Latinoam\u00e9rica\" \/>\n<meta property=\"article:modified_time\" content=\"2024-06-26T22:51:05+00:00\" \/>\n<meta property=\"og:image\" content=\"https:\/\/graziamagazine.com\/mx\/wp-content\/uploads\/sites\/13\/2024\/06\/WhatsApp-Image-2024-06-26-at-4.47.54-PM-e1719442193348.jpeg\" \/>\n\t<meta property=\"og:image:width\" content=\"1125\" \/>\n\t<meta property=\"og:image:height\" content=\"720\" \/>\n\t<meta property=\"og:image:type\" content=\"image\/jpeg\" \/>\n<meta name=\"twitter:card\" content=\"summary_large_image\" \/>\n<meta name=\"twitter:label1\" content=\"Est. reading time\" \/>\n\t<meta name=\"twitter:data1\" content=\"2 minutos\" \/>\n<script type=\"application\/ld+json\" class=\"yoast-schema-graph\">{\"@context\":\"https:\/\/schema.org\",\"@graph\":[{\"@type\":\"WebPage\",\"@id\":\"https:\/\/graziamagazine.com\/mx\/articles\/travis-kelce-revela-enamoro-taylor-swift\/\",\"url\":\"https:\/\/graziamagazine.com\/mx\/articles\/travis-kelce-revela-enamoro-taylor-swift\/\",\"name\":\"Travis Kelce revela qu\u00e9 lo enamor\u00f3 de Taylor Swift | Grazia M\u00e9xico y Latinoam\u00e9rica\",\"isPartOf\":{\"@id\":\"https:\/\/graziamagazine.com\/mx\/#website\"},\"datePublished\":\"2024-06-26T21:50:13+00:00\",\"dateModified\":\"2024-06-26T22:51:05+00:00\",\"description\":\"Travis Kelce revel\u00f3 qu\u00e9 lo enamor\u00f3 de Taylor Swift en el podcast Bussin' With The Boys al cual fue invitado recientemente. \\\"Quieres mantener las cosas en\",\"breadcrumb\":{\"@id\":\"https:\/\/graziamagazine.com\/mx\/articles\/travis-kelce-revela-enamoro-taylor-swift\/#breadcrumb\"},\"inLanguage\":\"es-MX\",\"potentialAction\":[{\"@type\":\"ReadAction\",\"target\":[\"https:\/\/graziamagazine.com\/mx\/articles\/travis-kelce-revela-enamoro-taylor-swift\/\"]}]},{\"@type\":\"BreadcrumbList\",\"@id\":\"https:\/\/graziamagazine.com\/mx\/articles\/travis-kelce-revela-enamoro-taylor-swift\/#breadcrumb\",\"itemListElement\":[{\"@type\":\"ListItem\",\"position\":1,\"name\":\"Home\",\"item\":\"https:\/\/graziamagazine.com\/mx\/\"},{\"@type\":\"ListItem\",\"position\":2,\"name\":\"Travis Kelce revela qu\u00e9 lo enamor\u00f3 de Taylor Swift\"}]},{\"@type\":\"WebSite\",\"@id\":\"https:\/\/graziamagazine.com\/mx\/#website\",\"url\":\"https:\/\/graziamagazine.com\/mx\/\",\"name\":\"Grazia M\u00e9xico y Latinoam\u00e9rica\",\"description\":\"Grazia es moda, belleza y noticias  de actualidad \",\"potentialAction\":[{\"@type\":\"SearchAction\",\"target\":{\"@type\":\"EntryPoint\",\"urlTemplate\":\"https:\/\/graziamagazine.com\/mx\/?s={search_term_string}\"},\"query-input\":\"required name=search_term_string\"}],\"inLanguage\":\"es-MX\"}]}<\/script>\n<!-- \/ Yoast SEO Premium plugin. -->","yoast_head_json":{"title":"Travis Kelce revela qu\u00e9 lo enamor\u00f3 de Taylor Swift | Grazia M\u00e9xico y Latinoam\u00e9rica","description":"Travis Kelce revel\u00f3 qu\u00e9 lo enamor\u00f3 de Taylor Swift en el podcast Bussin' With The Boys al cual fue invitado recientemente. \"Quieres mantener las cosas en","robots":{"index":"index","follow":"follow","max-snippet":"max-snippet:-1","max-image-preview":"max-image-preview:large","max-video-preview":"max-video-preview:-1"},"canonical":"https:\/\/graziamagazine.com\/mx\/articles\/travis-kelce-revela-enamoro-taylor-swift\/","og_locale":"es_MX","og_type":"article","og_title":"Travis Kelce revela qu\u00e9 lo enamor\u00f3 de Taylor Swift","og_description":"Travis Kelce revel\u00f3 qu\u00e9 lo enamor\u00f3 de Taylor Swift en el podcast Bussin' With The Boys al cual fue invitado recientemente. \"Quieres mantener las cosas en","og_url":"https:\/\/graziamagazine.com\/mx\/articles\/travis-kelce-revela-enamoro-taylor-swift\/","og_site_name":"Grazia M\u00e9xico y Latinoam\u00e9rica","article_modified_time":"2024-06-26T22:51:05+00:00","og_image":[{"width":1125,"height":720,"url":"https:\/\/graziamagazine.com\/mx\/wp-content\/uploads\/sites\/13\/2024\/06\/WhatsApp-Image-2024-06-26-at-4.47.54-PM-e1719442193348.jpeg","type":"image\/jpeg"}],"twitter_card":"summary_large_image","twitter_misc":{"Est. reading time":"2 minutos"},"schema":{"@context":"https:\/\/schema.org","@graph":[{"@type":"WebPage","@id":"https:\/\/graziamagazine.com\/mx\/articles\/travis-kelce-revela-enamoro-taylor-swift\/","url":"https:\/\/graziamagazine.com\/mx\/articles\/travis-kelce-revela-enamoro-taylor-swift\/","name":"Travis Kelce revela qu\u00e9 lo enamor\u00f3 de Taylor Swift | Grazia M\u00e9xico y Latinoam\u00e9rica","isPartOf":{"@id":"https:\/\/graziamagazine.com\/mx\/#website"},"datePublished":"2024-06-26T21:50:13+00:00","dateModified":"2024-06-26T22:51:05+00:00","description":"Travis Kelce revel\u00f3 qu\u00e9 lo enamor\u00f3 de Taylor Swift en el podcast Bussin' With The Boys al cual fue invitado recientemente. \"Quieres mantener las cosas en","breadcrumb":{"@id":"https:\/\/graziamagazine.com\/mx\/articles\/travis-kelce-revela-enamoro-taylor-swift\/#breadcrumb"},"inLanguage":"es-MX","potentialAction":[{"@type":"ReadAction","target":["https:\/\/graziamagazine.com\/mx\/articles\/travis-kelce-revela-enamoro-taylor-swift\/"]}]},{"@type":"BreadcrumbList","@id":"https:\/\/graziamagazine.com\/mx\/articles\/travis-kelce-revela-enamoro-taylor-swift\/#breadcrumb","itemListElement":[{"@type":"ListItem","position":1,"name":"Home","item":"https:\/\/graziamagazine.com\/mx\/"},{"@type":"ListItem","position":2,"name":"Travis Kelce revela qu\u00e9 lo enamor\u00f3 de Taylor Swift"}]},{"@type":"WebSite","@id":"https:\/\/graziamagazine.com\/mx\/#website","url":"https:\/\/graziamagazine.com\/mx\/","name":"Grazia M\u00e9xico y Latinoam\u00e9rica","description":"Grazia es moda, belleza y noticias  de actualidad ","potentialAction":[{"@type":"SearchAction","target":{"@type":"EntryPoint","urlTemplate":"https:\/\/graziamagazine.com\/mx\/?s={search_term_string}"},"query-input":"required name=search_term_string"}],"inLanguage":"es-MX"}]}},"jetpack_sharing_enabled":true,"distributor_meta":false,"distributor_terms":false,"distributor_media":false,"distributor_original_site_name":"Grazia M\u00e9xico y Latinoam\u00e9rica","distributor_original_site_url":"https:\/\/graziamagazine.com\/mx","push-errors":false,"_links":{"self":[{"href":"https:\/\/graziamagazine.com\/mx\/wp-json\/wp\/v2\/articles\/138593"}],"collection":[{"href":"https:\/\/graziamagazine.com\/mx\/wp-json\/wp\/v2\/articles"}],"about":[{"href":"https:\/\/graziamagazine.com\/mx\/wp-json\/wp\/v2\/types\/articles"}],"author":[{"embeddable":true,"href":"https:\/\/graziamagazine.com\/mx\/wp-json\/wp\/v2\/users\/36289"}],"wp:featuredmedia":[{"embeddable":true,"href":"https:\/\/graziamagazine.com\/mx\/wp-json\/wp\/v2\/media\/138603"}],"wp:attachment":[{"href":"https:\/\/graziamagazine.com\/mx\/wp-json\/wp\/v2\/media?parent=138593"}],"wp:term":[{"taxonomy":"category","embeddable":true,"href":"https:\/\/graziamagazine.com\/mx\/wp-json\/wp\/v2\/categories?post=138593"}],"curies":[{"name":"wp","href":"https:\/\/api.w.org\/{rel}","templated":true}]}}