{"id":138549,"date":"2024-06-25T22:16:39","date_gmt":"2024-06-26T03:16:39","guid":{"rendered":"https:\/\/graziamagazine.com\/mx\/?post_type=articles&#038;p=138549"},"modified":"2024-06-25T22:38:19","modified_gmt":"2024-06-26T03:38:19","slug":"joyeria-chunky-decimos-tendencia-reinara-verano","status":"publish","type":"articles","link":"https:\/\/graziamagazine.com\/mx\/articles\/joyeria-chunky-decimos-tendencia-reinara-verano\/","title":{"rendered":"Joyer\u00eda chunky: te decimos de qu\u00e9 va la tendencia que reinar\u00e1 en el verano"},"content":{"rendered":"<p>\u00bfTe has preguntado que <strong>joyer\u00eda<\/strong> usar y qu\u00e9 est\u00e1 en <strong>tendencia<\/strong>? Pues la moda que estar\u00e1 reinando en el verano en la joyer\u00eda <em><strong>chunky<\/strong><\/em>\u00a0 que tiene que ver con accesorios XXL dejando atr\u00e1s la famosa frase &#8220;menos es m\u00e1s&#8221;.<\/p>\n<p>El nombre est\u00e1 ganando popularidad entre <strong><em>influencers<\/em> <\/strong>de moda y dise\u00f1adores. La joyer\u00eda <em>chunky<\/em> son piezas en proporciones grandes y maximizadas brindando una gran cantidad de opciones y colores para lucir.<\/p>\n<p>Pero hay un truco para no perder el look sofisticado, hay que usar los accesorios XXL con prendas sutiles para crear un equilibrio.<\/p>\n<h3>Collares XXL<\/h3>\n<div class=\"content-gallery\"><div class=\"gallery-placeholder\"><div class=\"spinner\"><\/div><\/div><span class=\"gallery-pagination\"><\/span><div id=\"gallery-1\" class=\"gallery galleryid-138549 gallery-columns- gallery-size-\"><figure class=\"gallery-item\"><div class=\"gallery-icon landscape\"><img loading=\"lazy\" decoding=\"async\" width=\"1748\" height=\"1034\" src=\"https:\/\/graziamagazine.com\/mx\/wp-content\/uploads\/sites\/13\/2024\/06\/Captura-de-Pantalla-2024-06-25-a-las-21.24.59.png\" class=\"lazy\" alt=\"\" srcset=\"https:\/\/graziamagazine.com\/mx\/wp-content\/uploads\/sites\/13\/2024\/06\/Captura-de-Pantalla-2024-06-25-a-las-21.24.59.png 1748w, https:\/\/graziamagazine.com\/mx\/wp-content\/uploads\/sites\/13\/2024\/06\/Captura-de-Pantalla-2024-06-25-a-las-21.24.59-450x266.png 450w, https:\/\/graziamagazine.com\/mx\/wp-content\/uploads\/sites\/13\/2024\/06\/Captura-de-Pantalla-2024-06-25-a-las-21.24.59-1024x606.png 1024w, https:\/\/graziamagazine.com\/mx\/wp-content\/uploads\/sites\/13\/2024\/06\/Captura-de-Pantalla-2024-06-25-a-las-21.24.59-768x454.png 768w, https:\/\/graziamagazine.com\/mx\/wp-content\/uploads\/sites\/13\/2024\/06\/Captura-de-Pantalla-2024-06-25-a-las-21.24.59-1536x909.png 1536w, https:\/\/graziamagazine.com\/mx\/wp-content\/uploads\/sites\/13\/2024\/06\/Captura-de-Pantalla-2024-06-25-a-las-21.24.59-400x237.png 400w, https:\/\/graziamagazine.com\/mx\/wp-content\/uploads\/sites\/13\/2024\/06\/Captura-de-Pantalla-2024-06-25-a-las-21.24.59-155x92.png 155w\" sizes=\"(max-width: 1748px) 100vw, 1748px\" \/><\/div><figcaption class=\"wp-caption-text gallery-caption\" id=\"gallery-1-138555\">Getty<\/figcaption><\/figure><figure class=\"gallery-item\"><div class=\"gallery-icon landscape\"><img loading=\"lazy\" decoding=\"async\" width=\"1125\" height=\"1225\" src=\"https:\/\/graziamagazine.com\/mx\/wp-content\/uploads\/sites\/13\/2024\/06\/WhatsApp-Image-2024-06-25-at-9.29.49-PM.jpeg\" class=\"lazy\" alt=\"\" srcset=\"https:\/\/graziamagazine.com\/mx\/wp-content\/uploads\/sites\/13\/2024\/06\/WhatsApp-Image-2024-06-25-at-9.29.49-PM.jpeg 1125w, https:\/\/graziamagazine.com\/mx\/wp-content\/uploads\/sites\/13\/2024\/06\/WhatsApp-Image-2024-06-25-at-9.29.49-PM-413x450.jpeg 413w, https:\/\/graziamagazine.com\/mx\/wp-content\/uploads\/sites\/13\/2024\/06\/WhatsApp-Image-2024-06-25-at-9.29.49-PM-940x1024.jpeg 940w, https:\/\/graziamagazine.com\/mx\/wp-content\/uploads\/sites\/13\/2024\/06\/WhatsApp-Image-2024-06-25-at-9.29.49-PM-768x836.jpeg 768w, https:\/\/graziamagazine.com\/mx\/wp-content\/uploads\/sites\/13\/2024\/06\/WhatsApp-Image-2024-06-25-at-9.29.49-PM-400x436.jpeg 400w, https:\/\/graziamagazine.com\/mx\/wp-content\/uploads\/sites\/13\/2024\/06\/WhatsApp-Image-2024-06-25-at-9.29.49-PM-155x169.jpeg 155w\" sizes=\"(max-width: 1125px) 100vw, 1125px\" \/><\/div><figcaption class=\"wp-caption-text gallery-caption\" id=\"gallery-1-138551\">Instagram<\/figcaption><\/figure><\/div><\/div>\n<p>Se llevar\u00e1n grandes y llamativos principalmente en cadenas y eslabones. Los principales materiales son el metal dorado y la resina de colores. Se vale el uso de capas de varios collares a la vez con distintas alturas.<\/p>\n<h3>Anillos XXL<\/h3>\n<div class=\"content-gallery\"><div class=\"gallery-placeholder\"><div class=\"spinner\"><\/div><\/div><span class=\"gallery-pagination\"><\/span><div id=\"gallery-2\" class=\"gallery galleryid-138549 gallery-columns- gallery-size-\"><figure class=\"gallery-item\"><div class=\"gallery-icon landscape\"><img loading=\"lazy\" decoding=\"async\" width=\"2296\" height=\"936\" src=\"https:\/\/graziamagazine.com\/mx\/wp-content\/uploads\/sites\/13\/2024\/06\/Captura-de-Pantalla-2024-06-25-a-las-21.23.44.png\" class=\"lazy\" alt=\"\" srcset=\"https:\/\/graziamagazine.com\/mx\/wp-content\/uploads\/sites\/13\/2024\/06\/Captura-de-Pantalla-2024-06-25-a-las-21.23.44.png 2296w, https:\/\/graziamagazine.com\/mx\/wp-content\/uploads\/sites\/13\/2024\/06\/Captura-de-Pantalla-2024-06-25-a-las-21.23.44-450x183.png 450w, https:\/\/graziamagazine.com\/mx\/wp-content\/uploads\/sites\/13\/2024\/06\/Captura-de-Pantalla-2024-06-25-a-las-21.23.44-1024x417.png 1024w, https:\/\/graziamagazine.com\/mx\/wp-content\/uploads\/sites\/13\/2024\/06\/Captura-de-Pantalla-2024-06-25-a-las-21.23.44-768x313.png 768w, https:\/\/graziamagazine.com\/mx\/wp-content\/uploads\/sites\/13\/2024\/06\/Captura-de-Pantalla-2024-06-25-a-las-21.23.44-1536x626.png 1536w, https:\/\/graziamagazine.com\/mx\/wp-content\/uploads\/sites\/13\/2024\/06\/Captura-de-Pantalla-2024-06-25-a-las-21.23.44-2048x835.png 2048w, https:\/\/graziamagazine.com\/mx\/wp-content\/uploads\/sites\/13\/2024\/06\/Captura-de-Pantalla-2024-06-25-a-las-21.23.44-400x163.png 400w, https:\/\/graziamagazine.com\/mx\/wp-content\/uploads\/sites\/13\/2024\/06\/Captura-de-Pantalla-2024-06-25-a-las-21.23.44-155x63.png 155w\" sizes=\"(max-width: 2296px) 100vw, 2296px\" \/><\/div><figcaption class=\"wp-caption-text gallery-caption\" id=\"gallery-2-138554\">Getty<\/figcaption><\/figure><figure class=\"gallery-item\"><div class=\"gallery-icon landscape\"><img loading=\"lazy\" decoding=\"async\" width=\"1125\" height=\"1252\" src=\"https:\/\/graziamagazine.com\/mx\/wp-content\/uploads\/sites\/13\/2024\/06\/WhatsApp-Image-2024-06-25-at-9.29.47-PM.jpeg\" class=\"lazy\" alt=\"\" srcset=\"https:\/\/graziamagazine.com\/mx\/wp-content\/uploads\/sites\/13\/2024\/06\/WhatsApp-Image-2024-06-25-at-9.29.47-PM.jpeg 1125w, https:\/\/graziamagazine.com\/mx\/wp-content\/uploads\/sites\/13\/2024\/06\/WhatsApp-Image-2024-06-25-at-9.29.47-PM-404x450.jpeg 404w, https:\/\/graziamagazine.com\/mx\/wp-content\/uploads\/sites\/13\/2024\/06\/WhatsApp-Image-2024-06-25-at-9.29.47-PM-920x1024.jpeg 920w, https:\/\/graziamagazine.com\/mx\/wp-content\/uploads\/sites\/13\/2024\/06\/WhatsApp-Image-2024-06-25-at-9.29.47-PM-768x855.jpeg 768w, https:\/\/graziamagazine.com\/mx\/wp-content\/uploads\/sites\/13\/2024\/06\/WhatsApp-Image-2024-06-25-at-9.29.47-PM-400x445.jpeg 400w, https:\/\/graziamagazine.com\/mx\/wp-content\/uploads\/sites\/13\/2024\/06\/WhatsApp-Image-2024-06-25-at-9.29.47-PM-155x172.jpeg 155w\" sizes=\"(max-width: 1125px) 100vw, 1125px\" \/><\/div><figcaption class=\"wp-caption-text gallery-caption\" id=\"gallery-2-138550\">Instagram<\/figcaption><\/figure><\/div><\/div>\n<p>La mejor forma de usarlos es llevando varios anillos XXL en la mano de varias formas, tama\u00f1os, materiales y colores. Los anillos de resina y las figuras extravagantes ser\u00e1n los protagonistas de tu look.<\/p>\n<h3>Aretes XXL<\/h3>\n<figure id=\"attachment_138552\" aria-describedby=\"caption-attachment-138552\" style=\"width: 306px\" class=\"wp-caption alignnone\"><img loading=\"lazy\" decoding=\"async\" class=\"size-medium wp-image-138552\" src=\"https:\/\/graziamagazine.com\/mx\/wp-content\/uploads\/sites\/13\/2024\/06\/Captura-de-Pantalla-2024-06-25-a-las-21.22.34-306x450.png\" alt=\"\" width=\"306\" height=\"450\" srcset=\"https:\/\/graziamagazine.com\/mx\/wp-content\/uploads\/sites\/13\/2024\/06\/Captura-de-Pantalla-2024-06-25-a-las-21.22.34-306x450.png 306w, https:\/\/graziamagazine.com\/mx\/wp-content\/uploads\/sites\/13\/2024\/06\/Captura-de-Pantalla-2024-06-25-a-las-21.22.34-400x588.png 400w, https:\/\/graziamagazine.com\/mx\/wp-content\/uploads\/sites\/13\/2024\/06\/Captura-de-Pantalla-2024-06-25-a-las-21.22.34-146x215.png 146w, https:\/\/graziamagazine.com\/mx\/wp-content\/uploads\/sites\/13\/2024\/06\/Captura-de-Pantalla-2024-06-25-a-las-21.22.34.png 690w\" sizes=\"(max-width: 306px) 100vw, 306px\" \/><figcaption id=\"caption-attachment-138552\" class=\"wp-caption-text\">COPERNI<\/figcaption><\/figure>\n<p>Los aretes <em>chunky<\/em> no pasan desapercibidos. Se destacan por ser grandes y llamativos, como las dem\u00e1s piezas en tendencia. La oportunidad perfecta para elevar tu look con piedras coloridas y dise\u00f1os innovadores.<\/p>\n<p>Lo importante de la tendencia XXL es que siempre lo combines con un atuendo sencillo y sofisticado, sumando toda la atenci\u00f3n en los accesorios que elijas.<\/p>\n<p>Otro punto clave es que la joyer\u00eda <em>chunky<\/em> no es solamente para ocasiones especiales. De hecho, est\u00e1 dise\u00f1ada para el uso diario y as\u00ed eleves completamente tus looks.<\/p>\n","protected":false},"author":36289,"featured_media":138557,"template":"","format":"standard","categories":[114,4],"acf":[],"yoast_head":"<!-- This site is optimized with the Yoast SEO Premium plugin v18.5 (Yoast SEO v20.4) - https:\/\/yoast.com\/wordpress\/plugins\/seo\/ -->\n<title>Joyer\u00eda chunky: te decimos de qu\u00e9 va la tendencia que reinar\u00e1 en el verano | Grazia M\u00e9xico y Latinoam\u00e9rica<\/title>\n<meta name=\"description\" content=\"\u00bfTe has preguntado que joyer\u00eda usar y qu\u00e9 est\u00e1 en tendencia? Pues la moda que estar\u00e1 reinando en el verano en la joyer\u00eda chunky\u00a0 que tiene que ver con\" \/>\n<meta name=\"robots\" content=\"index, follow, max-snippet:-1, max-image-preview:large, max-video-preview:-1\" \/>\n<link rel=\"canonical\" href=\"https:\/\/graziamagazine.com\/mx\/articles\/joyeria-chunky-decimos-tendencia-reinara-verano\/\" \/>\n<meta property=\"og:locale\" content=\"es_MX\" \/>\n<meta property=\"og:type\" content=\"article\" \/>\n<meta property=\"og:title\" content=\"Joyer\u00eda chunky: te decimos de qu\u00e9 va la tendencia que reinar\u00e1 en el verano\" \/>\n<meta property=\"og:description\" content=\"\u00bfTe has preguntado que joyer\u00eda usar y qu\u00e9 est\u00e1 en tendencia? Pues la moda que estar\u00e1 reinando en el verano en la joyer\u00eda chunky\u00a0 que tiene que ver con\" \/>\n<meta property=\"og:url\" content=\"https:\/\/graziamagazine.com\/mx\/articles\/joyeria-chunky-decimos-tendencia-reinara-verano\/\" \/>\n<meta property=\"og:site_name\" content=\"Grazia M\u00e9xico y Latinoam\u00e9rica\" \/>\n<meta property=\"article:modified_time\" content=\"2024-06-26T03:38:19+00:00\" \/>\n<meta property=\"og:image\" content=\"https:\/\/graziamagazine.com\/mx\/wp-content\/uploads\/sites\/13\/2024\/06\/Captura-de-Pantalla-2024-06-25-a-las-21.27.30-e1719372956235.png\" \/>\n\t<meta property=\"og:image:width\" content=\"1174\" \/>\n\t<meta property=\"og:image:height\" content=\"720\" \/>\n\t<meta property=\"og:image:type\" content=\"image\/png\" \/>\n<meta name=\"twitter:card\" content=\"summary_large_image\" \/>\n<meta name=\"twitter:label1\" content=\"Est. reading time\" \/>\n\t<meta name=\"twitter:data1\" content=\"2 minutos\" \/>\n<script type=\"application\/ld+json\" class=\"yoast-schema-graph\">{\"@context\":\"https:\/\/schema.org\",\"@graph\":[{\"@type\":\"WebPage\",\"@id\":\"https:\/\/graziamagazine.com\/mx\/articles\/joyeria-chunky-decimos-tendencia-reinara-verano\/\",\"url\":\"https:\/\/graziamagazine.com\/mx\/articles\/joyeria-chunky-decimos-tendencia-reinara-verano\/\",\"name\":\"Joyer\u00eda chunky: te decimos de qu\u00e9 va la tendencia que reinar\u00e1 en el verano | Grazia M\u00e9xico y Latinoam\u00e9rica\",\"isPartOf\":{\"@id\":\"https:\/\/graziamagazine.com\/mx\/#website\"},\"datePublished\":\"2024-06-26T03:16:39+00:00\",\"dateModified\":\"2024-06-26T03:38:19+00:00\",\"description\":\"\u00bfTe has preguntado que joyer\u00eda usar y qu\u00e9 est\u00e1 en tendencia? Pues la moda que estar\u00e1 reinando en el verano en la joyer\u00eda chunky\u00a0 que tiene que ver con\",\"breadcrumb\":{\"@id\":\"https:\/\/graziamagazine.com\/mx\/articles\/joyeria-chunky-decimos-tendencia-reinara-verano\/#breadcrumb\"},\"inLanguage\":\"es-MX\",\"potentialAction\":[{\"@type\":\"ReadAction\",\"target\":[\"https:\/\/graziamagazine.com\/mx\/articles\/joyeria-chunky-decimos-tendencia-reinara-verano\/\"]}]},{\"@type\":\"BreadcrumbList\",\"@id\":\"https:\/\/graziamagazine.com\/mx\/articles\/joyeria-chunky-decimos-tendencia-reinara-verano\/#breadcrumb\",\"itemListElement\":[{\"@type\":\"ListItem\",\"position\":1,\"name\":\"Home\",\"item\":\"https:\/\/graziamagazine.com\/mx\/\"},{\"@type\":\"ListItem\",\"position\":2,\"name\":\"Joyer\u00eda chunky: te decimos de qu\u00e9 va la tendencia que reinar\u00e1 en el verano\"}]},{\"@type\":\"WebSite\",\"@id\":\"https:\/\/graziamagazine.com\/mx\/#website\",\"url\":\"https:\/\/graziamagazine.com\/mx\/\",\"name\":\"Grazia M\u00e9xico y Latinoam\u00e9rica\",\"description\":\"Grazia es moda, belleza y noticias  de actualidad \",\"potentialAction\":[{\"@type\":\"SearchAction\",\"target\":{\"@type\":\"EntryPoint\",\"urlTemplate\":\"https:\/\/graziamagazine.com\/mx\/?s={search_term_string}\"},\"query-input\":\"required name=search_term_string\"}],\"inLanguage\":\"es-MX\"}]}<\/script>\n<!-- \/ Yoast SEO Premium plugin. -->","yoast_head_json":{"title":"Joyer\u00eda chunky: te decimos de qu\u00e9 va la tendencia que reinar\u00e1 en el verano | Grazia M\u00e9xico y Latinoam\u00e9rica","description":"\u00bfTe has preguntado que joyer\u00eda usar y qu\u00e9 est\u00e1 en tendencia? Pues la moda que estar\u00e1 reinando en el verano en la joyer\u00eda chunky\u00a0 que tiene que ver con","robots":{"index":"index","follow":"follow","max-snippet":"max-snippet:-1","max-image-preview":"max-image-preview:large","max-video-preview":"max-video-preview:-1"},"canonical":"https:\/\/graziamagazine.com\/mx\/articles\/joyeria-chunky-decimos-tendencia-reinara-verano\/","og_locale":"es_MX","og_type":"article","og_title":"Joyer\u00eda chunky: te decimos de qu\u00e9 va la tendencia que reinar\u00e1 en el verano","og_description":"\u00bfTe has preguntado que joyer\u00eda usar y qu\u00e9 est\u00e1 en tendencia? Pues la moda que estar\u00e1 reinando en el verano en la joyer\u00eda chunky\u00a0 que tiene que ver con","og_url":"https:\/\/graziamagazine.com\/mx\/articles\/joyeria-chunky-decimos-tendencia-reinara-verano\/","og_site_name":"Grazia M\u00e9xico y Latinoam\u00e9rica","article_modified_time":"2024-06-26T03:38:19+00:00","og_image":[{"width":1174,"height":720,"url":"https:\/\/graziamagazine.com\/mx\/wp-content\/uploads\/sites\/13\/2024\/06\/Captura-de-Pantalla-2024-06-25-a-las-21.27.30-e1719372956235.png","type":"image\/png"}],"twitter_card":"summary_large_image","twitter_misc":{"Est. reading time":"2 minutos"},"schema":{"@context":"https:\/\/schema.org","@graph":[{"@type":"WebPage","@id":"https:\/\/graziamagazine.com\/mx\/articles\/joyeria-chunky-decimos-tendencia-reinara-verano\/","url":"https:\/\/graziamagazine.com\/mx\/articles\/joyeria-chunky-decimos-tendencia-reinara-verano\/","name":"Joyer\u00eda chunky: te decimos de qu\u00e9 va la tendencia que reinar\u00e1 en el verano | Grazia M\u00e9xico y Latinoam\u00e9rica","isPartOf":{"@id":"https:\/\/graziamagazine.com\/mx\/#website"},"datePublished":"2024-06-26T03:16:39+00:00","dateModified":"2024-06-26T03:38:19+00:00","description":"\u00bfTe has preguntado que joyer\u00eda usar y qu\u00e9 est\u00e1 en tendencia? Pues la moda que estar\u00e1 reinando en el verano en la joyer\u00eda chunky\u00a0 que tiene que ver con","breadcrumb":{"@id":"https:\/\/graziamagazine.com\/mx\/articles\/joyeria-chunky-decimos-tendencia-reinara-verano\/#breadcrumb"},"inLanguage":"es-MX","potentialAction":[{"@type":"ReadAction","target":["https:\/\/graziamagazine.com\/mx\/articles\/joyeria-chunky-decimos-tendencia-reinara-verano\/"]}]},{"@type":"BreadcrumbList","@id":"https:\/\/graziamagazine.com\/mx\/articles\/joyeria-chunky-decimos-tendencia-reinara-verano\/#breadcrumb","itemListElement":[{"@type":"ListItem","position":1,"name":"Home","item":"https:\/\/graziamagazine.com\/mx\/"},{"@type":"ListItem","position":2,"name":"Joyer\u00eda chunky: te decimos de qu\u00e9 va la tendencia que reinar\u00e1 en el verano"}]},{"@type":"WebSite","@id":"https:\/\/graziamagazine.com\/mx\/#website","url":"https:\/\/graziamagazine.com\/mx\/","name":"Grazia M\u00e9xico y Latinoam\u00e9rica","description":"Grazia es moda, belleza y noticias  de actualidad ","potentialAction":[{"@type":"SearchAction","target":{"@type":"EntryPoint","urlTemplate":"https:\/\/graziamagazine.com\/mx\/?s={search_term_string}"},"query-input":"required name=search_term_string"}],"inLanguage":"es-MX"}]}},"jetpack_sharing_enabled":true,"distributor_meta":false,"distributor_terms":false,"distributor_media":false,"distributor_original_site_name":"Grazia M\u00e9xico y Latinoam\u00e9rica","distributor_original_site_url":"https:\/\/graziamagazine.com\/mx","push-errors":false,"_links":{"self":[{"href":"https:\/\/graziamagazine.com\/mx\/wp-json\/wp\/v2\/articles\/138549"}],"collection":[{"href":"https:\/\/graziamagazine.com\/mx\/wp-json\/wp\/v2\/articles"}],"about":[{"href":"https:\/\/graziamagazine.com\/mx\/wp-json\/wp\/v2\/types\/articles"}],"author":[{"embeddable":true,"href":"https:\/\/graziamagazine.com\/mx\/wp-json\/wp\/v2\/users\/36289"}],"wp:featuredmedia":[{"embeddable":true,"href":"https:\/\/graziamagazine.com\/mx\/wp-json\/wp\/v2\/media\/138557"}],"wp:attachment":[{"href":"https:\/\/graziamagazine.com\/mx\/wp-json\/wp\/v2\/media?parent=138549"}],"wp:term":[{"taxonomy":"category","embeddable":true,"href":"https:\/\/graziamagazine.com\/mx\/wp-json\/wp\/v2\/categories?post=138549"}],"curies":[{"name":"wp","href":"https:\/\/api.w.org\/{rel}","templated":true}]}}