{"id":138429,"date":"2024-06-25T10:00:56","date_gmt":"2024-06-25T15:00:56","guid":{"rendered":"https:\/\/graziamagazine.com\/mx\/?post_type=articles&#038;p=138429"},"modified":"2024-06-24T15:32:07","modified_gmt":"2024-06-24T20:32:07","slug":"tendencias-la-guia-definitiva-de-calzado-para-el-verano-2024","status":"publish","type":"articles","link":"https:\/\/graziamagazine.com\/mx\/articles\/tendencias-la-guia-definitiva-de-calzado-para-el-verano-2024\/","title":{"rendered":"Tendencias: La guia definitiva de calzado para el verano 2024"},"content":{"rendered":"<p><span style=\"font-weight: 400\">Como se ha visto en cada pasarela de la temporada, las tendencias de calzado de este verano no se tratan de reinventar la rueda, sino de jugar y mezclar con los estilos existentes y <\/span><span style=\"font-weight: 400\">cl\u00e1sicos.<\/span><\/p>\n<p><span style=\"font-weight: 400\">Varios estilos de sandalias, zapatos m\u00e1s cl\u00e1sicos y tenis deportivos reinan en esta \u00e9poca del a\u00f1o, mostrando colores y siluetas divertidas.<\/span><\/p>\n<p><span style=\"font-weight: 400\">Ya sea que est\u00e9s buscando agregar una nueva sandalia a tu guardarropa o quieras saber qu\u00e9 estilos est\u00e1n tendencia, te lo contamos todo.<\/span><\/p>\n<p><strong>Estas son las tendencias de calzado de verano de 2024:<\/strong><\/p>\n<p><strong>Sandalias tanga<\/strong><\/p>\n<p><span style=\"font-weight: 400\">La simplicidad es clave para un guardarropa funcional, y las sandalias de dedo a\u00f1aden un toque minimalista a cualquier conjunto. Ya sea que est\u00e9s usando chanclas cl\u00e1sicas con una prenda para la alberca o saliendo con jeans, una camiseta y sandalias tipo tanga, estas sandalias estar\u00e1n a la vanguardia de la moda de verano.<\/span><\/p>\n<p><img loading=\"lazy\" decoding=\"async\" class=\"alignnone size-medium wp-image-138434\" src=\"https:\/\/graziamagazine.com\/mx\/wp-content\/uploads\/sites\/13\/2024\/06\/https___media.callitspring.com_v3_product_zollie_001-002-043_zollie_black_001-002-043_main_sq_wt_4800x4800.jpg_large-450x450.jpg\" alt=\"\" width=\"450\" height=\"450\" srcset=\"https:\/\/graziamagazine.com\/mx\/wp-content\/uploads\/sites\/13\/2024\/06\/https___media.callitspring.com_v3_product_zollie_001-002-043_zollie_black_001-002-043_main_sq_wt_4800x4800.jpg_large-450x450.jpg 450w, https:\/\/graziamagazine.com\/mx\/wp-content\/uploads\/sites\/13\/2024\/06\/https___media.callitspring.com_v3_product_zollie_001-002-043_zollie_black_001-002-043_main_sq_wt_4800x4800.jpg_large-150x150.jpg 150w, https:\/\/graziamagazine.com\/mx\/wp-content\/uploads\/sites\/13\/2024\/06\/https___media.callitspring.com_v3_product_zollie_001-002-043_zollie_black_001-002-043_main_sq_wt_4800x4800.jpg_large-768x768.jpg 768w, https:\/\/graziamagazine.com\/mx\/wp-content\/uploads\/sites\/13\/2024\/06\/https___media.callitspring.com_v3_product_zollie_001-002-043_zollie_black_001-002-043_main_sq_wt_4800x4800.jpg_large-400x400.jpg 400w, https:\/\/graziamagazine.com\/mx\/wp-content\/uploads\/sites\/13\/2024\/06\/https___media.callitspring.com_v3_product_zollie_001-002-043_zollie_black_001-002-043_main_sq_wt_4800x4800.jpg_large-155x155.jpg 155w, https:\/\/graziamagazine.com\/mx\/wp-content\/uploads\/sites\/13\/2024\/06\/https___media.callitspring.com_v3_product_zollie_001-002-043_zollie_black_001-002-043_main_sq_wt_4800x4800.jpg_large.jpg 1000w\" sizes=\"(max-width: 450px) 100vw, 450px\" \/><\/p>\n<p><strong>Flats planos<\/strong><\/p>\n<p><span style=\"font-weight: 400\">Uno de los favoritos, los flats planos ganaron fuerza cuando Row present\u00f3 su versi\u00f3n ic\u00f3nica de las zapatillas de ballet. El estilo sobrio funciona para cualquier temporada y es el zapato plano perfecto y c\u00f3modo para usar con tus pantalones de lino favoritos y una blusa sin mangas.<\/span><\/p>\n<p><img loading=\"lazy\" decoding=\"async\" class=\"alignnone size-medium wp-image-138430\" src=\"https:\/\/graziamagazine.com\/mx\/wp-content\/uploads\/sites\/13\/2024\/06\/61K5HHTmC3L._AC_UY900_-450x412.jpg\" alt=\"\" width=\"450\" height=\"412\" srcset=\"https:\/\/graziamagazine.com\/mx\/wp-content\/uploads\/sites\/13\/2024\/06\/61K5HHTmC3L._AC_UY900_-450x412.jpg 450w, https:\/\/graziamagazine.com\/mx\/wp-content\/uploads\/sites\/13\/2024\/06\/61K5HHTmC3L._AC_UY900_-768x703.jpg 768w, https:\/\/graziamagazine.com\/mx\/wp-content\/uploads\/sites\/13\/2024\/06\/61K5HHTmC3L._AC_UY900_-400x366.jpg 400w, https:\/\/graziamagazine.com\/mx\/wp-content\/uploads\/sites\/13\/2024\/06\/61K5HHTmC3L._AC_UY900_-155x142.jpg 155w, https:\/\/graziamagazine.com\/mx\/wp-content\/uploads\/sites\/13\/2024\/06\/61K5HHTmC3L._AC_UY900_.jpg 983w\" sizes=\"(max-width: 450px) 100vw, 450px\" \/><\/p>\n<p><strong>Blancos<\/strong><\/p>\n<p><span style=\"font-weight: 400\">Los zapatos blancos pueden llevar cualquier estilo al siguiente nivel, as\u00ed que opta por mocasines o tacones de gatito para un conjunto sofisticado pero con visi\u00f3n de futuro. Combinar un par de zapatos blancos con pantalones coloridos y una blusa, logra que el zapato realmente destaque.<\/span><\/p>\n<p><img loading=\"lazy\" decoding=\"async\" class=\"alignnone size-medium wp-image-138432\" src=\"https:\/\/graziamagazine.com\/mx\/wp-content\/uploads\/sites\/13\/2024\/06\/b612_tempphoto_edit_share_20240207_161601_192-e1946138107c13f7f617073376078255-1024-1024-360x450.jpg\" alt=\"\" width=\"360\" height=\"450\" srcset=\"https:\/\/graziamagazine.com\/mx\/wp-content\/uploads\/sites\/13\/2024\/06\/b612_tempphoto_edit_share_20240207_161601_192-e1946138107c13f7f617073376078255-1024-1024-360x450.jpg 360w, https:\/\/graziamagazine.com\/mx\/wp-content\/uploads\/sites\/13\/2024\/06\/b612_tempphoto_edit_share_20240207_161601_192-e1946138107c13f7f617073376078255-1024-1024-819x1024.jpg 819w, https:\/\/graziamagazine.com\/mx\/wp-content\/uploads\/sites\/13\/2024\/06\/b612_tempphoto_edit_share_20240207_161601_192-e1946138107c13f7f617073376078255-1024-1024-768x960.jpg 768w, https:\/\/graziamagazine.com\/mx\/wp-content\/uploads\/sites\/13\/2024\/06\/b612_tempphoto_edit_share_20240207_161601_192-e1946138107c13f7f617073376078255-1024-1024-400x500.jpg 400w, https:\/\/graziamagazine.com\/mx\/wp-content\/uploads\/sites\/13\/2024\/06\/b612_tempphoto_edit_share_20240207_161601_192-e1946138107c13f7f617073376078255-1024-1024-155x194.jpg 155w, https:\/\/graziamagazine.com\/mx\/wp-content\/uploads\/sites\/13\/2024\/06\/b612_tempphoto_edit_share_20240207_161601_192-e1946138107c13f7f617073376078255-1024-1024.jpg 1024w\" sizes=\"(max-width: 360px) 100vw, 360px\" \/><\/p>\n<p><strong>Sandalias con tira trasera<\/strong><\/p>\n<p><span style=\"font-weight: 400\">Los tacones con tira trasera nunca pasar\u00e1n de moda, pero esta temporada estamos viendo m\u00e1s sandalias con tira trasera que en a\u00f1os anteriores. Vistas tanto en celebridades como en personas influyentes, una sandalia destalonada agrega un toque de glamour a un look sencillo.<\/span><\/p>\n<p><img loading=\"lazy\" decoding=\"async\" class=\"alignnone size-medium wp-image-138433\" src=\"https:\/\/graziamagazine.com\/mx\/wp-content\/uploads\/sites\/13\/2024\/06\/51UE0mfVTVL._AC_UY900_-450x191.jpg\" alt=\"\" width=\"450\" height=\"191\" srcset=\"https:\/\/graziamagazine.com\/mx\/wp-content\/uploads\/sites\/13\/2024\/06\/51UE0mfVTVL._AC_UY900_-450x191.jpg 450w, https:\/\/graziamagazine.com\/mx\/wp-content\/uploads\/sites\/13\/2024\/06\/51UE0mfVTVL._AC_UY900_-1024x434.jpg 1024w, https:\/\/graziamagazine.com\/mx\/wp-content\/uploads\/sites\/13\/2024\/06\/51UE0mfVTVL._AC_UY900_-768x326.jpg 768w, https:\/\/graziamagazine.com\/mx\/wp-content\/uploads\/sites\/13\/2024\/06\/51UE0mfVTVL._AC_UY900_-1536x651.jpg 1536w, https:\/\/graziamagazine.com\/mx\/wp-content\/uploads\/sites\/13\/2024\/06\/51UE0mfVTVL._AC_UY900_-2048x869.jpg 2048w, https:\/\/graziamagazine.com\/mx\/wp-content\/uploads\/sites\/13\/2024\/06\/51UE0mfVTVL._AC_UY900_-400x170.jpg 400w, https:\/\/graziamagazine.com\/mx\/wp-content\/uploads\/sites\/13\/2024\/06\/51UE0mfVTVL._AC_UY900_-155x66.jpg 155w\" sizes=\"(max-width: 450px) 100vw, 450px\" \/><\/p>\n<p><strong>Mary Janes<\/strong><\/p>\n<p><span style=\"font-weight: 400\">Las Mary Janes existen desde hace mucho tiempo, pero su resurgimiento actual es lo suficientemente fuerte como para ganarles un lugar en esta lista de tendencias. El estilo es f\u00e1cil de vestir de manera elegante o informal, y las marcas m\u00e1s famosas lo han estado reinventando para 2024 con texturas, colores y siluetas actualizadas.<\/span><\/p>\n<p>&nbsp;<\/p>\n<p><strong>Tenis<\/strong><\/p>\n<p><span style=\"font-weight: 400\">Los tenis est\u00e1n en todas partes logrando que los nuevos dise\u00f1os deportivos aporten elegancia y versatilidad a un zapato cl\u00e1sico. Un estilo elegante y algo retro es ideal tanto dentro como fuera de la cancha, as\u00ed que mantente a la moda combinando un impecable par de tenis blancos con un conjunto monocrom\u00e1tico de blazer y pantal\u00f3n.<\/span><\/p>\n<p><img loading=\"lazy\" decoding=\"async\" class=\"alignnone size-medium wp-image-138436\" src=\"https:\/\/graziamagazine.com\/mx\/wp-content\/uploads\/sites\/13\/2024\/06\/670f53b3313774f1eeadcb729f080068-450x450.jpg\" alt=\"\" width=\"450\" height=\"450\" srcset=\"https:\/\/graziamagazine.com\/mx\/wp-content\/uploads\/sites\/13\/2024\/06\/670f53b3313774f1eeadcb729f080068-450x450.jpg 450w, https:\/\/graziamagazine.com\/mx\/wp-content\/uploads\/sites\/13\/2024\/06\/670f53b3313774f1eeadcb729f080068-150x150.jpg 150w, https:\/\/graziamagazine.com\/mx\/wp-content\/uploads\/sites\/13\/2024\/06\/670f53b3313774f1eeadcb729f080068-400x400.jpg 400w, https:\/\/graziamagazine.com\/mx\/wp-content\/uploads\/sites\/13\/2024\/06\/670f53b3313774f1eeadcb729f080068-155x155.jpg 155w, https:\/\/graziamagazine.com\/mx\/wp-content\/uploads\/sites\/13\/2024\/06\/670f53b3313774f1eeadcb729f080068.jpg 736w\" sizes=\"(max-width: 450px) 100vw, 450px\" \/><\/p>\n<p><strong>Sandalias con anillos<\/strong><\/p>\n<p><span style=\"font-weight: 400\">Dejando de lado las tobilleras, hemos encontrado un nuevo accesorio favorito del verano: las sandalias con anillos. Esta elegante tendencia presenta tonos de herrajes dorados y plateados que pueden vestir incluso los looks m\u00e1s simples. Combina estas sandalias con tus pantalones cortos de lino favoritos o comb\u00ednalas con un vestido de verano para lograr un look veraniego por excelencia.<\/span><\/p>\n<p><img loading=\"lazy\" decoding=\"async\" class=\"alignnone size-medium wp-image-138435\" src=\"https:\/\/graziamagazine.com\/mx\/wp-content\/uploads\/sites\/13\/2024\/06\/0cf3a820d70ac69f1c0ecd2ec3041e70-253x450.jpg\" alt=\"\" width=\"253\" height=\"450\" srcset=\"https:\/\/graziamagazine.com\/mx\/wp-content\/uploads\/sites\/13\/2024\/06\/0cf3a820d70ac69f1c0ecd2ec3041e70-253x450.jpg 253w, https:\/\/graziamagazine.com\/mx\/wp-content\/uploads\/sites\/13\/2024\/06\/0cf3a820d70ac69f1c0ecd2ec3041e70-400x711.jpg 400w, https:\/\/graziamagazine.com\/mx\/wp-content\/uploads\/sites\/13\/2024\/06\/0cf3a820d70ac69f1c0ecd2ec3041e70-121x215.jpg 121w, https:\/\/graziamagazine.com\/mx\/wp-content\/uploads\/sites\/13\/2024\/06\/0cf3a820d70ac69f1c0ecd2ec3041e70.jpg 501w\" sizes=\"(max-width: 253px) 100vw, 253px\" \/><\/p>\n","protected":false},"author":11628,"featured_media":138438,"template":"","format":"standard","categories":[4],"acf":[],"yoast_head":"<!-- This site is optimized with the Yoast SEO Premium plugin v18.5 (Yoast SEO v20.4) - https:\/\/yoast.com\/wordpress\/plugins\/seo\/ -->\n<title>Tendencias: La guia definitiva de calzado para el verano 2024 | Grazia M\u00e9xico y Latinoam\u00e9rica<\/title>\n<meta name=\"description\" content=\"Como se ha visto en cada pasarela de la temporada, las tendencias de calzado de este verano no se tratan de reinventar la rueda, sino de jugar y mezclar\" \/>\n<meta name=\"robots\" content=\"index, follow, max-snippet:-1, max-image-preview:large, max-video-preview:-1\" \/>\n<link rel=\"canonical\" href=\"https:\/\/graziamagazine.com\/mx\/articles\/tendencias-la-guia-definitiva-de-calzado-para-el-verano-2024\/\" \/>\n<meta property=\"og:locale\" content=\"es_MX\" \/>\n<meta property=\"og:type\" content=\"article\" \/>\n<meta property=\"og:title\" content=\"Tendencias: La guia definitiva de calzado para el verano 2024\" \/>\n<meta property=\"og:description\" content=\"Como se ha visto en cada pasarela de la temporada, las tendencias de calzado de este verano no se tratan de reinventar la rueda, sino de jugar y mezclar\" \/>\n<meta property=\"og:url\" content=\"https:\/\/graziamagazine.com\/mx\/articles\/tendencias-la-guia-definitiva-de-calzado-para-el-verano-2024\/\" \/>\n<meta property=\"og:site_name\" content=\"Grazia M\u00e9xico y Latinoam\u00e9rica\" \/>\n<meta property=\"article:modified_time\" content=\"2024-06-24T20:32:07+00:00\" \/>\n<meta property=\"og:image\" content=\"https:\/\/graziamagazine.com\/mx\/wp-content\/uploads\/sites\/13\/2024\/06\/LOQ-Pau-2-landscape-cropped.jpg\" \/>\n\t<meta property=\"og:image:width\" content=\"636\" \/>\n\t<meta property=\"og:image:height\" content=\"480\" \/>\n\t<meta property=\"og:image:type\" content=\"image\/jpeg\" \/>\n<meta name=\"twitter:card\" content=\"summary_large_image\" \/>\n<meta name=\"twitter:label1\" content=\"Est. reading time\" \/>\n\t<meta name=\"twitter:data1\" content=\"4 minutos\" \/>\n<script type=\"application\/ld+json\" class=\"yoast-schema-graph\">{\"@context\":\"https:\/\/schema.org\",\"@graph\":[{\"@type\":\"WebPage\",\"@id\":\"https:\/\/graziamagazine.com\/mx\/articles\/tendencias-la-guia-definitiva-de-calzado-para-el-verano-2024\/\",\"url\":\"https:\/\/graziamagazine.com\/mx\/articles\/tendencias-la-guia-definitiva-de-calzado-para-el-verano-2024\/\",\"name\":\"Tendencias: La guia definitiva de calzado para el verano 2024 | Grazia M\u00e9xico y Latinoam\u00e9rica\",\"isPartOf\":{\"@id\":\"https:\/\/graziamagazine.com\/mx\/#website\"},\"datePublished\":\"2024-06-25T15:00:56+00:00\",\"dateModified\":\"2024-06-24T20:32:07+00:00\",\"description\":\"Como se ha visto en cada pasarela de la temporada, las tendencias de calzado de este verano no se tratan de reinventar la rueda, sino de jugar y mezclar\",\"breadcrumb\":{\"@id\":\"https:\/\/graziamagazine.com\/mx\/articles\/tendencias-la-guia-definitiva-de-calzado-para-el-verano-2024\/#breadcrumb\"},\"inLanguage\":\"es-MX\",\"potentialAction\":[{\"@type\":\"ReadAction\",\"target\":[\"https:\/\/graziamagazine.com\/mx\/articles\/tendencias-la-guia-definitiva-de-calzado-para-el-verano-2024\/\"]}]},{\"@type\":\"BreadcrumbList\",\"@id\":\"https:\/\/graziamagazine.com\/mx\/articles\/tendencias-la-guia-definitiva-de-calzado-para-el-verano-2024\/#breadcrumb\",\"itemListElement\":[{\"@type\":\"ListItem\",\"position\":1,\"name\":\"Home\",\"item\":\"https:\/\/graziamagazine.com\/mx\/\"},{\"@type\":\"ListItem\",\"position\":2,\"name\":\"Tendencias: La guia definitiva de calzado para el verano 2024\"}]},{\"@type\":\"WebSite\",\"@id\":\"https:\/\/graziamagazine.com\/mx\/#website\",\"url\":\"https:\/\/graziamagazine.com\/mx\/\",\"name\":\"Grazia M\u00e9xico y Latinoam\u00e9rica\",\"description\":\"Grazia es moda, belleza y noticias  de actualidad \",\"potentialAction\":[{\"@type\":\"SearchAction\",\"target\":{\"@type\":\"EntryPoint\",\"urlTemplate\":\"https:\/\/graziamagazine.com\/mx\/?s={search_term_string}\"},\"query-input\":\"required name=search_term_string\"}],\"inLanguage\":\"es-MX\"}]}<\/script>\n<!-- \/ Yoast SEO Premium plugin. -->","yoast_head_json":{"title":"Tendencias: La guia definitiva de calzado para el verano 2024 | Grazia M\u00e9xico y Latinoam\u00e9rica","description":"Como se ha visto en cada pasarela de la temporada, las tendencias de calzado de este verano no se tratan de reinventar la rueda, sino de jugar y mezclar","robots":{"index":"index","follow":"follow","max-snippet":"max-snippet:-1","max-image-preview":"max-image-preview:large","max-video-preview":"max-video-preview:-1"},"canonical":"https:\/\/graziamagazine.com\/mx\/articles\/tendencias-la-guia-definitiva-de-calzado-para-el-verano-2024\/","og_locale":"es_MX","og_type":"article","og_title":"Tendencias: La guia definitiva de calzado para el verano 2024","og_description":"Como se ha visto en cada pasarela de la temporada, las tendencias de calzado de este verano no se tratan de reinventar la rueda, sino de jugar y mezclar","og_url":"https:\/\/graziamagazine.com\/mx\/articles\/tendencias-la-guia-definitiva-de-calzado-para-el-verano-2024\/","og_site_name":"Grazia M\u00e9xico y Latinoam\u00e9rica","article_modified_time":"2024-06-24T20:32:07+00:00","og_image":[{"width":636,"height":480,"url":"https:\/\/graziamagazine.com\/mx\/wp-content\/uploads\/sites\/13\/2024\/06\/LOQ-Pau-2-landscape-cropped.jpg","type":"image\/jpeg"}],"twitter_card":"summary_large_image","twitter_misc":{"Est. reading time":"4 minutos"},"schema":{"@context":"https:\/\/schema.org","@graph":[{"@type":"WebPage","@id":"https:\/\/graziamagazine.com\/mx\/articles\/tendencias-la-guia-definitiva-de-calzado-para-el-verano-2024\/","url":"https:\/\/graziamagazine.com\/mx\/articles\/tendencias-la-guia-definitiva-de-calzado-para-el-verano-2024\/","name":"Tendencias: La guia definitiva de calzado para el verano 2024 | Grazia M\u00e9xico y Latinoam\u00e9rica","isPartOf":{"@id":"https:\/\/graziamagazine.com\/mx\/#website"},"datePublished":"2024-06-25T15:00:56+00:00","dateModified":"2024-06-24T20:32:07+00:00","description":"Como se ha visto en cada pasarela de la temporada, las tendencias de calzado de este verano no se tratan de reinventar la rueda, sino de jugar y mezclar","breadcrumb":{"@id":"https:\/\/graziamagazine.com\/mx\/articles\/tendencias-la-guia-definitiva-de-calzado-para-el-verano-2024\/#breadcrumb"},"inLanguage":"es-MX","potentialAction":[{"@type":"ReadAction","target":["https:\/\/graziamagazine.com\/mx\/articles\/tendencias-la-guia-definitiva-de-calzado-para-el-verano-2024\/"]}]},{"@type":"BreadcrumbList","@id":"https:\/\/graziamagazine.com\/mx\/articles\/tendencias-la-guia-definitiva-de-calzado-para-el-verano-2024\/#breadcrumb","itemListElement":[{"@type":"ListItem","position":1,"name":"Home","item":"https:\/\/graziamagazine.com\/mx\/"},{"@type":"ListItem","position":2,"name":"Tendencias: La guia definitiva de calzado para el verano 2024"}]},{"@type":"WebSite","@id":"https:\/\/graziamagazine.com\/mx\/#website","url":"https:\/\/graziamagazine.com\/mx\/","name":"Grazia M\u00e9xico y Latinoam\u00e9rica","description":"Grazia es moda, belleza y noticias  de actualidad ","potentialAction":[{"@type":"SearchAction","target":{"@type":"EntryPoint","urlTemplate":"https:\/\/graziamagazine.com\/mx\/?s={search_term_string}"},"query-input":"required name=search_term_string"}],"inLanguage":"es-MX"}]}},"jetpack_sharing_enabled":true,"distributor_meta":false,"distributor_terms":false,"distributor_media":false,"distributor_original_site_name":"Grazia M\u00e9xico y Latinoam\u00e9rica","distributor_original_site_url":"https:\/\/graziamagazine.com\/mx","push-errors":false,"_links":{"self":[{"href":"https:\/\/graziamagazine.com\/mx\/wp-json\/wp\/v2\/articles\/138429"}],"collection":[{"href":"https:\/\/graziamagazine.com\/mx\/wp-json\/wp\/v2\/articles"}],"about":[{"href":"https:\/\/graziamagazine.com\/mx\/wp-json\/wp\/v2\/types\/articles"}],"author":[{"embeddable":true,"href":"https:\/\/graziamagazine.com\/mx\/wp-json\/wp\/v2\/users\/11628"}],"wp:featuredmedia":[{"embeddable":true,"href":"https:\/\/graziamagazine.com\/mx\/wp-json\/wp\/v2\/media\/138438"}],"wp:attachment":[{"href":"https:\/\/graziamagazine.com\/mx\/wp-json\/wp\/v2\/media?parent=138429"}],"wp:term":[{"taxonomy":"category","embeddable":true,"href":"https:\/\/graziamagazine.com\/mx\/wp-json\/wp\/v2\/categories?post=138429"}],"curies":[{"name":"wp","href":"https:\/\/api.w.org\/{rel}","templated":true}]}}