{"id":138427,"date":"2024-06-24T13:19:23","date_gmt":"2024-06-24T18:19:23","guid":{"rendered":"https:\/\/graziamagazine.com\/mx\/?post_type=articles&#038;p=138427"},"modified":"2024-06-24T13:22:58","modified_gmt":"2024-06-24T18:22:58","slug":"disney-anuncia-que-freaky-friday-2-con-lindsay-lohan-y-jamie-lee-curtis-esta-en-proceso","status":"publish","type":"articles","link":"https:\/\/graziamagazine.com\/mx\/articles\/disney-anuncia-que-freaky-friday-2-con-lindsay-lohan-y-jamie-lee-curtis-esta-en-proceso\/","title":{"rendered":"Disney anuncia que \u2018Freaky Friday 2\u2019, con Lindsay Lohan y Jamie Lee Curtis, est\u00e1 en proceso"},"content":{"rendered":"<p><span style=\"font-weight: 400\">Despu\u00e9s de a\u00f1os de s\u00faplicas por parte de los fans, finalmente se ha confirmado la producci\u00f3n de la secuela de <em><strong>Freaky Friday<\/strong><\/em>, protagonizada por<strong> Jamie Lee Curtis y Lindsay Lohan.<\/strong> <strong>Disney<\/strong> inform\u00f3 que la cinta <\/span><span style=\"font-weight: 400\">\u00a1<\/span><span style=\"font-weight: 400\">est\u00e1 oficialmente en el horno!<\/span><\/p>\n<p><span style=\"font-weight: 400\">Fue con un video en el que se ve a las actrices tomarse de la mano, que Walt Disney Studios confirm\u00f3 la tan esperada producci\u00f3n.<\/span><\/p>\n<p><span style=\"font-weight: 400\">Se trata del <em>reboot<\/em> de la pel\u00edcula de 1976 protagonizada por<strong> Jodie Foster y Barbara Harris<\/strong>, que despu\u00e9s Lindsay y Jamie interpretaron en 2003 y ahora sabemos que el nuevo proyecto se lanzar\u00e1 en <strong>2025.<\/strong><\/span><\/p>\n<p><span style=\"font-weight: 400\">&#8220;\u00a1Los Coleman est\u00e1n de regreso y llegar\u00e1n a los cines en 2025! \u00a1La secuela de<em> Freaky Friday<\/em> ya est\u00e1 en producci\u00f3n!&#8221;, escribi\u00f3 Disney junto al video de TiKTok en el que se puede ver una sesi\u00f3n de fotos de las actrices.<\/span><\/p>\n<blockquote class=\"tiktok-embed\" cite=\"https:\/\/www.tiktok.com\/@disneystudios\/video\/7384096152272031018\" data-video-id=\"7384096152272031018\" data-embed-from=\"oembed\" style=\"max-width:605px; min-width:325px;\">\n<section> <a href=\"https:\/\/www.tiktok.com\/@disneystudios?refer=embed\"target=\"_blank\" title=\"@disneystudios\"  target=\"_blank\">@disneystudios<\/a> <\/p>\n<p>The band\u2019s back together and coming to theaters in 2025 \ud83e\udd18. The sequel to Freaky Friday is now in production!<\/p>\n<p> <a href=\"https:\/\/www.tiktok.com\/music\/original-sound-7384096167782730542?refer=embed\"target=\"_blank\" title=\"\u266c original sound - Disney Studios\"  target=\"_blank\">\u266c original sound &#8211; Disney Studios<\/a> <\/section>\n<\/blockquote>\n<p> <script async src=\"https:\/\/www.tiktok.com\/embed.js\"><\/script><\/p>\n<p><span style=\"font-weight: 400\">Disney comparti\u00f3 que la nueva pel\u00edcula &#8220;retoma a\u00f1os despu\u00e9s de que Tess (Curtis) y Anna (Lohan) soportaran una crisis de identidad. Anna ahora tiene una hija propia y una futura hijastra. Mientras navegan por los innumerables desaf\u00edos que se avecinan, Cuando dos familias se fusionan, Tess y Anna descubren que un rayo puede caer dos veces&#8221;.\u00a0<\/span><\/p>\n<p><span style=\"font-weight: 400\">Adem\u00e1s de Lindsay Lohan y Jamie Lee Curtis, otros actores que regresan al reboot incluyen a<strong> Mark Harmon, Chad Michael Murray, Christina Vidal Mitchell, Haley Hudson, Lucille Soong, Stephen Tobolowsky y Rosalind Chao.\u00a0<\/strong><\/span><\/p>\n<p><span style=\"font-weight: 400\">Los reci\u00e9n llegados incluyen a<strong> Julia Butters, Sophia Hammons, Manny Jacinto y Maitreyi Ramakrishnan y ser\u00e1n dirigidos por Nisha Ganatra.<\/strong><\/span><\/p>\n<p><span style=\"font-weight: 400\">\u00a1<\/span><span style=\"font-weight: 400\">No podr\u00edamos estar m\u00e1s emocionadas!<\/span><\/p>\n","protected":false},"author":11628,"featured_media":138428,"template":"","format":"standard","categories":[12832],"acf":[],"yoast_head":"<!-- This site is optimized with the Yoast SEO Premium plugin v18.5 (Yoast SEO v20.4) - https:\/\/yoast.com\/wordpress\/plugins\/seo\/ -->\n<title>Disney anuncia que \u2018Freaky Friday 2\u2019, con Lindsay Lohan y Jamie Lee Curtis, est\u00e1 en proceso | Grazia M\u00e9xico y Latinoam\u00e9rica<\/title>\n<meta name=\"description\" content=\"Despu\u00e9s de a\u00f1os de s\u00faplicas por parte de los fans, finalmente se ha confirmado la producci\u00f3n de la secuela de Freaky Friday, protagonizada por Jamie Lee\" \/>\n<meta name=\"robots\" content=\"index, follow, max-snippet:-1, max-image-preview:large, max-video-preview:-1\" \/>\n<link rel=\"canonical\" href=\"https:\/\/graziamagazine.com\/mx\/articles\/disney-anuncia-que-freaky-friday-2-con-lindsay-lohan-y-jamie-lee-curtis-esta-en-proceso\/\" \/>\n<meta property=\"og:locale\" content=\"es_MX\" \/>\n<meta property=\"og:type\" content=\"article\" \/>\n<meta property=\"og:title\" content=\"Disney anuncia que \u2018Freaky Friday 2\u2019, con Lindsay Lohan y Jamie Lee Curtis, est\u00e1 en proceso\" \/>\n<meta property=\"og:description\" content=\"Despu\u00e9s de a\u00f1os de s\u00faplicas por parte de los fans, finalmente se ha confirmado la producci\u00f3n de la secuela de Freaky Friday, protagonizada por Jamie Lee\" \/>\n<meta property=\"og:url\" content=\"https:\/\/graziamagazine.com\/mx\/articles\/disney-anuncia-que-freaky-friday-2-con-lindsay-lohan-y-jamie-lee-curtis-esta-en-proceso\/\" \/>\n<meta property=\"og:site_name\" content=\"Grazia M\u00e9xico y Latinoam\u00e9rica\" \/>\n<meta property=\"article:modified_time\" content=\"2024-06-24T18:22:58+00:00\" \/>\n<meta property=\"og:image\" content=\"https:\/\/graziamagazine.com\/mx\/wp-content\/uploads\/sites\/13\/2024\/06\/gettyimages-2369131-645d1079b3128-scaled.jpg\" \/>\n\t<meta property=\"og:image:width\" content=\"2560\" \/>\n\t<meta property=\"og:image:height\" content=\"1916\" \/>\n\t<meta property=\"og:image:type\" content=\"image\/jpeg\" \/>\n<meta name=\"twitter:card\" content=\"summary_large_image\" \/>\n<meta name=\"twitter:label1\" content=\"Est. reading time\" \/>\n\t<meta name=\"twitter:data1\" content=\"2 minutos\" \/>\n<script type=\"application\/ld+json\" class=\"yoast-schema-graph\">{\"@context\":\"https:\/\/schema.org\",\"@graph\":[{\"@type\":\"WebPage\",\"@id\":\"https:\/\/graziamagazine.com\/mx\/articles\/disney-anuncia-que-freaky-friday-2-con-lindsay-lohan-y-jamie-lee-curtis-esta-en-proceso\/\",\"url\":\"https:\/\/graziamagazine.com\/mx\/articles\/disney-anuncia-que-freaky-friday-2-con-lindsay-lohan-y-jamie-lee-curtis-esta-en-proceso\/\",\"name\":\"Disney anuncia que \u2018Freaky Friday 2\u2019, con Lindsay Lohan y Jamie Lee Curtis, est\u00e1 en proceso | Grazia M\u00e9xico y Latinoam\u00e9rica\",\"isPartOf\":{\"@id\":\"https:\/\/graziamagazine.com\/mx\/#website\"},\"datePublished\":\"2024-06-24T18:19:23+00:00\",\"dateModified\":\"2024-06-24T18:22:58+00:00\",\"description\":\"Despu\u00e9s de a\u00f1os de s\u00faplicas por parte de los fans, finalmente se ha confirmado la producci\u00f3n de la secuela de Freaky Friday, protagonizada por Jamie Lee\",\"breadcrumb\":{\"@id\":\"https:\/\/graziamagazine.com\/mx\/articles\/disney-anuncia-que-freaky-friday-2-con-lindsay-lohan-y-jamie-lee-curtis-esta-en-proceso\/#breadcrumb\"},\"inLanguage\":\"es-MX\",\"potentialAction\":[{\"@type\":\"ReadAction\",\"target\":[\"https:\/\/graziamagazine.com\/mx\/articles\/disney-anuncia-que-freaky-friday-2-con-lindsay-lohan-y-jamie-lee-curtis-esta-en-proceso\/\"]}]},{\"@type\":\"BreadcrumbList\",\"@id\":\"https:\/\/graziamagazine.com\/mx\/articles\/disney-anuncia-que-freaky-friday-2-con-lindsay-lohan-y-jamie-lee-curtis-esta-en-proceso\/#breadcrumb\",\"itemListElement\":[{\"@type\":\"ListItem\",\"position\":1,\"name\":\"Home\",\"item\":\"https:\/\/graziamagazine.com\/mx\/\"},{\"@type\":\"ListItem\",\"position\":2,\"name\":\"Disney anuncia que \u2018Freaky Friday 2\u2019, con Lindsay Lohan y Jamie Lee Curtis, est\u00e1 en proceso\"}]},{\"@type\":\"WebSite\",\"@id\":\"https:\/\/graziamagazine.com\/mx\/#website\",\"url\":\"https:\/\/graziamagazine.com\/mx\/\",\"name\":\"Grazia M\u00e9xico y Latinoam\u00e9rica\",\"description\":\"Grazia es moda, belleza y noticias  de actualidad \",\"potentialAction\":[{\"@type\":\"SearchAction\",\"target\":{\"@type\":\"EntryPoint\",\"urlTemplate\":\"https:\/\/graziamagazine.com\/mx\/?s={search_term_string}\"},\"query-input\":\"required name=search_term_string\"}],\"inLanguage\":\"es-MX\"}]}<\/script>\n<!-- \/ Yoast SEO Premium plugin. -->","yoast_head_json":{"title":"Disney anuncia que \u2018Freaky Friday 2\u2019, con Lindsay Lohan y Jamie Lee Curtis, est\u00e1 en proceso | Grazia M\u00e9xico y Latinoam\u00e9rica","description":"Despu\u00e9s de a\u00f1os de s\u00faplicas por parte de los fans, finalmente se ha confirmado la producci\u00f3n de la secuela de Freaky Friday, protagonizada por Jamie Lee","robots":{"index":"index","follow":"follow","max-snippet":"max-snippet:-1","max-image-preview":"max-image-preview:large","max-video-preview":"max-video-preview:-1"},"canonical":"https:\/\/graziamagazine.com\/mx\/articles\/disney-anuncia-que-freaky-friday-2-con-lindsay-lohan-y-jamie-lee-curtis-esta-en-proceso\/","og_locale":"es_MX","og_type":"article","og_title":"Disney anuncia que \u2018Freaky Friday 2\u2019, con Lindsay Lohan y Jamie Lee Curtis, est\u00e1 en proceso","og_description":"Despu\u00e9s de a\u00f1os de s\u00faplicas por parte de los fans, finalmente se ha confirmado la producci\u00f3n de la secuela de Freaky Friday, protagonizada por Jamie Lee","og_url":"https:\/\/graziamagazine.com\/mx\/articles\/disney-anuncia-que-freaky-friday-2-con-lindsay-lohan-y-jamie-lee-curtis-esta-en-proceso\/","og_site_name":"Grazia M\u00e9xico y Latinoam\u00e9rica","article_modified_time":"2024-06-24T18:22:58+00:00","og_image":[{"width":2560,"height":1916,"url":"https:\/\/graziamagazine.com\/mx\/wp-content\/uploads\/sites\/13\/2024\/06\/gettyimages-2369131-645d1079b3128-scaled.jpg","type":"image\/jpeg"}],"twitter_card":"summary_large_image","twitter_misc":{"Est. reading time":"2 minutos"},"schema":{"@context":"https:\/\/schema.org","@graph":[{"@type":"WebPage","@id":"https:\/\/graziamagazine.com\/mx\/articles\/disney-anuncia-que-freaky-friday-2-con-lindsay-lohan-y-jamie-lee-curtis-esta-en-proceso\/","url":"https:\/\/graziamagazine.com\/mx\/articles\/disney-anuncia-que-freaky-friday-2-con-lindsay-lohan-y-jamie-lee-curtis-esta-en-proceso\/","name":"Disney anuncia que \u2018Freaky Friday 2\u2019, con Lindsay Lohan y Jamie Lee Curtis, est\u00e1 en proceso | Grazia M\u00e9xico y Latinoam\u00e9rica","isPartOf":{"@id":"https:\/\/graziamagazine.com\/mx\/#website"},"datePublished":"2024-06-24T18:19:23+00:00","dateModified":"2024-06-24T18:22:58+00:00","description":"Despu\u00e9s de a\u00f1os de s\u00faplicas por parte de los fans, finalmente se ha confirmado la producci\u00f3n de la secuela de Freaky Friday, protagonizada por Jamie Lee","breadcrumb":{"@id":"https:\/\/graziamagazine.com\/mx\/articles\/disney-anuncia-que-freaky-friday-2-con-lindsay-lohan-y-jamie-lee-curtis-esta-en-proceso\/#breadcrumb"},"inLanguage":"es-MX","potentialAction":[{"@type":"ReadAction","target":["https:\/\/graziamagazine.com\/mx\/articles\/disney-anuncia-que-freaky-friday-2-con-lindsay-lohan-y-jamie-lee-curtis-esta-en-proceso\/"]}]},{"@type":"BreadcrumbList","@id":"https:\/\/graziamagazine.com\/mx\/articles\/disney-anuncia-que-freaky-friday-2-con-lindsay-lohan-y-jamie-lee-curtis-esta-en-proceso\/#breadcrumb","itemListElement":[{"@type":"ListItem","position":1,"name":"Home","item":"https:\/\/graziamagazine.com\/mx\/"},{"@type":"ListItem","position":2,"name":"Disney anuncia que \u2018Freaky Friday 2\u2019, con Lindsay Lohan y Jamie Lee Curtis, est\u00e1 en proceso"}]},{"@type":"WebSite","@id":"https:\/\/graziamagazine.com\/mx\/#website","url":"https:\/\/graziamagazine.com\/mx\/","name":"Grazia M\u00e9xico y Latinoam\u00e9rica","description":"Grazia es moda, belleza y noticias  de actualidad ","potentialAction":[{"@type":"SearchAction","target":{"@type":"EntryPoint","urlTemplate":"https:\/\/graziamagazine.com\/mx\/?s={search_term_string}"},"query-input":"required name=search_term_string"}],"inLanguage":"es-MX"}]}},"jetpack_sharing_enabled":true,"distributor_meta":false,"distributor_terms":false,"distributor_media":false,"distributor_original_site_name":"Grazia M\u00e9xico y Latinoam\u00e9rica","distributor_original_site_url":"https:\/\/graziamagazine.com\/mx","push-errors":false,"_links":{"self":[{"href":"https:\/\/graziamagazine.com\/mx\/wp-json\/wp\/v2\/articles\/138427"}],"collection":[{"href":"https:\/\/graziamagazine.com\/mx\/wp-json\/wp\/v2\/articles"}],"about":[{"href":"https:\/\/graziamagazine.com\/mx\/wp-json\/wp\/v2\/types\/articles"}],"author":[{"embeddable":true,"href":"https:\/\/graziamagazine.com\/mx\/wp-json\/wp\/v2\/users\/11628"}],"wp:featuredmedia":[{"embeddable":true,"href":"https:\/\/graziamagazine.com\/mx\/wp-json\/wp\/v2\/media\/138428"}],"wp:attachment":[{"href":"https:\/\/graziamagazine.com\/mx\/wp-json\/wp\/v2\/media?parent=138427"}],"wp:term":[{"taxonomy":"category","embeddable":true,"href":"https:\/\/graziamagazine.com\/mx\/wp-json\/wp\/v2\/categories?post=138427"}],"curies":[{"name":"wp","href":"https:\/\/api.w.org\/{rel}","templated":true}]}}