{"id":138255,"date":"2024-06-19T13:54:13","date_gmt":"2024-06-19T18:54:13","guid":{"rendered":"https:\/\/graziamagazine.com\/mx\/?post_type=articles&#038;p=138255"},"modified":"2024-06-19T13:58:00","modified_gmt":"2024-06-19T18:58:00","slug":"rihanna-es-la-nueva-imagen-del-iconico-perfume-jadore-de-dior","status":"publish","type":"articles","link":"https:\/\/graziamagazine.com\/mx\/articles\/rihanna-es-la-nueva-imagen-del-iconico-perfume-jadore-de-dior\/","title":{"rendered":"Rihanna es la nueva imagen del ic\u00f3nico perfume J&#8217;adore de Dior"},"content":{"rendered":"<p><span style=\"font-weight: 400\">La era de <strong>Rihanna<\/strong> como reina de la belleza apenas comienza. Despu\u00e9s del lanzamiento de <strong>Fenty Hair<\/strong> la semana pasada, adem\u00e1s de sus exitosas marcas <strong>Fenty Skin y Beauty,<\/strong> la cantante asume ahora el rol de representar a la ic\u00f3nica fragancia<strong> J&#8217;adore de Dior.<\/strong><\/span><\/p>\n<p><span style=\"font-weight: 400\">&#8220;La fragancia que he conocido y amado durante tanto tiempo significa mucho para las mujeres&#8221;, dijo la empresaria en un comunicado de marca. &#8220;Estoy especialmente ansiosa por unirme a esta aventura y contribuir a ella a trav\u00e9s de mi mundo, mi historia, mis ra\u00edces, as\u00ed como mi creatividad y mi propia feminidad\u201d.<\/span><\/p>\n<p><span style=\"font-weight: 400\">La nueva campa\u00f1a protagonizada por Rihanna, fotografiada por <strong>Steven Klein<\/strong>, debutar\u00e1 el pr\u00f3ximo 1 de septiembre.<\/span><\/p>\n<p><img loading=\"lazy\" decoding=\"async\" class=\"alignnone size-medium wp-image-138256\" src=\"https:\/\/graziamagazine.com\/mx\/wp-content\/uploads\/sites\/13\/2024\/06\/Captura-de-Pantalla-2024-06-19-a-las-12.40.54-432x450.png\" alt=\"\" width=\"432\" height=\"450\" srcset=\"https:\/\/graziamagazine.com\/mx\/wp-content\/uploads\/sites\/13\/2024\/06\/Captura-de-Pantalla-2024-06-19-a-las-12.40.54-432x450.png 432w, https:\/\/graziamagazine.com\/mx\/wp-content\/uploads\/sites\/13\/2024\/06\/Captura-de-Pantalla-2024-06-19-a-las-12.40.54-400x417.png 400w, https:\/\/graziamagazine.com\/mx\/wp-content\/uploads\/sites\/13\/2024\/06\/Captura-de-Pantalla-2024-06-19-a-las-12.40.54-155x161.png 155w, https:\/\/graziamagazine.com\/mx\/wp-content\/uploads\/sites\/13\/2024\/06\/Captura-de-Pantalla-2024-06-19-a-las-12.40.54.png 598w\" sizes=\"(max-width: 432px) 100vw, 432px\" \/><\/p>\n<p><span style=\"font-weight: 400\"><strong>Charlize Theron<\/strong>, cuyos comerciales y otros anuncios de la fragancia abarcan dos d\u00e9cadas, permanecer\u00e1 en la familia Dior, pero ahora como embajadora de joyer\u00eda y cuidado de la piel de la casa de moda francesa.\u00a0<\/span><\/p>\n<p><span style=\"font-weight: 400\">Lanzado por primera vez en 1999, J&#8217;adore ha generado varias versiones, incluida una versi\u00f3n sin alcohol llamada <strong>J&#8217;adore Parfum d&#8217;eau y J&#8217;adore l&#8217;Or<\/strong>, una versi\u00f3n reinventada por <strong>Francis Kurkdjian<\/strong>, director creativo de <\/span><i><span style=\"font-weight: 400\">parfums<\/span><\/i><span style=\"font-weight: 400\"> de Parfums Dior.\u00a0<\/span><\/p>\n<p><span style=\"font-weight: 400\">Rihanna no es ajena al mundo de las fragancias. Lanz\u00f3 una colecci\u00f3n de 11 perfumes con la casa de fragancias <strong>Parlux<\/strong>, en 2010.\u00a0<\/span><\/p>\n<p><span style=\"font-weight: 400\">Luego, en 2021, lanz\u00f3 su primera fragancia bajo su marca <strong>Fenty Eau de Parfum<\/strong>, y se agot\u00f3 a las pocas horas de su lanzamiento, y luego una y otra vez, y ahora est\u00e1 disponible en tama\u00f1o completo y en la versi\u00f3n de viaje.\u00a0<\/span><\/p>\n","protected":false},"author":11628,"featured_media":121504,"template":"","format":"standard","categories":[13540],"acf":[],"yoast_head":"<!-- This site is optimized with the Yoast SEO Premium plugin v18.5 (Yoast SEO v20.4) - https:\/\/yoast.com\/wordpress\/plugins\/seo\/ -->\n<title>Rihanna es la nueva imagen del ic\u00f3nico perfume J&#039;adore de Dior | Grazia M\u00e9xico y Latinoam\u00e9rica<\/title>\n<meta name=\"description\" content=\"La era de Rihanna como reina de la belleza apenas comienza. Despu\u00e9s del lanzamiento de Fenty Hair la semana pasada, adem\u00e1s de sus exitosas marcas Fenty\" \/>\n<meta name=\"robots\" content=\"index, follow, max-snippet:-1, max-image-preview:large, max-video-preview:-1\" \/>\n<link rel=\"canonical\" href=\"https:\/\/graziamagazine.com\/mx\/articles\/rihanna-es-la-nueva-imagen-del-iconico-perfume-jadore-de-dior\/\" \/>\n<meta property=\"og:locale\" content=\"es_MX\" \/>\n<meta property=\"og:type\" content=\"article\" \/>\n<meta property=\"og:title\" content=\"Rihanna es la nueva imagen del ic\u00f3nico perfume J&#039;adore de Dior\" \/>\n<meta property=\"og:description\" content=\"La era de Rihanna como reina de la belleza apenas comienza. Despu\u00e9s del lanzamiento de Fenty Hair la semana pasada, adem\u00e1s de sus exitosas marcas Fenty\" \/>\n<meta property=\"og:url\" content=\"https:\/\/graziamagazine.com\/mx\/articles\/rihanna-es-la-nueva-imagen-del-iconico-perfume-jadore-de-dior\/\" \/>\n<meta property=\"og:site_name\" content=\"Grazia M\u00e9xico y Latinoam\u00e9rica\" \/>\n<meta property=\"article:modified_time\" content=\"2024-06-19T18:58:00+00:00\" \/>\n<meta property=\"og:image\" content=\"https:\/\/graziamagazine.com\/mx\/wp-content\/uploads\/sites\/13\/2023\/02\/rihanna-black-panther-cancion-1666957519.jpg\" \/>\n\t<meta property=\"og:image:width\" content=\"4500\" \/>\n\t<meta property=\"og:image:height\" content=\"3000\" \/>\n\t<meta property=\"og:image:type\" content=\"image\/jpeg\" \/>\n<meta name=\"twitter:card\" content=\"summary_large_image\" \/>\n<meta name=\"twitter:label1\" content=\"Est. reading time\" \/>\n\t<meta name=\"twitter:data1\" content=\"2 minutos\" \/>\n<script type=\"application\/ld+json\" class=\"yoast-schema-graph\">{\"@context\":\"https:\/\/schema.org\",\"@graph\":[{\"@type\":\"WebPage\",\"@id\":\"https:\/\/graziamagazine.com\/mx\/articles\/rihanna-es-la-nueva-imagen-del-iconico-perfume-jadore-de-dior\/\",\"url\":\"https:\/\/graziamagazine.com\/mx\/articles\/rihanna-es-la-nueva-imagen-del-iconico-perfume-jadore-de-dior\/\",\"name\":\"Rihanna es la nueva imagen del ic\u00f3nico perfume J'adore de Dior | Grazia M\u00e9xico y Latinoam\u00e9rica\",\"isPartOf\":{\"@id\":\"https:\/\/graziamagazine.com\/mx\/#website\"},\"datePublished\":\"2024-06-19T18:54:13+00:00\",\"dateModified\":\"2024-06-19T18:58:00+00:00\",\"description\":\"La era de Rihanna como reina de la belleza apenas comienza. Despu\u00e9s del lanzamiento de Fenty Hair la semana pasada, adem\u00e1s de sus exitosas marcas Fenty\",\"breadcrumb\":{\"@id\":\"https:\/\/graziamagazine.com\/mx\/articles\/rihanna-es-la-nueva-imagen-del-iconico-perfume-jadore-de-dior\/#breadcrumb\"},\"inLanguage\":\"es-MX\",\"potentialAction\":[{\"@type\":\"ReadAction\",\"target\":[\"https:\/\/graziamagazine.com\/mx\/articles\/rihanna-es-la-nueva-imagen-del-iconico-perfume-jadore-de-dior\/\"]}]},{\"@type\":\"BreadcrumbList\",\"@id\":\"https:\/\/graziamagazine.com\/mx\/articles\/rihanna-es-la-nueva-imagen-del-iconico-perfume-jadore-de-dior\/#breadcrumb\",\"itemListElement\":[{\"@type\":\"ListItem\",\"position\":1,\"name\":\"Home\",\"item\":\"https:\/\/graziamagazine.com\/mx\/\"},{\"@type\":\"ListItem\",\"position\":2,\"name\":\"Rihanna es la nueva imagen del ic\u00f3nico perfume J&#8217;adore de Dior\"}]},{\"@type\":\"WebSite\",\"@id\":\"https:\/\/graziamagazine.com\/mx\/#website\",\"url\":\"https:\/\/graziamagazine.com\/mx\/\",\"name\":\"Grazia M\u00e9xico y Latinoam\u00e9rica\",\"description\":\"Grazia es moda, belleza y noticias  de actualidad \",\"potentialAction\":[{\"@type\":\"SearchAction\",\"target\":{\"@type\":\"EntryPoint\",\"urlTemplate\":\"https:\/\/graziamagazine.com\/mx\/?s={search_term_string}\"},\"query-input\":\"required name=search_term_string\"}],\"inLanguage\":\"es-MX\"}]}<\/script>\n<!-- \/ Yoast SEO Premium plugin. -->","yoast_head_json":{"title":"Rihanna es la nueva imagen del ic\u00f3nico perfume J'adore de Dior | Grazia M\u00e9xico y Latinoam\u00e9rica","description":"La era de Rihanna como reina de la belleza apenas comienza. Despu\u00e9s del lanzamiento de Fenty Hair la semana pasada, adem\u00e1s de sus exitosas marcas Fenty","robots":{"index":"index","follow":"follow","max-snippet":"max-snippet:-1","max-image-preview":"max-image-preview:large","max-video-preview":"max-video-preview:-1"},"canonical":"https:\/\/graziamagazine.com\/mx\/articles\/rihanna-es-la-nueva-imagen-del-iconico-perfume-jadore-de-dior\/","og_locale":"es_MX","og_type":"article","og_title":"Rihanna es la nueva imagen del ic\u00f3nico perfume J'adore de Dior","og_description":"La era de Rihanna como reina de la belleza apenas comienza. Despu\u00e9s del lanzamiento de Fenty Hair la semana pasada, adem\u00e1s de sus exitosas marcas Fenty","og_url":"https:\/\/graziamagazine.com\/mx\/articles\/rihanna-es-la-nueva-imagen-del-iconico-perfume-jadore-de-dior\/","og_site_name":"Grazia M\u00e9xico y Latinoam\u00e9rica","article_modified_time":"2024-06-19T18:58:00+00:00","og_image":[{"width":4500,"height":3000,"url":"https:\/\/graziamagazine.com\/mx\/wp-content\/uploads\/sites\/13\/2023\/02\/rihanna-black-panther-cancion-1666957519.jpg","type":"image\/jpeg"}],"twitter_card":"summary_large_image","twitter_misc":{"Est. reading time":"2 minutos"},"schema":{"@context":"https:\/\/schema.org","@graph":[{"@type":"WebPage","@id":"https:\/\/graziamagazine.com\/mx\/articles\/rihanna-es-la-nueva-imagen-del-iconico-perfume-jadore-de-dior\/","url":"https:\/\/graziamagazine.com\/mx\/articles\/rihanna-es-la-nueva-imagen-del-iconico-perfume-jadore-de-dior\/","name":"Rihanna es la nueva imagen del ic\u00f3nico perfume J'adore de Dior | Grazia M\u00e9xico y Latinoam\u00e9rica","isPartOf":{"@id":"https:\/\/graziamagazine.com\/mx\/#website"},"datePublished":"2024-06-19T18:54:13+00:00","dateModified":"2024-06-19T18:58:00+00:00","description":"La era de Rihanna como reina de la belleza apenas comienza. Despu\u00e9s del lanzamiento de Fenty Hair la semana pasada, adem\u00e1s de sus exitosas marcas Fenty","breadcrumb":{"@id":"https:\/\/graziamagazine.com\/mx\/articles\/rihanna-es-la-nueva-imagen-del-iconico-perfume-jadore-de-dior\/#breadcrumb"},"inLanguage":"es-MX","potentialAction":[{"@type":"ReadAction","target":["https:\/\/graziamagazine.com\/mx\/articles\/rihanna-es-la-nueva-imagen-del-iconico-perfume-jadore-de-dior\/"]}]},{"@type":"BreadcrumbList","@id":"https:\/\/graziamagazine.com\/mx\/articles\/rihanna-es-la-nueva-imagen-del-iconico-perfume-jadore-de-dior\/#breadcrumb","itemListElement":[{"@type":"ListItem","position":1,"name":"Home","item":"https:\/\/graziamagazine.com\/mx\/"},{"@type":"ListItem","position":2,"name":"Rihanna es la nueva imagen del ic\u00f3nico perfume J&#8217;adore de Dior"}]},{"@type":"WebSite","@id":"https:\/\/graziamagazine.com\/mx\/#website","url":"https:\/\/graziamagazine.com\/mx\/","name":"Grazia M\u00e9xico y Latinoam\u00e9rica","description":"Grazia es moda, belleza y noticias  de actualidad ","potentialAction":[{"@type":"SearchAction","target":{"@type":"EntryPoint","urlTemplate":"https:\/\/graziamagazine.com\/mx\/?s={search_term_string}"},"query-input":"required name=search_term_string"}],"inLanguage":"es-MX"}]}},"jetpack_sharing_enabled":true,"distributor_meta":false,"distributor_terms":false,"distributor_media":false,"distributor_original_site_name":"Grazia M\u00e9xico y Latinoam\u00e9rica","distributor_original_site_url":"https:\/\/graziamagazine.com\/mx","push-errors":false,"_links":{"self":[{"href":"https:\/\/graziamagazine.com\/mx\/wp-json\/wp\/v2\/articles\/138255"}],"collection":[{"href":"https:\/\/graziamagazine.com\/mx\/wp-json\/wp\/v2\/articles"}],"about":[{"href":"https:\/\/graziamagazine.com\/mx\/wp-json\/wp\/v2\/types\/articles"}],"author":[{"embeddable":true,"href":"https:\/\/graziamagazine.com\/mx\/wp-json\/wp\/v2\/users\/11628"}],"wp:featuredmedia":[{"embeddable":true,"href":"https:\/\/graziamagazine.com\/mx\/wp-json\/wp\/v2\/media\/121504"}],"wp:attachment":[{"href":"https:\/\/graziamagazine.com\/mx\/wp-json\/wp\/v2\/media?parent=138255"}],"wp:term":[{"taxonomy":"category","embeddable":true,"href":"https:\/\/graziamagazine.com\/mx\/wp-json\/wp\/v2\/categories?post=138255"}],"curies":[{"name":"wp","href":"https:\/\/api.w.org\/{rel}","templated":true}]}}