{"id":138181,"date":"2024-06-18T00:02:31","date_gmt":"2024-06-18T05:02:31","guid":{"rendered":"https:\/\/graziamagazine.com\/mx\/?post_type=articles&#038;p=138181"},"modified":"2024-06-18T00:06:18","modified_gmt":"2024-06-18T05:06:18","slug":"danna-paola-regresa-a-su-papel-de-elphaba-para-la-version-cinematografica-de-wicked","status":"publish","type":"articles","link":"https:\/\/graziamagazine.com\/mx\/articles\/danna-paola-regresa-a-su-papel-de-elphaba-para-la-version-cinematografica-de-wicked\/","title":{"rendered":"Danna Paola regresa a su papel de Elphaba para la versi\u00f3n cinematogr\u00e1fica de \u2018Wicked\u2019"},"content":{"rendered":"<p><span style=\"font-weight: 400\">Luego de que se dio a conocer el primer trailer doblado al espa\u00f1ol del famoso musical de Broadway &#8211;<em><strong> Wicked &#8211;<\/strong><\/em> los fans notaron de inmediato que<strong> Danna Paola<\/strong> estar\u00e1 detr\u00e1s de la Malvada Bruja del Oeste\u2026 otra vez.<\/span><\/p>\n<p><span style=\"font-weight: 400\">Esto, porque como recordar\u00e1s, la actriz mexicana form\u00f3 parte, hace unos a\u00f1os, del elenco del cl\u00e1sico musical en su versi\u00f3n mexicana, por lo que sus seguidores est\u00e1n m\u00e1s que listos para escucharla de nuevo.<\/span><\/p>\n<p><span style=\"font-weight: 400\">La versi\u00f3n mexicana de Wicked se estren\u00f3 en octubre de 2013 en el Teatro Telcel de la Ciudad de M\u00e9xico. La producci\u00f3n creada por Lisa Leguillou cont\u00f3 con un destacado elenco, la cual estuvo encabezada por Cecilia de la Cueva como Glinda y Danna Paola como<strong> Elphaba.<\/strong><\/span><\/p>\n<p><span style=\"font-weight: 400\">Al igual que su versi\u00f3n original, \u201c<em><strong>El Mago de Oz<\/strong><\/em>\u201d es una historia en donde se explora la relaci\u00f3n no contada entre las brujas de Oz, centr\u00e1ndose en la relaci\u00f3n entre Elphaba y Glinda (la Bruja Buena del Norte).<\/span><\/p>\n<p><span style=\"font-weight: 400\">Gracias a la traducci\u00f3n y adaptaci\u00f3n de las canciones y di\u00e1logos al espa\u00f1ol, se pudo conservar la esencia original de la obra creada por Stephen Schwartz y Winnie Holzman, lo que logr\u00f3 mantenerla en cartelera por 16 meses, tiempo en el que se ofrecieron 464 funciones.<\/span><\/p>\n<p><span style=\"font-weight: 400\">De acuerdo con sus declaraciones, en 2013 se encontraba en un punto dudoso de su carrera, ya que la m\u00fasica que ten\u00eda estaba recibiendo fuertes cr\u00edticas, pues muchos de sus seguidores segu\u00edan recordando sus inicios en las telenovelas mexicanas.<\/span><\/p>\n<p><span style=\"font-weight: 400\">Sea como sea, la mexicana tiene una gran historia de actuaci\u00f3n entre el p\u00fablico nacional e internacional.<\/span><\/p>\n","protected":false},"author":11628,"featured_media":97701,"template":"","format":"standard","categories":[12517],"acf":[],"yoast_head":"<!-- This site is optimized with the Yoast SEO Premium plugin v18.5 (Yoast SEO v20.4) - https:\/\/yoast.com\/wordpress\/plugins\/seo\/ -->\n<title>Danna Paola regresa a su papel de Elphaba para la versi\u00f3n cinematogr\u00e1fica de \u2018Wicked\u2019 | Grazia M\u00e9xico y Latinoam\u00e9rica<\/title>\n<meta name=\"description\" content=\"Luego de que se dio a conocer el primer trailer doblado al espa\u00f1ol del famoso musical de Broadway - Wicked - los fans notaron de inmediato que Danna Paola\" \/>\n<meta name=\"robots\" content=\"index, follow, max-snippet:-1, max-image-preview:large, max-video-preview:-1\" \/>\n<link rel=\"canonical\" href=\"https:\/\/graziamagazine.com\/mx\/articles\/danna-paola-regresa-a-su-papel-de-elphaba-para-la-version-cinematografica-de-wicked\/\" \/>\n<meta property=\"og:locale\" content=\"es_MX\" \/>\n<meta property=\"og:type\" content=\"article\" \/>\n<meta property=\"og:title\" content=\"Danna Paola regresa a su papel de Elphaba para la versi\u00f3n cinematogr\u00e1fica de \u2018Wicked\u2019\" \/>\n<meta property=\"og:description\" content=\"Luego de que se dio a conocer el primer trailer doblado al espa\u00f1ol del famoso musical de Broadway - Wicked - los fans notaron de inmediato que Danna Paola\" \/>\n<meta property=\"og:url\" content=\"https:\/\/graziamagazine.com\/mx\/articles\/danna-paola-regresa-a-su-papel-de-elphaba-para-la-version-cinematografica-de-wicked\/\" \/>\n<meta property=\"og:site_name\" content=\"Grazia M\u00e9xico y Latinoam\u00e9rica\" \/>\n<meta property=\"article:modified_time\" content=\"2024-06-18T05:06:18+00:00\" \/>\n<meta property=\"og:image\" content=\"https:\/\/graziamagazine.com\/mx\/wp-content\/uploads\/sites\/13\/2021\/06\/Captura-de-Pantalla-2021-06-09-a-las-18.33.49.png\" \/>\n\t<meta property=\"og:image:width\" content=\"1199\" \/>\n\t<meta property=\"og:image:height\" content=\"806\" \/>\n\t<meta property=\"og:image:type\" content=\"image\/png\" \/>\n<meta name=\"twitter:card\" content=\"summary_large_image\" \/>\n<meta name=\"twitter:label1\" content=\"Est. reading time\" \/>\n\t<meta name=\"twitter:data1\" content=\"2 minutos\" \/>\n<script type=\"application\/ld+json\" class=\"yoast-schema-graph\">{\"@context\":\"https:\/\/schema.org\",\"@graph\":[{\"@type\":\"WebPage\",\"@id\":\"https:\/\/graziamagazine.com\/mx\/articles\/danna-paola-regresa-a-su-papel-de-elphaba-para-la-version-cinematografica-de-wicked\/\",\"url\":\"https:\/\/graziamagazine.com\/mx\/articles\/danna-paola-regresa-a-su-papel-de-elphaba-para-la-version-cinematografica-de-wicked\/\",\"name\":\"Danna Paola regresa a su papel de Elphaba para la versi\u00f3n cinematogr\u00e1fica de \u2018Wicked\u2019 | Grazia M\u00e9xico y Latinoam\u00e9rica\",\"isPartOf\":{\"@id\":\"https:\/\/graziamagazine.com\/mx\/#website\"},\"datePublished\":\"2024-06-18T05:02:31+00:00\",\"dateModified\":\"2024-06-18T05:06:18+00:00\",\"description\":\"Luego de que se dio a conocer el primer trailer doblado al espa\u00f1ol del famoso musical de Broadway - Wicked - los fans notaron de inmediato que Danna Paola\",\"breadcrumb\":{\"@id\":\"https:\/\/graziamagazine.com\/mx\/articles\/danna-paola-regresa-a-su-papel-de-elphaba-para-la-version-cinematografica-de-wicked\/#breadcrumb\"},\"inLanguage\":\"es-MX\",\"potentialAction\":[{\"@type\":\"ReadAction\",\"target\":[\"https:\/\/graziamagazine.com\/mx\/articles\/danna-paola-regresa-a-su-papel-de-elphaba-para-la-version-cinematografica-de-wicked\/\"]}]},{\"@type\":\"BreadcrumbList\",\"@id\":\"https:\/\/graziamagazine.com\/mx\/articles\/danna-paola-regresa-a-su-papel-de-elphaba-para-la-version-cinematografica-de-wicked\/#breadcrumb\",\"itemListElement\":[{\"@type\":\"ListItem\",\"position\":1,\"name\":\"Home\",\"item\":\"https:\/\/graziamagazine.com\/mx\/\"},{\"@type\":\"ListItem\",\"position\":2,\"name\":\"Danna Paola regresa a su papel de Elphaba para la versi\u00f3n cinematogr\u00e1fica de \u2018Wicked\u2019\"}]},{\"@type\":\"WebSite\",\"@id\":\"https:\/\/graziamagazine.com\/mx\/#website\",\"url\":\"https:\/\/graziamagazine.com\/mx\/\",\"name\":\"Grazia M\u00e9xico y Latinoam\u00e9rica\",\"description\":\"Grazia es moda, belleza y noticias  de actualidad \",\"potentialAction\":[{\"@type\":\"SearchAction\",\"target\":{\"@type\":\"EntryPoint\",\"urlTemplate\":\"https:\/\/graziamagazine.com\/mx\/?s={search_term_string}\"},\"query-input\":\"required name=search_term_string\"}],\"inLanguage\":\"es-MX\"}]}<\/script>\n<!-- \/ Yoast SEO Premium plugin. -->","yoast_head_json":{"title":"Danna Paola regresa a su papel de Elphaba para la versi\u00f3n cinematogr\u00e1fica de \u2018Wicked\u2019 | Grazia M\u00e9xico y Latinoam\u00e9rica","description":"Luego de que se dio a conocer el primer trailer doblado al espa\u00f1ol del famoso musical de Broadway - Wicked - los fans notaron de inmediato que Danna Paola","robots":{"index":"index","follow":"follow","max-snippet":"max-snippet:-1","max-image-preview":"max-image-preview:large","max-video-preview":"max-video-preview:-1"},"canonical":"https:\/\/graziamagazine.com\/mx\/articles\/danna-paola-regresa-a-su-papel-de-elphaba-para-la-version-cinematografica-de-wicked\/","og_locale":"es_MX","og_type":"article","og_title":"Danna Paola regresa a su papel de Elphaba para la versi\u00f3n cinematogr\u00e1fica de \u2018Wicked\u2019","og_description":"Luego de que se dio a conocer el primer trailer doblado al espa\u00f1ol del famoso musical de Broadway - Wicked - los fans notaron de inmediato que Danna Paola","og_url":"https:\/\/graziamagazine.com\/mx\/articles\/danna-paola-regresa-a-su-papel-de-elphaba-para-la-version-cinematografica-de-wicked\/","og_site_name":"Grazia M\u00e9xico y Latinoam\u00e9rica","article_modified_time":"2024-06-18T05:06:18+00:00","og_image":[{"width":1199,"height":806,"url":"https:\/\/graziamagazine.com\/mx\/wp-content\/uploads\/sites\/13\/2021\/06\/Captura-de-Pantalla-2021-06-09-a-las-18.33.49.png","type":"image\/png"}],"twitter_card":"summary_large_image","twitter_misc":{"Est. reading time":"2 minutos"},"schema":{"@context":"https:\/\/schema.org","@graph":[{"@type":"WebPage","@id":"https:\/\/graziamagazine.com\/mx\/articles\/danna-paola-regresa-a-su-papel-de-elphaba-para-la-version-cinematografica-de-wicked\/","url":"https:\/\/graziamagazine.com\/mx\/articles\/danna-paola-regresa-a-su-papel-de-elphaba-para-la-version-cinematografica-de-wicked\/","name":"Danna Paola regresa a su papel de Elphaba para la versi\u00f3n cinematogr\u00e1fica de \u2018Wicked\u2019 | Grazia M\u00e9xico y Latinoam\u00e9rica","isPartOf":{"@id":"https:\/\/graziamagazine.com\/mx\/#website"},"datePublished":"2024-06-18T05:02:31+00:00","dateModified":"2024-06-18T05:06:18+00:00","description":"Luego de que se dio a conocer el primer trailer doblado al espa\u00f1ol del famoso musical de Broadway - Wicked - los fans notaron de inmediato que Danna Paola","breadcrumb":{"@id":"https:\/\/graziamagazine.com\/mx\/articles\/danna-paola-regresa-a-su-papel-de-elphaba-para-la-version-cinematografica-de-wicked\/#breadcrumb"},"inLanguage":"es-MX","potentialAction":[{"@type":"ReadAction","target":["https:\/\/graziamagazine.com\/mx\/articles\/danna-paola-regresa-a-su-papel-de-elphaba-para-la-version-cinematografica-de-wicked\/"]}]},{"@type":"BreadcrumbList","@id":"https:\/\/graziamagazine.com\/mx\/articles\/danna-paola-regresa-a-su-papel-de-elphaba-para-la-version-cinematografica-de-wicked\/#breadcrumb","itemListElement":[{"@type":"ListItem","position":1,"name":"Home","item":"https:\/\/graziamagazine.com\/mx\/"},{"@type":"ListItem","position":2,"name":"Danna Paola regresa a su papel de Elphaba para la versi\u00f3n cinematogr\u00e1fica de \u2018Wicked\u2019"}]},{"@type":"WebSite","@id":"https:\/\/graziamagazine.com\/mx\/#website","url":"https:\/\/graziamagazine.com\/mx\/","name":"Grazia M\u00e9xico y Latinoam\u00e9rica","description":"Grazia es moda, belleza y noticias  de actualidad ","potentialAction":[{"@type":"SearchAction","target":{"@type":"EntryPoint","urlTemplate":"https:\/\/graziamagazine.com\/mx\/?s={search_term_string}"},"query-input":"required name=search_term_string"}],"inLanguage":"es-MX"}]}},"jetpack_sharing_enabled":true,"distributor_meta":false,"distributor_terms":false,"distributor_media":false,"distributor_original_site_name":"Grazia M\u00e9xico y Latinoam\u00e9rica","distributor_original_site_url":"https:\/\/graziamagazine.com\/mx","push-errors":false,"_links":{"self":[{"href":"https:\/\/graziamagazine.com\/mx\/wp-json\/wp\/v2\/articles\/138181"}],"collection":[{"href":"https:\/\/graziamagazine.com\/mx\/wp-json\/wp\/v2\/articles"}],"about":[{"href":"https:\/\/graziamagazine.com\/mx\/wp-json\/wp\/v2\/types\/articles"}],"author":[{"embeddable":true,"href":"https:\/\/graziamagazine.com\/mx\/wp-json\/wp\/v2\/users\/11628"}],"wp:featuredmedia":[{"embeddable":true,"href":"https:\/\/graziamagazine.com\/mx\/wp-json\/wp\/v2\/media\/97701"}],"wp:attachment":[{"href":"https:\/\/graziamagazine.com\/mx\/wp-json\/wp\/v2\/media?parent=138181"}],"wp:term":[{"taxonomy":"category","embeddable":true,"href":"https:\/\/graziamagazine.com\/mx\/wp-json\/wp\/v2\/categories?post=138181"}],"curies":[{"name":"wp","href":"https:\/\/api.w.org\/{rel}","templated":true}]}}