{"id":138100,"date":"2024-06-15T16:45:45","date_gmt":"2024-06-15T21:45:45","guid":{"rendered":"https:\/\/graziamagazine.com\/mx\/?post_type=articles&#038;p=138100"},"modified":"2024-06-15T17:01:36","modified_gmt":"2024-06-15T22:01:36","slug":"kate-middleton-retorna-al-publico-en-el-desfile-del-rey-carlos-iii","status":"publish","type":"articles","link":"https:\/\/graziamagazine.com\/mx\/articles\/kate-middleton-retorna-al-publico-en-el-desfile-del-rey-carlos-iii\/","title":{"rendered":"Kate Middleton retorna al p\u00fablico en el desfile del Rey Carlos III"},"content":{"rendered":"<p>En un emotivo regreso, la princesa de Gales, <strong>Kate Middleton<\/strong>, hizo su primera aparici\u00f3n p\u00fablica desde su diagn\u00f3stico de c\u00e1ncer en marzo, durante el desfile de cumplea\u00f1os del<strong> rey Carlos III. <\/strong><\/p>\n<p>Este evento marc\u00f3 no solo una ocasi\u00f3n de celebraci\u00f3n, sino tambi\u00e9n un testimonio del coraje y la resiliencia de Kate mientras enfrenta uno de los desaf\u00edos m\u00e1s grandes de su vida.<\/p>\n<p>Desde que anunci\u00f3 su tratamiento contra el c\u00e1ncer en marzo, la esposa del pr\u00edncipe Guillermo, de 42 a\u00f1os, se ha mantenido fuera de los reflectores, centrada en su recuperaci\u00f3n.<\/p>\n<figure id=\"attachment_138102\" aria-describedby=\"caption-attachment-138102\" style=\"width: 726px\" class=\"wp-caption alignnone\"><img loading=\"lazy\" decoding=\"async\" class=\"size-large wp-image-138102\" src=\"https:\/\/graziamagazine.com\/mx\/wp-content\/uploads\/sites\/13\/2024\/06\/Captura-de-Pantalla-2024-06-15-a-las-15.49.46-726x1024.png\" alt=\"Kate Middleton retorna al p\u00fablico en el desfile del Rey Carlos III\" width=\"726\" height=\"1024\" srcset=\"https:\/\/graziamagazine.com\/mx\/wp-content\/uploads\/sites\/13\/2024\/06\/Captura-de-Pantalla-2024-06-15-a-las-15.49.46-726x1024.png 726w, https:\/\/graziamagazine.com\/mx\/wp-content\/uploads\/sites\/13\/2024\/06\/Captura-de-Pantalla-2024-06-15-a-las-15.49.46-319x450.png 319w, https:\/\/graziamagazine.com\/mx\/wp-content\/uploads\/sites\/13\/2024\/06\/Captura-de-Pantalla-2024-06-15-a-las-15.49.46-768x1083.png 768w, https:\/\/graziamagazine.com\/mx\/wp-content\/uploads\/sites\/13\/2024\/06\/Captura-de-Pantalla-2024-06-15-a-las-15.49.46-400x564.png 400w, https:\/\/graziamagazine.com\/mx\/wp-content\/uploads\/sites\/13\/2024\/06\/Captura-de-Pantalla-2024-06-15-a-las-15.49.46-153x215.png 153w, https:\/\/graziamagazine.com\/mx\/wp-content\/uploads\/sites\/13\/2024\/06\/Captura-de-Pantalla-2024-06-15-a-las-15.49.46.png 986w\" sizes=\"(max-width: 726px) 100vw, 726px\" \/><figcaption id=\"caption-attachment-138102\" class=\"wp-caption-text\">Kate Middleton retorna al p\u00fablico en el desfile del Rey Carlos III<\/figcaption><\/figure>\n<p>En un comunicado reciente, Kate expres\u00f3 su satisfacci\u00f3n con los progresos realizados hasta ahora en su tratamiento, aunque reconoci\u00f3 la monta\u00f1a rusa de emociones y desaf\u00edos que acompa\u00f1an a la quimioterapia.<\/p>\n<blockquote><p>&#8220;Estoy haciendo buenos progresos, pero como cualquiera que pase por quimioterapia sabr\u00e1, hay d\u00edas buenos y d\u00edas malos&#8221;, afirm\u00f3 Kate en su comunicado del viernes. Este sincero mensaje ha resonado profundamente entre quienes tambi\u00e9n enfrentan luchas similares, record\u00e1ndonos la humanidad detr\u00e1s de su t\u00edtulo real.<\/p><\/blockquote>\n<p>Para el desfile de cumplea\u00f1os del rey Carlos III, conocido como <strong>Trooping the Colour<\/strong>, Kate apareci\u00f3 radiante y serena, acompa\u00f1ada por su familia. Este evento no solo simboliz\u00f3 su apoyo incondicional al rey, sino tambi\u00e9n su firme determinaci\u00f3n de participar en momentos significativos a pesar de su estado de salud.<\/p>\n<figure id=\"attachment_138101\" aria-describedby=\"caption-attachment-138101\" style=\"width: 798px\" class=\"wp-caption alignnone\"><img loading=\"lazy\" decoding=\"async\" class=\"size-large wp-image-138101\" src=\"https:\/\/graziamagazine.com\/mx\/wp-content\/uploads\/sites\/13\/2024\/06\/Captura-de-Pantalla-2024-06-15-a-las-15.49.30-798x1024.png\" alt=\"Kate Middleton retorna al p\u00fablico en el desfile del Rey Carlos III\" width=\"798\" height=\"1024\" srcset=\"https:\/\/graziamagazine.com\/mx\/wp-content\/uploads\/sites\/13\/2024\/06\/Captura-de-Pantalla-2024-06-15-a-las-15.49.30-798x1024.png 798w, https:\/\/graziamagazine.com\/mx\/wp-content\/uploads\/sites\/13\/2024\/06\/Captura-de-Pantalla-2024-06-15-a-las-15.49.30-351x450.png 351w, https:\/\/graziamagazine.com\/mx\/wp-content\/uploads\/sites\/13\/2024\/06\/Captura-de-Pantalla-2024-06-15-a-las-15.49.30-768x986.png 768w, https:\/\/graziamagazine.com\/mx\/wp-content\/uploads\/sites\/13\/2024\/06\/Captura-de-Pantalla-2024-06-15-a-las-15.49.30-400x513.png 400w, https:\/\/graziamagazine.com\/mx\/wp-content\/uploads\/sites\/13\/2024\/06\/Captura-de-Pantalla-2024-06-15-a-las-15.49.30-155x199.png 155w, https:\/\/graziamagazine.com\/mx\/wp-content\/uploads\/sites\/13\/2024\/06\/Captura-de-Pantalla-2024-06-15-a-las-15.49.30.png 1066w\" sizes=\"(max-width: 798px) 100vw, 798px\" \/><figcaption id=\"caption-attachment-138101\" class=\"wp-caption-text\">Kate Middleton retorna al p\u00fablico en el desfile del Rey Carlos III<\/figcaption><\/figure>\n<p>La decisi\u00f3n de asistir al desfile, aunque todav\u00eda no marque su regreso completo a las actividades p\u00fablicas, demuestra su compromiso con sus deberes reales y su deseo de mantener una conexi\u00f3n con el p\u00fablico.<\/p>\n<p>La reciente foto publicada por el palacio, donde Kate aparece en Windsor vestida de manera informal, captur\u00f3 un momento de tranquilidad y esperanza. Esta imagen no solo muestra a una princesa en medio de su batalla, sino tambi\u00e9n a una mujer com\u00fan que enfrenta la adversidad con dignidad y valent\u00eda.<\/p>\n<p>&#8220;Mi tratamiento est\u00e1 en curso y lo estar\u00e1 por unos meses m\u00e1s. En los d\u00edas en los que me siento bastante bien, es una alegr\u00eda participar en la vida escolar, dedicar tiempo personal a cosas que me dan energ\u00eda y ser positiva, as\u00ed como comenzar a trabajar desde casa&#8221;, explic\u00f3 Kate en su comunicado. Estas palabras reflejan su enfoque equilibrado y positivo, una inspiraci\u00f3n para muchos que se encuentran en situaciones similares.<\/p>\n<figure id=\"attachment_138104\" aria-describedby=\"caption-attachment-138104\" style=\"width: 855px\" class=\"wp-caption alignnone\"><img loading=\"lazy\" decoding=\"async\" class=\"size-large wp-image-138104\" src=\"https:\/\/graziamagazine.com\/mx\/wp-content\/uploads\/sites\/13\/2024\/06\/Captura-de-Pantalla-2024-06-15-a-las-15.50.33-855x1024.png\" alt=\"Kate Middleton retorna al p\u00fablico en el desfile del Rey Carlos III\" width=\"855\" height=\"1024\" srcset=\"https:\/\/graziamagazine.com\/mx\/wp-content\/uploads\/sites\/13\/2024\/06\/Captura-de-Pantalla-2024-06-15-a-las-15.50.33-855x1024.png 855w, https:\/\/graziamagazine.com\/mx\/wp-content\/uploads\/sites\/13\/2024\/06\/Captura-de-Pantalla-2024-06-15-a-las-15.50.33-376x450.png 376w, https:\/\/graziamagazine.com\/mx\/wp-content\/uploads\/sites\/13\/2024\/06\/Captura-de-Pantalla-2024-06-15-a-las-15.50.33-768x920.png 768w, https:\/\/graziamagazine.com\/mx\/wp-content\/uploads\/sites\/13\/2024\/06\/Captura-de-Pantalla-2024-06-15-a-las-15.50.33-400x479.png 400w, https:\/\/graziamagazine.com\/mx\/wp-content\/uploads\/sites\/13\/2024\/06\/Captura-de-Pantalla-2024-06-15-a-las-15.50.33-155x186.png 155w, https:\/\/graziamagazine.com\/mx\/wp-content\/uploads\/sites\/13\/2024\/06\/Captura-de-Pantalla-2024-06-15-a-las-15.50.33.png 1104w\" sizes=\"(max-width: 855px) 100vw, 855px\" \/><figcaption id=\"caption-attachment-138104\" class=\"wp-caption-text\">Kate Middleton retorna al p\u00fablico en el desfile del Rey Carlos III<\/figcaption><\/figure>\n<p>Kate tambi\u00e9n comparti\u00f3 su entusiasmo por el desfile y mencion\u00f3 su intenci\u00f3n de participar en otros compromisos p\u00fablicos durante el verano, con la cautela necesaria dada su situaci\u00f3n.<\/p>\n<blockquote><p>&#8220;Estoy aprendiendo a ser paciente, especialmente con la incertidumbre. Tomo cada d\u00eda como viene, escucho a mi cuerpo y me doy este tiempo para sanar&#8221;, agreg\u00f3, subrayando la importancia de la autocompasi\u00f3n y el cuidado personal en tiempos dif\u00edciles.<\/p><\/blockquote>\n<p>La valent\u00eda de Kate Middleton al enfrentar su enfermedad p\u00fablicamente ha generado un enorme apoyo y solidaridad. Su honestidad y transparencia sobre su estado de salud no solo sensibilizan al p\u00fablico, sino que tambi\u00e9n brindan consuelo y esperanza a muchos. En su comunicado, agradeci\u00f3 desde el fondo de su coraz\u00f3n la comprensi\u00f3n continua y las historias compartidas por aquellos que tambi\u00e9n han lidiado con el c\u00e1ncer.<\/p>\n<p><em><strong>*iMAGEN: Google Images<\/strong><\/em><\/p>\n","protected":false},"author":28953,"featured_media":138103,"template":"","format":"standard","categories":[114],"acf":[],"yoast_head":"<!-- This site is optimized with the Yoast SEO Premium plugin v18.5 (Yoast SEO v20.4) - https:\/\/yoast.com\/wordpress\/plugins\/seo\/ -->\n<title>Kate Middleton retorna al p\u00fablico en el desfile del Rey Carlos III<\/title>\n<meta name=\"description\" content=\"El retorno de Kate Middleton en el desfile de cumplea\u00f1os del rey Carlos III fue un momento de fortaleza y elegancia.\" \/>\n<meta name=\"robots\" content=\"index, follow, max-snippet:-1, max-image-preview:large, max-video-preview:-1\" \/>\n<link rel=\"canonical\" href=\"https:\/\/graziamagazine.com\/mx\/articles\/kate-middleton-retorna-al-publico-en-el-desfile-del-rey-carlos-iii\/\" \/>\n<meta property=\"og:locale\" content=\"es_MX\" \/>\n<meta property=\"og:type\" content=\"article\" \/>\n<meta property=\"og:title\" content=\"Kate Middleton retorna al p\u00fablico en el desfile del Rey Carlos III\" \/>\n<meta property=\"og:description\" content=\"El retorno de Kate Middleton en el desfile de cumplea\u00f1os del rey Carlos III fue un momento de fortaleza y elegancia.\" \/>\n<meta property=\"og:url\" content=\"https:\/\/graziamagazine.com\/mx\/articles\/kate-middleton-retorna-al-publico-en-el-desfile-del-rey-carlos-iii\/\" \/>\n<meta property=\"og:site_name\" content=\"Grazia M\u00e9xico y Latinoam\u00e9rica\" \/>\n<meta property=\"article:modified_time\" content=\"2024-06-15T22:01:36+00:00\" \/>\n<meta property=\"og:image\" content=\"https:\/\/graziamagazine.com\/mx\/wp-content\/uploads\/sites\/13\/2024\/06\/Captura-de-Pantalla-2024-06-15-a-las-15.50.19.png\" \/>\n\t<meta property=\"og:image:width\" content=\"1042\" \/>\n\t<meta property=\"og:image:height\" content=\"716\" \/>\n\t<meta property=\"og:image:type\" content=\"image\/png\" \/>\n<meta name=\"twitter:card\" content=\"summary_large_image\" \/>\n<meta name=\"twitter:label1\" content=\"Est. reading time\" \/>\n\t<meta name=\"twitter:data1\" content=\"4 minutos\" \/>\n<script type=\"application\/ld+json\" class=\"yoast-schema-graph\">{\"@context\":\"https:\/\/schema.org\",\"@graph\":[{\"@type\":\"WebPage\",\"@id\":\"https:\/\/graziamagazine.com\/mx\/articles\/kate-middleton-retorna-al-publico-en-el-desfile-del-rey-carlos-iii\/\",\"url\":\"https:\/\/graziamagazine.com\/mx\/articles\/kate-middleton-retorna-al-publico-en-el-desfile-del-rey-carlos-iii\/\",\"name\":\"Kate Middleton retorna al p\u00fablico en el desfile del Rey Carlos III\",\"isPartOf\":{\"@id\":\"https:\/\/graziamagazine.com\/mx\/#website\"},\"datePublished\":\"2024-06-15T21:45:45+00:00\",\"dateModified\":\"2024-06-15T22:01:36+00:00\",\"description\":\"El retorno de Kate Middleton en el desfile de cumplea\u00f1os del rey Carlos III fue un momento de fortaleza y elegancia.\",\"breadcrumb\":{\"@id\":\"https:\/\/graziamagazine.com\/mx\/articles\/kate-middleton-retorna-al-publico-en-el-desfile-del-rey-carlos-iii\/#breadcrumb\"},\"inLanguage\":\"es-MX\",\"potentialAction\":[{\"@type\":\"ReadAction\",\"target\":[\"https:\/\/graziamagazine.com\/mx\/articles\/kate-middleton-retorna-al-publico-en-el-desfile-del-rey-carlos-iii\/\"]}]},{\"@type\":\"BreadcrumbList\",\"@id\":\"https:\/\/graziamagazine.com\/mx\/articles\/kate-middleton-retorna-al-publico-en-el-desfile-del-rey-carlos-iii\/#breadcrumb\",\"itemListElement\":[{\"@type\":\"ListItem\",\"position\":1,\"name\":\"Home\",\"item\":\"https:\/\/graziamagazine.com\/mx\/\"},{\"@type\":\"ListItem\",\"position\":2,\"name\":\"Kate Middleton retorna al p\u00fablico en el desfile del Rey Carlos III\"}]},{\"@type\":\"WebSite\",\"@id\":\"https:\/\/graziamagazine.com\/mx\/#website\",\"url\":\"https:\/\/graziamagazine.com\/mx\/\",\"name\":\"Grazia M\u00e9xico y Latinoam\u00e9rica\",\"description\":\"Grazia es moda, belleza y noticias  de actualidad \",\"potentialAction\":[{\"@type\":\"SearchAction\",\"target\":{\"@type\":\"EntryPoint\",\"urlTemplate\":\"https:\/\/graziamagazine.com\/mx\/?s={search_term_string}\"},\"query-input\":\"required name=search_term_string\"}],\"inLanguage\":\"es-MX\"}]}<\/script>\n<!-- \/ Yoast SEO Premium plugin. -->","yoast_head_json":{"title":"Kate Middleton retorna al p\u00fablico en el desfile del Rey Carlos III","description":"El retorno de Kate Middleton en el desfile de cumplea\u00f1os del rey Carlos III fue un momento de fortaleza y elegancia.","robots":{"index":"index","follow":"follow","max-snippet":"max-snippet:-1","max-image-preview":"max-image-preview:large","max-video-preview":"max-video-preview:-1"},"canonical":"https:\/\/graziamagazine.com\/mx\/articles\/kate-middleton-retorna-al-publico-en-el-desfile-del-rey-carlos-iii\/","og_locale":"es_MX","og_type":"article","og_title":"Kate Middleton retorna al p\u00fablico en el desfile del Rey Carlos III","og_description":"El retorno de Kate Middleton en el desfile de cumplea\u00f1os del rey Carlos III fue un momento de fortaleza y elegancia.","og_url":"https:\/\/graziamagazine.com\/mx\/articles\/kate-middleton-retorna-al-publico-en-el-desfile-del-rey-carlos-iii\/","og_site_name":"Grazia M\u00e9xico y Latinoam\u00e9rica","article_modified_time":"2024-06-15T22:01:36+00:00","og_image":[{"width":1042,"height":716,"url":"https:\/\/graziamagazine.com\/mx\/wp-content\/uploads\/sites\/13\/2024\/06\/Captura-de-Pantalla-2024-06-15-a-las-15.50.19.png","type":"image\/png"}],"twitter_card":"summary_large_image","twitter_misc":{"Est. reading time":"4 minutos"},"schema":{"@context":"https:\/\/schema.org","@graph":[{"@type":"WebPage","@id":"https:\/\/graziamagazine.com\/mx\/articles\/kate-middleton-retorna-al-publico-en-el-desfile-del-rey-carlos-iii\/","url":"https:\/\/graziamagazine.com\/mx\/articles\/kate-middleton-retorna-al-publico-en-el-desfile-del-rey-carlos-iii\/","name":"Kate Middleton retorna al p\u00fablico en el desfile del Rey Carlos III","isPartOf":{"@id":"https:\/\/graziamagazine.com\/mx\/#website"},"datePublished":"2024-06-15T21:45:45+00:00","dateModified":"2024-06-15T22:01:36+00:00","description":"El retorno de Kate Middleton en el desfile de cumplea\u00f1os del rey Carlos III fue un momento de fortaleza y elegancia.","breadcrumb":{"@id":"https:\/\/graziamagazine.com\/mx\/articles\/kate-middleton-retorna-al-publico-en-el-desfile-del-rey-carlos-iii\/#breadcrumb"},"inLanguage":"es-MX","potentialAction":[{"@type":"ReadAction","target":["https:\/\/graziamagazine.com\/mx\/articles\/kate-middleton-retorna-al-publico-en-el-desfile-del-rey-carlos-iii\/"]}]},{"@type":"BreadcrumbList","@id":"https:\/\/graziamagazine.com\/mx\/articles\/kate-middleton-retorna-al-publico-en-el-desfile-del-rey-carlos-iii\/#breadcrumb","itemListElement":[{"@type":"ListItem","position":1,"name":"Home","item":"https:\/\/graziamagazine.com\/mx\/"},{"@type":"ListItem","position":2,"name":"Kate Middleton retorna al p\u00fablico en el desfile del Rey Carlos III"}]},{"@type":"WebSite","@id":"https:\/\/graziamagazine.com\/mx\/#website","url":"https:\/\/graziamagazine.com\/mx\/","name":"Grazia M\u00e9xico y Latinoam\u00e9rica","description":"Grazia es moda, belleza y noticias  de actualidad ","potentialAction":[{"@type":"SearchAction","target":{"@type":"EntryPoint","urlTemplate":"https:\/\/graziamagazine.com\/mx\/?s={search_term_string}"},"query-input":"required name=search_term_string"}],"inLanguage":"es-MX"}]}},"jetpack_sharing_enabled":true,"distributor_meta":false,"distributor_terms":false,"distributor_media":false,"distributor_original_site_name":"Grazia M\u00e9xico y Latinoam\u00e9rica","distributor_original_site_url":"https:\/\/graziamagazine.com\/mx","push-errors":false,"_links":{"self":[{"href":"https:\/\/graziamagazine.com\/mx\/wp-json\/wp\/v2\/articles\/138100"}],"collection":[{"href":"https:\/\/graziamagazine.com\/mx\/wp-json\/wp\/v2\/articles"}],"about":[{"href":"https:\/\/graziamagazine.com\/mx\/wp-json\/wp\/v2\/types\/articles"}],"author":[{"embeddable":true,"href":"https:\/\/graziamagazine.com\/mx\/wp-json\/wp\/v2\/users\/28953"}],"wp:featuredmedia":[{"embeddable":true,"href":"https:\/\/graziamagazine.com\/mx\/wp-json\/wp\/v2\/media\/138103"}],"wp:attachment":[{"href":"https:\/\/graziamagazine.com\/mx\/wp-json\/wp\/v2\/media?parent=138100"}],"wp:term":[{"taxonomy":"category","embeddable":true,"href":"https:\/\/graziamagazine.com\/mx\/wp-json\/wp\/v2\/categories?post=138100"}],"curies":[{"name":"wp","href":"https:\/\/api.w.org\/{rel}","templated":true}]}}