{"id":138039,"date":"2024-06-12T23:33:04","date_gmt":"2024-06-13T04:33:04","guid":{"rendered":"https:\/\/graziamagazine.com\/mx\/?post_type=articles&#038;p=138039"},"modified":"2024-06-12T23:53:45","modified_gmt":"2024-06-13T04:53:45","slug":"activistas-vandalizan-reciente-pintura-rey-carlos-londres","status":"publish","type":"articles","link":"https:\/\/graziamagazine.com\/mx\/articles\/activistas-vandalizan-reciente-pintura-rey-carlos-londres\/","title":{"rendered":"Activistas vandalizan reciente pintura del rey Carlos en Londres"},"content":{"rendered":"<p style=\"font-weight: 400\">Activistas de <strong>Animal Rising<\/strong> vandalizaron la reciente pintura del rey <strong>Carlos<\/strong> que se exhibe en la galer\u00eda <strong>Philip Mould<\/strong> de <strong>Londres<\/strong> hasta el 21 de junio.<\/p>\n<p style=\"font-weight: 400\">El grupo public\u00f3 un video en redes sociales el pasado 11 de junio donde muestra a dos personas colocando carteles sobre el retrato.<\/p>\n<p style=\"font-weight: 400\">Los activistas colocaron un cartel sobre la cabeza de Carlos con una imagen de las caricaturas brit\u00e1nicas <em><strong>Wallace y Gromit<\/strong><\/em> y otro m\u00e1s en forma de globo que ten\u00eda la leyenda : &#8220;Sin queso, Gromit, mira toda esta crueldad en las granjas de RSCPA&#8221;.<\/p>\n<figure id=\"attachment_138041\" aria-describedby=\"caption-attachment-138041\" style=\"width: 385px\" class=\"wp-caption alignnone\"><img loading=\"lazy\" decoding=\"async\" class=\"size-medium wp-image-138041\" src=\"https:\/\/graziamagazine.com\/mx\/wp-content\/uploads\/sites\/13\/2024\/06\/WhatsApp-Image-2024-06-12-at-10.47.23-PM-385x450.jpeg\" alt=\"\" width=\"385\" height=\"450\" srcset=\"https:\/\/graziamagazine.com\/mx\/wp-content\/uploads\/sites\/13\/2024\/06\/WhatsApp-Image-2024-06-12-at-10.47.23-PM-385x450.jpeg 385w, https:\/\/graziamagazine.com\/mx\/wp-content\/uploads\/sites\/13\/2024\/06\/WhatsApp-Image-2024-06-12-at-10.47.23-PM-877x1024.jpeg 877w, https:\/\/graziamagazine.com\/mx\/wp-content\/uploads\/sites\/13\/2024\/06\/WhatsApp-Image-2024-06-12-at-10.47.23-PM-768x897.jpeg 768w, https:\/\/graziamagazine.com\/mx\/wp-content\/uploads\/sites\/13\/2024\/06\/WhatsApp-Image-2024-06-12-at-10.47.23-PM-400x467.jpeg 400w, https:\/\/graziamagazine.com\/mx\/wp-content\/uploads\/sites\/13\/2024\/06\/WhatsApp-Image-2024-06-12-at-10.47.23-PM-155x181.jpeg 155w, https:\/\/graziamagazine.com\/mx\/wp-content\/uploads\/sites\/13\/2024\/06\/WhatsApp-Image-2024-06-12-at-10.47.23-PM.jpeg 995w\" sizes=\"(max-width: 385px) 100vw, 385px\" \/><figcaption id=\"caption-attachment-138041\" class=\"wp-caption-text\">Twitter<\/figcaption><\/figure>\n<p style=\"font-weight: 400\">La obra fue realizada por el artista <strong>Jonathon Yeo<\/strong> donde se puede ver al rey sobre un fondo de pinceladas de color rojo carmes\u00ed y varias mariposas monarca volando a su alrededor, el cual, levant\u00f3 varias pol\u00e9micas tras su develaci\u00f3n en pasado 14 de mayo.<\/p>\n<p style=\"font-weight: 400\">El cuadro fue solicitado para conmemorar el 50 aniversario del rey Carlos en el gremio textil brit\u00e1nico. El artista adem\u00e1s ha pintado a la reina Camila y el pr\u00edncipe Felipe, esposo de Isabel II.<\/p>\n<figure id=\"attachment_138042\" aria-describedby=\"caption-attachment-138042\" style=\"width: 370px\" class=\"wp-caption alignnone\"><img loading=\"lazy\" decoding=\"async\" class=\"size-medium wp-image-138042\" src=\"https:\/\/graziamagazine.com\/mx\/wp-content\/uploads\/sites\/13\/2024\/06\/WhatsApp-Image-2024-06-12-at-10.47.24-PM-370x450.jpeg\" alt=\"\" width=\"370\" height=\"450\" srcset=\"https:\/\/graziamagazine.com\/mx\/wp-content\/uploads\/sites\/13\/2024\/06\/WhatsApp-Image-2024-06-12-at-10.47.24-PM-370x450.jpeg 370w, https:\/\/graziamagazine.com\/mx\/wp-content\/uploads\/sites\/13\/2024\/06\/WhatsApp-Image-2024-06-12-at-10.47.24-PM-842x1024.jpeg 842w, https:\/\/graziamagazine.com\/mx\/wp-content\/uploads\/sites\/13\/2024\/06\/WhatsApp-Image-2024-06-12-at-10.47.24-PM-768x934.jpeg 768w, https:\/\/graziamagazine.com\/mx\/wp-content\/uploads\/sites\/13\/2024\/06\/WhatsApp-Image-2024-06-12-at-10.47.24-PM-400x486.jpeg 400w, https:\/\/graziamagazine.com\/mx\/wp-content\/uploads\/sites\/13\/2024\/06\/WhatsApp-Image-2024-06-12-at-10.47.24-PM-155x188.jpeg 155w, https:\/\/graziamagazine.com\/mx\/wp-content\/uploads\/sites\/13\/2024\/06\/WhatsApp-Image-2024-06-12-at-10.47.24-PM.jpeg 1125w\" sizes=\"(max-width: 370px) 100vw, 370px\" \/><figcaption id=\"caption-attachment-138042\" class=\"wp-caption-text\">Instagram<\/figcaption><\/figure>\n<p style=\"font-weight: 400\">Animal Rising investig\u00f3 45 granjas que tiene est\u00e1ndares de bienestar garantizados por la Real Sociedad para la Prevenci\u00f3n de la Crueldad contra los Animales (RSPCA), de la cual, el rey Carlos es el patr\u00f3n real desde el mes pasado.<\/p>\n<p style=\"font-weight: 400\">El plan <em>Assured<\/em> de la RSPCA garantiza que los animales en granjas protegidas recibir\u00e1n m\u00e1s espacio para vivir y no estar\u00e1n en jaulas.<\/p>\n<p style=\"font-weight: 400\">Seg\u00fan los activistas, su visita a las granjas arroj\u00f3 hallazgos &#8220;condenatorios&#8221;, diciendo que encontraron &#8220;crueldad animal severa&#8221; en todas.<\/p>\n<p style=\"font-weight: 400\">Seg\u00fan el peri\u00f3dico <em><strong>The Telegraph<\/strong><\/em>, un activista de Animal Rising les inform\u00f3 que &#8220;Dado que el rey Carlos es un gran admirador de &#8216;Wallace y Gromit&#8217;, no podr\u00edamos pensar en una mejor manera de llamar su atenci\u00f3n sobre las horribles escenas de RSPCA \u00a1Granjas aseguradas! Aunque esperamos que esto le resulte divertido a Su Majestad, tambi\u00e9n le pedimos que reconsidere seriamente si quiere que se le asocie con el terrible sufrimiento en las granjas respaldado por la RSPCA&#8221;.<\/p>\n<p style=\"font-weight: 400\">En el 2012, la reina Camila le dijo a un grupo ni\u00f1os que\u00a0<em>Wallace y Gromit<\/em>\u00a0son las personas favoritas de su esposo durante un evento en el Clarence House para el Jubileo de Diamante de la difunta reina Isabel II.<\/p>\n","protected":false},"author":36289,"featured_media":138040,"template":"","format":"standard","categories":[12483],"acf":[],"yoast_head":"<!-- This site is optimized with the Yoast SEO Premium plugin v18.5 (Yoast SEO v20.4) - https:\/\/yoast.com\/wordpress\/plugins\/seo\/ -->\n<title>Activistas vandalizan reciente pintura del rey Carlos en Londres | Grazia M\u00e9xico y Latinoam\u00e9rica<\/title>\n<meta name=\"description\" content=\"Activistas de Animal Rising vandalizaron la reciente pintura del rey Carlos que se exhibe en la galer\u00eda Philip Mould de Londres hasta el 21 de junio. El\" \/>\n<meta name=\"robots\" content=\"index, follow, max-snippet:-1, max-image-preview:large, max-video-preview:-1\" \/>\n<link rel=\"canonical\" href=\"https:\/\/graziamagazine.com\/mx\/articles\/activistas-vandalizan-reciente-pintura-rey-carlos-londres\/\" \/>\n<meta property=\"og:locale\" content=\"es_MX\" \/>\n<meta property=\"og:type\" content=\"article\" \/>\n<meta property=\"og:title\" content=\"Activistas vandalizan reciente pintura del rey Carlos en Londres\" \/>\n<meta property=\"og:description\" content=\"Activistas de Animal Rising vandalizaron la reciente pintura del rey Carlos que se exhibe en la galer\u00eda Philip Mould de Londres hasta el 21 de junio. El\" \/>\n<meta property=\"og:url\" content=\"https:\/\/graziamagazine.com\/mx\/articles\/activistas-vandalizan-reciente-pintura-rey-carlos-londres\/\" \/>\n<meta property=\"og:site_name\" content=\"Grazia M\u00e9xico y Latinoam\u00e9rica\" \/>\n<meta property=\"article:modified_time\" content=\"2024-06-13T04:53:45+00:00\" \/>\n<meta property=\"og:image\" content=\"https:\/\/graziamagazine.com\/mx\/wp-content\/uploads\/sites\/13\/2024\/06\/WhatsApp-Image-2024-06-12-at-10.47.23-PM-1-e1718254228141.jpeg\" \/>\n\t<meta property=\"og:image:width\" content=\"1124\" \/>\n\t<meta property=\"og:image:height\" content=\"720\" \/>\n\t<meta property=\"og:image:type\" content=\"image\/jpeg\" \/>\n<meta name=\"twitter:card\" content=\"summary_large_image\" \/>\n<meta name=\"twitter:label1\" content=\"Est. reading time\" \/>\n\t<meta name=\"twitter:data1\" content=\"3 minutos\" \/>\n<script type=\"application\/ld+json\" class=\"yoast-schema-graph\">{\"@context\":\"https:\/\/schema.org\",\"@graph\":[{\"@type\":\"WebPage\",\"@id\":\"https:\/\/graziamagazine.com\/mx\/articles\/activistas-vandalizan-reciente-pintura-rey-carlos-londres\/\",\"url\":\"https:\/\/graziamagazine.com\/mx\/articles\/activistas-vandalizan-reciente-pintura-rey-carlos-londres\/\",\"name\":\"Activistas vandalizan reciente pintura del rey Carlos en Londres | Grazia M\u00e9xico y Latinoam\u00e9rica\",\"isPartOf\":{\"@id\":\"https:\/\/graziamagazine.com\/mx\/#website\"},\"datePublished\":\"2024-06-13T04:33:04+00:00\",\"dateModified\":\"2024-06-13T04:53:45+00:00\",\"description\":\"Activistas de Animal Rising vandalizaron la reciente pintura del rey Carlos que se exhibe en la galer\u00eda Philip Mould de Londres hasta el 21 de junio. El\",\"breadcrumb\":{\"@id\":\"https:\/\/graziamagazine.com\/mx\/articles\/activistas-vandalizan-reciente-pintura-rey-carlos-londres\/#breadcrumb\"},\"inLanguage\":\"es-MX\",\"potentialAction\":[{\"@type\":\"ReadAction\",\"target\":[\"https:\/\/graziamagazine.com\/mx\/articles\/activistas-vandalizan-reciente-pintura-rey-carlos-londres\/\"]}]},{\"@type\":\"BreadcrumbList\",\"@id\":\"https:\/\/graziamagazine.com\/mx\/articles\/activistas-vandalizan-reciente-pintura-rey-carlos-londres\/#breadcrumb\",\"itemListElement\":[{\"@type\":\"ListItem\",\"position\":1,\"name\":\"Home\",\"item\":\"https:\/\/graziamagazine.com\/mx\/\"},{\"@type\":\"ListItem\",\"position\":2,\"name\":\"Activistas vandalizan reciente pintura del rey Carlos en Londres\"}]},{\"@type\":\"WebSite\",\"@id\":\"https:\/\/graziamagazine.com\/mx\/#website\",\"url\":\"https:\/\/graziamagazine.com\/mx\/\",\"name\":\"Grazia M\u00e9xico y Latinoam\u00e9rica\",\"description\":\"Grazia es moda, belleza y noticias  de actualidad \",\"potentialAction\":[{\"@type\":\"SearchAction\",\"target\":{\"@type\":\"EntryPoint\",\"urlTemplate\":\"https:\/\/graziamagazine.com\/mx\/?s={search_term_string}\"},\"query-input\":\"required name=search_term_string\"}],\"inLanguage\":\"es-MX\"}]}<\/script>\n<!-- \/ Yoast SEO Premium plugin. -->","yoast_head_json":{"title":"Activistas vandalizan reciente pintura del rey Carlos en Londres | Grazia M\u00e9xico y Latinoam\u00e9rica","description":"Activistas de Animal Rising vandalizaron la reciente pintura del rey Carlos que se exhibe en la galer\u00eda Philip Mould de Londres hasta el 21 de junio. El","robots":{"index":"index","follow":"follow","max-snippet":"max-snippet:-1","max-image-preview":"max-image-preview:large","max-video-preview":"max-video-preview:-1"},"canonical":"https:\/\/graziamagazine.com\/mx\/articles\/activistas-vandalizan-reciente-pintura-rey-carlos-londres\/","og_locale":"es_MX","og_type":"article","og_title":"Activistas vandalizan reciente pintura del rey Carlos en Londres","og_description":"Activistas de Animal Rising vandalizaron la reciente pintura del rey Carlos que se exhibe en la galer\u00eda Philip Mould de Londres hasta el 21 de junio. El","og_url":"https:\/\/graziamagazine.com\/mx\/articles\/activistas-vandalizan-reciente-pintura-rey-carlos-londres\/","og_site_name":"Grazia M\u00e9xico y Latinoam\u00e9rica","article_modified_time":"2024-06-13T04:53:45+00:00","og_image":[{"width":1124,"height":720,"url":"https:\/\/graziamagazine.com\/mx\/wp-content\/uploads\/sites\/13\/2024\/06\/WhatsApp-Image-2024-06-12-at-10.47.23-PM-1-e1718254228141.jpeg","type":"image\/jpeg"}],"twitter_card":"summary_large_image","twitter_misc":{"Est. reading time":"3 minutos"},"schema":{"@context":"https:\/\/schema.org","@graph":[{"@type":"WebPage","@id":"https:\/\/graziamagazine.com\/mx\/articles\/activistas-vandalizan-reciente-pintura-rey-carlos-londres\/","url":"https:\/\/graziamagazine.com\/mx\/articles\/activistas-vandalizan-reciente-pintura-rey-carlos-londres\/","name":"Activistas vandalizan reciente pintura del rey Carlos en Londres | Grazia M\u00e9xico y Latinoam\u00e9rica","isPartOf":{"@id":"https:\/\/graziamagazine.com\/mx\/#website"},"datePublished":"2024-06-13T04:33:04+00:00","dateModified":"2024-06-13T04:53:45+00:00","description":"Activistas de Animal Rising vandalizaron la reciente pintura del rey Carlos que se exhibe en la galer\u00eda Philip Mould de Londres hasta el 21 de junio. El","breadcrumb":{"@id":"https:\/\/graziamagazine.com\/mx\/articles\/activistas-vandalizan-reciente-pintura-rey-carlos-londres\/#breadcrumb"},"inLanguage":"es-MX","potentialAction":[{"@type":"ReadAction","target":["https:\/\/graziamagazine.com\/mx\/articles\/activistas-vandalizan-reciente-pintura-rey-carlos-londres\/"]}]},{"@type":"BreadcrumbList","@id":"https:\/\/graziamagazine.com\/mx\/articles\/activistas-vandalizan-reciente-pintura-rey-carlos-londres\/#breadcrumb","itemListElement":[{"@type":"ListItem","position":1,"name":"Home","item":"https:\/\/graziamagazine.com\/mx\/"},{"@type":"ListItem","position":2,"name":"Activistas vandalizan reciente pintura del rey Carlos en Londres"}]},{"@type":"WebSite","@id":"https:\/\/graziamagazine.com\/mx\/#website","url":"https:\/\/graziamagazine.com\/mx\/","name":"Grazia M\u00e9xico y Latinoam\u00e9rica","description":"Grazia es moda, belleza y noticias  de actualidad ","potentialAction":[{"@type":"SearchAction","target":{"@type":"EntryPoint","urlTemplate":"https:\/\/graziamagazine.com\/mx\/?s={search_term_string}"},"query-input":"required name=search_term_string"}],"inLanguage":"es-MX"}]}},"jetpack_sharing_enabled":true,"distributor_meta":false,"distributor_terms":false,"distributor_media":false,"distributor_original_site_name":"Grazia M\u00e9xico y Latinoam\u00e9rica","distributor_original_site_url":"https:\/\/graziamagazine.com\/mx","push-errors":false,"_links":{"self":[{"href":"https:\/\/graziamagazine.com\/mx\/wp-json\/wp\/v2\/articles\/138039"}],"collection":[{"href":"https:\/\/graziamagazine.com\/mx\/wp-json\/wp\/v2\/articles"}],"about":[{"href":"https:\/\/graziamagazine.com\/mx\/wp-json\/wp\/v2\/types\/articles"}],"author":[{"embeddable":true,"href":"https:\/\/graziamagazine.com\/mx\/wp-json\/wp\/v2\/users\/36289"}],"wp:featuredmedia":[{"embeddable":true,"href":"https:\/\/graziamagazine.com\/mx\/wp-json\/wp\/v2\/media\/138040"}],"wp:attachment":[{"href":"https:\/\/graziamagazine.com\/mx\/wp-json\/wp\/v2\/media?parent=138039"}],"wp:term":[{"taxonomy":"category","embeddable":true,"href":"https:\/\/graziamagazine.com\/mx\/wp-json\/wp\/v2\/categories?post=138039"}],"curies":[{"name":"wp","href":"https:\/\/api.w.org\/{rel}","templated":true}]}}