{"id":137980,"date":"2024-06-12T08:30:46","date_gmt":"2024-06-12T13:30:46","guid":{"rendered":"https:\/\/graziamagazine.com\/mx\/?post_type=articles&#038;p=137980"},"modified":"2024-06-12T08:41:41","modified_gmt":"2024-06-12T13:41:41","slug":"inah-demandara-max-usar-imagen-castillo-chapultepec","status":"publish","type":"articles","link":"https:\/\/graziamagazine.com\/mx\/articles\/inah-demandara-max-usar-imagen-castillo-chapultepec\/","title":{"rendered":"INAH demandar\u00e1 Max por usar imagen del Castillo de Chapultepec"},"content":{"rendered":"<p>El<strong> Instituto Nacional de Antropolog\u00eda e Historia<\/strong> (INAH) demandar\u00e1 Max por usar imagen del <strong>Castillo de Chapultepec<\/strong> para promocionar la serie <em><strong>House of the Dragon<\/strong><\/em> que se estrenar\u00e1 el pr\u00f3ximo 16 de junio.<\/p>\n<p>La plataforma decidi\u00f3 \u201ccolocar\u201d estandartes negros como apoyo a la reina Rhaenyra Targaryen de la serie <em>House of the Dragon<\/em> y aunque lo hizo mediante <strong>inteligencia artificial<\/strong>, usar la imagen de un recinto hist\u00f3rico no est\u00e1 permitido.<\/p>\n<p>\u201cSe informa que las im\u00e1genes son falsas, puesto que en ning\u00fan momento se han colocado banderas, pendones ni ning\u00fan otro material publicitario relativo a dicha producci\u00f3n sobre este inmueble, y tampoco se ha autorizado la reproducci\u00f3n de im\u00e1genes de este espacio para la promoci\u00f3n de la serie en comento\u201d, inform\u00f3 la INAH en un comunicado.<\/p>\n<p>\u201cLo que se aprecia en redes sociales fue generado a trav\u00e9s de programas de edici\u00f3n de imagen o inteligencia artificial\u201d, agregaron.<\/p>\n<figure id=\"attachment_137982\" aria-describedby=\"caption-attachment-137982\" style=\"width: 289px\" class=\"wp-caption alignnone\"><img loading=\"lazy\" decoding=\"async\" class=\"size-medium wp-image-137982\" src=\"https:\/\/graziamagazine.com\/mx\/wp-content\/uploads\/sites\/13\/2024\/06\/WhatsApp-Image-2024-06-12-at-7.33.12-AM-289x450.jpeg\" alt=\"\" width=\"289\" height=\"450\" srcset=\"https:\/\/graziamagazine.com\/mx\/wp-content\/uploads\/sites\/13\/2024\/06\/WhatsApp-Image-2024-06-12-at-7.33.12-AM-289x450.jpeg 289w, https:\/\/graziamagazine.com\/mx\/wp-content\/uploads\/sites\/13\/2024\/06\/WhatsApp-Image-2024-06-12-at-7.33.12-AM-138x215.jpeg 138w, https:\/\/graziamagazine.com\/mx\/wp-content\/uploads\/sites\/13\/2024\/06\/WhatsApp-Image-2024-06-12-at-7.33.12-AM.jpeg 316w\" sizes=\"(max-width: 289px) 100vw, 289px\" \/><figcaption id=\"caption-attachment-137982\" class=\"wp-caption-text\">X (Twitter)<\/figcaption><\/figure>\n<p>La instancia gubernamental asegur\u00f3 que la empresa <strong>no pidi\u00f3 permiso<\/strong> para utilizar la imagen del castillo en su publicidad.<\/p>\n<p>\u201cEl INAH llevar\u00e1 a cabo las medidas legales conducentes, dado que se trata del uso indebido de la imagen de un monumento hist\u00f3rico\u201d, asegur\u00f3.<\/p>\n<p>Max public\u00f3 en redes sociales un video donde se puede ver los estandartes y <strong>varias tomas del recinto hist\u00f3rico<\/strong>.<\/p>\n<p>\u201cEl castillo de Chapultepec, en M\u00e9xico fue reclamado por su reina Rhaenyra Targaryen y el consejo negro. Es momento de elegir tu bando\u201d, escribi\u00f3 la plataforma de <em>streaming<\/em>.<\/p>\n<figure id=\"attachment_137981\" aria-describedby=\"caption-attachment-137981\" style=\"width: 314px\" class=\"wp-caption alignnone\"><img loading=\"lazy\" decoding=\"async\" class=\"size-full wp-image-137981\" src=\"https:\/\/graziamagazine.com\/mx\/wp-content\/uploads\/sites\/13\/2024\/06\/WhatsApp-Image-2024-06-12-at-7.33.47-AM.jpeg\" alt=\"\" width=\"314\" height=\"266\" srcset=\"https:\/\/graziamagazine.com\/mx\/wp-content\/uploads\/sites\/13\/2024\/06\/WhatsApp-Image-2024-06-12-at-7.33.47-AM.jpeg 314w, https:\/\/graziamagazine.com\/mx\/wp-content\/uploads\/sites\/13\/2024\/06\/WhatsApp-Image-2024-06-12-at-7.33.47-AM-155x131.jpeg 155w\" sizes=\"(max-width: 314px) 100vw, 314px\" \/><figcaption id=\"caption-attachment-137981\" class=\"wp-caption-text\">X (Twitter)<\/figcaption><\/figure>\n<p>Este no fue el \u00fanico lugar que Max us\u00f3 para promocionar la serie, este lunes tambi\u00e9n vieron estandartes en <strong>el puente de Brooklyn<\/strong>, Nueva York, en se\u00f1al de apoyo al rey Aegon II, medio hermano de Rhaenyra. Los banderines fueron hechos tambi\u00e9n con inteligencia artificial.<\/p>\n<p><em>House of the Dragon<\/em> es un spin-off de la exitosa serie <em><strong>Game of Thrones<\/strong><\/em> que cuenta el inicio y fin de la Casa Targaryen, y la lucha conocida como la Danza de los Dragones.<\/p>\n<p>&nbsp;<\/p>\n","protected":false},"author":36289,"featured_media":137983,"template":"","format":"standard","categories":[114],"acf":[],"yoast_head":"<!-- This site is optimized with the Yoast SEO Premium plugin v18.5 (Yoast SEO v20.4) - https:\/\/yoast.com\/wordpress\/plugins\/seo\/ -->\n<title>INAH demandar\u00e1 Max por usar imagen del Castillo de Chapultepec | Grazia M\u00e9xico y Latinoam\u00e9rica<\/title>\n<meta name=\"description\" content=\"El Instituto Nacional de Antropolog\u00eda e Historia (INAH) demandar\u00e1 Max por usar imagen del Castillo de Chapultepec para promocionar la serie House of the\" \/>\n<meta name=\"robots\" content=\"index, follow, max-snippet:-1, max-image-preview:large, max-video-preview:-1\" \/>\n<link rel=\"canonical\" href=\"https:\/\/graziamagazine.com\/mx\/articles\/inah-demandara-max-usar-imagen-castillo-chapultepec\/\" \/>\n<meta property=\"og:locale\" content=\"es_MX\" \/>\n<meta property=\"og:type\" content=\"article\" \/>\n<meta property=\"og:title\" content=\"INAH demandar\u00e1 Max por usar imagen del Castillo de Chapultepec\" \/>\n<meta property=\"og:description\" content=\"El Instituto Nacional de Antropolog\u00eda e Historia (INAH) demandar\u00e1 Max por usar imagen del Castillo de Chapultepec para promocionar la serie House of the\" \/>\n<meta property=\"og:url\" content=\"https:\/\/graziamagazine.com\/mx\/articles\/inah-demandara-max-usar-imagen-castillo-chapultepec\/\" \/>\n<meta property=\"og:site_name\" content=\"Grazia M\u00e9xico y Latinoam\u00e9rica\" \/>\n<meta property=\"article:modified_time\" content=\"2024-06-12T13:41:41+00:00\" \/>\n<meta property=\"og:image\" content=\"https:\/\/graziamagazine.com\/mx\/wp-content\/uploads\/sites\/13\/2024\/06\/WhatsApp-Image-2024-06-12-at-7.35.23-AM.jpeg\" \/>\n\t<meta property=\"og:image:width\" content=\"768\" \/>\n\t<meta property=\"og:image:height\" content=\"768\" \/>\n\t<meta property=\"og:image:type\" content=\"image\/jpeg\" \/>\n<meta name=\"twitter:card\" content=\"summary_large_image\" \/>\n<meta name=\"twitter:label1\" content=\"Est. reading time\" \/>\n\t<meta name=\"twitter:data1\" content=\"2 minutos\" \/>\n<script type=\"application\/ld+json\" class=\"yoast-schema-graph\">{\"@context\":\"https:\/\/schema.org\",\"@graph\":[{\"@type\":\"WebPage\",\"@id\":\"https:\/\/graziamagazine.com\/mx\/articles\/inah-demandara-max-usar-imagen-castillo-chapultepec\/\",\"url\":\"https:\/\/graziamagazine.com\/mx\/articles\/inah-demandara-max-usar-imagen-castillo-chapultepec\/\",\"name\":\"INAH demandar\u00e1 Max por usar imagen del Castillo de Chapultepec | Grazia M\u00e9xico y Latinoam\u00e9rica\",\"isPartOf\":{\"@id\":\"https:\/\/graziamagazine.com\/mx\/#website\"},\"datePublished\":\"2024-06-12T13:30:46+00:00\",\"dateModified\":\"2024-06-12T13:41:41+00:00\",\"description\":\"El Instituto Nacional de Antropolog\u00eda e Historia (INAH) demandar\u00e1 Max por usar imagen del Castillo de Chapultepec para promocionar la serie House of the\",\"breadcrumb\":{\"@id\":\"https:\/\/graziamagazine.com\/mx\/articles\/inah-demandara-max-usar-imagen-castillo-chapultepec\/#breadcrumb\"},\"inLanguage\":\"es-MX\",\"potentialAction\":[{\"@type\":\"ReadAction\",\"target\":[\"https:\/\/graziamagazine.com\/mx\/articles\/inah-demandara-max-usar-imagen-castillo-chapultepec\/\"]}]},{\"@type\":\"BreadcrumbList\",\"@id\":\"https:\/\/graziamagazine.com\/mx\/articles\/inah-demandara-max-usar-imagen-castillo-chapultepec\/#breadcrumb\",\"itemListElement\":[{\"@type\":\"ListItem\",\"position\":1,\"name\":\"Home\",\"item\":\"https:\/\/graziamagazine.com\/mx\/\"},{\"@type\":\"ListItem\",\"position\":2,\"name\":\"INAH demandar\u00e1 Max por usar imagen del Castillo de Chapultepec\"}]},{\"@type\":\"WebSite\",\"@id\":\"https:\/\/graziamagazine.com\/mx\/#website\",\"url\":\"https:\/\/graziamagazine.com\/mx\/\",\"name\":\"Grazia M\u00e9xico y Latinoam\u00e9rica\",\"description\":\"Grazia es moda, belleza y noticias  de actualidad \",\"potentialAction\":[{\"@type\":\"SearchAction\",\"target\":{\"@type\":\"EntryPoint\",\"urlTemplate\":\"https:\/\/graziamagazine.com\/mx\/?s={search_term_string}\"},\"query-input\":\"required name=search_term_string\"}],\"inLanguage\":\"es-MX\"}]}<\/script>\n<!-- \/ Yoast SEO Premium plugin. -->","yoast_head_json":{"title":"INAH demandar\u00e1 Max por usar imagen del Castillo de Chapultepec | Grazia M\u00e9xico y Latinoam\u00e9rica","description":"El Instituto Nacional de Antropolog\u00eda e Historia (INAH) demandar\u00e1 Max por usar imagen del Castillo de Chapultepec para promocionar la serie House of the","robots":{"index":"index","follow":"follow","max-snippet":"max-snippet:-1","max-image-preview":"max-image-preview:large","max-video-preview":"max-video-preview:-1"},"canonical":"https:\/\/graziamagazine.com\/mx\/articles\/inah-demandara-max-usar-imagen-castillo-chapultepec\/","og_locale":"es_MX","og_type":"article","og_title":"INAH demandar\u00e1 Max por usar imagen del Castillo de Chapultepec","og_description":"El Instituto Nacional de Antropolog\u00eda e Historia (INAH) demandar\u00e1 Max por usar imagen del Castillo de Chapultepec para promocionar la serie House of the","og_url":"https:\/\/graziamagazine.com\/mx\/articles\/inah-demandara-max-usar-imagen-castillo-chapultepec\/","og_site_name":"Grazia M\u00e9xico y Latinoam\u00e9rica","article_modified_time":"2024-06-12T13:41:41+00:00","og_image":[{"width":768,"height":768,"url":"https:\/\/graziamagazine.com\/mx\/wp-content\/uploads\/sites\/13\/2024\/06\/WhatsApp-Image-2024-06-12-at-7.35.23-AM.jpeg","type":"image\/jpeg"}],"twitter_card":"summary_large_image","twitter_misc":{"Est. reading time":"2 minutos"},"schema":{"@context":"https:\/\/schema.org","@graph":[{"@type":"WebPage","@id":"https:\/\/graziamagazine.com\/mx\/articles\/inah-demandara-max-usar-imagen-castillo-chapultepec\/","url":"https:\/\/graziamagazine.com\/mx\/articles\/inah-demandara-max-usar-imagen-castillo-chapultepec\/","name":"INAH demandar\u00e1 Max por usar imagen del Castillo de Chapultepec | Grazia M\u00e9xico y Latinoam\u00e9rica","isPartOf":{"@id":"https:\/\/graziamagazine.com\/mx\/#website"},"datePublished":"2024-06-12T13:30:46+00:00","dateModified":"2024-06-12T13:41:41+00:00","description":"El Instituto Nacional de Antropolog\u00eda e Historia (INAH) demandar\u00e1 Max por usar imagen del Castillo de Chapultepec para promocionar la serie House of the","breadcrumb":{"@id":"https:\/\/graziamagazine.com\/mx\/articles\/inah-demandara-max-usar-imagen-castillo-chapultepec\/#breadcrumb"},"inLanguage":"es-MX","potentialAction":[{"@type":"ReadAction","target":["https:\/\/graziamagazine.com\/mx\/articles\/inah-demandara-max-usar-imagen-castillo-chapultepec\/"]}]},{"@type":"BreadcrumbList","@id":"https:\/\/graziamagazine.com\/mx\/articles\/inah-demandara-max-usar-imagen-castillo-chapultepec\/#breadcrumb","itemListElement":[{"@type":"ListItem","position":1,"name":"Home","item":"https:\/\/graziamagazine.com\/mx\/"},{"@type":"ListItem","position":2,"name":"INAH demandar\u00e1 Max por usar imagen del Castillo de Chapultepec"}]},{"@type":"WebSite","@id":"https:\/\/graziamagazine.com\/mx\/#website","url":"https:\/\/graziamagazine.com\/mx\/","name":"Grazia M\u00e9xico y Latinoam\u00e9rica","description":"Grazia es moda, belleza y noticias  de actualidad ","potentialAction":[{"@type":"SearchAction","target":{"@type":"EntryPoint","urlTemplate":"https:\/\/graziamagazine.com\/mx\/?s={search_term_string}"},"query-input":"required name=search_term_string"}],"inLanguage":"es-MX"}]}},"jetpack_sharing_enabled":true,"distributor_meta":false,"distributor_terms":false,"distributor_media":false,"distributor_original_site_name":"Grazia M\u00e9xico y Latinoam\u00e9rica","distributor_original_site_url":"https:\/\/graziamagazine.com\/mx","push-errors":false,"_links":{"self":[{"href":"https:\/\/graziamagazine.com\/mx\/wp-json\/wp\/v2\/articles\/137980"}],"collection":[{"href":"https:\/\/graziamagazine.com\/mx\/wp-json\/wp\/v2\/articles"}],"about":[{"href":"https:\/\/graziamagazine.com\/mx\/wp-json\/wp\/v2\/types\/articles"}],"author":[{"embeddable":true,"href":"https:\/\/graziamagazine.com\/mx\/wp-json\/wp\/v2\/users\/36289"}],"wp:featuredmedia":[{"embeddable":true,"href":"https:\/\/graziamagazine.com\/mx\/wp-json\/wp\/v2\/media\/137983"}],"wp:attachment":[{"href":"https:\/\/graziamagazine.com\/mx\/wp-json\/wp\/v2\/media?parent=137980"}],"wp:term":[{"taxonomy":"category","embeddable":true,"href":"https:\/\/graziamagazine.com\/mx\/wp-json\/wp\/v2\/categories?post=137980"}],"curies":[{"name":"wp","href":"https:\/\/api.w.org\/{rel}","templated":true}]}}