{"id":137941,"date":"2024-06-10T16:20:28","date_gmt":"2024-06-10T21:20:28","guid":{"rendered":"https:\/\/graziamagazine.com\/mx\/?post_type=articles&#038;p=137941"},"modified":"2024-06-10T16:50:20","modified_gmt":"2024-06-10T21:50:20","slug":"angela-aguilar-christian-nodal-confirman-relacion","status":"publish","type":"articles","link":"https:\/\/graziamagazine.com\/mx\/articles\/angela-aguilar-christian-nodal-confirman-relacion\/","title":{"rendered":"\u00c1ngela Aguilar y Christian Nodal confirman su relaci\u00f3n"},"content":{"rendered":"<p>A pocas semanas terminar su relaci\u00f3n la argentina con Cazzu y mam\u00e1 de su hijo,<strong> Christian Nodal confirma su relaci\u00f3n con \u00c1ngela Aguilar<\/strong> este lunes mediante declaraciones a una publicaci\u00f3n.<\/p>\n<p>\u201cNo es una nueva relaci\u00f3n, es la continuaci\u00f3n de una historia que la vida nos hizo pausar para poder crecer y extra\u00f1ar. Porque cuando nos dejamos ir, al regresar fuimos m\u00e1s nuestros\u201d, dijo \u00c1ngela Aguilar a la revista.<\/p>\n<p>En la publicaci\u00f3n se puede leer que la pareja que se reencontr\u00f3 cuando ambos estaban solteros y que retomaron lo que empez\u00f3 cuando hicieron las primeras <strong>colaboraciones musicales<\/strong>.<\/p>\n<p>Sin embargo, Cristian Nodal no hizo declaraciones al respecto. Una foto de los dos abrazados <strong>mientras \u00e9l le da un beso<\/strong> en la mejilla abraz\u00e1ndola por la espalda, es m\u00e1s que suficiente para confirmar visualmente los rumores.<\/p>\n<p>\u201cHa llegado el momento de compartir que Julieta y yo tomamos caminos separados. Nuestro amor y respeto mutuos permanecen fuertes, especialmente en nuestro papel como padres de nuestra maravillosa hija, Inti\u201d, anunciaba en su redes sociales el cantante de regional mexicano apenas <strong>el pasado 23 de mayo<\/strong>. Unos d\u00edas despu\u00e9s surgieron los rumores de una relaci\u00f3n rom\u00e1ntica con \u00c1ngela.<\/p>\n<p><iframe loading=\"lazy\" title=\"Angela Aguilar Y Christian Nodal\" width=\"500\" height=\"281\" src=\"https:\/\/www.youtube.com\/embed\/TgrMKR-27bU?feature=oembed\" frameborder=\"0\" allow=\"accelerometer; autoplay; clipboard-write; encrypted-media; gyroscope; picture-in-picture; web-share\" referrerpolicy=\"strict-origin-when-cross-origin\" allowfullscreen><\/iframe><\/p>\n<p>Antes de terminar la relaci\u00f3n con la argentina, el cantante dijo en una entrevista reciente con Ra\u00fal de Molina que era con ella con quien quer\u00eda estar <strong>para siempre<\/strong>.<\/p>\n<p>\u201cYo espero quedarme con ella toda mi vida, pero en caso de que no pasara eso, me siento muy orgulloso, tenemos una muy buena amistad y compa\u00f1erismo\u201d, dijo Nodal.<\/p>\n<p>Las reacciones del p\u00fablico han sido variadas. Aunque varios fan\u00e1ticos <strong>ven con agrado la noticia<\/strong>, varias personas expresaron su opini\u00f3n, por el poco tiempo que ha pasado desde que Nodal termin\u00f3 con Cazzu.<\/p>\n<p>\u201cEra su &#8220;amiga&#8221; eso le dec\u00eda a cazzu jajaja\u201d, \u201cQue onda con los hombres de ahora terminan una relaci\u00f3n y buscan otra luego luego, no tienen ni poquito amor propio o qu\u00e9?\u201d, \u201cLo bueno de todo es que el que la hace riendo, llorando la paga\u201d, fueron algunos de los comentarios que se pueden leer en la publicaci\u00f3n de las fotos en las redes de la revista.<\/p>\n","protected":false},"author":36289,"featured_media":137942,"template":"","format":"standard","categories":[],"acf":[],"yoast_head":"<!-- This site is optimized with the Yoast SEO Premium plugin v18.5 (Yoast SEO v20.4) - https:\/\/yoast.com\/wordpress\/plugins\/seo\/ -->\n<title>\u00c1ngela Aguilar y Christian Nodal confirman su relaci\u00f3n | Grazia M\u00e9xico y Latinoam\u00e9rica<\/title>\n<meta name=\"description\" content=\"A pocas semanas terminar su relaci\u00f3n la argentina con Cazzu y mam\u00e1 de su hijo, Christian Nodal confirma su relaci\u00f3n con \u00c1ngela Aguilar este lunes mediante\" \/>\n<meta name=\"robots\" content=\"index, follow, max-snippet:-1, max-image-preview:large, max-video-preview:-1\" \/>\n<link rel=\"canonical\" href=\"https:\/\/graziamagazine.com\/mx\/articles\/angela-aguilar-christian-nodal-confirman-relacion\/\" \/>\n<meta property=\"og:locale\" content=\"es_MX\" \/>\n<meta property=\"og:type\" content=\"article\" \/>\n<meta property=\"og:title\" content=\"\u00c1ngela Aguilar y Christian Nodal confirman su relaci\u00f3n\" \/>\n<meta property=\"og:description\" content=\"A pocas semanas terminar su relaci\u00f3n la argentina con Cazzu y mam\u00e1 de su hijo, Christian Nodal confirma su relaci\u00f3n con \u00c1ngela Aguilar este lunes mediante\" \/>\n<meta property=\"og:url\" content=\"https:\/\/graziamagazine.com\/mx\/articles\/angela-aguilar-christian-nodal-confirman-relacion\/\" \/>\n<meta property=\"og:site_name\" content=\"Grazia M\u00e9xico y Latinoam\u00e9rica\" \/>\n<meta property=\"article:modified_time\" content=\"2024-06-10T21:50:20+00:00\" \/>\n<meta property=\"og:image\" content=\"https:\/\/graziamagazine.com\/mx\/wp-content\/uploads\/sites\/13\/2024\/06\/WhatsApp-Image-2024-06-10-at-3.19.48-PM.jpeg\" \/>\n\t<meta property=\"og:image:width\" content=\"763\" \/>\n\t<meta property=\"og:image:height\" content=\"409\" \/>\n\t<meta property=\"og:image:type\" content=\"image\/jpeg\" \/>\n<meta name=\"twitter:card\" content=\"summary_large_image\" \/>\n<meta name=\"twitter:label1\" content=\"Est. reading time\" \/>\n\t<meta name=\"twitter:data1\" content=\"2 minutos\" \/>\n<script type=\"application\/ld+json\" class=\"yoast-schema-graph\">{\"@context\":\"https:\/\/schema.org\",\"@graph\":[{\"@type\":\"WebPage\",\"@id\":\"https:\/\/graziamagazine.com\/mx\/articles\/angela-aguilar-christian-nodal-confirman-relacion\/\",\"url\":\"https:\/\/graziamagazine.com\/mx\/articles\/angela-aguilar-christian-nodal-confirman-relacion\/\",\"name\":\"\u00c1ngela Aguilar y Christian Nodal confirman su relaci\u00f3n | Grazia M\u00e9xico y Latinoam\u00e9rica\",\"isPartOf\":{\"@id\":\"https:\/\/graziamagazine.com\/mx\/#website\"},\"datePublished\":\"2024-06-10T21:20:28+00:00\",\"dateModified\":\"2024-06-10T21:50:20+00:00\",\"description\":\"A pocas semanas terminar su relaci\u00f3n la argentina con Cazzu y mam\u00e1 de su hijo, Christian Nodal confirma su relaci\u00f3n con \u00c1ngela Aguilar este lunes mediante\",\"breadcrumb\":{\"@id\":\"https:\/\/graziamagazine.com\/mx\/articles\/angela-aguilar-christian-nodal-confirman-relacion\/#breadcrumb\"},\"inLanguage\":\"es-MX\",\"potentialAction\":[{\"@type\":\"ReadAction\",\"target\":[\"https:\/\/graziamagazine.com\/mx\/articles\/angela-aguilar-christian-nodal-confirman-relacion\/\"]}]},{\"@type\":\"BreadcrumbList\",\"@id\":\"https:\/\/graziamagazine.com\/mx\/articles\/angela-aguilar-christian-nodal-confirman-relacion\/#breadcrumb\",\"itemListElement\":[{\"@type\":\"ListItem\",\"position\":1,\"name\":\"Home\",\"item\":\"https:\/\/graziamagazine.com\/mx\/\"},{\"@type\":\"ListItem\",\"position\":2,\"name\":\"\u00c1ngela Aguilar y Christian Nodal confirman su relaci\u00f3n\"}]},{\"@type\":\"WebSite\",\"@id\":\"https:\/\/graziamagazine.com\/mx\/#website\",\"url\":\"https:\/\/graziamagazine.com\/mx\/\",\"name\":\"Grazia M\u00e9xico y Latinoam\u00e9rica\",\"description\":\"Grazia es moda, belleza y noticias  de actualidad \",\"potentialAction\":[{\"@type\":\"SearchAction\",\"target\":{\"@type\":\"EntryPoint\",\"urlTemplate\":\"https:\/\/graziamagazine.com\/mx\/?s={search_term_string}\"},\"query-input\":\"required name=search_term_string\"}],\"inLanguage\":\"es-MX\"}]}<\/script>\n<!-- \/ Yoast SEO Premium plugin. -->","yoast_head_json":{"title":"\u00c1ngela Aguilar y Christian Nodal confirman su relaci\u00f3n | Grazia M\u00e9xico y Latinoam\u00e9rica","description":"A pocas semanas terminar su relaci\u00f3n la argentina con Cazzu y mam\u00e1 de su hijo, Christian Nodal confirma su relaci\u00f3n con \u00c1ngela Aguilar este lunes mediante","robots":{"index":"index","follow":"follow","max-snippet":"max-snippet:-1","max-image-preview":"max-image-preview:large","max-video-preview":"max-video-preview:-1"},"canonical":"https:\/\/graziamagazine.com\/mx\/articles\/angela-aguilar-christian-nodal-confirman-relacion\/","og_locale":"es_MX","og_type":"article","og_title":"\u00c1ngela Aguilar y Christian Nodal confirman su relaci\u00f3n","og_description":"A pocas semanas terminar su relaci\u00f3n la argentina con Cazzu y mam\u00e1 de su hijo, Christian Nodal confirma su relaci\u00f3n con \u00c1ngela Aguilar este lunes mediante","og_url":"https:\/\/graziamagazine.com\/mx\/articles\/angela-aguilar-christian-nodal-confirman-relacion\/","og_site_name":"Grazia M\u00e9xico y Latinoam\u00e9rica","article_modified_time":"2024-06-10T21:50:20+00:00","og_image":[{"width":763,"height":409,"url":"https:\/\/graziamagazine.com\/mx\/wp-content\/uploads\/sites\/13\/2024\/06\/WhatsApp-Image-2024-06-10-at-3.19.48-PM.jpeg","type":"image\/jpeg"}],"twitter_card":"summary_large_image","twitter_misc":{"Est. reading time":"2 minutos"},"schema":{"@context":"https:\/\/schema.org","@graph":[{"@type":"WebPage","@id":"https:\/\/graziamagazine.com\/mx\/articles\/angela-aguilar-christian-nodal-confirman-relacion\/","url":"https:\/\/graziamagazine.com\/mx\/articles\/angela-aguilar-christian-nodal-confirman-relacion\/","name":"\u00c1ngela Aguilar y Christian Nodal confirman su relaci\u00f3n | Grazia M\u00e9xico y Latinoam\u00e9rica","isPartOf":{"@id":"https:\/\/graziamagazine.com\/mx\/#website"},"datePublished":"2024-06-10T21:20:28+00:00","dateModified":"2024-06-10T21:50:20+00:00","description":"A pocas semanas terminar su relaci\u00f3n la argentina con Cazzu y mam\u00e1 de su hijo, Christian Nodal confirma su relaci\u00f3n con \u00c1ngela Aguilar este lunes mediante","breadcrumb":{"@id":"https:\/\/graziamagazine.com\/mx\/articles\/angela-aguilar-christian-nodal-confirman-relacion\/#breadcrumb"},"inLanguage":"es-MX","potentialAction":[{"@type":"ReadAction","target":["https:\/\/graziamagazine.com\/mx\/articles\/angela-aguilar-christian-nodal-confirman-relacion\/"]}]},{"@type":"BreadcrumbList","@id":"https:\/\/graziamagazine.com\/mx\/articles\/angela-aguilar-christian-nodal-confirman-relacion\/#breadcrumb","itemListElement":[{"@type":"ListItem","position":1,"name":"Home","item":"https:\/\/graziamagazine.com\/mx\/"},{"@type":"ListItem","position":2,"name":"\u00c1ngela Aguilar y Christian Nodal confirman su relaci\u00f3n"}]},{"@type":"WebSite","@id":"https:\/\/graziamagazine.com\/mx\/#website","url":"https:\/\/graziamagazine.com\/mx\/","name":"Grazia M\u00e9xico y Latinoam\u00e9rica","description":"Grazia es moda, belleza y noticias  de actualidad ","potentialAction":[{"@type":"SearchAction","target":{"@type":"EntryPoint","urlTemplate":"https:\/\/graziamagazine.com\/mx\/?s={search_term_string}"},"query-input":"required name=search_term_string"}],"inLanguage":"es-MX"}]}},"jetpack_sharing_enabled":true,"distributor_meta":false,"distributor_terms":false,"distributor_media":false,"distributor_original_site_name":"Grazia M\u00e9xico y Latinoam\u00e9rica","distributor_original_site_url":"https:\/\/graziamagazine.com\/mx","push-errors":false,"_links":{"self":[{"href":"https:\/\/graziamagazine.com\/mx\/wp-json\/wp\/v2\/articles\/137941"}],"collection":[{"href":"https:\/\/graziamagazine.com\/mx\/wp-json\/wp\/v2\/articles"}],"about":[{"href":"https:\/\/graziamagazine.com\/mx\/wp-json\/wp\/v2\/types\/articles"}],"author":[{"embeddable":true,"href":"https:\/\/graziamagazine.com\/mx\/wp-json\/wp\/v2\/users\/36289"}],"wp:featuredmedia":[{"embeddable":true,"href":"https:\/\/graziamagazine.com\/mx\/wp-json\/wp\/v2\/media\/137942"}],"wp:attachment":[{"href":"https:\/\/graziamagazine.com\/mx\/wp-json\/wp\/v2\/media?parent=137941"}],"wp:term":[{"taxonomy":"category","embeddable":true,"href":"https:\/\/graziamagazine.com\/mx\/wp-json\/wp\/v2\/categories?post=137941"}],"curies":[{"name":"wp","href":"https:\/\/api.w.org\/{rel}","templated":true}]}}