{"id":137883,"date":"2024-06-06T15:15:34","date_gmt":"2024-06-06T20:15:34","guid":{"rendered":"https:\/\/graziamagazine.com\/mx\/?post_type=articles&#038;p=137883"},"modified":"2024-06-06T15:18:18","modified_gmt":"2024-06-06T20:18:18","slug":"la-colaboracion-entre-gucci-y-head-en-roland-garros","status":"publish","type":"articles","link":"https:\/\/graziamagazine.com\/mx\/articles\/la-colaboracion-entre-gucci-y-head-en-roland-garros\/","title":{"rendered":"La colaboraci\u00f3n entre Gucci y Head en Roland Garros"},"content":{"rendered":"<p><span style=\"font-weight: 400\"><strong>Gucci,<\/strong> en colaboraci\u00f3n con <strong>Head<\/strong>, ha presentado una nueva bolsa personalizada para el embajador global de la marca, el tenista italiano <strong>Jannik Sinner.<\/strong> El m\u00e1s reciente dise\u00f1o se dio a conocer en las canchas de <strong>Roland Garros,<\/strong> cuando el tenista campe\u00f3n sali\u00f3 a su primer partido en el Abierto de Francia de este a\u00f1o, en Par\u00eds.<\/span><\/p>\n<p><span style=\"font-weight: 400\">Combinando la artesan\u00eda y el estilo de <a href=\"https:\/\/graziamagazine.com\/mx\/articles\/gucci-crucero-2025-sabato-de-sarno-nos-sumerge-en-un-sueno-de-primavera\/\">Gucci<\/a> con la calidad y la experiencia de Head en equipamiento deportivo de alto rendimiento, esta colaboraci\u00f3n especial representa lo mejor de ambas marcas.\u00a0<\/span><\/p>\n<figure id=\"attachment_137884\" aria-describedby=\"caption-attachment-137884\" style=\"width: 360px\" class=\"wp-caption alignnone\"><img loading=\"lazy\" decoding=\"async\" class=\"size-medium wp-image-137884\" src=\"https:\/\/graziamagazine.com\/mx\/wp-content\/uploads\/sites\/13\/2024\/06\/Image-by-Antoine-Couvercelle-360x450.jpg\" alt=\"\" width=\"360\" height=\"450\" srcset=\"https:\/\/graziamagazine.com\/mx\/wp-content\/uploads\/sites\/13\/2024\/06\/Image-by-Antoine-Couvercelle-360x450.jpg 360w, https:\/\/graziamagazine.com\/mx\/wp-content\/uploads\/sites\/13\/2024\/06\/Image-by-Antoine-Couvercelle-820x1024.jpg 820w, https:\/\/graziamagazine.com\/mx\/wp-content\/uploads\/sites\/13\/2024\/06\/Image-by-Antoine-Couvercelle-768x959.jpg 768w, https:\/\/graziamagazine.com\/mx\/wp-content\/uploads\/sites\/13\/2024\/06\/Image-by-Antoine-Couvercelle-1230x1536.jpg 1230w, https:\/\/graziamagazine.com\/mx\/wp-content\/uploads\/sites\/13\/2024\/06\/Image-by-Antoine-Couvercelle-1640x2048.jpg 1640w, https:\/\/graziamagazine.com\/mx\/wp-content\/uploads\/sites\/13\/2024\/06\/Image-by-Antoine-Couvercelle-400x499.jpg 400w, https:\/\/graziamagazine.com\/mx\/wp-content\/uploads\/sites\/13\/2024\/06\/Image-by-Antoine-Couvercelle-155x194.jpg 155w\" sizes=\"(max-width: 360px) 100vw, 360px\" \/><figcaption id=\"caption-attachment-137884\" class=\"wp-caption-text\">Roland-Garros, 2024<\/figcaption><\/figure>\n<p><span style=\"font-weight: 400\">El a\u00f1o pasado, durante <strong>Wimbledon<\/strong>, la marca present\u00f3 la primera bolsa de lona personalizada para su embajador, marcando el debut de esta colaboraci\u00f3n innovadora. Contribuyendo a la manera en la que Sinner est\u00e1 revolucionando los c\u00f3digos y la est\u00e9tica del tenis, la colaboraci\u00f3n de<strong> Gucci x Head<\/strong> abre nuevas oportunidades para explorar nuevos dise\u00f1os y ampliar los l\u00edmites tanto de la ropa deportiva como de la moda de lujo.<\/span><\/p>\n<p><img loading=\"lazy\" decoding=\"async\" class=\"alignnone size-medium wp-image-137885\" src=\"https:\/\/graziamagazine.com\/mx\/wp-content\/uploads\/sites\/13\/2024\/06\/GUCCI-x-HEAD-BAG_001-450x450.jpg\" alt=\"\" width=\"450\" height=\"450\" srcset=\"https:\/\/graziamagazine.com\/mx\/wp-content\/uploads\/sites\/13\/2024\/06\/GUCCI-x-HEAD-BAG_001-450x450.jpg 450w, https:\/\/graziamagazine.com\/mx\/wp-content\/uploads\/sites\/13\/2024\/06\/GUCCI-x-HEAD-BAG_001-150x150.jpg 150w, https:\/\/graziamagazine.com\/mx\/wp-content\/uploads\/sites\/13\/2024\/06\/GUCCI-x-HEAD-BAG_001-400x400.jpg 400w, https:\/\/graziamagazine.com\/mx\/wp-content\/uploads\/sites\/13\/2024\/06\/GUCCI-x-HEAD-BAG_001-155x155.jpg 155w, https:\/\/graziamagazine.com\/mx\/wp-content\/uploads\/sites\/13\/2024\/06\/GUCCI-x-HEAD-BAG_001.jpg 709w\" sizes=\"(max-width: 450px) 100vw, 450px\" \/><\/p>\n<p><span style=\"font-weight: 400\">La nueva bolsa, dise\u00f1ada por Gucci y producida por Head, se presenta en una versi\u00f3n de cuero completamente blanco. Su silueta cl\u00e1sica est\u00e1 definida por la distintiva franja Web verde, roja y verde, un reconocimiento al legado de la marca de ropa de tenis que se remonta a la d\u00e9cada de 1970.\u00a0<\/span><\/p>\n<p><img loading=\"lazy\" decoding=\"async\" class=\"alignnone size-medium wp-image-137886\" src=\"https:\/\/graziamagazine.com\/mx\/wp-content\/uploads\/sites\/13\/2024\/06\/GUCCI-x-HEAD-BAG_002-450x450.jpg\" alt=\"\" width=\"450\" height=\"450\" srcset=\"https:\/\/graziamagazine.com\/mx\/wp-content\/uploads\/sites\/13\/2024\/06\/GUCCI-x-HEAD-BAG_002-450x450.jpg 450w, https:\/\/graziamagazine.com\/mx\/wp-content\/uploads\/sites\/13\/2024\/06\/GUCCI-x-HEAD-BAG_002-150x150.jpg 150w, https:\/\/graziamagazine.com\/mx\/wp-content\/uploads\/sites\/13\/2024\/06\/GUCCI-x-HEAD-BAG_002-400x400.jpg 400w, https:\/\/graziamagazine.com\/mx\/wp-content\/uploads\/sites\/13\/2024\/06\/GUCCI-x-HEAD-BAG_002-155x155.jpg 155w, https:\/\/graziamagazine.com\/mx\/wp-content\/uploads\/sites\/13\/2024\/06\/GUCCI-x-HEAD-BAG_002.jpg 709w\" sizes=\"(max-width: 450px) 100vw, 450px\" \/><\/p>\n<p><span style=\"font-weight: 400\">Durante este tiempo, la <\/span><i><span style=\"font-weight: 400\">maison<\/span><\/i><span style=\"font-weight: 400\"> ampli\u00f3 significativamente su gama de productos de tenis, que incluye accesorios, calzado y <\/span><i><span style=\"font-weight: 400\">ready-to-wear,<\/span><\/i><span style=\"font-weight: 400\"> todos identificados por la ic\u00f3nica banda Web. El logotipo de Gucci x Head, que simboliza la colaboraci\u00f3n entre las dos marcas, ocupa un lugar destacado en un costado.<\/span><\/p>\n<p><img loading=\"lazy\" decoding=\"async\" class=\"alignnone size-medium wp-image-137887\" src=\"https:\/\/graziamagazine.com\/mx\/wp-content\/uploads\/sites\/13\/2024\/06\/GUCCI-x-HEAD-BAG_003-450x450.jpg\" alt=\"\" width=\"450\" height=\"450\" srcset=\"https:\/\/graziamagazine.com\/mx\/wp-content\/uploads\/sites\/13\/2024\/06\/GUCCI-x-HEAD-BAG_003-450x450.jpg 450w, https:\/\/graziamagazine.com\/mx\/wp-content\/uploads\/sites\/13\/2024\/06\/GUCCI-x-HEAD-BAG_003-150x150.jpg 150w, https:\/\/graziamagazine.com\/mx\/wp-content\/uploads\/sites\/13\/2024\/06\/GUCCI-x-HEAD-BAG_003-400x400.jpg 400w, https:\/\/graziamagazine.com\/mx\/wp-content\/uploads\/sites\/13\/2024\/06\/GUCCI-x-HEAD-BAG_003-155x155.jpg 155w, https:\/\/graziamagazine.com\/mx\/wp-content\/uploads\/sites\/13\/2024\/06\/GUCCI-x-HEAD-BAG_003.jpg 709w\" sizes=\"(max-width: 450px) 100vw, 450px\" \/><\/p>\n<p><span style=\"font-weight: 400\">Jannik Sinner usar\u00e1 el bolso personalizada en los siguientes torneos de esta temporada.<\/span><\/p>\n","protected":false},"author":11628,"featured_media":137888,"template":"","format":"standard","categories":[13540,4],"acf":[],"yoast_head":"<!-- This site is optimized with the Yoast SEO Premium plugin v18.5 (Yoast SEO v20.4) - https:\/\/yoast.com\/wordpress\/plugins\/seo\/ -->\n<title>La colaboraci\u00f3n entre Gucci y Head en Roland Garros | Grazia M\u00e9xico y Latinoam\u00e9rica<\/title>\n<meta name=\"description\" content=\"Gucci, en colaboraci\u00f3n con Head, ha presentado una nueva bolsa personalizada para el embajador global de la marca, el tenista italiano Jannik Sinner. El\" \/>\n<meta name=\"robots\" content=\"index, follow, max-snippet:-1, max-image-preview:large, max-video-preview:-1\" \/>\n<link rel=\"canonical\" href=\"https:\/\/graziamagazine.com\/mx\/articles\/la-colaboracion-entre-gucci-y-head-en-roland-garros\/\" \/>\n<meta property=\"og:locale\" content=\"es_MX\" \/>\n<meta property=\"og:type\" content=\"article\" \/>\n<meta property=\"og:title\" content=\"La colaboraci\u00f3n entre Gucci y Head en Roland Garros\" \/>\n<meta property=\"og:description\" content=\"Gucci, en colaboraci\u00f3n con Head, ha presentado una nueva bolsa personalizada para el embajador global de la marca, el tenista italiano Jannik Sinner. El\" \/>\n<meta property=\"og:url\" content=\"https:\/\/graziamagazine.com\/mx\/articles\/la-colaboracion-entre-gucci-y-head-en-roland-garros\/\" \/>\n<meta property=\"og:site_name\" content=\"Grazia M\u00e9xico y Latinoam\u00e9rica\" \/>\n<meta property=\"article:modified_time\" content=\"2024-06-06T20:18:18+00:00\" \/>\n<meta property=\"og:image\" content=\"https:\/\/graziamagazine.com\/mx\/wp-content\/uploads\/sites\/13\/2024\/06\/GUCCI-x-HEAD-BAG_004.jpg\" \/>\n\t<meta property=\"og:image:width\" content=\"709\" \/>\n\t<meta property=\"og:image:height\" content=\"709\" \/>\n\t<meta property=\"og:image:type\" content=\"image\/jpeg\" \/>\n<meta name=\"twitter:card\" content=\"summary_large_image\" \/>\n<meta name=\"twitter:label1\" content=\"Est. reading time\" \/>\n\t<meta name=\"twitter:data1\" content=\"3 minutos\" \/>\n<script type=\"application\/ld+json\" class=\"yoast-schema-graph\">{\"@context\":\"https:\/\/schema.org\",\"@graph\":[{\"@type\":\"WebPage\",\"@id\":\"https:\/\/graziamagazine.com\/mx\/articles\/la-colaboracion-entre-gucci-y-head-en-roland-garros\/\",\"url\":\"https:\/\/graziamagazine.com\/mx\/articles\/la-colaboracion-entre-gucci-y-head-en-roland-garros\/\",\"name\":\"La colaboraci\u00f3n entre Gucci y Head en Roland Garros | Grazia M\u00e9xico y Latinoam\u00e9rica\",\"isPartOf\":{\"@id\":\"https:\/\/graziamagazine.com\/mx\/#website\"},\"datePublished\":\"2024-06-06T20:15:34+00:00\",\"dateModified\":\"2024-06-06T20:18:18+00:00\",\"description\":\"Gucci, en colaboraci\u00f3n con Head, ha presentado una nueva bolsa personalizada para el embajador global de la marca, el tenista italiano Jannik Sinner. El\",\"breadcrumb\":{\"@id\":\"https:\/\/graziamagazine.com\/mx\/articles\/la-colaboracion-entre-gucci-y-head-en-roland-garros\/#breadcrumb\"},\"inLanguage\":\"es-MX\",\"potentialAction\":[{\"@type\":\"ReadAction\",\"target\":[\"https:\/\/graziamagazine.com\/mx\/articles\/la-colaboracion-entre-gucci-y-head-en-roland-garros\/\"]}]},{\"@type\":\"BreadcrumbList\",\"@id\":\"https:\/\/graziamagazine.com\/mx\/articles\/la-colaboracion-entre-gucci-y-head-en-roland-garros\/#breadcrumb\",\"itemListElement\":[{\"@type\":\"ListItem\",\"position\":1,\"name\":\"Home\",\"item\":\"https:\/\/graziamagazine.com\/mx\/\"},{\"@type\":\"ListItem\",\"position\":2,\"name\":\"La colaboraci\u00f3n entre Gucci y Head en Roland Garros\"}]},{\"@type\":\"WebSite\",\"@id\":\"https:\/\/graziamagazine.com\/mx\/#website\",\"url\":\"https:\/\/graziamagazine.com\/mx\/\",\"name\":\"Grazia M\u00e9xico y Latinoam\u00e9rica\",\"description\":\"Grazia es moda, belleza y noticias  de actualidad \",\"potentialAction\":[{\"@type\":\"SearchAction\",\"target\":{\"@type\":\"EntryPoint\",\"urlTemplate\":\"https:\/\/graziamagazine.com\/mx\/?s={search_term_string}\"},\"query-input\":\"required name=search_term_string\"}],\"inLanguage\":\"es-MX\"}]}<\/script>\n<!-- \/ Yoast SEO Premium plugin. -->","yoast_head_json":{"title":"La colaboraci\u00f3n entre Gucci y Head en Roland Garros | Grazia M\u00e9xico y Latinoam\u00e9rica","description":"Gucci, en colaboraci\u00f3n con Head, ha presentado una nueva bolsa personalizada para el embajador global de la marca, el tenista italiano Jannik Sinner. El","robots":{"index":"index","follow":"follow","max-snippet":"max-snippet:-1","max-image-preview":"max-image-preview:large","max-video-preview":"max-video-preview:-1"},"canonical":"https:\/\/graziamagazine.com\/mx\/articles\/la-colaboracion-entre-gucci-y-head-en-roland-garros\/","og_locale":"es_MX","og_type":"article","og_title":"La colaboraci\u00f3n entre Gucci y Head en Roland Garros","og_description":"Gucci, en colaboraci\u00f3n con Head, ha presentado una nueva bolsa personalizada para el embajador global de la marca, el tenista italiano Jannik Sinner. El","og_url":"https:\/\/graziamagazine.com\/mx\/articles\/la-colaboracion-entre-gucci-y-head-en-roland-garros\/","og_site_name":"Grazia M\u00e9xico y Latinoam\u00e9rica","article_modified_time":"2024-06-06T20:18:18+00:00","og_image":[{"width":709,"height":709,"url":"https:\/\/graziamagazine.com\/mx\/wp-content\/uploads\/sites\/13\/2024\/06\/GUCCI-x-HEAD-BAG_004.jpg","type":"image\/jpeg"}],"twitter_card":"summary_large_image","twitter_misc":{"Est. reading time":"3 minutos"},"schema":{"@context":"https:\/\/schema.org","@graph":[{"@type":"WebPage","@id":"https:\/\/graziamagazine.com\/mx\/articles\/la-colaboracion-entre-gucci-y-head-en-roland-garros\/","url":"https:\/\/graziamagazine.com\/mx\/articles\/la-colaboracion-entre-gucci-y-head-en-roland-garros\/","name":"La colaboraci\u00f3n entre Gucci y Head en Roland Garros | Grazia M\u00e9xico y Latinoam\u00e9rica","isPartOf":{"@id":"https:\/\/graziamagazine.com\/mx\/#website"},"datePublished":"2024-06-06T20:15:34+00:00","dateModified":"2024-06-06T20:18:18+00:00","description":"Gucci, en colaboraci\u00f3n con Head, ha presentado una nueva bolsa personalizada para el embajador global de la marca, el tenista italiano Jannik Sinner. El","breadcrumb":{"@id":"https:\/\/graziamagazine.com\/mx\/articles\/la-colaboracion-entre-gucci-y-head-en-roland-garros\/#breadcrumb"},"inLanguage":"es-MX","potentialAction":[{"@type":"ReadAction","target":["https:\/\/graziamagazine.com\/mx\/articles\/la-colaboracion-entre-gucci-y-head-en-roland-garros\/"]}]},{"@type":"BreadcrumbList","@id":"https:\/\/graziamagazine.com\/mx\/articles\/la-colaboracion-entre-gucci-y-head-en-roland-garros\/#breadcrumb","itemListElement":[{"@type":"ListItem","position":1,"name":"Home","item":"https:\/\/graziamagazine.com\/mx\/"},{"@type":"ListItem","position":2,"name":"La colaboraci\u00f3n entre Gucci y Head en Roland Garros"}]},{"@type":"WebSite","@id":"https:\/\/graziamagazine.com\/mx\/#website","url":"https:\/\/graziamagazine.com\/mx\/","name":"Grazia M\u00e9xico y Latinoam\u00e9rica","description":"Grazia es moda, belleza y noticias  de actualidad ","potentialAction":[{"@type":"SearchAction","target":{"@type":"EntryPoint","urlTemplate":"https:\/\/graziamagazine.com\/mx\/?s={search_term_string}"},"query-input":"required name=search_term_string"}],"inLanguage":"es-MX"}]}},"jetpack_sharing_enabled":true,"distributor_meta":false,"distributor_terms":false,"distributor_media":false,"distributor_original_site_name":"Grazia M\u00e9xico y Latinoam\u00e9rica","distributor_original_site_url":"https:\/\/graziamagazine.com\/mx","push-errors":false,"_links":{"self":[{"href":"https:\/\/graziamagazine.com\/mx\/wp-json\/wp\/v2\/articles\/137883"}],"collection":[{"href":"https:\/\/graziamagazine.com\/mx\/wp-json\/wp\/v2\/articles"}],"about":[{"href":"https:\/\/graziamagazine.com\/mx\/wp-json\/wp\/v2\/types\/articles"}],"author":[{"embeddable":true,"href":"https:\/\/graziamagazine.com\/mx\/wp-json\/wp\/v2\/users\/11628"}],"wp:featuredmedia":[{"embeddable":true,"href":"https:\/\/graziamagazine.com\/mx\/wp-json\/wp\/v2\/media\/137888"}],"wp:attachment":[{"href":"https:\/\/graziamagazine.com\/mx\/wp-json\/wp\/v2\/media?parent=137883"}],"wp:term":[{"taxonomy":"category","embeddable":true,"href":"https:\/\/graziamagazine.com\/mx\/wp-json\/wp\/v2\/categories?post=137883"}],"curies":[{"name":"wp","href":"https:\/\/api.w.org\/{rel}","templated":true}]}}