{"id":137879,"date":"2024-06-06T14:46:03","date_gmt":"2024-06-06T19:46:03","guid":{"rendered":"https:\/\/graziamagazine.com\/mx\/?post_type=articles&#038;p=137879"},"modified":"2024-06-06T14:48:48","modified_gmt":"2024-06-06T19:48:48","slug":"hay-un-romance-entre-demi-moore-y-joe-jonas","status":"publish","type":"articles","link":"https:\/\/graziamagazine.com\/mx\/articles\/hay-un-romance-entre-demi-moore-y-joe-jonas\/","title":{"rendered":"\u00bfHay un romance entre Demi Moore y Joe Jonas?"},"content":{"rendered":"<p><span style=\"font-weight: 400\"><strong>Demi Moore<\/strong> &#8211; y su perrito Pilaf &#8211; conquistaron <strong>Cannes<\/strong> con el estreno de la pel\u00edcula <em><strong>The Substance<\/strong> <\/em>que ella protagoniza, y como presentadora de la Gala amfAR, pero ahora la actriz est\u00e1 provocando rumores de romance con otro famoso recientemente soltero y considerablemente m\u00e1s joven que ella.<\/span><\/p>\n<p><span style=\"font-weight: 400\">Nos referimos a<strong> Joe Jonas.<\/strong><\/span><\/p>\n<p><span style=\"font-weight: 400\">De acuerdo con informaci\u00f3n y fotograf\u00edas publicadas en <em>Page Six<\/em>, las celebridades fueron vistas disfrutando de un almuerzo al aire libre en el <strong>Hotel du Cap-Eden-Roc<\/strong>, en la ciudad costera. A pesar de tener lentes de sol, ambos rostros y expresiones se ve\u00edan felices de estar juntos, lanz\u00e1ndose miradas coquetas.<\/span><\/p>\n<p><img loading=\"lazy\" decoding=\"async\" class=\"alignnone size-full wp-image-137882\" src=\"https:\/\/graziamagazine.com\/mx\/wp-content\/uploads\/sites\/13\/2024\/06\/Captura-de-Pantalla-2024-06-06-a-las-13.23.49.png\" alt=\"\" width=\"408\" height=\"225\" srcset=\"https:\/\/graziamagazine.com\/mx\/wp-content\/uploads\/sites\/13\/2024\/06\/Captura-de-Pantalla-2024-06-06-a-las-13.23.49.png 408w, https:\/\/graziamagazine.com\/mx\/wp-content\/uploads\/sites\/13\/2024\/06\/Captura-de-Pantalla-2024-06-06-a-las-13.23.49-400x221.png 400w, https:\/\/graziamagazine.com\/mx\/wp-content\/uploads\/sites\/13\/2024\/06\/Captura-de-Pantalla-2024-06-06-a-las-13.23.49-155x85.png 155w\" sizes=\"(max-width: 408px) 100vw, 408px\" \/><\/p>\n<p><span style=\"font-weight: 400\">&#8220;Demi y Joe han entablado una amistad&#8221;, comparti\u00f3 una fuente cercana a ellos. &#8220;Tienen amigos en com\u00fan y se unieron&#8221;. De acuerdo con la publicaci\u00f3n, esos amigos en com\u00fan son el estilista de Moore, <strong>Brad Goreski, y su manager, Jason Weinberg.<\/strong><\/span><\/p>\n<p><span style=\"font-weight: 400\">Una segunda fuente a\u00f1adi\u00f3 que la situaci\u00f3n entre ellos &#8220;se est\u00e1 poniendo rom\u00e1ntica&#8221;.<\/span><\/p>\n<p><span style=\"font-weight: 400\">Joe Jonas y su ex, la actriz <strong>Sophie Turner<\/strong>, solicitaron el divorcio en septiembre de 2023. Desde esa ruptura de alto perfil, que incluy\u00f3 una tormenta medi\u00e1tica que involucr\u00f3 batallas por la custodia de los hijos, y Sophie se fuera a la casa de su amiga <strong>Taylor Swift<\/strong> en Nueva York, Joe hab\u00eda estado vinculado a la actriz <strong>Stormi Bree<\/strong>, pero esa relaci\u00f3n de corta duraci\u00f3n solo dur\u00f3 cinco meses.<\/span><\/p>\n<p><img loading=\"lazy\" decoding=\"async\" class=\"alignnone size-medium wp-image-137880\" src=\"https:\/\/graziamagazine.com\/mx\/wp-content\/uploads\/sites\/13\/2024\/06\/Captura-de-Pantalla-2024-06-06-a-las-13.24.17-450x297.png\" alt=\"\" width=\"450\" height=\"297\" srcset=\"https:\/\/graziamagazine.com\/mx\/wp-content\/uploads\/sites\/13\/2024\/06\/Captura-de-Pantalla-2024-06-06-a-las-13.24.17-450x297.png 450w, https:\/\/graziamagazine.com\/mx\/wp-content\/uploads\/sites\/13\/2024\/06\/Captura-de-Pantalla-2024-06-06-a-las-13.24.17-400x264.png 400w, https:\/\/graziamagazine.com\/mx\/wp-content\/uploads\/sites\/13\/2024\/06\/Captura-de-Pantalla-2024-06-06-a-las-13.24.17-155x102.png 155w, https:\/\/graziamagazine.com\/mx\/wp-content\/uploads\/sites\/13\/2024\/06\/Captura-de-Pantalla-2024-06-06-a-las-13.24.17.png 454w\" sizes=\"(max-width: 450px) 100vw, 450px\" \/><\/p>\n<p><span style=\"font-weight: 400\">Demi, por su parte, ha mantenido su vida rom\u00e1ntica fuera del foco de atenci\u00f3n desde su divorcio de <strong>Ashton Kutcher<\/strong>, en 2011.<\/span><\/p>\n","protected":false},"author":11628,"featured_media":137881,"template":"","format":"standard","categories":[2],"acf":[],"yoast_head":"<!-- This site is optimized with the Yoast SEO Premium plugin v18.5 (Yoast SEO v20.4) - https:\/\/yoast.com\/wordpress\/plugins\/seo\/ -->\n<title>\u00bfHay un romance entre Demi Moore y Joe Jonas? | Grazia M\u00e9xico y Latinoam\u00e9rica<\/title>\n<meta name=\"description\" content=\"Demi Moore - y su perrito Pilaf - conquistaron Cannes con el estreno de la pel\u00edcula The Substance que ella protagoniza, y como presentadora de la Gala\" \/>\n<meta name=\"robots\" content=\"index, follow, max-snippet:-1, max-image-preview:large, max-video-preview:-1\" \/>\n<link rel=\"canonical\" href=\"https:\/\/graziamagazine.com\/mx\/articles\/hay-un-romance-entre-demi-moore-y-joe-jonas\/\" \/>\n<meta property=\"og:locale\" content=\"es_MX\" \/>\n<meta property=\"og:type\" content=\"article\" \/>\n<meta property=\"og:title\" content=\"\u00bfHay un romance entre Demi Moore y Joe Jonas?\" \/>\n<meta property=\"og:description\" content=\"Demi Moore - y su perrito Pilaf - conquistaron Cannes con el estreno de la pel\u00edcula The Substance que ella protagoniza, y como presentadora de la Gala\" \/>\n<meta property=\"og:url\" content=\"https:\/\/graziamagazine.com\/mx\/articles\/hay-un-romance-entre-demi-moore-y-joe-jonas\/\" \/>\n<meta property=\"og:site_name\" content=\"Grazia M\u00e9xico y Latinoam\u00e9rica\" \/>\n<meta property=\"article:modified_time\" content=\"2024-06-06T19:48:48+00:00\" \/>\n<meta property=\"og:image\" content=\"https:\/\/graziamagazine.com\/mx\/wp-content\/uploads\/sites\/13\/2024\/06\/Captura-de-Pantalla-2024-06-06-a-las-13.23.59.png\" \/>\n\t<meta property=\"og:image:width\" content=\"472\" \/>\n\t<meta property=\"og:image:height\" content=\"281\" \/>\n\t<meta property=\"og:image:type\" content=\"image\/png\" \/>\n<meta name=\"twitter:card\" content=\"summary_large_image\" \/>\n<meta name=\"twitter:label1\" content=\"Est. reading time\" \/>\n\t<meta name=\"twitter:data1\" content=\"2 minutos\" \/>\n<script type=\"application\/ld+json\" class=\"yoast-schema-graph\">{\"@context\":\"https:\/\/schema.org\",\"@graph\":[{\"@type\":\"WebPage\",\"@id\":\"https:\/\/graziamagazine.com\/mx\/articles\/hay-un-romance-entre-demi-moore-y-joe-jonas\/\",\"url\":\"https:\/\/graziamagazine.com\/mx\/articles\/hay-un-romance-entre-demi-moore-y-joe-jonas\/\",\"name\":\"\u00bfHay un romance entre Demi Moore y Joe Jonas? | Grazia M\u00e9xico y Latinoam\u00e9rica\",\"isPartOf\":{\"@id\":\"https:\/\/graziamagazine.com\/mx\/#website\"},\"datePublished\":\"2024-06-06T19:46:03+00:00\",\"dateModified\":\"2024-06-06T19:48:48+00:00\",\"description\":\"Demi Moore - y su perrito Pilaf - conquistaron Cannes con el estreno de la pel\u00edcula The Substance que ella protagoniza, y como presentadora de la Gala\",\"breadcrumb\":{\"@id\":\"https:\/\/graziamagazine.com\/mx\/articles\/hay-un-romance-entre-demi-moore-y-joe-jonas\/#breadcrumb\"},\"inLanguage\":\"es-MX\",\"potentialAction\":[{\"@type\":\"ReadAction\",\"target\":[\"https:\/\/graziamagazine.com\/mx\/articles\/hay-un-romance-entre-demi-moore-y-joe-jonas\/\"]}]},{\"@type\":\"BreadcrumbList\",\"@id\":\"https:\/\/graziamagazine.com\/mx\/articles\/hay-un-romance-entre-demi-moore-y-joe-jonas\/#breadcrumb\",\"itemListElement\":[{\"@type\":\"ListItem\",\"position\":1,\"name\":\"Home\",\"item\":\"https:\/\/graziamagazine.com\/mx\/\"},{\"@type\":\"ListItem\",\"position\":2,\"name\":\"\u00bfHay un romance entre Demi Moore y Joe Jonas?\"}]},{\"@type\":\"WebSite\",\"@id\":\"https:\/\/graziamagazine.com\/mx\/#website\",\"url\":\"https:\/\/graziamagazine.com\/mx\/\",\"name\":\"Grazia M\u00e9xico y Latinoam\u00e9rica\",\"description\":\"Grazia es moda, belleza y noticias  de actualidad \",\"potentialAction\":[{\"@type\":\"SearchAction\",\"target\":{\"@type\":\"EntryPoint\",\"urlTemplate\":\"https:\/\/graziamagazine.com\/mx\/?s={search_term_string}\"},\"query-input\":\"required name=search_term_string\"}],\"inLanguage\":\"es-MX\"}]}<\/script>\n<!-- \/ Yoast SEO Premium plugin. -->","yoast_head_json":{"title":"\u00bfHay un romance entre Demi Moore y Joe Jonas? | Grazia M\u00e9xico y Latinoam\u00e9rica","description":"Demi Moore - y su perrito Pilaf - conquistaron Cannes con el estreno de la pel\u00edcula The Substance que ella protagoniza, y como presentadora de la Gala","robots":{"index":"index","follow":"follow","max-snippet":"max-snippet:-1","max-image-preview":"max-image-preview:large","max-video-preview":"max-video-preview:-1"},"canonical":"https:\/\/graziamagazine.com\/mx\/articles\/hay-un-romance-entre-demi-moore-y-joe-jonas\/","og_locale":"es_MX","og_type":"article","og_title":"\u00bfHay un romance entre Demi Moore y Joe Jonas?","og_description":"Demi Moore - y su perrito Pilaf - conquistaron Cannes con el estreno de la pel\u00edcula The Substance que ella protagoniza, y como presentadora de la Gala","og_url":"https:\/\/graziamagazine.com\/mx\/articles\/hay-un-romance-entre-demi-moore-y-joe-jonas\/","og_site_name":"Grazia M\u00e9xico y Latinoam\u00e9rica","article_modified_time":"2024-06-06T19:48:48+00:00","og_image":[{"width":472,"height":281,"url":"https:\/\/graziamagazine.com\/mx\/wp-content\/uploads\/sites\/13\/2024\/06\/Captura-de-Pantalla-2024-06-06-a-las-13.23.59.png","type":"image\/png"}],"twitter_card":"summary_large_image","twitter_misc":{"Est. reading time":"2 minutos"},"schema":{"@context":"https:\/\/schema.org","@graph":[{"@type":"WebPage","@id":"https:\/\/graziamagazine.com\/mx\/articles\/hay-un-romance-entre-demi-moore-y-joe-jonas\/","url":"https:\/\/graziamagazine.com\/mx\/articles\/hay-un-romance-entre-demi-moore-y-joe-jonas\/","name":"\u00bfHay un romance entre Demi Moore y Joe Jonas? | Grazia M\u00e9xico y Latinoam\u00e9rica","isPartOf":{"@id":"https:\/\/graziamagazine.com\/mx\/#website"},"datePublished":"2024-06-06T19:46:03+00:00","dateModified":"2024-06-06T19:48:48+00:00","description":"Demi Moore - y su perrito Pilaf - conquistaron Cannes con el estreno de la pel\u00edcula The Substance que ella protagoniza, y como presentadora de la Gala","breadcrumb":{"@id":"https:\/\/graziamagazine.com\/mx\/articles\/hay-un-romance-entre-demi-moore-y-joe-jonas\/#breadcrumb"},"inLanguage":"es-MX","potentialAction":[{"@type":"ReadAction","target":["https:\/\/graziamagazine.com\/mx\/articles\/hay-un-romance-entre-demi-moore-y-joe-jonas\/"]}]},{"@type":"BreadcrumbList","@id":"https:\/\/graziamagazine.com\/mx\/articles\/hay-un-romance-entre-demi-moore-y-joe-jonas\/#breadcrumb","itemListElement":[{"@type":"ListItem","position":1,"name":"Home","item":"https:\/\/graziamagazine.com\/mx\/"},{"@type":"ListItem","position":2,"name":"\u00bfHay un romance entre Demi Moore y Joe Jonas?"}]},{"@type":"WebSite","@id":"https:\/\/graziamagazine.com\/mx\/#website","url":"https:\/\/graziamagazine.com\/mx\/","name":"Grazia M\u00e9xico y Latinoam\u00e9rica","description":"Grazia es moda, belleza y noticias  de actualidad ","potentialAction":[{"@type":"SearchAction","target":{"@type":"EntryPoint","urlTemplate":"https:\/\/graziamagazine.com\/mx\/?s={search_term_string}"},"query-input":"required name=search_term_string"}],"inLanguage":"es-MX"}]}},"jetpack_sharing_enabled":true,"distributor_meta":false,"distributor_terms":false,"distributor_media":false,"distributor_original_site_name":"Grazia M\u00e9xico y Latinoam\u00e9rica","distributor_original_site_url":"https:\/\/graziamagazine.com\/mx","push-errors":false,"_links":{"self":[{"href":"https:\/\/graziamagazine.com\/mx\/wp-json\/wp\/v2\/articles\/137879"}],"collection":[{"href":"https:\/\/graziamagazine.com\/mx\/wp-json\/wp\/v2\/articles"}],"about":[{"href":"https:\/\/graziamagazine.com\/mx\/wp-json\/wp\/v2\/types\/articles"}],"author":[{"embeddable":true,"href":"https:\/\/graziamagazine.com\/mx\/wp-json\/wp\/v2\/users\/11628"}],"wp:featuredmedia":[{"embeddable":true,"href":"https:\/\/graziamagazine.com\/mx\/wp-json\/wp\/v2\/media\/137881"}],"wp:attachment":[{"href":"https:\/\/graziamagazine.com\/mx\/wp-json\/wp\/v2\/media?parent=137879"}],"wp:term":[{"taxonomy":"category","embeddable":true,"href":"https:\/\/graziamagazine.com\/mx\/wp-json\/wp\/v2\/categories?post=137879"}],"curies":[{"name":"wp","href":"https:\/\/api.w.org\/{rel}","templated":true}]}}