{"id":137828,"date":"2024-06-05T11:51:52","date_gmt":"2024-06-05T16:51:52","guid":{"rendered":"https:\/\/graziamagazine.com\/mx\/?post_type=articles&#038;p=137828"},"modified":"2024-06-05T11:59:49","modified_gmt":"2024-06-05T16:59:49","slug":"adele-equivoca-arremete-fan-pleno-concierto","status":"publish","type":"articles","link":"https:\/\/graziamagazine.com\/mx\/articles\/adele-equivoca-arremete-fan-pleno-concierto\/","title":{"rendered":"Adele se equivoca y arremete contra fan en pleno concierto"},"content":{"rendered":"<p>No fue una buena noche para <strong>Adele<\/strong> quien arremeti\u00f3 contra un fan el pasado s\u00e1bado en su concierto de <strong>Las Vegas<\/strong> cuando pens\u00f3 que grit\u00f3 \u201cel orgullo apesta\u201d.<\/p>\n<p>&#8220;\u00bfQu\u00e9 fue eso? \u00bfAcabas de decir &#8216;El orgullo apesta&#8217;?&#8221;, pregunt\u00f3 la cantante desde el escenario. &#8220;\u00bfViniste a mi maldito show y simplemente dijiste que el orgullo apesta? \u00bfEres jodidamente <strong>est\u00fapido<\/strong>? No seas tan jodidamente rid\u00edculo&#8221;, asegur\u00f3.<\/p>\n<p>\u201cSi no tienes nada bueno que decir, c\u00e1llate, \u00bfde acuerdo?&#8221;, remat\u00f3 la cantante.<\/p>\n<p>Pero Adele no par\u00f3 ah\u00ed, m\u00e1s adelante hubo <strong>otro video<\/strong> donde se ve a la cantante felicitar a los asistentes por el mes del orgullo y vuelve a arremeter contra el fan\u00e1tico que grit\u00f3 en su concierto.<\/p>\n<p>\u201cFeliz Orgullo\u201d, dijo Adele y la audiencia estall\u00f3 en gritos. Despu\u00e9s se\u00f1al\u00f3 en direcci\u00f3n del hombre y le dijo, &#8220;Pero <strong>no para ti<\/strong>&#8220;.<\/p>\n<p>Sin embargo, el asistente grit\u00f3 \u201c<strong>el<\/strong> <strong>trabajo apesta<\/strong>\u201d como se pudo ver en un video posterior que fue difundido por los mismos fan\u00e1ticos de la cantante que estaban cerca del hombre en cuesti\u00f3n.<\/p>\n<figure id=\"attachment_137830\" aria-describedby=\"caption-attachment-137830\" style=\"width: 420px\" class=\"wp-caption alignnone\"><img loading=\"lazy\" decoding=\"async\" class=\"size-full wp-image-137830\" src=\"https:\/\/graziamagazine.com\/mx\/wp-content\/uploads\/sites\/13\/2024\/06\/WhatsApp-Image-2024-06-05-at-10.51.09-AM.jpeg\" alt=\"\" width=\"420\" height=\"230\" srcset=\"https:\/\/graziamagazine.com\/mx\/wp-content\/uploads\/sites\/13\/2024\/06\/WhatsApp-Image-2024-06-05-at-10.51.09-AM.jpeg 420w, https:\/\/graziamagazine.com\/mx\/wp-content\/uploads\/sites\/13\/2024\/06\/WhatsApp-Image-2024-06-05-at-10.51.09-AM-400x219.jpeg 400w, https:\/\/graziamagazine.com\/mx\/wp-content\/uploads\/sites\/13\/2024\/06\/WhatsApp-Image-2024-06-05-at-10.51.09-AM-155x85.jpeg 155w\" sizes=\"(max-width: 420px) 100vw, 420px\" \/><figcaption id=\"caption-attachment-137830\" class=\"wp-caption-text\">Instagram<\/figcaption><\/figure>\n<p>&#8220;Odio defender a un hombre, pero el tipo estaba detr\u00e1s de m\u00ed y dijo &#8216;el trabajo apesta&#8217;, no &#8216;el orgullo apesta'&#8221;, dijo el usuario de X.<\/p>\n<p>No es la primera vez que la cantante <strong>detiene sus conciertos<\/strong> para dar opiniones sobre lo que sucede en la audiencia. En julio, critic\u00f3 la tendencia de los fan\u00e1ticos a arrojar objetos al escenario durante los conciertos.<\/p>\n<p>Despu\u00e9s arremeti\u00f3 contra un guardia de seguridad por &#8220;molestar&#8221; a un joven que estaba de pie durante el espect\u00e1culo. &#8220;D\u00e9jenlo en paz&#8221;, les dijo a los guardias con firmeza.<\/p>\n<p>Previo al Super Bowl pasado le envi\u00f3 un mensaje a los <strong>fan\u00e1ticos de la NFL<\/strong> que no est\u00e1n de acuerdo con Taylor Swift asistiera a los partidos y dijo &#8220;consigan una vida&#8221;.<\/p>\n<p>Adele se encuentra en la estad\u00eda Weekends With Adele en el Coliseo del Hotel Caesars Palace y se espera que continue hasta noviembre 2024.<\/p>\n","protected":false},"author":36289,"featured_media":137829,"template":"","format":"standard","categories":[114],"acf":[],"yoast_head":"<!-- This site is optimized with the Yoast SEO Premium plugin v18.5 (Yoast SEO v20.4) - https:\/\/yoast.com\/wordpress\/plugins\/seo\/ -->\n<title>Adele se equivoca y arremete contra fan en pleno concierto | Grazia M\u00e9xico y Latinoam\u00e9rica<\/title>\n<meta name=\"description\" content=\"No fue una buena noche para Adele quien arremeti\u00f3 contra un fan el pasado s\u00e1bado en su concierto de Las Vegas cuando pens\u00f3 que grit\u00f3 \u201cel orgullo apesta\u201d.\" \/>\n<meta name=\"robots\" content=\"index, follow, max-snippet:-1, max-image-preview:large, max-video-preview:-1\" \/>\n<link rel=\"canonical\" href=\"https:\/\/graziamagazine.com\/mx\/articles\/adele-equivoca-arremete-fan-pleno-concierto\/\" \/>\n<meta property=\"og:locale\" content=\"es_MX\" \/>\n<meta property=\"og:type\" content=\"article\" \/>\n<meta property=\"og:title\" content=\"Adele se equivoca y arremete contra fan en pleno concierto\" \/>\n<meta property=\"og:description\" content=\"No fue una buena noche para Adele quien arremeti\u00f3 contra un fan el pasado s\u00e1bado en su concierto de Las Vegas cuando pens\u00f3 que grit\u00f3 \u201cel orgullo apesta\u201d.\" \/>\n<meta property=\"og:url\" content=\"https:\/\/graziamagazine.com\/mx\/articles\/adele-equivoca-arremete-fan-pleno-concierto\/\" \/>\n<meta property=\"og:site_name\" content=\"Grazia M\u00e9xico y Latinoam\u00e9rica\" \/>\n<meta property=\"article:modified_time\" content=\"2024-06-05T16:59:49+00:00\" \/>\n<meta property=\"og:image\" content=\"https:\/\/graziamagazine.com\/mx\/wp-content\/uploads\/sites\/13\/2024\/06\/WhatsApp-Image-2024-06-05-at-10.51.13-AM-e1717606626687.jpeg\" \/>\n\t<meta property=\"og:image:width\" content=\"1280\" \/>\n\t<meta property=\"og:image:height\" content=\"720\" \/>\n\t<meta property=\"og:image:type\" content=\"image\/jpeg\" \/>\n<meta name=\"twitter:card\" content=\"summary_large_image\" \/>\n<meta name=\"twitter:label1\" content=\"Est. reading time\" \/>\n\t<meta name=\"twitter:data1\" content=\"2 minutos\" \/>\n<script type=\"application\/ld+json\" class=\"yoast-schema-graph\">{\"@context\":\"https:\/\/schema.org\",\"@graph\":[{\"@type\":\"WebPage\",\"@id\":\"https:\/\/graziamagazine.com\/mx\/articles\/adele-equivoca-arremete-fan-pleno-concierto\/\",\"url\":\"https:\/\/graziamagazine.com\/mx\/articles\/adele-equivoca-arremete-fan-pleno-concierto\/\",\"name\":\"Adele se equivoca y arremete contra fan en pleno concierto | Grazia M\u00e9xico y Latinoam\u00e9rica\",\"isPartOf\":{\"@id\":\"https:\/\/graziamagazine.com\/mx\/#website\"},\"datePublished\":\"2024-06-05T16:51:52+00:00\",\"dateModified\":\"2024-06-05T16:59:49+00:00\",\"description\":\"No fue una buena noche para Adele quien arremeti\u00f3 contra un fan el pasado s\u00e1bado en su concierto de Las Vegas cuando pens\u00f3 que grit\u00f3 \u201cel orgullo apesta\u201d.\",\"breadcrumb\":{\"@id\":\"https:\/\/graziamagazine.com\/mx\/articles\/adele-equivoca-arremete-fan-pleno-concierto\/#breadcrumb\"},\"inLanguage\":\"es-MX\",\"potentialAction\":[{\"@type\":\"ReadAction\",\"target\":[\"https:\/\/graziamagazine.com\/mx\/articles\/adele-equivoca-arremete-fan-pleno-concierto\/\"]}]},{\"@type\":\"BreadcrumbList\",\"@id\":\"https:\/\/graziamagazine.com\/mx\/articles\/adele-equivoca-arremete-fan-pleno-concierto\/#breadcrumb\",\"itemListElement\":[{\"@type\":\"ListItem\",\"position\":1,\"name\":\"Home\",\"item\":\"https:\/\/graziamagazine.com\/mx\/\"},{\"@type\":\"ListItem\",\"position\":2,\"name\":\"Adele se equivoca y arremete contra fan en pleno concierto\"}]},{\"@type\":\"WebSite\",\"@id\":\"https:\/\/graziamagazine.com\/mx\/#website\",\"url\":\"https:\/\/graziamagazine.com\/mx\/\",\"name\":\"Grazia M\u00e9xico y Latinoam\u00e9rica\",\"description\":\"Grazia es moda, belleza y noticias  de actualidad \",\"potentialAction\":[{\"@type\":\"SearchAction\",\"target\":{\"@type\":\"EntryPoint\",\"urlTemplate\":\"https:\/\/graziamagazine.com\/mx\/?s={search_term_string}\"},\"query-input\":\"required name=search_term_string\"}],\"inLanguage\":\"es-MX\"}]}<\/script>\n<!-- \/ Yoast SEO Premium plugin. -->","yoast_head_json":{"title":"Adele se equivoca y arremete contra fan en pleno concierto | Grazia M\u00e9xico y Latinoam\u00e9rica","description":"No fue una buena noche para Adele quien arremeti\u00f3 contra un fan el pasado s\u00e1bado en su concierto de Las Vegas cuando pens\u00f3 que grit\u00f3 \u201cel orgullo apesta\u201d.","robots":{"index":"index","follow":"follow","max-snippet":"max-snippet:-1","max-image-preview":"max-image-preview:large","max-video-preview":"max-video-preview:-1"},"canonical":"https:\/\/graziamagazine.com\/mx\/articles\/adele-equivoca-arremete-fan-pleno-concierto\/","og_locale":"es_MX","og_type":"article","og_title":"Adele se equivoca y arremete contra fan en pleno concierto","og_description":"No fue una buena noche para Adele quien arremeti\u00f3 contra un fan el pasado s\u00e1bado en su concierto de Las Vegas cuando pens\u00f3 que grit\u00f3 \u201cel orgullo apesta\u201d.","og_url":"https:\/\/graziamagazine.com\/mx\/articles\/adele-equivoca-arremete-fan-pleno-concierto\/","og_site_name":"Grazia M\u00e9xico y Latinoam\u00e9rica","article_modified_time":"2024-06-05T16:59:49+00:00","og_image":[{"width":1280,"height":720,"url":"https:\/\/graziamagazine.com\/mx\/wp-content\/uploads\/sites\/13\/2024\/06\/WhatsApp-Image-2024-06-05-at-10.51.13-AM-e1717606626687.jpeg","type":"image\/jpeg"}],"twitter_card":"summary_large_image","twitter_misc":{"Est. reading time":"2 minutos"},"schema":{"@context":"https:\/\/schema.org","@graph":[{"@type":"WebPage","@id":"https:\/\/graziamagazine.com\/mx\/articles\/adele-equivoca-arremete-fan-pleno-concierto\/","url":"https:\/\/graziamagazine.com\/mx\/articles\/adele-equivoca-arremete-fan-pleno-concierto\/","name":"Adele se equivoca y arremete contra fan en pleno concierto | Grazia M\u00e9xico y Latinoam\u00e9rica","isPartOf":{"@id":"https:\/\/graziamagazine.com\/mx\/#website"},"datePublished":"2024-06-05T16:51:52+00:00","dateModified":"2024-06-05T16:59:49+00:00","description":"No fue una buena noche para Adele quien arremeti\u00f3 contra un fan el pasado s\u00e1bado en su concierto de Las Vegas cuando pens\u00f3 que grit\u00f3 \u201cel orgullo apesta\u201d.","breadcrumb":{"@id":"https:\/\/graziamagazine.com\/mx\/articles\/adele-equivoca-arremete-fan-pleno-concierto\/#breadcrumb"},"inLanguage":"es-MX","potentialAction":[{"@type":"ReadAction","target":["https:\/\/graziamagazine.com\/mx\/articles\/adele-equivoca-arremete-fan-pleno-concierto\/"]}]},{"@type":"BreadcrumbList","@id":"https:\/\/graziamagazine.com\/mx\/articles\/adele-equivoca-arremete-fan-pleno-concierto\/#breadcrumb","itemListElement":[{"@type":"ListItem","position":1,"name":"Home","item":"https:\/\/graziamagazine.com\/mx\/"},{"@type":"ListItem","position":2,"name":"Adele se equivoca y arremete contra fan en pleno concierto"}]},{"@type":"WebSite","@id":"https:\/\/graziamagazine.com\/mx\/#website","url":"https:\/\/graziamagazine.com\/mx\/","name":"Grazia M\u00e9xico y Latinoam\u00e9rica","description":"Grazia es moda, belleza y noticias  de actualidad ","potentialAction":[{"@type":"SearchAction","target":{"@type":"EntryPoint","urlTemplate":"https:\/\/graziamagazine.com\/mx\/?s={search_term_string}"},"query-input":"required name=search_term_string"}],"inLanguage":"es-MX"}]}},"jetpack_sharing_enabled":true,"distributor_meta":false,"distributor_terms":false,"distributor_media":false,"distributor_original_site_name":"Grazia M\u00e9xico y Latinoam\u00e9rica","distributor_original_site_url":"https:\/\/graziamagazine.com\/mx","push-errors":false,"_links":{"self":[{"href":"https:\/\/graziamagazine.com\/mx\/wp-json\/wp\/v2\/articles\/137828"}],"collection":[{"href":"https:\/\/graziamagazine.com\/mx\/wp-json\/wp\/v2\/articles"}],"about":[{"href":"https:\/\/graziamagazine.com\/mx\/wp-json\/wp\/v2\/types\/articles"}],"author":[{"embeddable":true,"href":"https:\/\/graziamagazine.com\/mx\/wp-json\/wp\/v2\/users\/36289"}],"wp:featuredmedia":[{"embeddable":true,"href":"https:\/\/graziamagazine.com\/mx\/wp-json\/wp\/v2\/media\/137829"}],"wp:attachment":[{"href":"https:\/\/graziamagazine.com\/mx\/wp-json\/wp\/v2\/media?parent=137828"}],"wp:term":[{"taxonomy":"category","embeddable":true,"href":"https:\/\/graziamagazine.com\/mx\/wp-json\/wp\/v2\/categories?post=137828"}],"curies":[{"name":"wp","href":"https:\/\/api.w.org\/{rel}","templated":true}]}}