{"id":137647,"date":"2024-05-31T13:13:53","date_gmt":"2024-05-31T18:13:53","guid":{"rendered":"https:\/\/graziamagazine.com\/mx\/?post_type=articles&#038;p=137647"},"modified":"2024-05-31T13:18:17","modified_gmt":"2024-05-31T18:18:17","slug":"lo-que-debes-saber-sobre-the-idea-man-el-nuevo-documental-de-jim-henson-y-los-muppets","status":"publish","type":"articles","link":"https:\/\/graziamagazine.com\/mx\/articles\/lo-que-debes-saber-sobre-the-idea-man-el-nuevo-documental-de-jim-henson-y-los-muppets\/","title":{"rendered":"Lo que debes saber sobre \u2018The Idea Man\u2019 el nuevo documental de Jim Henson y Los Muppets"},"content":{"rendered":"<p><b>Ron Howard<\/b><span style=\"font-weight: 400\">, cuyo \u00faltimo trabajo como director es el documental <\/span><b><i>Jim Henson: The Idea Man<\/i><\/b><span style=\"font-weight: 400\">, ha pasado mucho tiempo inmerso en el mundo de Jim Henson Company y los Muppets, revelando adem\u00e1s cu\u00e1l es su Muppet favorito.<\/span><\/p>\n<p><span style=\"font-weight: 400\">&#8220;Es <\/span><b>Kermit<\/b><span style=\"font-weight: 400\">, lo cual es una respuesta f\u00e1cil&#8221;, dijo Ron en una entrevista. &#8220;Jim se relaciona con Kermit por una serie de razones que me hacen identificarme con Kermit: es un tipo bastante normal que intenta llevarse bien y, sin embargo, est\u00e1 rodeado de un grupo de gente exc\u00e9ntrica y de alto octanaje. Est\u00e1 tratando de ser razonable en un mundo que a veces puede parecer un poco loco. Jim entendi\u00f3 eso, y yo tambi\u00e9n&#8221;.<\/span><\/p>\n<p><span style=\"font-weight: 400\">&#8220;Lo interesante es que Jim era introvertido, pero se volvi\u00f3 extrovertido cuando tuvo que trabajar con un t\u00edtere&#8221;, contin\u00faa Howard. &#8220;Se volvi\u00f3 juguet\u00f3n y m\u00e1s alegre, y pod\u00eda decir cosas m\u00e1s escandalosas. Para m\u00ed, estar en el set y dirigir es cuando me vuelvo extrovertido. Es cuando me abro y me siento m\u00e1s libre para expresarme&#8221;.<\/span><\/p>\n<p><span style=\"font-weight: 400\">Ron Howard conoci\u00f3 personalmente a Jim Henson y su historia mientras montaba The Idea Man, un documental que narra la vida de Henson desde su crianza hasta la creaci\u00f3n de los ic\u00f3nicos personales y su prematura muerte a los 53 a\u00f1os.<\/span><\/p>\n<p><iframe loading=\"lazy\" title=\"Jim Henson Idea Man | Official Trailer | Disney+\" width=\"500\" height=\"281\" src=\"https:\/\/www.youtube.com\/embed\/iyGFV6VIxkI?feature=oembed\" frameborder=\"0\" allow=\"accelerometer; autoplay; clipboard-write; encrypted-media; gyroscope; picture-in-picture; web-share\" referrerpolicy=\"strict-origin-when-cross-origin\" allowfullscreen><\/iframe><\/p>\n<p><span style=\"font-weight: 400\">&#8220;Esta es la historia del origen de todos estos personajes&#8221;, dice Ron sobre la pel\u00edcula que se estrena el <\/span><b>31 de mayo en Disney+.<\/b><span style=\"font-weight: 400\"> &#8220;Kermit comenz\u00f3 como el abrigo de su madre, la tela de un abrigo viejo que ella estaba tirando. Durante mucho tiempo ni siquiera supieron que era una rana. No sab\u00edan qu\u00e9 era. Simplemente se ajustaba a la mano de Jim y Jim pod\u00eda crear reacciones divertidas y el personaje pod\u00eda ser un alter ego para Jim y luego, poco a poco, decidieron que era Kermit la Rana&#8221;.<\/span><\/p>\n<p><span style=\"font-weight: 400\">\u201cHas hecho documentales sobre los <\/span><b>Beatles, Pavarotti y Jos\u00e9 Andr\u00e9s<\/b><span style=\"font-weight: 400\">. \u00bfQu\u00e9 llev\u00f3 a Jim Henson a ser tu siguiente tema?\u201d, le pregunta <\/span><i><span style=\"font-weight: 400\">Entertainment Weekly<\/span><\/i><span style=\"font-weight: 400\"> en una entrevista.<\/span><\/p>\n<p><span style=\"font-weight: 400\">\u201cLa familia estaba sopesando si quer\u00edan o no que sus archivos estuvieran disponibles y aprobar un documental. Aunque ellos mismos son cineastas y productores de televisi\u00f3n, no quer\u00edan hacerlo y por eso buscaban un cineasta. Entr\u00e9 con mucho respeto por Jim Henson y los proyectos que mejor conoc\u00eda, pero no sab\u00eda mucho m\u00e1s. No ten\u00eda idea de la dimensi\u00f3n de su viaje y del camino creativo de su esposa Jane, y de c\u00f3mo sus primeros trabajos experimentales anticiparon tanto a estos personajes y programas ic\u00f3nicos\u201d, respondi\u00f3.<\/span><\/p>\n<p><span style=\"font-weight: 400\">\u201cHay una gran historia de origen creativo que no sab\u00eda que ser\u00eda tan entretenida, fascinante y, en \u00faltima instancia, inspiradora porque vivieron sus vidas totalmente en torno a esta b\u00fasqueda de la realizaci\u00f3n creativa. Y nosotros somos los beneficiarios de eso. Entonces pens\u00e9: \u2018Bueno, este es un perfil de celebridad interesante en el que pensar\u2019. En cambio, fue este viaje con el que pude identificarme. Es diferente al m\u00edo en muchos aspectos, pero reconoc\u00ed este entusiasmo por la creatividad y el deseo de ser lo m\u00e1s productivo posible y me encanta colaborar con la gente\u201d, agreg\u00f3.<\/span><\/p>\n<p><span style=\"font-weight: 400\">Siendo una pel\u00edcula de Ron Howard no dudamos que estar\u00e1 espectacular.<\/span><\/p>\n<p><img loading=\"lazy\" decoding=\"async\" class=\"alignnone size-medium wp-image-137648\" src=\"https:\/\/graziamagazine.com\/mx\/wp-content\/uploads\/sites\/13\/2024\/05\/Captura-de-Pantalla-2024-05-31-a-las-12.16.38-450x262.png\" alt=\"\" width=\"450\" height=\"262\" srcset=\"https:\/\/graziamagazine.com\/mx\/wp-content\/uploads\/sites\/13\/2024\/05\/Captura-de-Pantalla-2024-05-31-a-las-12.16.38-450x262.png 450w, https:\/\/graziamagazine.com\/mx\/wp-content\/uploads\/sites\/13\/2024\/05\/Captura-de-Pantalla-2024-05-31-a-las-12.16.38-400x233.png 400w, https:\/\/graziamagazine.com\/mx\/wp-content\/uploads\/sites\/13\/2024\/05\/Captura-de-Pantalla-2024-05-31-a-las-12.16.38-155x90.png 155w, https:\/\/graziamagazine.com\/mx\/wp-content\/uploads\/sites\/13\/2024\/05\/Captura-de-Pantalla-2024-05-31-a-las-12.16.38.png 521w\" sizes=\"(max-width: 450px) 100vw, 450px\" \/><\/p>\n","protected":false},"author":11628,"featured_media":137649,"template":"","format":"standard","categories":[12832],"acf":[],"yoast_head":"<!-- This site is optimized with the Yoast SEO Premium plugin v18.5 (Yoast SEO v20.4) - https:\/\/yoast.com\/wordpress\/plugins\/seo\/ -->\n<title>Lo que debes saber sobre \u2018The Idea Man\u2019 el nuevo documental de Jim Henson y Los Muppets | Grazia M\u00e9xico y Latinoam\u00e9rica<\/title>\n<meta name=\"description\" content=\"Ron Howard, cuyo \u00faltimo trabajo como director es el documental Jim Henson: The Idea Man, ha pasado mucho tiempo inmerso en el mundo de Jim Henson Company\" \/>\n<meta name=\"robots\" content=\"index, follow, max-snippet:-1, max-image-preview:large, max-video-preview:-1\" \/>\n<link rel=\"canonical\" href=\"https:\/\/graziamagazine.com\/mx\/articles\/lo-que-debes-saber-sobre-the-idea-man-el-nuevo-documental-de-jim-henson-y-los-muppets\/\" \/>\n<meta property=\"og:locale\" content=\"es_MX\" \/>\n<meta property=\"og:type\" content=\"article\" \/>\n<meta property=\"og:title\" content=\"Lo que debes saber sobre \u2018The Idea Man\u2019 el nuevo documental de Jim Henson y Los Muppets\" \/>\n<meta property=\"og:description\" content=\"Ron Howard, cuyo \u00faltimo trabajo como director es el documental Jim Henson: The Idea Man, ha pasado mucho tiempo inmerso en el mundo de Jim Henson Company\" \/>\n<meta property=\"og:url\" content=\"https:\/\/graziamagazine.com\/mx\/articles\/lo-que-debes-saber-sobre-the-idea-man-el-nuevo-documental-de-jim-henson-y-los-muppets\/\" \/>\n<meta property=\"og:site_name\" content=\"Grazia M\u00e9xico y Latinoam\u00e9rica\" \/>\n<meta property=\"article:modified_time\" content=\"2024-05-31T18:18:17+00:00\" \/>\n<meta property=\"og:image\" content=\"https:\/\/graziamagazine.com\/mx\/wp-content\/uploads\/sites\/13\/2024\/05\/Captura-de-Pantalla-2024-05-31-a-las-12.16.28.png\" \/>\n\t<meta property=\"og:image:width\" content=\"483\" \/>\n\t<meta property=\"og:image:height\" content=\"287\" \/>\n\t<meta property=\"og:image:type\" content=\"image\/png\" \/>\n<meta name=\"twitter:card\" content=\"summary_large_image\" \/>\n<meta name=\"twitter:label1\" content=\"Est. reading time\" \/>\n\t<meta name=\"twitter:data1\" content=\"3 minutos\" \/>\n<script type=\"application\/ld+json\" class=\"yoast-schema-graph\">{\"@context\":\"https:\/\/schema.org\",\"@graph\":[{\"@type\":\"WebPage\",\"@id\":\"https:\/\/graziamagazine.com\/mx\/articles\/lo-que-debes-saber-sobre-the-idea-man-el-nuevo-documental-de-jim-henson-y-los-muppets\/\",\"url\":\"https:\/\/graziamagazine.com\/mx\/articles\/lo-que-debes-saber-sobre-the-idea-man-el-nuevo-documental-de-jim-henson-y-los-muppets\/\",\"name\":\"Lo que debes saber sobre \u2018The Idea Man\u2019 el nuevo documental de Jim Henson y Los Muppets | Grazia M\u00e9xico y Latinoam\u00e9rica\",\"isPartOf\":{\"@id\":\"https:\/\/graziamagazine.com\/mx\/#website\"},\"datePublished\":\"2024-05-31T18:13:53+00:00\",\"dateModified\":\"2024-05-31T18:18:17+00:00\",\"description\":\"Ron Howard, cuyo \u00faltimo trabajo como director es el documental Jim Henson: The Idea Man, ha pasado mucho tiempo inmerso en el mundo de Jim Henson Company\",\"breadcrumb\":{\"@id\":\"https:\/\/graziamagazine.com\/mx\/articles\/lo-que-debes-saber-sobre-the-idea-man-el-nuevo-documental-de-jim-henson-y-los-muppets\/#breadcrumb\"},\"inLanguage\":\"es-MX\",\"potentialAction\":[{\"@type\":\"ReadAction\",\"target\":[\"https:\/\/graziamagazine.com\/mx\/articles\/lo-que-debes-saber-sobre-the-idea-man-el-nuevo-documental-de-jim-henson-y-los-muppets\/\"]}]},{\"@type\":\"BreadcrumbList\",\"@id\":\"https:\/\/graziamagazine.com\/mx\/articles\/lo-que-debes-saber-sobre-the-idea-man-el-nuevo-documental-de-jim-henson-y-los-muppets\/#breadcrumb\",\"itemListElement\":[{\"@type\":\"ListItem\",\"position\":1,\"name\":\"Home\",\"item\":\"https:\/\/graziamagazine.com\/mx\/\"},{\"@type\":\"ListItem\",\"position\":2,\"name\":\"Lo que debes saber sobre \u2018The Idea Man\u2019 el nuevo documental de Jim Henson y Los Muppets\"}]},{\"@type\":\"WebSite\",\"@id\":\"https:\/\/graziamagazine.com\/mx\/#website\",\"url\":\"https:\/\/graziamagazine.com\/mx\/\",\"name\":\"Grazia M\u00e9xico y Latinoam\u00e9rica\",\"description\":\"Grazia es moda, belleza y noticias  de actualidad \",\"potentialAction\":[{\"@type\":\"SearchAction\",\"target\":{\"@type\":\"EntryPoint\",\"urlTemplate\":\"https:\/\/graziamagazine.com\/mx\/?s={search_term_string}\"},\"query-input\":\"required name=search_term_string\"}],\"inLanguage\":\"es-MX\"}]}<\/script>\n<!-- \/ Yoast SEO Premium plugin. -->","yoast_head_json":{"title":"Lo que debes saber sobre \u2018The Idea Man\u2019 el nuevo documental de Jim Henson y Los Muppets | Grazia M\u00e9xico y Latinoam\u00e9rica","description":"Ron Howard, cuyo \u00faltimo trabajo como director es el documental Jim Henson: The Idea Man, ha pasado mucho tiempo inmerso en el mundo de Jim Henson Company","robots":{"index":"index","follow":"follow","max-snippet":"max-snippet:-1","max-image-preview":"max-image-preview:large","max-video-preview":"max-video-preview:-1"},"canonical":"https:\/\/graziamagazine.com\/mx\/articles\/lo-que-debes-saber-sobre-the-idea-man-el-nuevo-documental-de-jim-henson-y-los-muppets\/","og_locale":"es_MX","og_type":"article","og_title":"Lo que debes saber sobre \u2018The Idea Man\u2019 el nuevo documental de Jim Henson y Los Muppets","og_description":"Ron Howard, cuyo \u00faltimo trabajo como director es el documental Jim Henson: The Idea Man, ha pasado mucho tiempo inmerso en el mundo de Jim Henson Company","og_url":"https:\/\/graziamagazine.com\/mx\/articles\/lo-que-debes-saber-sobre-the-idea-man-el-nuevo-documental-de-jim-henson-y-los-muppets\/","og_site_name":"Grazia M\u00e9xico y Latinoam\u00e9rica","article_modified_time":"2024-05-31T18:18:17+00:00","og_image":[{"width":483,"height":287,"url":"https:\/\/graziamagazine.com\/mx\/wp-content\/uploads\/sites\/13\/2024\/05\/Captura-de-Pantalla-2024-05-31-a-las-12.16.28.png","type":"image\/png"}],"twitter_card":"summary_large_image","twitter_misc":{"Est. reading time":"3 minutos"},"schema":{"@context":"https:\/\/schema.org","@graph":[{"@type":"WebPage","@id":"https:\/\/graziamagazine.com\/mx\/articles\/lo-que-debes-saber-sobre-the-idea-man-el-nuevo-documental-de-jim-henson-y-los-muppets\/","url":"https:\/\/graziamagazine.com\/mx\/articles\/lo-que-debes-saber-sobre-the-idea-man-el-nuevo-documental-de-jim-henson-y-los-muppets\/","name":"Lo que debes saber sobre \u2018The Idea Man\u2019 el nuevo documental de Jim Henson y Los Muppets | Grazia M\u00e9xico y Latinoam\u00e9rica","isPartOf":{"@id":"https:\/\/graziamagazine.com\/mx\/#website"},"datePublished":"2024-05-31T18:13:53+00:00","dateModified":"2024-05-31T18:18:17+00:00","description":"Ron Howard, cuyo \u00faltimo trabajo como director es el documental Jim Henson: The Idea Man, ha pasado mucho tiempo inmerso en el mundo de Jim Henson Company","breadcrumb":{"@id":"https:\/\/graziamagazine.com\/mx\/articles\/lo-que-debes-saber-sobre-the-idea-man-el-nuevo-documental-de-jim-henson-y-los-muppets\/#breadcrumb"},"inLanguage":"es-MX","potentialAction":[{"@type":"ReadAction","target":["https:\/\/graziamagazine.com\/mx\/articles\/lo-que-debes-saber-sobre-the-idea-man-el-nuevo-documental-de-jim-henson-y-los-muppets\/"]}]},{"@type":"BreadcrumbList","@id":"https:\/\/graziamagazine.com\/mx\/articles\/lo-que-debes-saber-sobre-the-idea-man-el-nuevo-documental-de-jim-henson-y-los-muppets\/#breadcrumb","itemListElement":[{"@type":"ListItem","position":1,"name":"Home","item":"https:\/\/graziamagazine.com\/mx\/"},{"@type":"ListItem","position":2,"name":"Lo que debes saber sobre \u2018The Idea Man\u2019 el nuevo documental de Jim Henson y Los Muppets"}]},{"@type":"WebSite","@id":"https:\/\/graziamagazine.com\/mx\/#website","url":"https:\/\/graziamagazine.com\/mx\/","name":"Grazia M\u00e9xico y Latinoam\u00e9rica","description":"Grazia es moda, belleza y noticias  de actualidad ","potentialAction":[{"@type":"SearchAction","target":{"@type":"EntryPoint","urlTemplate":"https:\/\/graziamagazine.com\/mx\/?s={search_term_string}"},"query-input":"required name=search_term_string"}],"inLanguage":"es-MX"}]}},"jetpack_sharing_enabled":true,"distributor_meta":false,"distributor_terms":false,"distributor_media":false,"distributor_original_site_name":"Grazia M\u00e9xico y Latinoam\u00e9rica","distributor_original_site_url":"https:\/\/graziamagazine.com\/mx","push-errors":false,"_links":{"self":[{"href":"https:\/\/graziamagazine.com\/mx\/wp-json\/wp\/v2\/articles\/137647"}],"collection":[{"href":"https:\/\/graziamagazine.com\/mx\/wp-json\/wp\/v2\/articles"}],"about":[{"href":"https:\/\/graziamagazine.com\/mx\/wp-json\/wp\/v2\/types\/articles"}],"author":[{"embeddable":true,"href":"https:\/\/graziamagazine.com\/mx\/wp-json\/wp\/v2\/users\/11628"}],"wp:featuredmedia":[{"embeddable":true,"href":"https:\/\/graziamagazine.com\/mx\/wp-json\/wp\/v2\/media\/137649"}],"wp:attachment":[{"href":"https:\/\/graziamagazine.com\/mx\/wp-json\/wp\/v2\/media?parent=137647"}],"wp:term":[{"taxonomy":"category","embeddable":true,"href":"https:\/\/graziamagazine.com\/mx\/wp-json\/wp\/v2\/categories?post=137647"}],"curies":[{"name":"wp","href":"https:\/\/api.w.org\/{rel}","templated":true}]}}