{"id":137514,"date":"2024-05-27T22:40:24","date_gmt":"2024-05-28T03:40:24","guid":{"rendered":"https:\/\/graziamagazine.com\/mx\/?post_type=articles&#038;p=137514"},"modified":"2024-05-27T22:57:59","modified_gmt":"2024-05-28T03:57:59","slug":"el-chef-coreano-mingoo-kang-se-une-a-hublot","status":"publish","type":"articles","link":"https:\/\/graziamagazine.com\/mx\/articles\/el-chef-coreano-mingoo-kang-se-une-a-hublot\/","title":{"rendered":"El chef coreano Mingoo Kang se une a Hublot"},"content":{"rendered":"<p>El fabricante suizo de relojes de lujo, <strong>Hublot<\/strong>, se enorgullece de anunciar la incorporaci\u00f3n del chef coreano con <strong>dos estrellas Michelin<\/strong>, <strong>Mingoo Kang,<\/strong> a su prestigiosa familia.<\/p>\n<p>Al igual que Hublot en la alta relojer\u00eda, Kang ha logrado una posici\u00f3n \u00fanica en la gastronom\u00eda contempor\u00e1nea coreana. Esta nueva alianza refuerza los lazos de Hublot con colaboraciones visionarias en el mundo culinario.<\/p>\n<p>Mingoo Kang, con poco m\u00e1s de 30 a\u00f1os, ha forjado una carrera impresionante a nivel internacional. Fue el chef principal m\u00e1s joven en Nobu Bahamas, parte del renombrado imperio del chef <strong>Nobu Matsuhisa.<\/strong><\/p>\n<figure id=\"attachment_137517\" aria-describedby=\"caption-attachment-137517\" style=\"width: 817px\" class=\"wp-caption alignnone\"><img loading=\"lazy\" decoding=\"async\" class=\"size-large wp-image-137517\" src=\"https:\/\/graziamagazine.com\/mx\/wp-content\/uploads\/sites\/13\/2024\/05\/Captura-de-Pantalla-2024-05-27-a-las-21.49.25-817x1024.png\" alt=\"El chef coreano Mingoo Kang se une a Hublot\" width=\"817\" height=\"1024\" srcset=\"https:\/\/graziamagazine.com\/mx\/wp-content\/uploads\/sites\/13\/2024\/05\/Captura-de-Pantalla-2024-05-27-a-las-21.49.25-817x1024.png 817w, https:\/\/graziamagazine.com\/mx\/wp-content\/uploads\/sites\/13\/2024\/05\/Captura-de-Pantalla-2024-05-27-a-las-21.49.25-359x450.png 359w, https:\/\/graziamagazine.com\/mx\/wp-content\/uploads\/sites\/13\/2024\/05\/Captura-de-Pantalla-2024-05-27-a-las-21.49.25-768x962.png 768w, https:\/\/graziamagazine.com\/mx\/wp-content\/uploads\/sites\/13\/2024\/05\/Captura-de-Pantalla-2024-05-27-a-las-21.49.25-1226x1536.png 1226w, https:\/\/graziamagazine.com\/mx\/wp-content\/uploads\/sites\/13\/2024\/05\/Captura-de-Pantalla-2024-05-27-a-las-21.49.25-400x501.png 400w, https:\/\/graziamagazine.com\/mx\/wp-content\/uploads\/sites\/13\/2024\/05\/Captura-de-Pantalla-2024-05-27-a-las-21.49.25-155x194.png 155w, https:\/\/graziamagazine.com\/mx\/wp-content\/uploads\/sites\/13\/2024\/05\/Captura-de-Pantalla-2024-05-27-a-las-21.49.25.png 1232w\" sizes=\"(max-width: 817px) 100vw, 817px\" \/><figcaption id=\"caption-attachment-137517\" class=\"wp-caption-text\">El chef coreano Mingoo Kang se une a Hublot<\/figcaption><\/figure>\n<p>Su experiencia en diversas ciudades del mundo antes de regresar a Se\u00fal en 2014 ha enriquecido su enfoque culinario. En Se\u00fal, Kang se ha convertido en una referencia ineludible de la gastronom\u00eda coreana contempor\u00e1nea.<\/p>\n<p>El restaurante de Kang, Mingles, es un reflejo de su talento y visi\u00f3n. En este espacio, votado como el mejor restaurante de Corea, el chef sirve platillos coreanos tradicionales con un toque innovador, conocidos como &#8220;Hansik&#8221;.<\/p>\n<blockquote><p>&#8220;Utilizo diferentes hierbas coreanas e ingredientes de temporada, as\u00ed como salsas tradicionales y vinagre fermentado para crear mis platos&#8221;, explica Kang. El nombre &#8220;Mingles&#8221; no solo proviene de su propio nombre, sino que tambi\u00e9n simboliza una &#8220;mezcla armoniosa de diferentes elementos&#8221;.<\/p><\/blockquote>\n<p>Kang trabaja con una meticulosidad que se asemeja a la precisi\u00f3n de un reloj suizo. Cada plato que crea es un testimonio de su dedicaci\u00f3n a la perfecci\u00f3n y a la innovaci\u00f3n constante.<\/p>\n<figure id=\"attachment_137515\" aria-describedby=\"caption-attachment-137515\" style=\"width: 9058px\" class=\"wp-caption alignnone\"><img loading=\"lazy\" decoding=\"async\" class=\"size-full wp-image-137515\" src=\"https:\/\/graziamagazine.com\/mx\/wp-content\/uploads\/sites\/13\/2024\/05\/Hublot-Friend-of-the-Brand-Chef-Mingoo-Kang-6.jpg\" alt=\"El chef coreano Mingoo Kang se une a Hublot\" width=\"9058\" height=\"11324\" \/><figcaption id=\"caption-attachment-137515\" class=\"wp-caption-text\">El chef coreano Mingoo Kang se une a Hublot<\/figcaption><\/figure>\n<p>Esta filosof\u00eda es compartida por Hublot, una marca que <strong>honra la tradici\u00f3n mientras persigue la innovaci\u00f3n<\/strong>. &#8220;Hublot es una marca que respeta la tradici\u00f3n y al mismo tiempo busca el cambio y la innovaci\u00f3n, a\u00f1adiendo sensibilidades modernas.<\/p>\n<p>Cuando veo los relojes Hublot, me doy cuenta de que son muy similares a &#8216;Mingles&#8217;, que respeta la tradici\u00f3n pero siempre busca innovar&#8221;, comenta Kang.<\/p>\n<p>La colaboraci\u00f3n entre Hublot y Mingoo Kang promete ser una fusi\u00f3n perfecta de dos mundos en los que la precisi\u00f3n y la creatividad son fundamentales. Esta uni\u00f3n celebra el talento y la dedicaci\u00f3n, inspirando a otros a buscar la excelencia en sus respectivas disciplinas.<\/p>\n<figure id=\"attachment_137518\" aria-describedby=\"caption-attachment-137518\" style=\"width: 821px\" class=\"wp-caption alignnone\"><img loading=\"lazy\" decoding=\"async\" class=\"size-large wp-image-137518\" src=\"https:\/\/graziamagazine.com\/mx\/wp-content\/uploads\/sites\/13\/2024\/05\/Captura-de-Pantalla-2024-05-27-a-las-21.49.33-821x1024.png\" alt=\"El chef coreano Mingoo Kang se une a Hublot\" width=\"821\" height=\"1024\" srcset=\"https:\/\/graziamagazine.com\/mx\/wp-content\/uploads\/sites\/13\/2024\/05\/Captura-de-Pantalla-2024-05-27-a-las-21.49.33-821x1024.png 821w, https:\/\/graziamagazine.com\/mx\/wp-content\/uploads\/sites\/13\/2024\/05\/Captura-de-Pantalla-2024-05-27-a-las-21.49.33-361x450.png 361w, https:\/\/graziamagazine.com\/mx\/wp-content\/uploads\/sites\/13\/2024\/05\/Captura-de-Pantalla-2024-05-27-a-las-21.49.33-768x958.png 768w, https:\/\/graziamagazine.com\/mx\/wp-content\/uploads\/sites\/13\/2024\/05\/Captura-de-Pantalla-2024-05-27-a-las-21.49.33-400x499.png 400w, https:\/\/graziamagazine.com\/mx\/wp-content\/uploads\/sites\/13\/2024\/05\/Captura-de-Pantalla-2024-05-27-a-las-21.49.33-155x193.png 155w, https:\/\/graziamagazine.com\/mx\/wp-content\/uploads\/sites\/13\/2024\/05\/Captura-de-Pantalla-2024-05-27-a-las-21.49.33.png 1228w\" sizes=\"(max-width: 821px) 100vw, 821px\" \/><figcaption id=\"caption-attachment-137518\" class=\"wp-caption-text\">El chef coreano Mingoo Kang se une a Hublot<\/figcaption><\/figure>\n<p>La visi\u00f3n de Kang se alinea perfectamente con la de Hublot. Ambos comparten un compromiso con la calidad y la innovaci\u00f3n, buscando siempre superar los l\u00edmites de sus campos. &#8220;Siempre llevar\u00e9 un reloj Hublot cerca para recordarme la belleza del tiempo&#8221;, concluye Kang.<\/p>\n<p>Con esta asociaci\u00f3n, Hublot no solo ampl\u00eda su presencia en el mundo de la alta cocina, sino que tambi\u00e9n reafirma su compromiso con la innovaci\u00f3n y la excelencia. Mingoo Kang, con su esp\u00edritu creativo y su dedicaci\u00f3n a la perfecci\u00f3n, es el embajador perfecto para representar los valores de Hublot.<\/p>\n<p><em><strong>*IMAGEN: Cortes\u00eda<\/strong><\/em><\/p>\n","protected":false},"author":28953,"featured_media":137516,"template":"","format":"standard","categories":[114],"acf":[],"yoast_head":"<!-- This site is optimized with the Yoast SEO Premium plugin v18.5 (Yoast SEO v20.4) - https:\/\/yoast.com\/wordpress\/plugins\/seo\/ -->\n<title>El chef coreano Mingoo Kang se une a Hublot<\/title>\n<meta name=\"description\" content=\"Esta asociaci\u00f3n entre Hublot y el Chef Kang es una emocionante uni\u00f3n de dos l\u00edderes en sus respectivos campos.\" \/>\n<meta name=\"robots\" content=\"index, follow, max-snippet:-1, max-image-preview:large, max-video-preview:-1\" \/>\n<link rel=\"canonical\" href=\"https:\/\/graziamagazine.com\/mx\/articles\/el-chef-coreano-mingoo-kang-se-une-a-hublot\/\" \/>\n<meta property=\"og:locale\" content=\"es_MX\" \/>\n<meta property=\"og:type\" content=\"article\" \/>\n<meta property=\"og:title\" content=\"El chef coreano Mingoo Kang se une a Hublot\" \/>\n<meta property=\"og:description\" content=\"Esta asociaci\u00f3n entre Hublot y el Chef Kang es una emocionante uni\u00f3n de dos l\u00edderes en sus respectivos campos.\" \/>\n<meta property=\"og:url\" content=\"https:\/\/graziamagazine.com\/mx\/articles\/el-chef-coreano-mingoo-kang-se-une-a-hublot\/\" \/>\n<meta property=\"og:site_name\" content=\"Grazia M\u00e9xico y Latinoam\u00e9rica\" \/>\n<meta property=\"article:modified_time\" content=\"2024-05-28T03:57:59+00:00\" \/>\n<meta property=\"og:image\" content=\"https:\/\/graziamagazine.com\/mx\/wp-content\/uploads\/sites\/13\/2024\/05\/Captura-de-Pantalla-2024-05-27-a-las-21.49.18-e1716868276602-1024x840.png\" \/>\n\t<meta property=\"og:image:width\" content=\"1024\" \/>\n\t<meta property=\"og:image:height\" content=\"840\" \/>\n\t<meta property=\"og:image:type\" content=\"image\/png\" \/>\n<meta name=\"twitter:card\" content=\"summary_large_image\" \/>\n<meta name=\"twitter:label1\" content=\"Est. reading time\" \/>\n\t<meta name=\"twitter:data1\" content=\"3 minutos\" \/>\n<script type=\"application\/ld+json\" class=\"yoast-schema-graph\">{\"@context\":\"https:\/\/schema.org\",\"@graph\":[{\"@type\":\"WebPage\",\"@id\":\"https:\/\/graziamagazine.com\/mx\/articles\/el-chef-coreano-mingoo-kang-se-une-a-hublot\/\",\"url\":\"https:\/\/graziamagazine.com\/mx\/articles\/el-chef-coreano-mingoo-kang-se-une-a-hublot\/\",\"name\":\"El chef coreano Mingoo Kang se une a Hublot\",\"isPartOf\":{\"@id\":\"https:\/\/graziamagazine.com\/mx\/#website\"},\"datePublished\":\"2024-05-28T03:40:24+00:00\",\"dateModified\":\"2024-05-28T03:57:59+00:00\",\"description\":\"Esta asociaci\u00f3n entre Hublot y el Chef Kang es una emocionante uni\u00f3n de dos l\u00edderes en sus respectivos campos.\",\"breadcrumb\":{\"@id\":\"https:\/\/graziamagazine.com\/mx\/articles\/el-chef-coreano-mingoo-kang-se-une-a-hublot\/#breadcrumb\"},\"inLanguage\":\"es-MX\",\"potentialAction\":[{\"@type\":\"ReadAction\",\"target\":[\"https:\/\/graziamagazine.com\/mx\/articles\/el-chef-coreano-mingoo-kang-se-une-a-hublot\/\"]}]},{\"@type\":\"BreadcrumbList\",\"@id\":\"https:\/\/graziamagazine.com\/mx\/articles\/el-chef-coreano-mingoo-kang-se-une-a-hublot\/#breadcrumb\",\"itemListElement\":[{\"@type\":\"ListItem\",\"position\":1,\"name\":\"Home\",\"item\":\"https:\/\/graziamagazine.com\/mx\/\"},{\"@type\":\"ListItem\",\"position\":2,\"name\":\"El chef coreano Mingoo Kang se une a Hublot\"}]},{\"@type\":\"WebSite\",\"@id\":\"https:\/\/graziamagazine.com\/mx\/#website\",\"url\":\"https:\/\/graziamagazine.com\/mx\/\",\"name\":\"Grazia M\u00e9xico y Latinoam\u00e9rica\",\"description\":\"Grazia es moda, belleza y noticias  de actualidad \",\"potentialAction\":[{\"@type\":\"SearchAction\",\"target\":{\"@type\":\"EntryPoint\",\"urlTemplate\":\"https:\/\/graziamagazine.com\/mx\/?s={search_term_string}\"},\"query-input\":\"required name=search_term_string\"}],\"inLanguage\":\"es-MX\"}]}<\/script>\n<!-- \/ Yoast SEO Premium plugin. -->","yoast_head_json":{"title":"El chef coreano Mingoo Kang se une a Hublot","description":"Esta asociaci\u00f3n entre Hublot y el Chef Kang es una emocionante uni\u00f3n de dos l\u00edderes en sus respectivos campos.","robots":{"index":"index","follow":"follow","max-snippet":"max-snippet:-1","max-image-preview":"max-image-preview:large","max-video-preview":"max-video-preview:-1"},"canonical":"https:\/\/graziamagazine.com\/mx\/articles\/el-chef-coreano-mingoo-kang-se-une-a-hublot\/","og_locale":"es_MX","og_type":"article","og_title":"El chef coreano Mingoo Kang se une a Hublot","og_description":"Esta asociaci\u00f3n entre Hublot y el Chef Kang es una emocionante uni\u00f3n de dos l\u00edderes en sus respectivos campos.","og_url":"https:\/\/graziamagazine.com\/mx\/articles\/el-chef-coreano-mingoo-kang-se-une-a-hublot\/","og_site_name":"Grazia M\u00e9xico y Latinoam\u00e9rica","article_modified_time":"2024-05-28T03:57:59+00:00","og_image":[{"width":1024,"height":840,"url":"https:\/\/graziamagazine.com\/mx\/wp-content\/uploads\/sites\/13\/2024\/05\/Captura-de-Pantalla-2024-05-27-a-las-21.49.18-e1716868276602-1024x840.png","type":"image\/png"}],"twitter_card":"summary_large_image","twitter_misc":{"Est. reading time":"3 minutos"},"schema":{"@context":"https:\/\/schema.org","@graph":[{"@type":"WebPage","@id":"https:\/\/graziamagazine.com\/mx\/articles\/el-chef-coreano-mingoo-kang-se-une-a-hublot\/","url":"https:\/\/graziamagazine.com\/mx\/articles\/el-chef-coreano-mingoo-kang-se-une-a-hublot\/","name":"El chef coreano Mingoo Kang se une a Hublot","isPartOf":{"@id":"https:\/\/graziamagazine.com\/mx\/#website"},"datePublished":"2024-05-28T03:40:24+00:00","dateModified":"2024-05-28T03:57:59+00:00","description":"Esta asociaci\u00f3n entre Hublot y el Chef Kang es una emocionante uni\u00f3n de dos l\u00edderes en sus respectivos campos.","breadcrumb":{"@id":"https:\/\/graziamagazine.com\/mx\/articles\/el-chef-coreano-mingoo-kang-se-une-a-hublot\/#breadcrumb"},"inLanguage":"es-MX","potentialAction":[{"@type":"ReadAction","target":["https:\/\/graziamagazine.com\/mx\/articles\/el-chef-coreano-mingoo-kang-se-une-a-hublot\/"]}]},{"@type":"BreadcrumbList","@id":"https:\/\/graziamagazine.com\/mx\/articles\/el-chef-coreano-mingoo-kang-se-une-a-hublot\/#breadcrumb","itemListElement":[{"@type":"ListItem","position":1,"name":"Home","item":"https:\/\/graziamagazine.com\/mx\/"},{"@type":"ListItem","position":2,"name":"El chef coreano Mingoo Kang se une a Hublot"}]},{"@type":"WebSite","@id":"https:\/\/graziamagazine.com\/mx\/#website","url":"https:\/\/graziamagazine.com\/mx\/","name":"Grazia M\u00e9xico y Latinoam\u00e9rica","description":"Grazia es moda, belleza y noticias  de actualidad ","potentialAction":[{"@type":"SearchAction","target":{"@type":"EntryPoint","urlTemplate":"https:\/\/graziamagazine.com\/mx\/?s={search_term_string}"},"query-input":"required name=search_term_string"}],"inLanguage":"es-MX"}]}},"jetpack_sharing_enabled":true,"distributor_meta":false,"distributor_terms":false,"distributor_media":false,"distributor_original_site_name":"Grazia M\u00e9xico y Latinoam\u00e9rica","distributor_original_site_url":"https:\/\/graziamagazine.com\/mx","push-errors":false,"_links":{"self":[{"href":"https:\/\/graziamagazine.com\/mx\/wp-json\/wp\/v2\/articles\/137514"}],"collection":[{"href":"https:\/\/graziamagazine.com\/mx\/wp-json\/wp\/v2\/articles"}],"about":[{"href":"https:\/\/graziamagazine.com\/mx\/wp-json\/wp\/v2\/types\/articles"}],"author":[{"embeddable":true,"href":"https:\/\/graziamagazine.com\/mx\/wp-json\/wp\/v2\/users\/28953"}],"wp:featuredmedia":[{"embeddable":true,"href":"https:\/\/graziamagazine.com\/mx\/wp-json\/wp\/v2\/media\/137516"}],"wp:attachment":[{"href":"https:\/\/graziamagazine.com\/mx\/wp-json\/wp\/v2\/media?parent=137514"}],"wp:term":[{"taxonomy":"category","embeddable":true,"href":"https:\/\/graziamagazine.com\/mx\/wp-json\/wp\/v2\/categories?post=137514"}],"curies":[{"name":"wp","href":"https:\/\/api.w.org\/{rel}","templated":true}]}}