{"id":137397,"date":"2024-05-23T11:40:19","date_gmt":"2024-05-23T16:40:19","guid":{"rendered":"https:\/\/graziamagazine.com\/mx\/?post_type=articles&#038;p=137397"},"modified":"2024-05-23T11:52:55","modified_gmt":"2024-05-23T16:52:55","slug":"asi-resolvio-taylor-swift-una-falla-en-su-vestuario-en-concierto-en-estocolmo","status":"publish","type":"articles","link":"https:\/\/graziamagazine.com\/mx\/articles\/asi-resolvio-taylor-swift-una-falla-en-su-vestuario-en-concierto-en-estocolmo\/","title":{"rendered":"As\u00ed resolvi\u00f3 Taylor Swift una falla en su vestuario en concierto en Estocolmo"},"content":{"rendered":"<p>En el vibrante escenario del tercer y \u00faltimo concierto de <strong>Taylor Swift en Estocolmo, Suecia<\/strong>, la estrella del pop demostr\u00f3 una vez m\u00e1s por qu\u00e9 es una de las artistas m\u00e1s admiradas del mundo, no solo por su m\u00fasica sino tambi\u00e9n por su profesionalismo y gracia bajo presi\u00f3n.<\/p>\n<p>Durante una de sus presentaciones, Swift experiment\u00f3 una <strong>aver\u00eda en su vestuario<\/strong> que podr\u00eda haber descarrilado el espect\u00e1culo, pero su respuesta r\u00e1pida y elegante se convirti\u00f3 en un momento memorable para todos los asistentes.<\/p>\n<p>El incidente ocurri\u00f3 mientras Swift se preparaba para interpretar una de sus canciones al piano, un momento \u00edntimo y esperado por sus fans.<\/p>\n<figure id=\"attachment_137398\" aria-describedby=\"caption-attachment-137398\" style=\"width: 834px\" class=\"wp-caption alignnone\"><img loading=\"lazy\" decoding=\"async\" class=\"size-full wp-image-137398\" src=\"https:\/\/graziamagazine.com\/mx\/wp-content\/uploads\/sites\/13\/2024\/05\/Captura-de-Pantalla-2024-05-23-a-las-10.41.49.png\" alt=\"As\u00ed resolvi\u00f3 Taylor Swift una falla en su vestuario en concierto en Estocolmo\" width=\"834\" height=\"938\" srcset=\"https:\/\/graziamagazine.com\/mx\/wp-content\/uploads\/sites\/13\/2024\/05\/Captura-de-Pantalla-2024-05-23-a-las-10.41.49.png 834w, https:\/\/graziamagazine.com\/mx\/wp-content\/uploads\/sites\/13\/2024\/05\/Captura-de-Pantalla-2024-05-23-a-las-10.41.49-400x450.png 400w, https:\/\/graziamagazine.com\/mx\/wp-content\/uploads\/sites\/13\/2024\/05\/Captura-de-Pantalla-2024-05-23-a-las-10.41.49-768x864.png 768w, https:\/\/graziamagazine.com\/mx\/wp-content\/uploads\/sites\/13\/2024\/05\/Captura-de-Pantalla-2024-05-23-a-las-10.41.49-155x174.png 155w\" sizes=\"(max-width: 834px) 100vw, 834px\" \/><figcaption id=\"caption-attachment-137398\" class=\"wp-caption-text\">As\u00ed resolvi\u00f3 Taylor Swift una falla en su vestuario en concierto en Estocolmo<\/figcaption><\/figure>\n<p>Vestida con un impresionante vestido cruzado que capturaba la esencia de su estilo elegante y sofisticado, Swift not\u00f3 que algo no estaba bien con su atuendo. En lugar de entrar en p\u00e1nico, la cantante opt\u00f3 por una soluci\u00f3n pr\u00e1ctica y mantuvo su calma caracter\u00edstica.<\/p>\n<p>Im\u00e1genes de video capturadas por un fan y compartidas en<strong> TikTok<\/strong> muestran a Swift abordando la situaci\u00f3n con aplomo. Sentada frente a su piano, solicit\u00f3 la ayuda de un miembro de su equipo para arreglar el mal funcionamiento del vestuario.<\/p>\n<p>Con una sonrisa, Swift se dirigi\u00f3 a su p\u00fablico y dijo: <strong>&#8220;Hablen entre ustedes&#8221;<\/strong>, lo que no solo alivi\u00f3 cualquier tensi\u00f3n en el ambiente sino que tambi\u00e9n mostr\u00f3 su habilidad para mantener a la audiencia entretenida incluso en momentos inesperados.<\/p>\n<figure id=\"attachment_137399\" aria-describedby=\"caption-attachment-137399\" style=\"width: 822px\" class=\"wp-caption alignnone\"><img loading=\"lazy\" decoding=\"async\" class=\"size-full wp-image-137399\" src=\"https:\/\/graziamagazine.com\/mx\/wp-content\/uploads\/sites\/13\/2024\/05\/Captura-de-Pantalla-2024-05-23-a-las-10.41.53.png\" alt=\"As\u00ed resolvi\u00f3 Taylor Swift una falla en su vestuario en concierto en Estocolmo\" width=\"822\" height=\"936\" srcset=\"https:\/\/graziamagazine.com\/mx\/wp-content\/uploads\/sites\/13\/2024\/05\/Captura-de-Pantalla-2024-05-23-a-las-10.41.53.png 822w, https:\/\/graziamagazine.com\/mx\/wp-content\/uploads\/sites\/13\/2024\/05\/Captura-de-Pantalla-2024-05-23-a-las-10.41.53-395x450.png 395w, https:\/\/graziamagazine.com\/mx\/wp-content\/uploads\/sites\/13\/2024\/05\/Captura-de-Pantalla-2024-05-23-a-las-10.41.53-768x875.png 768w, https:\/\/graziamagazine.com\/mx\/wp-content\/uploads\/sites\/13\/2024\/05\/Captura-de-Pantalla-2024-05-23-a-las-10.41.53-400x455.png 400w, https:\/\/graziamagazine.com\/mx\/wp-content\/uploads\/sites\/13\/2024\/05\/Captura-de-Pantalla-2024-05-23-a-las-10.41.53-155x176.png 155w\" sizes=\"(max-width: 822px) 100vw, 822px\" \/><figcaption id=\"caption-attachment-137399\" class=\"wp-caption-text\">As\u00ed resolvi\u00f3 Taylor Swift una falla en su vestuario en concierto en Estocolmo<\/figcaption><\/figure>\n<p>Este peque\u00f1o contratiempo no fue m\u00e1s que una breve interrupci\u00f3n en un espect\u00e1culo que continu\u00f3 con la misma energ\u00eda y entusiasmo que caracteriza a las actuaciones de Swift.<\/p>\n<p>Su capacidad para manejar la situaci\u00f3n con tanta <strong>elegancia y humor<\/strong> no solo evit\u00f3 que el problema escalara sino que tambi\u00e9n demostr\u00f3 su experiencia y profesionalismo. La audiencia, lejos de distraerse, aplaudi\u00f3 su actitud y disfrut\u00f3 del resto del concierto con renovado entusiasmo.<\/p>\n<p>Para los fans, este peque\u00f1o incidente se convirti\u00f3 en un momento especial que subray\u00f3 la<strong> humanidad y la accesibilidad de Swift.<\/strong><\/p>\n<blockquote class=\"tiktok-embed\" cite=\"https:\/\/www.tiktok.com\/@eroluc\/video\/7370976095530749217\" data-video-id=\"7370976095530749217\" data-embed-from=\"oembed\" style=\"max-width:605px; min-width:325px;\">\n<section> <a href=\"https:\/\/www.tiktok.com\/@eroluc?refer=embed\"target=\"_blank\" title=\"@eroluc\"  target=\"_blank\">@eroluc<\/a> <\/p>\n<p>And then she sang How Did It End <a href=\"https:\/\/www.tiktok.com\/tag\/stockholmn3?refer=embed\"title=\"stockholmn3\" target=\"_blank\"  target=\"_blank\">#stockholmn3<\/a> <a href=\"https:\/\/www.tiktok.com\/tag\/taylorswift?refer=embed\"title=\"taylorswift\" target=\"_blank\"  target=\"_blank\">#taylorswift<\/a> <a href=\"https:\/\/www.tiktok.com\/tag\/erastour?refer=embed\"title=\"erastour\" target=\"_blank\"  target=\"_blank\">#erastour<\/a> <\/p>\n<p> <a href=\"https:\/\/www.tiktok.com\/music\/original-sound-7370976276183763745?refer=embed\"target=\"_blank\" title=\"\u266c original sound - ella37980\"  target=\"_blank\">\u266c original sound &#8211; ella37980<\/a> <\/section>\n<\/blockquote>\n<p> <script async src=\"https:\/\/www.tiktok.com\/embed.js\"><\/script><\/p>\n<p>En una industria donde las estrellas a menudo parecen inalcanzables, ver a Swift manejar una situaci\u00f3n tan real de manera tan directa y sin dramatismo fortaleci\u00f3 a\u00fan m\u00e1s la conexi\u00f3n con su p\u00fablico.<\/p>\n<p>Fue una oportunidad para que los asistentes vieran una faceta diferente de su \u00eddolo, una que es capaz de manejar la presi\u00f3n con gracia y humor.<\/p>\n<p><em><strong>*IMAGEN: Tik Tok<\/strong><\/em><\/p>\n","protected":false},"author":28953,"featured_media":137400,"template":"","format":"standard","categories":[],"acf":[],"yoast_head":"<!-- This site is optimized with the Yoast SEO Premium plugin v18.5 (Yoast SEO v20.4) - https:\/\/yoast.com\/wordpress\/plugins\/seo\/ -->\n<title>As\u00ed resolvi\u00f3 Taylor Swift una falla en su vestuario en concierto en Estocolmo<\/title>\n<meta name=\"description\" content=\"Lo ocurrido en Estocolmo demuestra la capacidad de Taylor Swift para manejar situaciones inesperadas con gracia y profesionalismo.\" \/>\n<meta name=\"robots\" content=\"index, follow, max-snippet:-1, max-image-preview:large, max-video-preview:-1\" \/>\n<link rel=\"canonical\" href=\"https:\/\/graziamagazine.com\/mx\/articles\/asi-resolvio-taylor-swift-una-falla-en-su-vestuario-en-concierto-en-estocolmo\/\" \/>\n<meta property=\"og:locale\" content=\"es_MX\" \/>\n<meta property=\"og:type\" content=\"article\" \/>\n<meta property=\"og:title\" content=\"As\u00ed resolvi\u00f3 Taylor Swift una falla en su vestuario en concierto en Estocolmo\" \/>\n<meta property=\"og:description\" content=\"Lo ocurrido en Estocolmo demuestra la capacidad de Taylor Swift para manejar situaciones inesperadas con gracia y profesionalismo.\" \/>\n<meta property=\"og:url\" content=\"https:\/\/graziamagazine.com\/mx\/articles\/asi-resolvio-taylor-swift-una-falla-en-su-vestuario-en-concierto-en-estocolmo\/\" \/>\n<meta property=\"og:site_name\" content=\"Grazia M\u00e9xico y Latinoam\u00e9rica\" \/>\n<meta property=\"article:modified_time\" content=\"2024-05-23T16:52:55+00:00\" \/>\n<meta property=\"og:image\" content=\"https:\/\/graziamagazine.com\/mx\/wp-content\/uploads\/sites\/13\/2024\/05\/Captura-de-Pantalla-2024-05-23-a-las-10.42.38.png\" \/>\n\t<meta property=\"og:image:width\" content=\"1992\" \/>\n\t<meta property=\"og:image:height\" content=\"1142\" \/>\n\t<meta property=\"og:image:type\" content=\"image\/png\" \/>\n<meta name=\"twitter:card\" content=\"summary_large_image\" \/>\n<meta name=\"twitter:label1\" content=\"Est. reading time\" \/>\n\t<meta name=\"twitter:data1\" content=\"3 minutos\" \/>\n<script type=\"application\/ld+json\" class=\"yoast-schema-graph\">{\"@context\":\"https:\/\/schema.org\",\"@graph\":[{\"@type\":\"WebPage\",\"@id\":\"https:\/\/graziamagazine.com\/mx\/articles\/asi-resolvio-taylor-swift-una-falla-en-su-vestuario-en-concierto-en-estocolmo\/\",\"url\":\"https:\/\/graziamagazine.com\/mx\/articles\/asi-resolvio-taylor-swift-una-falla-en-su-vestuario-en-concierto-en-estocolmo\/\",\"name\":\"As\u00ed resolvi\u00f3 Taylor Swift una falla en su vestuario en concierto en Estocolmo\",\"isPartOf\":{\"@id\":\"https:\/\/graziamagazine.com\/mx\/#website\"},\"datePublished\":\"2024-05-23T16:40:19+00:00\",\"dateModified\":\"2024-05-23T16:52:55+00:00\",\"description\":\"Lo ocurrido en Estocolmo demuestra la capacidad de Taylor Swift para manejar situaciones inesperadas con gracia y profesionalismo.\",\"breadcrumb\":{\"@id\":\"https:\/\/graziamagazine.com\/mx\/articles\/asi-resolvio-taylor-swift-una-falla-en-su-vestuario-en-concierto-en-estocolmo\/#breadcrumb\"},\"inLanguage\":\"es-MX\",\"potentialAction\":[{\"@type\":\"ReadAction\",\"target\":[\"https:\/\/graziamagazine.com\/mx\/articles\/asi-resolvio-taylor-swift-una-falla-en-su-vestuario-en-concierto-en-estocolmo\/\"]}]},{\"@type\":\"BreadcrumbList\",\"@id\":\"https:\/\/graziamagazine.com\/mx\/articles\/asi-resolvio-taylor-swift-una-falla-en-su-vestuario-en-concierto-en-estocolmo\/#breadcrumb\",\"itemListElement\":[{\"@type\":\"ListItem\",\"position\":1,\"name\":\"Home\",\"item\":\"https:\/\/graziamagazine.com\/mx\/\"},{\"@type\":\"ListItem\",\"position\":2,\"name\":\"As\u00ed resolvi\u00f3 Taylor Swift una falla en su vestuario en concierto en Estocolmo\"}]},{\"@type\":\"WebSite\",\"@id\":\"https:\/\/graziamagazine.com\/mx\/#website\",\"url\":\"https:\/\/graziamagazine.com\/mx\/\",\"name\":\"Grazia M\u00e9xico y Latinoam\u00e9rica\",\"description\":\"Grazia es moda, belleza y noticias  de actualidad \",\"potentialAction\":[{\"@type\":\"SearchAction\",\"target\":{\"@type\":\"EntryPoint\",\"urlTemplate\":\"https:\/\/graziamagazine.com\/mx\/?s={search_term_string}\"},\"query-input\":\"required name=search_term_string\"}],\"inLanguage\":\"es-MX\"}]}<\/script>\n<!-- \/ Yoast SEO Premium plugin. -->","yoast_head_json":{"title":"As\u00ed resolvi\u00f3 Taylor Swift una falla en su vestuario en concierto en Estocolmo","description":"Lo ocurrido en Estocolmo demuestra la capacidad de Taylor Swift para manejar situaciones inesperadas con gracia y profesionalismo.","robots":{"index":"index","follow":"follow","max-snippet":"max-snippet:-1","max-image-preview":"max-image-preview:large","max-video-preview":"max-video-preview:-1"},"canonical":"https:\/\/graziamagazine.com\/mx\/articles\/asi-resolvio-taylor-swift-una-falla-en-su-vestuario-en-concierto-en-estocolmo\/","og_locale":"es_MX","og_type":"article","og_title":"As\u00ed resolvi\u00f3 Taylor Swift una falla en su vestuario en concierto en Estocolmo","og_description":"Lo ocurrido en Estocolmo demuestra la capacidad de Taylor Swift para manejar situaciones inesperadas con gracia y profesionalismo.","og_url":"https:\/\/graziamagazine.com\/mx\/articles\/asi-resolvio-taylor-swift-una-falla-en-su-vestuario-en-concierto-en-estocolmo\/","og_site_name":"Grazia M\u00e9xico y Latinoam\u00e9rica","article_modified_time":"2024-05-23T16:52:55+00:00","og_image":[{"width":1992,"height":1142,"url":"https:\/\/graziamagazine.com\/mx\/wp-content\/uploads\/sites\/13\/2024\/05\/Captura-de-Pantalla-2024-05-23-a-las-10.42.38.png","type":"image\/png"}],"twitter_card":"summary_large_image","twitter_misc":{"Est. reading time":"3 minutos"},"schema":{"@context":"https:\/\/schema.org","@graph":[{"@type":"WebPage","@id":"https:\/\/graziamagazine.com\/mx\/articles\/asi-resolvio-taylor-swift-una-falla-en-su-vestuario-en-concierto-en-estocolmo\/","url":"https:\/\/graziamagazine.com\/mx\/articles\/asi-resolvio-taylor-swift-una-falla-en-su-vestuario-en-concierto-en-estocolmo\/","name":"As\u00ed resolvi\u00f3 Taylor Swift una falla en su vestuario en concierto en Estocolmo","isPartOf":{"@id":"https:\/\/graziamagazine.com\/mx\/#website"},"datePublished":"2024-05-23T16:40:19+00:00","dateModified":"2024-05-23T16:52:55+00:00","description":"Lo ocurrido en Estocolmo demuestra la capacidad de Taylor Swift para manejar situaciones inesperadas con gracia y profesionalismo.","breadcrumb":{"@id":"https:\/\/graziamagazine.com\/mx\/articles\/asi-resolvio-taylor-swift-una-falla-en-su-vestuario-en-concierto-en-estocolmo\/#breadcrumb"},"inLanguage":"es-MX","potentialAction":[{"@type":"ReadAction","target":["https:\/\/graziamagazine.com\/mx\/articles\/asi-resolvio-taylor-swift-una-falla-en-su-vestuario-en-concierto-en-estocolmo\/"]}]},{"@type":"BreadcrumbList","@id":"https:\/\/graziamagazine.com\/mx\/articles\/asi-resolvio-taylor-swift-una-falla-en-su-vestuario-en-concierto-en-estocolmo\/#breadcrumb","itemListElement":[{"@type":"ListItem","position":1,"name":"Home","item":"https:\/\/graziamagazine.com\/mx\/"},{"@type":"ListItem","position":2,"name":"As\u00ed resolvi\u00f3 Taylor Swift una falla en su vestuario en concierto en Estocolmo"}]},{"@type":"WebSite","@id":"https:\/\/graziamagazine.com\/mx\/#website","url":"https:\/\/graziamagazine.com\/mx\/","name":"Grazia M\u00e9xico y Latinoam\u00e9rica","description":"Grazia es moda, belleza y noticias  de actualidad ","potentialAction":[{"@type":"SearchAction","target":{"@type":"EntryPoint","urlTemplate":"https:\/\/graziamagazine.com\/mx\/?s={search_term_string}"},"query-input":"required name=search_term_string"}],"inLanguage":"es-MX"}]}},"jetpack_sharing_enabled":true,"distributor_meta":false,"distributor_terms":false,"distributor_media":false,"distributor_original_site_name":"Grazia M\u00e9xico y Latinoam\u00e9rica","distributor_original_site_url":"https:\/\/graziamagazine.com\/mx","push-errors":false,"_links":{"self":[{"href":"https:\/\/graziamagazine.com\/mx\/wp-json\/wp\/v2\/articles\/137397"}],"collection":[{"href":"https:\/\/graziamagazine.com\/mx\/wp-json\/wp\/v2\/articles"}],"about":[{"href":"https:\/\/graziamagazine.com\/mx\/wp-json\/wp\/v2\/types\/articles"}],"author":[{"embeddable":true,"href":"https:\/\/graziamagazine.com\/mx\/wp-json\/wp\/v2\/users\/28953"}],"wp:featuredmedia":[{"embeddable":true,"href":"https:\/\/graziamagazine.com\/mx\/wp-json\/wp\/v2\/media\/137400"}],"wp:attachment":[{"href":"https:\/\/graziamagazine.com\/mx\/wp-json\/wp\/v2\/media?parent=137397"}],"wp:term":[{"taxonomy":"category","embeddable":true,"href":"https:\/\/graziamagazine.com\/mx\/wp-json\/wp\/v2\/categories?post=137397"}],"curies":[{"name":"wp","href":"https:\/\/api.w.org\/{rel}","templated":true}]}}