{"id":137336,"date":"2024-05-22T16:46:34","date_gmt":"2024-05-22T21:46:34","guid":{"rendered":"https:\/\/graziamagazine.com\/mx\/?post_type=articles&#038;p=137336"},"modified":"2024-05-22T17:06:16","modified_gmt":"2024-05-22T22:06:16","slug":"khloe-kardashian-presume-nueva-transformacion-cabello-rojo","status":"publish","type":"articles","link":"https:\/\/graziamagazine.com\/mx\/articles\/khloe-kardashian-presume-nueva-transformacion-cabello-rojo\/","title":{"rendered":"Khlo\u00e9 Kardashian presume nueva transformaci\u00f3n de cabello rojo"},"content":{"rendered":"<p><strong>Khlo\u00e9 Kardashian<\/strong> presumi\u00f3 su nueva transformaci\u00f3n de cabello rojo en <strong>Instagram<\/strong> este mi\u00e9rcoles con la leyenda <em>Vibras de Rosita Fresita<\/em> haciendo alusi\u00f3n al cabello rojo de la famosa caricatura.<\/p>\n<p>Su nuevo cabello fue realizado por la famosa estilista <strong>Tracey Cunningham<\/strong>. &#8220;Gracias mi dulce @traceycunningham1 por darme el rojo fresa m\u00e1s bonito&#8221;, escribi\u00f3 Kardashian en su publicaci\u00f3n.<\/p>\n<p>Las extensiones que estaban peinadas en ondas fueron realizadas por la famosa extensionista Priscilla Valles, de <strong>Los \u00c1ngeles<\/strong>.<\/p>\n<figure id=\"attachment_137339\" aria-describedby=\"caption-attachment-137339\" style=\"width: 450px\" class=\"wp-caption alignnone\"><img loading=\"lazy\" decoding=\"async\" class=\"size-medium wp-image-137339\" src=\"https:\/\/graziamagazine.com\/mx\/wp-content\/uploads\/sites\/13\/2024\/05\/WhatsApp-Image-2024-05-22-at-4.02.33-PM-450x393.jpeg\" alt=\"\" width=\"450\" height=\"393\" srcset=\"https:\/\/graziamagazine.com\/mx\/wp-content\/uploads\/sites\/13\/2024\/05\/WhatsApp-Image-2024-05-22-at-4.02.33-PM-450x393.jpeg 450w, https:\/\/graziamagazine.com\/mx\/wp-content\/uploads\/sites\/13\/2024\/05\/WhatsApp-Image-2024-05-22-at-4.02.33-PM-1024x895.jpeg 1024w, https:\/\/graziamagazine.com\/mx\/wp-content\/uploads\/sites\/13\/2024\/05\/WhatsApp-Image-2024-05-22-at-4.02.33-PM-768x671.jpeg 768w, https:\/\/graziamagazine.com\/mx\/wp-content\/uploads\/sites\/13\/2024\/05\/WhatsApp-Image-2024-05-22-at-4.02.33-PM-400x350.jpeg 400w, https:\/\/graziamagazine.com\/mx\/wp-content\/uploads\/sites\/13\/2024\/05\/WhatsApp-Image-2024-05-22-at-4.02.33-PM-155x135.jpeg 155w, https:\/\/graziamagazine.com\/mx\/wp-content\/uploads\/sites\/13\/2024\/05\/WhatsApp-Image-2024-05-22-at-4.02.33-PM.jpeg 1125w\" sizes=\"(max-width: 450px) 100vw, 450px\" \/><figcaption id=\"caption-attachment-137339\" class=\"wp-caption-text\">Instagram<\/figcaption><\/figure>\n<p>La publicaci\u00f3n caus\u00f3 sensaci\u00f3n entre los internautas que la llenaron de cumplidos, incluso algunas celebridades comentaros las fotograf\u00edas.<\/p>\n<p>Entre los comentarios destac\u00f3 el de <strong>Paris Hilton<\/strong>, quien coment\u00f3 con un emoji de ojos de coraz\u00f3n, al que la empresaria de 39 a\u00f1os repondi\u00f3, &#8220;Mi reina&#8221;.<\/p>\n<p>&#8220;Eres una preciosidad&#8221;, escribi\u00f3 Jen Atkin. &#8220;\u00a1Obsesionada con este pelo!&#8221; dijo Stassie Karanikolaou. Y Khadijah Haqq coment\u00f3: &#8220;Es muy bueno&#8221;.<\/p>\n<p>Tambi\u00e9n la cuenta oficial de Instagram de Rosita Fresita coment\u00f3, &#8220;\u00a1Obsesionada con esta gemela!&#8221;<\/p>\n<figure id=\"attachment_137337\" aria-describedby=\"caption-attachment-137337\" style=\"width: 450px\" class=\"wp-caption alignnone\"><img loading=\"lazy\" decoding=\"async\" class=\"size-medium wp-image-137337\" src=\"https:\/\/graziamagazine.com\/mx\/wp-content\/uploads\/sites\/13\/2024\/05\/WhatsApp-Image-2024-05-22-at-4.02.31-PM-450x391.jpeg\" alt=\"\" width=\"450\" height=\"391\" srcset=\"https:\/\/graziamagazine.com\/mx\/wp-content\/uploads\/sites\/13\/2024\/05\/WhatsApp-Image-2024-05-22-at-4.02.31-PM-450x391.jpeg 450w, https:\/\/graziamagazine.com\/mx\/wp-content\/uploads\/sites\/13\/2024\/05\/WhatsApp-Image-2024-05-22-at-4.02.31-PM-1024x890.jpeg 1024w, https:\/\/graziamagazine.com\/mx\/wp-content\/uploads\/sites\/13\/2024\/05\/WhatsApp-Image-2024-05-22-at-4.02.31-PM-768x668.jpeg 768w, https:\/\/graziamagazine.com\/mx\/wp-content\/uploads\/sites\/13\/2024\/05\/WhatsApp-Image-2024-05-22-at-4.02.31-PM-400x348.jpeg 400w, https:\/\/graziamagazine.com\/mx\/wp-content\/uploads\/sites\/13\/2024\/05\/WhatsApp-Image-2024-05-22-at-4.02.31-PM-155x135.jpeg 155w, https:\/\/graziamagazine.com\/mx\/wp-content\/uploads\/sites\/13\/2024\/05\/WhatsApp-Image-2024-05-22-at-4.02.31-PM.jpeg 1125w\" sizes=\"(max-width: 450px) 100vw, 450px\" \/><figcaption id=\"caption-attachment-137337\" class=\"wp-caption-text\">Instagram<\/figcaption><\/figure>\n<p>La estrella de <em><strong>Keeping Up With The Kardashians<\/strong><\/em>, de 39 a\u00f1os pos\u00f3 en un vestido de animal print de <strong>House of CB<\/strong>. Complement\u00f3 el atuendo con aretes plateados y un collar de cruz de diamantes.<\/p>\n<p>Esta no es la primera vez que Khlo\u00e9 se cambia el cabello, pues le gusta usar siempre distintos estilos. En diciembre del 2023 cambi\u00f3 el rubio por un tono marr\u00f3n miel, en el 2022 lo llev\u00f3 corto y con flequillo y en el 2021 mostr\u00f3 sus rizos naturales.<\/p>\n<p>As\u00ed que no importa si decide estilizar su cabello de forma diferente o cambiarlo radicalmente de color, Khlo\u00e9 siempre sorprende con sus looks llenos de diversi\u00f3n, personalidad y tendencia.<\/p>\n","protected":false},"author":36289,"featured_media":137338,"template":"","format":"standard","categories":[2],"acf":[],"yoast_head":"<!-- This site is optimized with the Yoast SEO Premium plugin v18.5 (Yoast SEO v20.4) - https:\/\/yoast.com\/wordpress\/plugins\/seo\/ -->\n<title>Khlo\u00e9 Kardashian presume nueva transformaci\u00f3n de cabello rojo | Grazia M\u00e9xico y Latinoam\u00e9rica<\/title>\n<meta name=\"description\" content=\"Khlo\u00e9 Kardashian presumi\u00f3 su nueva transformaci\u00f3n de cabello rojo en Instagram este mi\u00e9rcoles con la leyenda Vibras de Rosita Fresita haciendo alusi\u00f3n al\" \/>\n<meta name=\"robots\" content=\"index, follow, max-snippet:-1, max-image-preview:large, max-video-preview:-1\" \/>\n<link rel=\"canonical\" href=\"https:\/\/graziamagazine.com\/mx\/articles\/khloe-kardashian-presume-nueva-transformacion-cabello-rojo\/\" \/>\n<meta property=\"og:locale\" content=\"es_MX\" \/>\n<meta property=\"og:type\" content=\"article\" \/>\n<meta property=\"og:title\" content=\"Khlo\u00e9 Kardashian presume nueva transformaci\u00f3n de cabello rojo\" \/>\n<meta property=\"og:description\" content=\"Khlo\u00e9 Kardashian presumi\u00f3 su nueva transformaci\u00f3n de cabello rojo en Instagram este mi\u00e9rcoles con la leyenda Vibras de Rosita Fresita haciendo alusi\u00f3n al\" \/>\n<meta property=\"og:url\" content=\"https:\/\/graziamagazine.com\/mx\/articles\/khloe-kardashian-presume-nueva-transformacion-cabello-rojo\/\" \/>\n<meta property=\"og:site_name\" content=\"Grazia M\u00e9xico y Latinoam\u00e9rica\" \/>\n<meta property=\"article:modified_time\" content=\"2024-05-22T22:06:16+00:00\" \/>\n<meta property=\"og:image\" content=\"https:\/\/graziamagazine.com\/mx\/wp-content\/uploads\/sites\/13\/2024\/05\/WhatsApp-Image-2024-05-22-at-4.02.32-PM-e1716415468570.jpeg\" \/>\n\t<meta property=\"og:image:width\" content=\"1125\" \/>\n\t<meta property=\"og:image:height\" content=\"720\" \/>\n\t<meta property=\"og:image:type\" content=\"image\/jpeg\" \/>\n<meta name=\"twitter:card\" content=\"summary_large_image\" \/>\n<meta name=\"twitter:label1\" content=\"Est. reading time\" \/>\n\t<meta name=\"twitter:data1\" content=\"2 minutos\" \/>\n<script type=\"application\/ld+json\" class=\"yoast-schema-graph\">{\"@context\":\"https:\/\/schema.org\",\"@graph\":[{\"@type\":\"WebPage\",\"@id\":\"https:\/\/graziamagazine.com\/mx\/articles\/khloe-kardashian-presume-nueva-transformacion-cabello-rojo\/\",\"url\":\"https:\/\/graziamagazine.com\/mx\/articles\/khloe-kardashian-presume-nueva-transformacion-cabello-rojo\/\",\"name\":\"Khlo\u00e9 Kardashian presume nueva transformaci\u00f3n de cabello rojo | Grazia M\u00e9xico y Latinoam\u00e9rica\",\"isPartOf\":{\"@id\":\"https:\/\/graziamagazine.com\/mx\/#website\"},\"datePublished\":\"2024-05-22T21:46:34+00:00\",\"dateModified\":\"2024-05-22T22:06:16+00:00\",\"description\":\"Khlo\u00e9 Kardashian presumi\u00f3 su nueva transformaci\u00f3n de cabello rojo en Instagram este mi\u00e9rcoles con la leyenda Vibras de Rosita Fresita haciendo alusi\u00f3n al\",\"breadcrumb\":{\"@id\":\"https:\/\/graziamagazine.com\/mx\/articles\/khloe-kardashian-presume-nueva-transformacion-cabello-rojo\/#breadcrumb\"},\"inLanguage\":\"es-MX\",\"potentialAction\":[{\"@type\":\"ReadAction\",\"target\":[\"https:\/\/graziamagazine.com\/mx\/articles\/khloe-kardashian-presume-nueva-transformacion-cabello-rojo\/\"]}]},{\"@type\":\"BreadcrumbList\",\"@id\":\"https:\/\/graziamagazine.com\/mx\/articles\/khloe-kardashian-presume-nueva-transformacion-cabello-rojo\/#breadcrumb\",\"itemListElement\":[{\"@type\":\"ListItem\",\"position\":1,\"name\":\"Home\",\"item\":\"https:\/\/graziamagazine.com\/mx\/\"},{\"@type\":\"ListItem\",\"position\":2,\"name\":\"Khlo\u00e9 Kardashian presume nueva transformaci\u00f3n de cabello rojo\"}]},{\"@type\":\"WebSite\",\"@id\":\"https:\/\/graziamagazine.com\/mx\/#website\",\"url\":\"https:\/\/graziamagazine.com\/mx\/\",\"name\":\"Grazia M\u00e9xico y Latinoam\u00e9rica\",\"description\":\"Grazia es moda, belleza y noticias  de actualidad \",\"potentialAction\":[{\"@type\":\"SearchAction\",\"target\":{\"@type\":\"EntryPoint\",\"urlTemplate\":\"https:\/\/graziamagazine.com\/mx\/?s={search_term_string}\"},\"query-input\":\"required name=search_term_string\"}],\"inLanguage\":\"es-MX\"}]}<\/script>\n<!-- \/ Yoast SEO Premium plugin. -->","yoast_head_json":{"title":"Khlo\u00e9 Kardashian presume nueva transformaci\u00f3n de cabello rojo | Grazia M\u00e9xico y Latinoam\u00e9rica","description":"Khlo\u00e9 Kardashian presumi\u00f3 su nueva transformaci\u00f3n de cabello rojo en Instagram este mi\u00e9rcoles con la leyenda Vibras de Rosita Fresita haciendo alusi\u00f3n al","robots":{"index":"index","follow":"follow","max-snippet":"max-snippet:-1","max-image-preview":"max-image-preview:large","max-video-preview":"max-video-preview:-1"},"canonical":"https:\/\/graziamagazine.com\/mx\/articles\/khloe-kardashian-presume-nueva-transformacion-cabello-rojo\/","og_locale":"es_MX","og_type":"article","og_title":"Khlo\u00e9 Kardashian presume nueva transformaci\u00f3n de cabello rojo","og_description":"Khlo\u00e9 Kardashian presumi\u00f3 su nueva transformaci\u00f3n de cabello rojo en Instagram este mi\u00e9rcoles con la leyenda Vibras de Rosita Fresita haciendo alusi\u00f3n al","og_url":"https:\/\/graziamagazine.com\/mx\/articles\/khloe-kardashian-presume-nueva-transformacion-cabello-rojo\/","og_site_name":"Grazia M\u00e9xico y Latinoam\u00e9rica","article_modified_time":"2024-05-22T22:06:16+00:00","og_image":[{"width":1125,"height":720,"url":"https:\/\/graziamagazine.com\/mx\/wp-content\/uploads\/sites\/13\/2024\/05\/WhatsApp-Image-2024-05-22-at-4.02.32-PM-e1716415468570.jpeg","type":"image\/jpeg"}],"twitter_card":"summary_large_image","twitter_misc":{"Est. reading time":"2 minutos"},"schema":{"@context":"https:\/\/schema.org","@graph":[{"@type":"WebPage","@id":"https:\/\/graziamagazine.com\/mx\/articles\/khloe-kardashian-presume-nueva-transformacion-cabello-rojo\/","url":"https:\/\/graziamagazine.com\/mx\/articles\/khloe-kardashian-presume-nueva-transformacion-cabello-rojo\/","name":"Khlo\u00e9 Kardashian presume nueva transformaci\u00f3n de cabello rojo | Grazia M\u00e9xico y Latinoam\u00e9rica","isPartOf":{"@id":"https:\/\/graziamagazine.com\/mx\/#website"},"datePublished":"2024-05-22T21:46:34+00:00","dateModified":"2024-05-22T22:06:16+00:00","description":"Khlo\u00e9 Kardashian presumi\u00f3 su nueva transformaci\u00f3n de cabello rojo en Instagram este mi\u00e9rcoles con la leyenda Vibras de Rosita Fresita haciendo alusi\u00f3n al","breadcrumb":{"@id":"https:\/\/graziamagazine.com\/mx\/articles\/khloe-kardashian-presume-nueva-transformacion-cabello-rojo\/#breadcrumb"},"inLanguage":"es-MX","potentialAction":[{"@type":"ReadAction","target":["https:\/\/graziamagazine.com\/mx\/articles\/khloe-kardashian-presume-nueva-transformacion-cabello-rojo\/"]}]},{"@type":"BreadcrumbList","@id":"https:\/\/graziamagazine.com\/mx\/articles\/khloe-kardashian-presume-nueva-transformacion-cabello-rojo\/#breadcrumb","itemListElement":[{"@type":"ListItem","position":1,"name":"Home","item":"https:\/\/graziamagazine.com\/mx\/"},{"@type":"ListItem","position":2,"name":"Khlo\u00e9 Kardashian presume nueva transformaci\u00f3n de cabello rojo"}]},{"@type":"WebSite","@id":"https:\/\/graziamagazine.com\/mx\/#website","url":"https:\/\/graziamagazine.com\/mx\/","name":"Grazia M\u00e9xico y Latinoam\u00e9rica","description":"Grazia es moda, belleza y noticias  de actualidad ","potentialAction":[{"@type":"SearchAction","target":{"@type":"EntryPoint","urlTemplate":"https:\/\/graziamagazine.com\/mx\/?s={search_term_string}"},"query-input":"required name=search_term_string"}],"inLanguage":"es-MX"}]}},"jetpack_sharing_enabled":true,"distributor_meta":false,"distributor_terms":false,"distributor_media":false,"distributor_original_site_name":"Grazia M\u00e9xico y Latinoam\u00e9rica","distributor_original_site_url":"https:\/\/graziamagazine.com\/mx","push-errors":false,"_links":{"self":[{"href":"https:\/\/graziamagazine.com\/mx\/wp-json\/wp\/v2\/articles\/137336"}],"collection":[{"href":"https:\/\/graziamagazine.com\/mx\/wp-json\/wp\/v2\/articles"}],"about":[{"href":"https:\/\/graziamagazine.com\/mx\/wp-json\/wp\/v2\/types\/articles"}],"author":[{"embeddable":true,"href":"https:\/\/graziamagazine.com\/mx\/wp-json\/wp\/v2\/users\/36289"}],"wp:featuredmedia":[{"embeddable":true,"href":"https:\/\/graziamagazine.com\/mx\/wp-json\/wp\/v2\/media\/137338"}],"wp:attachment":[{"href":"https:\/\/graziamagazine.com\/mx\/wp-json\/wp\/v2\/media?parent=137336"}],"wp:term":[{"taxonomy":"category","embeddable":true,"href":"https:\/\/graziamagazine.com\/mx\/wp-json\/wp\/v2\/categories?post=137336"}],"curies":[{"name":"wp","href":"https:\/\/api.w.org\/{rel}","templated":true}]}}