{"id":137308,"date":"2024-05-21T20:02:14","date_gmt":"2024-05-22T01:02:14","guid":{"rendered":"https:\/\/graziamagazine.com\/mx\/?post_type=articles&#038;p=137308"},"modified":"2024-05-21T20:14:17","modified_gmt":"2024-05-22T01:14:17","slug":"collar-diana-uso-meghan-markle-durante-viaje-nigeria","status":"publish","type":"articles","link":"https:\/\/graziamagazine.com\/mx\/articles\/collar-diana-uso-meghan-markle-durante-viaje-nigeria\/","title":{"rendered":"Este es el collar de Diana que us\u00f3 Meghan Markle durante un viaje a Nigeria"},"content":{"rendered":"<p><strong>Meghan Markle<\/strong> us\u00f3 un collar poco visto de<strong> Diana<\/strong> durante un viaje a <strong>Nigeria<\/strong>. El collar, que tiene una cruz de diamantes, pertenec\u00eda a la difunta madre de su esposo el <strong>pr\u00edncipe Harry<\/strong>, seg\u00fan dijo una fuente a <em><strong>Page Six<\/strong><\/em>.<\/p>\n<p>Meghan y Harry asistieron a una recepci\u00f3n ofrecida en <strong>Abuja<\/strong> por <strong>Christopher Musa<\/strong>, jefe del Estado Mayor de Defensa de Nigeria, en honor a las familias de militares y anunciaron la inauguraci\u00f3n de un centro de rehabilitaci\u00f3n en la zona.<\/p>\n<p>&#8220;Diana sigue siendo una fuerza prominente en la vida de Harry y, como resultado, en la de Meghan&#8221;, dijo la fuente cercana a los duques.<\/p>\n<p>&#8220;Gran parte de su trabajo est\u00e1 inspirado en su madre y es evidente lo mucho que ella todav\u00eda significa para \u00e9l. Un regalo para su esposa que alguna vez perteneci\u00f3 a su madre es incre\u00edblemente significativo y eso no pasa desapercibido para su esposa&#8221;, agreg\u00f3.<\/p>\n<figure id=\"attachment_137310\" aria-describedby=\"caption-attachment-137310\" style=\"width: 450px\" class=\"wp-caption alignnone\"><img loading=\"lazy\" decoding=\"async\" class=\"size-medium wp-image-137310\" src=\"https:\/\/graziamagazine.com\/mx\/wp-content\/uploads\/sites\/13\/2024\/05\/Captura-de-Pantalla-2024-05-21-a-las-19.06.23-450x360.png\" alt=\"\" width=\"450\" height=\"360\" srcset=\"https:\/\/graziamagazine.com\/mx\/wp-content\/uploads\/sites\/13\/2024\/05\/Captura-de-Pantalla-2024-05-21-a-las-19.06.23-450x360.png 450w, https:\/\/graziamagazine.com\/mx\/wp-content\/uploads\/sites\/13\/2024\/05\/Captura-de-Pantalla-2024-05-21-a-las-19.06.23-1024x819.png 1024w, https:\/\/graziamagazine.com\/mx\/wp-content\/uploads\/sites\/13\/2024\/05\/Captura-de-Pantalla-2024-05-21-a-las-19.06.23-768x614.png 768w, https:\/\/graziamagazine.com\/mx\/wp-content\/uploads\/sites\/13\/2024\/05\/Captura-de-Pantalla-2024-05-21-a-las-19.06.23-400x320.png 400w, https:\/\/graziamagazine.com\/mx\/wp-content\/uploads\/sites\/13\/2024\/05\/Captura-de-Pantalla-2024-05-21-a-las-19.06.23-155x124.png 155w, https:\/\/graziamagazine.com\/mx\/wp-content\/uploads\/sites\/13\/2024\/05\/Captura-de-Pantalla-2024-05-21-a-las-19.06.23.png 1206w\" sizes=\"(max-width: 450px) 100vw, 450px\" \/><figcaption id=\"caption-attachment-137310\" class=\"wp-caption-text\">Getty<\/figcaption><\/figure>\n<p>La duquesa de Sussex lo combin\u00f3 con un vestido blanco sin tirantes y una chaqueta del mismo tono. Seg\u00fan la publicaci\u00f3n, Diana us\u00f3 el mismo collar con colores claros es 1991.<\/p>\n<p>Harry tambi\u00e9n asisti\u00f3 a la gira por el pa\u00eds africano, y para la ocasi\u00f3n decidi\u00f3 usar un traje en tono crema.<br \/>\nEsta no es la primera vez que se ve a la duquesa portar joyas que pertenecieron a Diana. En mayo del 2023, se le vio portando el reloj <strong>Cartier<\/strong> de Diana durante una caminata.<\/p>\n<figure id=\"attachment_137312\" aria-describedby=\"caption-attachment-137312\" style=\"width: 450px\" class=\"wp-caption alignnone\"><img loading=\"lazy\" decoding=\"async\" class=\"size-medium wp-image-137312\" src=\"https:\/\/graziamagazine.com\/mx\/wp-content\/uploads\/sites\/13\/2024\/05\/Captura-de-Pantalla-2024-05-21-a-las-19.07.17-450x324.png\" alt=\"\" width=\"450\" height=\"324\" srcset=\"https:\/\/graziamagazine.com\/mx\/wp-content\/uploads\/sites\/13\/2024\/05\/Captura-de-Pantalla-2024-05-21-a-las-19.07.17-450x324.png 450w, https:\/\/graziamagazine.com\/mx\/wp-content\/uploads\/sites\/13\/2024\/05\/Captura-de-Pantalla-2024-05-21-a-las-19.07.17-1024x737.png 1024w, https:\/\/graziamagazine.com\/mx\/wp-content\/uploads\/sites\/13\/2024\/05\/Captura-de-Pantalla-2024-05-21-a-las-19.07.17-768x553.png 768w, https:\/\/graziamagazine.com\/mx\/wp-content\/uploads\/sites\/13\/2024\/05\/Captura-de-Pantalla-2024-05-21-a-las-19.07.17-400x288.png 400w, https:\/\/graziamagazine.com\/mx\/wp-content\/uploads\/sites\/13\/2024\/05\/Captura-de-Pantalla-2024-05-21-a-las-19.07.17-155x112.png 155w, https:\/\/graziamagazine.com\/mx\/wp-content\/uploads\/sites\/13\/2024\/05\/Captura-de-Pantalla-2024-05-21-a-las-19.07.17.png 1308w\" sizes=\"(max-width: 450px) 100vw, 450px\" \/><figcaption id=\"caption-attachment-137312\" class=\"wp-caption-text\">Getty<\/figcaption><\/figure>\n<p>Seg\u00fan expertos en realeza, ella usa esta pieza casi todos los d\u00edas, al igual que un un brazalete de tenis de diamantes Bentley &amp; Skinner, que se cree el ahora rey Carlos III regal\u00f3 a su exesposa.<\/p>\n<p>Tanto Kate Middleton como Meghan Markle tienen joyas que pertenecieron a la difunta madre de los hermanos.<\/p>\n","protected":false},"author":36289,"featured_media":137313,"template":"","format":"standard","categories":[12484],"acf":[],"yoast_head":"<!-- This site is optimized with the Yoast SEO Premium plugin v18.5 (Yoast SEO v20.4) - https:\/\/yoast.com\/wordpress\/plugins\/seo\/ -->\n<title>Este es el collar de Diana que us\u00f3 Meghan Markle durante un viaje a Nigeria | Grazia M\u00e9xico y Latinoam\u00e9rica<\/title>\n<meta name=\"description\" content=\"Meghan Markle us\u00f3 un collar poco visto de Diana durante un viaje a Nigeria. El collar, que tiene una cruz de diamantes, pertenec\u00eda a la difunta madre de\" \/>\n<meta name=\"robots\" content=\"index, follow, max-snippet:-1, max-image-preview:large, max-video-preview:-1\" \/>\n<link rel=\"canonical\" href=\"https:\/\/graziamagazine.com\/mx\/articles\/collar-diana-uso-meghan-markle-durante-viaje-nigeria\/\" \/>\n<meta property=\"og:locale\" content=\"es_MX\" \/>\n<meta property=\"og:type\" content=\"article\" \/>\n<meta property=\"og:title\" content=\"Este es el collar de Diana que us\u00f3 Meghan Markle durante un viaje a Nigeria\" \/>\n<meta property=\"og:description\" content=\"Meghan Markle us\u00f3 un collar poco visto de Diana durante un viaje a Nigeria. El collar, que tiene una cruz de diamantes, pertenec\u00eda a la difunta madre de\" \/>\n<meta property=\"og:url\" content=\"https:\/\/graziamagazine.com\/mx\/articles\/collar-diana-uso-meghan-markle-durante-viaje-nigeria\/\" \/>\n<meta property=\"og:site_name\" content=\"Grazia M\u00e9xico y Latinoam\u00e9rica\" \/>\n<meta property=\"article:modified_time\" content=\"2024-05-22T01:14:17+00:00\" \/>\n<meta property=\"og:image\" content=\"https:\/\/graziamagazine.com\/mx\/wp-content\/uploads\/sites\/13\/2024\/05\/Captura-de-Pantalla-2024-05-21-a-las-19.10.03-e1716340327321.png\" \/>\n\t<meta property=\"og:image:width\" content=\"1050\" \/>\n\t<meta property=\"og:image:height\" content=\"719\" \/>\n\t<meta property=\"og:image:type\" content=\"image\/png\" \/>\n<meta name=\"twitter:card\" content=\"summary_large_image\" \/>\n<meta name=\"twitter:label1\" content=\"Est. reading time\" \/>\n\t<meta name=\"twitter:data1\" content=\"2 minutos\" \/>\n<script type=\"application\/ld+json\" class=\"yoast-schema-graph\">{\"@context\":\"https:\/\/schema.org\",\"@graph\":[{\"@type\":\"WebPage\",\"@id\":\"https:\/\/graziamagazine.com\/mx\/articles\/collar-diana-uso-meghan-markle-durante-viaje-nigeria\/\",\"url\":\"https:\/\/graziamagazine.com\/mx\/articles\/collar-diana-uso-meghan-markle-durante-viaje-nigeria\/\",\"name\":\"Este es el collar de Diana que us\u00f3 Meghan Markle durante un viaje a Nigeria | Grazia M\u00e9xico y Latinoam\u00e9rica\",\"isPartOf\":{\"@id\":\"https:\/\/graziamagazine.com\/mx\/#website\"},\"datePublished\":\"2024-05-22T01:02:14+00:00\",\"dateModified\":\"2024-05-22T01:14:17+00:00\",\"description\":\"Meghan Markle us\u00f3 un collar poco visto de Diana durante un viaje a Nigeria. El collar, que tiene una cruz de diamantes, pertenec\u00eda a la difunta madre de\",\"breadcrumb\":{\"@id\":\"https:\/\/graziamagazine.com\/mx\/articles\/collar-diana-uso-meghan-markle-durante-viaje-nigeria\/#breadcrumb\"},\"inLanguage\":\"es-MX\",\"potentialAction\":[{\"@type\":\"ReadAction\",\"target\":[\"https:\/\/graziamagazine.com\/mx\/articles\/collar-diana-uso-meghan-markle-durante-viaje-nigeria\/\"]}]},{\"@type\":\"BreadcrumbList\",\"@id\":\"https:\/\/graziamagazine.com\/mx\/articles\/collar-diana-uso-meghan-markle-durante-viaje-nigeria\/#breadcrumb\",\"itemListElement\":[{\"@type\":\"ListItem\",\"position\":1,\"name\":\"Home\",\"item\":\"https:\/\/graziamagazine.com\/mx\/\"},{\"@type\":\"ListItem\",\"position\":2,\"name\":\"Este es el collar de Diana que us\u00f3 Meghan Markle durante un viaje a Nigeria\"}]},{\"@type\":\"WebSite\",\"@id\":\"https:\/\/graziamagazine.com\/mx\/#website\",\"url\":\"https:\/\/graziamagazine.com\/mx\/\",\"name\":\"Grazia M\u00e9xico y Latinoam\u00e9rica\",\"description\":\"Grazia es moda, belleza y noticias  de actualidad \",\"potentialAction\":[{\"@type\":\"SearchAction\",\"target\":{\"@type\":\"EntryPoint\",\"urlTemplate\":\"https:\/\/graziamagazine.com\/mx\/?s={search_term_string}\"},\"query-input\":\"required name=search_term_string\"}],\"inLanguage\":\"es-MX\"}]}<\/script>\n<!-- \/ Yoast SEO Premium plugin. -->","yoast_head_json":{"title":"Este es el collar de Diana que us\u00f3 Meghan Markle durante un viaje a Nigeria | Grazia M\u00e9xico y Latinoam\u00e9rica","description":"Meghan Markle us\u00f3 un collar poco visto de Diana durante un viaje a Nigeria. El collar, que tiene una cruz de diamantes, pertenec\u00eda a la difunta madre de","robots":{"index":"index","follow":"follow","max-snippet":"max-snippet:-1","max-image-preview":"max-image-preview:large","max-video-preview":"max-video-preview:-1"},"canonical":"https:\/\/graziamagazine.com\/mx\/articles\/collar-diana-uso-meghan-markle-durante-viaje-nigeria\/","og_locale":"es_MX","og_type":"article","og_title":"Este es el collar de Diana que us\u00f3 Meghan Markle durante un viaje a Nigeria","og_description":"Meghan Markle us\u00f3 un collar poco visto de Diana durante un viaje a Nigeria. El collar, que tiene una cruz de diamantes, pertenec\u00eda a la difunta madre de","og_url":"https:\/\/graziamagazine.com\/mx\/articles\/collar-diana-uso-meghan-markle-durante-viaje-nigeria\/","og_site_name":"Grazia M\u00e9xico y Latinoam\u00e9rica","article_modified_time":"2024-05-22T01:14:17+00:00","og_image":[{"width":1050,"height":719,"url":"https:\/\/graziamagazine.com\/mx\/wp-content\/uploads\/sites\/13\/2024\/05\/Captura-de-Pantalla-2024-05-21-a-las-19.10.03-e1716340327321.png","type":"image\/png"}],"twitter_card":"summary_large_image","twitter_misc":{"Est. reading time":"2 minutos"},"schema":{"@context":"https:\/\/schema.org","@graph":[{"@type":"WebPage","@id":"https:\/\/graziamagazine.com\/mx\/articles\/collar-diana-uso-meghan-markle-durante-viaje-nigeria\/","url":"https:\/\/graziamagazine.com\/mx\/articles\/collar-diana-uso-meghan-markle-durante-viaje-nigeria\/","name":"Este es el collar de Diana que us\u00f3 Meghan Markle durante un viaje a Nigeria | Grazia M\u00e9xico y Latinoam\u00e9rica","isPartOf":{"@id":"https:\/\/graziamagazine.com\/mx\/#website"},"datePublished":"2024-05-22T01:02:14+00:00","dateModified":"2024-05-22T01:14:17+00:00","description":"Meghan Markle us\u00f3 un collar poco visto de Diana durante un viaje a Nigeria. El collar, que tiene una cruz de diamantes, pertenec\u00eda a la difunta madre de","breadcrumb":{"@id":"https:\/\/graziamagazine.com\/mx\/articles\/collar-diana-uso-meghan-markle-durante-viaje-nigeria\/#breadcrumb"},"inLanguage":"es-MX","potentialAction":[{"@type":"ReadAction","target":["https:\/\/graziamagazine.com\/mx\/articles\/collar-diana-uso-meghan-markle-durante-viaje-nigeria\/"]}]},{"@type":"BreadcrumbList","@id":"https:\/\/graziamagazine.com\/mx\/articles\/collar-diana-uso-meghan-markle-durante-viaje-nigeria\/#breadcrumb","itemListElement":[{"@type":"ListItem","position":1,"name":"Home","item":"https:\/\/graziamagazine.com\/mx\/"},{"@type":"ListItem","position":2,"name":"Este es el collar de Diana que us\u00f3 Meghan Markle durante un viaje a Nigeria"}]},{"@type":"WebSite","@id":"https:\/\/graziamagazine.com\/mx\/#website","url":"https:\/\/graziamagazine.com\/mx\/","name":"Grazia M\u00e9xico y Latinoam\u00e9rica","description":"Grazia es moda, belleza y noticias  de actualidad ","potentialAction":[{"@type":"SearchAction","target":{"@type":"EntryPoint","urlTemplate":"https:\/\/graziamagazine.com\/mx\/?s={search_term_string}"},"query-input":"required name=search_term_string"}],"inLanguage":"es-MX"}]}},"jetpack_sharing_enabled":true,"distributor_meta":false,"distributor_terms":false,"distributor_media":false,"distributor_original_site_name":"Grazia M\u00e9xico y Latinoam\u00e9rica","distributor_original_site_url":"https:\/\/graziamagazine.com\/mx","push-errors":false,"_links":{"self":[{"href":"https:\/\/graziamagazine.com\/mx\/wp-json\/wp\/v2\/articles\/137308"}],"collection":[{"href":"https:\/\/graziamagazine.com\/mx\/wp-json\/wp\/v2\/articles"}],"about":[{"href":"https:\/\/graziamagazine.com\/mx\/wp-json\/wp\/v2\/types\/articles"}],"author":[{"embeddable":true,"href":"https:\/\/graziamagazine.com\/mx\/wp-json\/wp\/v2\/users\/36289"}],"wp:featuredmedia":[{"embeddable":true,"href":"https:\/\/graziamagazine.com\/mx\/wp-json\/wp\/v2\/media\/137313"}],"wp:attachment":[{"href":"https:\/\/graziamagazine.com\/mx\/wp-json\/wp\/v2\/media?parent=137308"}],"wp:term":[{"taxonomy":"category","embeddable":true,"href":"https:\/\/graziamagazine.com\/mx\/wp-json\/wp\/v2\/categories?post=137308"}],"curies":[{"name":"wp","href":"https:\/\/api.w.org\/{rel}","templated":true}]}}