{"id":137170,"date":"2024-05-17T00:39:51","date_gmt":"2024-05-17T05:39:51","guid":{"rendered":"https:\/\/graziamagazine.com\/mx\/?post_type=articles&#038;p=137170"},"modified":"2024-05-17T00:58:59","modified_gmt":"2024-05-17T05:58:59","slug":"nuevo-retrato-real-rey-carlos-polemica-causando","status":"publish","type":"articles","link":"https:\/\/graziamagazine.com\/mx\/articles\/nuevo-retrato-real-rey-carlos-polemica-causando\/","title":{"rendered":"El nuevo retrato real del Rey Carlos y la pol\u00e9mica que est\u00e1 causando"},"content":{"rendered":"<p>El nuevo <strong>retrato real<\/strong> del <strong>Rey Carlos<\/strong> est\u00e1 causando pol\u00e9mica y ha generado reacciones opuestas por su estilo &#8220;moderno&#8221;. Se trata del primer retrato oficial desde su coronaci\u00f3n en mayo del 2023.<\/p>\n<p>El retrato fue pintado por el artista brit\u00e1nico <strong>Jonathan Yeo<\/strong>, y ha generado reacciones controversiales por su intensa representaci\u00f3n en colores rojos.<\/p>\n<p>La familia real public\u00f3 un video en las redes sociales donde el rey desvela la pintura junto al artista el pasado 14 de mayo en el <strong>Palacio de Buckingham<\/strong>.<\/p>\n<blockquote class=\"twitter-tweet\" data-width=\"500\" data-dnt=\"true\">\n<p lang=\"en\" dir=\"ltr\">\ud83e\udd8b The artist said of the experience of painting The King:<\/p>\n<p>\u201cWhen I started this project, His Majesty The King was still His Royal Highness The Prince of Wales, and much like the butterfly I&#39;ve painted hovering over his shoulder, this portrait has evolved as the subject&#39;s role in\u2026 <a href=\"https:\/\/t.co\/U289q8AlMh\" target=\"_blank\">pic.twitter.com\/U289q8AlMh<\/a><\/p>\n<p>&mdash; The Royal Family (@RoyalFamily) <a href=\"https:\/\/twitter.com\/RoyalFamily\/status\/1790405604072153328?ref_src=twsrc%5Etfw\" target=\"_blank\">May 14, 2024<\/a><\/p><\/blockquote>\n<p><script async src=\"https:\/\/platform.twitter.com\/widgets.js\" charset=\"utf-8\"><\/script><\/p>\n<p>Seg\u00fan un comunicado de prensa del Palacio de Buckingham, en la obra de arte se puede ver al con el uniforme rojo de la <strong>Guardia Galesa<\/strong>, de la que fue nombrado coronel de regimiento en 1975.<\/p>\n<p>El rey aparece con las manos en una espada, una mariposa monarca sobre el hombro derecho y un fondo rojo con las mismas tonalidades que el uniforme del rey.<\/p>\n<p>En el video se puede ver c\u00f3mo <strong>Carlos III<\/strong> y Yao observan la pintura y los asistentes aplauden.<br \/>\nLa familia real aparentemente tuvo una reacci\u00f3n positiva de la pintura. Seg\u00fan la <strong>BBC<\/strong>, <strong>Camilla<\/strong>, la reina consorte dijo al artista &#8220;S\u00ed, lo tienes&#8221;.<\/p>\n<p>Pero las reacciones no han sido del todo benevolentes. En los comentarios de la publicaci\u00f3n de <strong>Instagram<\/strong> de la familia real, se puede leer la desaprobaci\u00f3n del retrato.<\/p>\n<figure id=\"attachment_137172\" aria-describedby=\"caption-attachment-137172\" style=\"width: 368px\" class=\"wp-caption alignnone\"><img loading=\"lazy\" decoding=\"async\" class=\"size-medium wp-image-137172\" src=\"https:\/\/graziamagazine.com\/mx\/wp-content\/uploads\/sites\/13\/2024\/05\/WhatsApp-Image-2024-05-16-at-11.47.11-PM-368x450.jpeg\" alt=\"\" width=\"368\" height=\"450\" srcset=\"https:\/\/graziamagazine.com\/mx\/wp-content\/uploads\/sites\/13\/2024\/05\/WhatsApp-Image-2024-05-16-at-11.47.11-PM-368x450.jpeg 368w, https:\/\/graziamagazine.com\/mx\/wp-content\/uploads\/sites\/13\/2024\/05\/WhatsApp-Image-2024-05-16-at-11.47.11-PM-838x1024.jpeg 838w, https:\/\/graziamagazine.com\/mx\/wp-content\/uploads\/sites\/13\/2024\/05\/WhatsApp-Image-2024-05-16-at-11.47.11-PM-768x938.jpeg 768w, https:\/\/graziamagazine.com\/mx\/wp-content\/uploads\/sites\/13\/2024\/05\/WhatsApp-Image-2024-05-16-at-11.47.11-PM-400x489.jpeg 400w, https:\/\/graziamagazine.com\/mx\/wp-content\/uploads\/sites\/13\/2024\/05\/WhatsApp-Image-2024-05-16-at-11.47.11-PM-155x189.jpeg 155w, https:\/\/graziamagazine.com\/mx\/wp-content\/uploads\/sites\/13\/2024\/05\/WhatsApp-Image-2024-05-16-at-11.47.11-PM.jpeg 1125w\" sizes=\"(max-width: 368px) 100vw, 368px\" \/><figcaption id=\"caption-attachment-137172\" class=\"wp-caption-text\">Instagram<\/figcaption><\/figure>\n<p>&#8220;Lo siento, pero su retrato parece estar en el infierno&#8221;, &#8220;Sin parecer grosero, este es el peor retrato real que he visto en mi vida&#8221;, se puede leer en los comentarios de la foto.<\/p>\n<p>Pero no todos fueron tan duros. &#8220;Realmente captur\u00f3 su esencia en el rostro, pero la dureza del rojo no coincide con la suavidad de su expresi\u00f3n&#8221;, dijo una persona.<\/p>\n<p>&#8220;Creo que esto es hermoso y una gran ruptura con los retratos tradicionales&#8221;, se\u00f1al\u00f3 un fan. &#8220;Esta pintura es absolutamente ESPECTACULAR, sofisticada y FUERTE. Felicitaciones al artista&#8221;, escribi\u00f3 otra persona.<\/p>\n<p>El retrato fue encargado en 2020 para celebrar los 50 a\u00f1os del entonces Pr\u00edncipe de Gales como miembro de The Drapers&#8217; Company en 2022, seg\u00fan dijo el Palacio de Buckingham. Ser\u00e1 colgado en el Drapers&#8217; Hall de Londres.<\/p>\n<p>Yeo, anteriormente pint\u00f3 a la reina consorte y al difunto duque de Edimburgo; dijo que en su trabajo hace todo lo posible para capturar las &#8220;experiencias de vida grabadas en el rostro de cada modelo&#8221;.<\/p>\n","protected":false},"author":36289,"featured_media":137171,"template":"","format":"standard","categories":[12484],"acf":[],"yoast_head":"<!-- This site is optimized with the Yoast SEO Premium plugin v18.5 (Yoast SEO v20.4) - https:\/\/yoast.com\/wordpress\/plugins\/seo\/ -->\n<title>El nuevo retrato real del Rey Carlos y la pol\u00e9mica que est\u00e1 causando | Grazia M\u00e9xico y Latinoam\u00e9rica<\/title>\n<meta name=\"description\" content=\"El nuevo retrato real del Rey Carlos est\u00e1 causando pol\u00e9mica y ha generado reacciones opuestas por su estilo &quot;moderno&quot;. Se trata del primer retrato oficial\" \/>\n<meta name=\"robots\" content=\"index, follow, max-snippet:-1, max-image-preview:large, max-video-preview:-1\" \/>\n<link rel=\"canonical\" href=\"https:\/\/graziamagazine.com\/mx\/articles\/nuevo-retrato-real-rey-carlos-polemica-causando\/\" \/>\n<meta property=\"og:locale\" content=\"es_MX\" \/>\n<meta property=\"og:type\" content=\"article\" \/>\n<meta property=\"og:title\" content=\"El nuevo retrato real del Rey Carlos y la pol\u00e9mica que est\u00e1 causando\" \/>\n<meta property=\"og:description\" content=\"El nuevo retrato real del Rey Carlos est\u00e1 causando pol\u00e9mica y ha generado reacciones opuestas por su estilo &quot;moderno&quot;. Se trata del primer retrato oficial\" \/>\n<meta property=\"og:url\" content=\"https:\/\/graziamagazine.com\/mx\/articles\/nuevo-retrato-real-rey-carlos-polemica-causando\/\" \/>\n<meta property=\"og:site_name\" content=\"Grazia M\u00e9xico y Latinoam\u00e9rica\" \/>\n<meta property=\"article:modified_time\" content=\"2024-05-17T05:58:59+00:00\" \/>\n<meta property=\"og:image\" content=\"https:\/\/graziamagazine.com\/mx\/wp-content\/uploads\/sites\/13\/2024\/05\/Captura-de-Pantalla-2024-05-16-a-las-23.45.02-e1715925349309.png\" \/>\n\t<meta property=\"og:image:width\" content=\"1104\" \/>\n\t<meta property=\"og:image:height\" content=\"719\" \/>\n\t<meta property=\"og:image:type\" content=\"image\/png\" \/>\n<meta name=\"twitter:card\" content=\"summary_large_image\" \/>\n<meta name=\"twitter:label1\" content=\"Est. reading time\" \/>\n\t<meta name=\"twitter:data1\" content=\"2 minutos\" \/>\n<script type=\"application\/ld+json\" class=\"yoast-schema-graph\">{\"@context\":\"https:\/\/schema.org\",\"@graph\":[{\"@type\":\"WebPage\",\"@id\":\"https:\/\/graziamagazine.com\/mx\/articles\/nuevo-retrato-real-rey-carlos-polemica-causando\/\",\"url\":\"https:\/\/graziamagazine.com\/mx\/articles\/nuevo-retrato-real-rey-carlos-polemica-causando\/\",\"name\":\"El nuevo retrato real del Rey Carlos y la pol\u00e9mica que est\u00e1 causando | Grazia M\u00e9xico y Latinoam\u00e9rica\",\"isPartOf\":{\"@id\":\"https:\/\/graziamagazine.com\/mx\/#website\"},\"datePublished\":\"2024-05-17T05:39:51+00:00\",\"dateModified\":\"2024-05-17T05:58:59+00:00\",\"description\":\"El nuevo retrato real del Rey Carlos est\u00e1 causando pol\u00e9mica y ha generado reacciones opuestas por su estilo \\\"moderno\\\". Se trata del primer retrato oficial\",\"breadcrumb\":{\"@id\":\"https:\/\/graziamagazine.com\/mx\/articles\/nuevo-retrato-real-rey-carlos-polemica-causando\/#breadcrumb\"},\"inLanguage\":\"es-MX\",\"potentialAction\":[{\"@type\":\"ReadAction\",\"target\":[\"https:\/\/graziamagazine.com\/mx\/articles\/nuevo-retrato-real-rey-carlos-polemica-causando\/\"]}]},{\"@type\":\"BreadcrumbList\",\"@id\":\"https:\/\/graziamagazine.com\/mx\/articles\/nuevo-retrato-real-rey-carlos-polemica-causando\/#breadcrumb\",\"itemListElement\":[{\"@type\":\"ListItem\",\"position\":1,\"name\":\"Home\",\"item\":\"https:\/\/graziamagazine.com\/mx\/\"},{\"@type\":\"ListItem\",\"position\":2,\"name\":\"El nuevo retrato real del Rey Carlos y la pol\u00e9mica que est\u00e1 causando\"}]},{\"@type\":\"WebSite\",\"@id\":\"https:\/\/graziamagazine.com\/mx\/#website\",\"url\":\"https:\/\/graziamagazine.com\/mx\/\",\"name\":\"Grazia M\u00e9xico y Latinoam\u00e9rica\",\"description\":\"Grazia es moda, belleza y noticias  de actualidad \",\"potentialAction\":[{\"@type\":\"SearchAction\",\"target\":{\"@type\":\"EntryPoint\",\"urlTemplate\":\"https:\/\/graziamagazine.com\/mx\/?s={search_term_string}\"},\"query-input\":\"required name=search_term_string\"}],\"inLanguage\":\"es-MX\"}]}<\/script>\n<!-- \/ Yoast SEO Premium plugin. -->","yoast_head_json":{"title":"El nuevo retrato real del Rey Carlos y la pol\u00e9mica que est\u00e1 causando | Grazia M\u00e9xico y Latinoam\u00e9rica","description":"El nuevo retrato real del Rey Carlos est\u00e1 causando pol\u00e9mica y ha generado reacciones opuestas por su estilo \"moderno\". Se trata del primer retrato oficial","robots":{"index":"index","follow":"follow","max-snippet":"max-snippet:-1","max-image-preview":"max-image-preview:large","max-video-preview":"max-video-preview:-1"},"canonical":"https:\/\/graziamagazine.com\/mx\/articles\/nuevo-retrato-real-rey-carlos-polemica-causando\/","og_locale":"es_MX","og_type":"article","og_title":"El nuevo retrato real del Rey Carlos y la pol\u00e9mica que est\u00e1 causando","og_description":"El nuevo retrato real del Rey Carlos est\u00e1 causando pol\u00e9mica y ha generado reacciones opuestas por su estilo \"moderno\". Se trata del primer retrato oficial","og_url":"https:\/\/graziamagazine.com\/mx\/articles\/nuevo-retrato-real-rey-carlos-polemica-causando\/","og_site_name":"Grazia M\u00e9xico y Latinoam\u00e9rica","article_modified_time":"2024-05-17T05:58:59+00:00","og_image":[{"width":1104,"height":719,"url":"https:\/\/graziamagazine.com\/mx\/wp-content\/uploads\/sites\/13\/2024\/05\/Captura-de-Pantalla-2024-05-16-a-las-23.45.02-e1715925349309.png","type":"image\/png"}],"twitter_card":"summary_large_image","twitter_misc":{"Est. reading time":"2 minutos"},"schema":{"@context":"https:\/\/schema.org","@graph":[{"@type":"WebPage","@id":"https:\/\/graziamagazine.com\/mx\/articles\/nuevo-retrato-real-rey-carlos-polemica-causando\/","url":"https:\/\/graziamagazine.com\/mx\/articles\/nuevo-retrato-real-rey-carlos-polemica-causando\/","name":"El nuevo retrato real del Rey Carlos y la pol\u00e9mica que est\u00e1 causando | Grazia M\u00e9xico y Latinoam\u00e9rica","isPartOf":{"@id":"https:\/\/graziamagazine.com\/mx\/#website"},"datePublished":"2024-05-17T05:39:51+00:00","dateModified":"2024-05-17T05:58:59+00:00","description":"El nuevo retrato real del Rey Carlos est\u00e1 causando pol\u00e9mica y ha generado reacciones opuestas por su estilo \"moderno\". Se trata del primer retrato oficial","breadcrumb":{"@id":"https:\/\/graziamagazine.com\/mx\/articles\/nuevo-retrato-real-rey-carlos-polemica-causando\/#breadcrumb"},"inLanguage":"es-MX","potentialAction":[{"@type":"ReadAction","target":["https:\/\/graziamagazine.com\/mx\/articles\/nuevo-retrato-real-rey-carlos-polemica-causando\/"]}]},{"@type":"BreadcrumbList","@id":"https:\/\/graziamagazine.com\/mx\/articles\/nuevo-retrato-real-rey-carlos-polemica-causando\/#breadcrumb","itemListElement":[{"@type":"ListItem","position":1,"name":"Home","item":"https:\/\/graziamagazine.com\/mx\/"},{"@type":"ListItem","position":2,"name":"El nuevo retrato real del Rey Carlos y la pol\u00e9mica que est\u00e1 causando"}]},{"@type":"WebSite","@id":"https:\/\/graziamagazine.com\/mx\/#website","url":"https:\/\/graziamagazine.com\/mx\/","name":"Grazia M\u00e9xico y Latinoam\u00e9rica","description":"Grazia es moda, belleza y noticias  de actualidad ","potentialAction":[{"@type":"SearchAction","target":{"@type":"EntryPoint","urlTemplate":"https:\/\/graziamagazine.com\/mx\/?s={search_term_string}"},"query-input":"required name=search_term_string"}],"inLanguage":"es-MX"}]}},"jetpack_sharing_enabled":true,"distributor_meta":false,"distributor_terms":false,"distributor_media":false,"distributor_original_site_name":"Grazia M\u00e9xico y Latinoam\u00e9rica","distributor_original_site_url":"https:\/\/graziamagazine.com\/mx","push-errors":false,"_links":{"self":[{"href":"https:\/\/graziamagazine.com\/mx\/wp-json\/wp\/v2\/articles\/137170"}],"collection":[{"href":"https:\/\/graziamagazine.com\/mx\/wp-json\/wp\/v2\/articles"}],"about":[{"href":"https:\/\/graziamagazine.com\/mx\/wp-json\/wp\/v2\/types\/articles"}],"author":[{"embeddable":true,"href":"https:\/\/graziamagazine.com\/mx\/wp-json\/wp\/v2\/users\/36289"}],"wp:featuredmedia":[{"embeddable":true,"href":"https:\/\/graziamagazine.com\/mx\/wp-json\/wp\/v2\/media\/137171"}],"wp:attachment":[{"href":"https:\/\/graziamagazine.com\/mx\/wp-json\/wp\/v2\/media?parent=137170"}],"wp:term":[{"taxonomy":"category","embeddable":true,"href":"https:\/\/graziamagazine.com\/mx\/wp-json\/wp\/v2\/categories?post=137170"}],"curies":[{"name":"wp","href":"https:\/\/api.w.org\/{rel}","templated":true}]}}