{"id":137107,"date":"2024-05-15T15:40:53","date_gmt":"2024-05-15T20:40:53","guid":{"rendered":"https:\/\/graziamagazine.com\/mx\/?post_type=articles&#038;p=137107"},"modified":"2024-05-15T15:49:31","modified_gmt":"2024-05-15T20:49:31","slug":"conmovedora-entrega-meryl-streep-recibe-palma-honor-cannes","status":"publish","type":"articles","link":"https:\/\/graziamagazine.com\/mx\/articles\/conmovedora-entrega-meryl-streep-recibe-palma-honor-cannes\/","title":{"rendered":"En una conmovedora entrega, Meryl Streep recibe Palma de Honor en Cannes"},"content":{"rendered":"<p>Este martes <strong>Meryl Streep<\/strong> recibi\u00f3 la Palma de Oro de Honor en el Festival de Cannes, en una ceremonia llena de l\u00e1grimas y ovaciones para la actriz.<\/p>\n<p>&#8220;Este premio es \u00fanico en el mundo del cine y estoy <strong>muy honrada<\/strong> de recibirlo&#8221;, expres\u00f3 Meryl al recibir el premio. La actriz francesa <strong>Juliette Binoche<\/strong>, que fue la encargada de hacerle entrega del galard\u00f3n.<\/p>\n<figure id=\"attachment_137108\" aria-describedby=\"caption-attachment-137108\" style=\"width: 300px\" class=\"wp-caption alignnone\"><img loading=\"lazy\" decoding=\"async\" class=\"size-medium wp-image-137108\" src=\"https:\/\/graziamagazine.com\/mx\/wp-content\/uploads\/sites\/13\/2024\/05\/WhatsApp-Image-2024-05-15-at-2.47.35-PM-300x450.jpeg\" alt=\"\" width=\"300\" height=\"450\" srcset=\"https:\/\/graziamagazine.com\/mx\/wp-content\/uploads\/sites\/13\/2024\/05\/WhatsApp-Image-2024-05-15-at-2.47.35-PM-300x450.jpeg 300w, https:\/\/graziamagazine.com\/mx\/wp-content\/uploads\/sites\/13\/2024\/05\/WhatsApp-Image-2024-05-15-at-2.47.35-PM-400x600.jpeg 400w, https:\/\/graziamagazine.com\/mx\/wp-content\/uploads\/sites\/13\/2024\/05\/WhatsApp-Image-2024-05-15-at-2.47.35-PM-143x215.jpeg 143w, https:\/\/graziamagazine.com\/mx\/wp-content\/uploads\/sites\/13\/2024\/05\/WhatsApp-Image-2024-05-15-at-2.47.35-PM.jpeg 600w\" sizes=\"(max-width: 300px) 100vw, 300px\" \/><figcaption id=\"caption-attachment-137108\" class=\"wp-caption-text\">Getty Images<\/figcaption><\/figure>\n<p>Adem\u00e1s, la actriz se dio el permiso de bromear al recibir el espereado premio. &#8220;Estoy muy agradecida de que no se hayan <strong>hartado de mi cara<\/strong>&#8220;, brome\u00f3 la actriz estadounidense.<\/p>\n<p>Streep, que ha ganado <strong>tres veces<\/strong> el Oscar y tiene una cifra r\u00e9cord de 21 nominaciones. Fue premiada en Cannes hace treinta y cinco a\u00f1os cuando se coron\u00f3 como mejor actriz por <em>Un grito en la oscuridad<\/em> (1988). En ese momento, ya cerca de cumplir 40 a\u00f1os, admiti\u00f3 que pens\u00f3 que su carrera llegaba a su final.<\/p>\n<p>&#8220;No era -reflexion\u00f3- una expectativa poco realista en la \u00e9poca, era una previsi\u00f3n <strong>razonable<\/strong>\u201d, asegur\u00f3.<\/p>\n<blockquote class=\"twitter-tweet\" data-width=\"500\" data-dnt=\"true\">\n<p lang=\"en\" dir=\"ltr\">Losing it in front of Meryl Streep IS SOOOOOOO REAL <a href=\"https:\/\/t.co\/nB4GBOtmNe\" target=\"_blank\">pic.twitter.com\/nB4GBOtmNe<\/a><\/p>\n<p>&mdash; Auri (@smteryelep) <a href=\"https:\/\/twitter.com\/smteryelep\/status\/1790444840334790705?ref_src=twsrc%5Etfw\" target=\"_blank\">May 14, 2024<\/a><\/p><\/blockquote>\n<p><script async src=\"https:\/\/platform.twitter.com\/widgets.js\" charset=\"utf-8\"><\/script><\/p>\n<p>Uno de los momentos m\u00e1s emotivos fue cuando Juliette Binoche <strong>llor\u00f3<\/strong> al leerle su discurso para la entrega.<\/p>\n<p>&#8220;Has cambiado nuestra forma de ver a las mujeres en el mundo del cine y nos has dado una nueva imagen de nosotras mismas&#8221;, dijo la actriz francesa.<\/p>\n<p>Otras celebridades en la sala tambi\u00e9n lloraron con el discurso, como fue el caso de la realizadora y actriz <strong>Greta Gerwig<\/strong>, a quien, por cierto, tambi\u00e9n se le rindi\u00f3 un homenaje especial. Este a\u00f1o Greta es presidenta del jurado que elegir\u00e1 la Palma de Oro.<\/p>\n<p>Meryl Streep ha participado en pel\u00edculas como <em>\u00c1frica m\u00eda, Los puentes de Madison, La decisi\u00f3n de Sophie <\/em>y <strong><em>El diablo viste a la moda<\/em><\/strong>, as\u00ed como en el musicial <em>Mamma mia!<\/em><\/p>\n<p>Este reconocimiento fue entregado durante la ceremonia de apertura de la edici\u00f3n 77 del Festival de Cannes, con la cual, el evento qued\u00f3 oficialmente inaugurado y finalizar\u00e1 el pr\u00f3ximo <strong>25 de mayo<\/strong> con la entrega de la Palma de Oro.<\/p>\n","protected":false},"author":36289,"featured_media":137109,"template":"","format":"standard","categories":[114],"acf":[],"yoast_head":"<!-- This site is optimized with the Yoast SEO Premium plugin v18.5 (Yoast SEO v20.4) - https:\/\/yoast.com\/wordpress\/plugins\/seo\/ -->\n<title>En una conmovedora entrega, Meryl Streep recibe Palma de Honor en Cannes | Grazia M\u00e9xico y Latinoam\u00e9rica<\/title>\n<meta name=\"description\" content=\"Este martes Meryl Streep recibi\u00f3 la Palma de Oro de Honor en el Festival de Cannes, en una ceremonia llena de l\u00e1grimas y ovaciones para la actriz. &quot;Este\" \/>\n<meta name=\"robots\" content=\"index, follow, max-snippet:-1, max-image-preview:large, max-video-preview:-1\" \/>\n<link rel=\"canonical\" href=\"https:\/\/graziamagazine.com\/mx\/articles\/conmovedora-entrega-meryl-streep-recibe-palma-honor-cannes\/\" \/>\n<meta property=\"og:locale\" content=\"es_MX\" \/>\n<meta property=\"og:type\" content=\"article\" \/>\n<meta property=\"og:title\" content=\"En una conmovedora entrega, Meryl Streep recibe Palma de Honor en Cannes\" \/>\n<meta property=\"og:description\" content=\"Este martes Meryl Streep recibi\u00f3 la Palma de Oro de Honor en el Festival de Cannes, en una ceremonia llena de l\u00e1grimas y ovaciones para la actriz. &quot;Este\" \/>\n<meta property=\"og:url\" content=\"https:\/\/graziamagazine.com\/mx\/articles\/conmovedora-entrega-meryl-streep-recibe-palma-honor-cannes\/\" \/>\n<meta property=\"og:site_name\" content=\"Grazia M\u00e9xico y Latinoam\u00e9rica\" \/>\n<meta property=\"article:modified_time\" content=\"2024-05-15T20:49:31+00:00\" \/>\n<meta property=\"og:image\" content=\"https:\/\/graziamagazine.com\/mx\/wp-content\/uploads\/sites\/13\/2024\/05\/WhatsApp-Image-2024-05-15-at-2.47.30-PM.jpeg\" \/>\n\t<meta property=\"og:image:width\" content=\"700\" \/>\n\t<meta property=\"og:image:height\" content=\"467\" \/>\n\t<meta property=\"og:image:type\" content=\"image\/jpeg\" \/>\n<meta name=\"twitter:card\" content=\"summary_large_image\" \/>\n<meta name=\"twitter:label1\" content=\"Est. reading time\" \/>\n\t<meta name=\"twitter:data1\" content=\"2 minutos\" \/>\n<script type=\"application\/ld+json\" class=\"yoast-schema-graph\">{\"@context\":\"https:\/\/schema.org\",\"@graph\":[{\"@type\":\"WebPage\",\"@id\":\"https:\/\/graziamagazine.com\/mx\/articles\/conmovedora-entrega-meryl-streep-recibe-palma-honor-cannes\/\",\"url\":\"https:\/\/graziamagazine.com\/mx\/articles\/conmovedora-entrega-meryl-streep-recibe-palma-honor-cannes\/\",\"name\":\"En una conmovedora entrega, Meryl Streep recibe Palma de Honor en Cannes | Grazia M\u00e9xico y Latinoam\u00e9rica\",\"isPartOf\":{\"@id\":\"https:\/\/graziamagazine.com\/mx\/#website\"},\"datePublished\":\"2024-05-15T20:40:53+00:00\",\"dateModified\":\"2024-05-15T20:49:31+00:00\",\"description\":\"Este martes Meryl Streep recibi\u00f3 la Palma de Oro de Honor en el Festival de Cannes, en una ceremonia llena de l\u00e1grimas y ovaciones para la actriz. \\\"Este\",\"breadcrumb\":{\"@id\":\"https:\/\/graziamagazine.com\/mx\/articles\/conmovedora-entrega-meryl-streep-recibe-palma-honor-cannes\/#breadcrumb\"},\"inLanguage\":\"es-MX\",\"potentialAction\":[{\"@type\":\"ReadAction\",\"target\":[\"https:\/\/graziamagazine.com\/mx\/articles\/conmovedora-entrega-meryl-streep-recibe-palma-honor-cannes\/\"]}]},{\"@type\":\"BreadcrumbList\",\"@id\":\"https:\/\/graziamagazine.com\/mx\/articles\/conmovedora-entrega-meryl-streep-recibe-palma-honor-cannes\/#breadcrumb\",\"itemListElement\":[{\"@type\":\"ListItem\",\"position\":1,\"name\":\"Home\",\"item\":\"https:\/\/graziamagazine.com\/mx\/\"},{\"@type\":\"ListItem\",\"position\":2,\"name\":\"En una conmovedora entrega, Meryl Streep recibe Palma de Honor en Cannes\"}]},{\"@type\":\"WebSite\",\"@id\":\"https:\/\/graziamagazine.com\/mx\/#website\",\"url\":\"https:\/\/graziamagazine.com\/mx\/\",\"name\":\"Grazia M\u00e9xico y Latinoam\u00e9rica\",\"description\":\"Grazia es moda, belleza y noticias  de actualidad \",\"potentialAction\":[{\"@type\":\"SearchAction\",\"target\":{\"@type\":\"EntryPoint\",\"urlTemplate\":\"https:\/\/graziamagazine.com\/mx\/?s={search_term_string}\"},\"query-input\":\"required name=search_term_string\"}],\"inLanguage\":\"es-MX\"}]}<\/script>\n<!-- \/ Yoast SEO Premium plugin. -->","yoast_head_json":{"title":"En una conmovedora entrega, Meryl Streep recibe Palma de Honor en Cannes | Grazia M\u00e9xico y Latinoam\u00e9rica","description":"Este martes Meryl Streep recibi\u00f3 la Palma de Oro de Honor en el Festival de Cannes, en una ceremonia llena de l\u00e1grimas y ovaciones para la actriz. \"Este","robots":{"index":"index","follow":"follow","max-snippet":"max-snippet:-1","max-image-preview":"max-image-preview:large","max-video-preview":"max-video-preview:-1"},"canonical":"https:\/\/graziamagazine.com\/mx\/articles\/conmovedora-entrega-meryl-streep-recibe-palma-honor-cannes\/","og_locale":"es_MX","og_type":"article","og_title":"En una conmovedora entrega, Meryl Streep recibe Palma de Honor en Cannes","og_description":"Este martes Meryl Streep recibi\u00f3 la Palma de Oro de Honor en el Festival de Cannes, en una ceremonia llena de l\u00e1grimas y ovaciones para la actriz. \"Este","og_url":"https:\/\/graziamagazine.com\/mx\/articles\/conmovedora-entrega-meryl-streep-recibe-palma-honor-cannes\/","og_site_name":"Grazia M\u00e9xico y Latinoam\u00e9rica","article_modified_time":"2024-05-15T20:49:31+00:00","og_image":[{"width":700,"height":467,"url":"https:\/\/graziamagazine.com\/mx\/wp-content\/uploads\/sites\/13\/2024\/05\/WhatsApp-Image-2024-05-15-at-2.47.30-PM.jpeg","type":"image\/jpeg"}],"twitter_card":"summary_large_image","twitter_misc":{"Est. reading time":"2 minutos"},"schema":{"@context":"https:\/\/schema.org","@graph":[{"@type":"WebPage","@id":"https:\/\/graziamagazine.com\/mx\/articles\/conmovedora-entrega-meryl-streep-recibe-palma-honor-cannes\/","url":"https:\/\/graziamagazine.com\/mx\/articles\/conmovedora-entrega-meryl-streep-recibe-palma-honor-cannes\/","name":"En una conmovedora entrega, Meryl Streep recibe Palma de Honor en Cannes | Grazia M\u00e9xico y Latinoam\u00e9rica","isPartOf":{"@id":"https:\/\/graziamagazine.com\/mx\/#website"},"datePublished":"2024-05-15T20:40:53+00:00","dateModified":"2024-05-15T20:49:31+00:00","description":"Este martes Meryl Streep recibi\u00f3 la Palma de Oro de Honor en el Festival de Cannes, en una ceremonia llena de l\u00e1grimas y ovaciones para la actriz. \"Este","breadcrumb":{"@id":"https:\/\/graziamagazine.com\/mx\/articles\/conmovedora-entrega-meryl-streep-recibe-palma-honor-cannes\/#breadcrumb"},"inLanguage":"es-MX","potentialAction":[{"@type":"ReadAction","target":["https:\/\/graziamagazine.com\/mx\/articles\/conmovedora-entrega-meryl-streep-recibe-palma-honor-cannes\/"]}]},{"@type":"BreadcrumbList","@id":"https:\/\/graziamagazine.com\/mx\/articles\/conmovedora-entrega-meryl-streep-recibe-palma-honor-cannes\/#breadcrumb","itemListElement":[{"@type":"ListItem","position":1,"name":"Home","item":"https:\/\/graziamagazine.com\/mx\/"},{"@type":"ListItem","position":2,"name":"En una conmovedora entrega, Meryl Streep recibe Palma de Honor en Cannes"}]},{"@type":"WebSite","@id":"https:\/\/graziamagazine.com\/mx\/#website","url":"https:\/\/graziamagazine.com\/mx\/","name":"Grazia M\u00e9xico y Latinoam\u00e9rica","description":"Grazia es moda, belleza y noticias  de actualidad ","potentialAction":[{"@type":"SearchAction","target":{"@type":"EntryPoint","urlTemplate":"https:\/\/graziamagazine.com\/mx\/?s={search_term_string}"},"query-input":"required name=search_term_string"}],"inLanguage":"es-MX"}]}},"jetpack_sharing_enabled":true,"distributor_meta":false,"distributor_terms":false,"distributor_media":false,"distributor_original_site_name":"Grazia M\u00e9xico y Latinoam\u00e9rica","distributor_original_site_url":"https:\/\/graziamagazine.com\/mx","push-errors":false,"_links":{"self":[{"href":"https:\/\/graziamagazine.com\/mx\/wp-json\/wp\/v2\/articles\/137107"}],"collection":[{"href":"https:\/\/graziamagazine.com\/mx\/wp-json\/wp\/v2\/articles"}],"about":[{"href":"https:\/\/graziamagazine.com\/mx\/wp-json\/wp\/v2\/types\/articles"}],"author":[{"embeddable":true,"href":"https:\/\/graziamagazine.com\/mx\/wp-json\/wp\/v2\/users\/36289"}],"wp:featuredmedia":[{"embeddable":true,"href":"https:\/\/graziamagazine.com\/mx\/wp-json\/wp\/v2\/media\/137109"}],"wp:attachment":[{"href":"https:\/\/graziamagazine.com\/mx\/wp-json\/wp\/v2\/media?parent=137107"}],"wp:term":[{"taxonomy":"category","embeddable":true,"href":"https:\/\/graziamagazine.com\/mx\/wp-json\/wp\/v2\/categories?post=137107"}],"curies":[{"name":"wp","href":"https:\/\/api.w.org\/{rel}","templated":true}]}}