{"id":137085,"date":"2024-05-15T04:50:18","date_gmt":"2024-05-15T09:50:18","guid":{"rendered":"https:\/\/graziamagazine.com\/mx\/?post_type=articles&#038;p=137085"},"modified":"2024-05-15T04:50:18","modified_gmt":"2024-05-15T09:50:18","slug":"los-mejores-looks-del-festival-de-cine-de-cannes-2024","status":"publish","type":"articles","link":"https:\/\/graziamagazine.com\/mx\/articles\/los-mejores-looks-del-festival-de-cine-de-cannes-2024\/","title":{"rendered":"Los mejores looks del Festival de Cine de Cannes 2024"},"content":{"rendered":"<p>Un a\u00f1o m\u00e1s y ya van 77 ediciones, regresa la alfombra roja de uno de los eventos con m\u00e1s glamour de la moda y el cine, el Festival de Cine de Cannes. Desde hoy y hasta el pr\u00f3ximo 25 de mayo la ciudad francesa de la Costa Azul se convierte en el epicentro del cine internacional, y por su alfombra roja -de d\u00eda y de noche- desfilar\u00e1n los nombres m\u00e1s importantes de la industria del cine, y con ellos los outfits m\u00e1s impresionante.<\/p>\n<p>Repasamos aqu\u00ed los mejores looks de los asistentes d\u00eda a d\u00eda.<\/p>\n<h3>NOCHE DE inauguraci\u00f3n<\/h3>\n<h4>Meryl Streep, vestido de seda de Alta Costura de Dior<\/h4>\n<p><img loading=\"lazy\" decoding=\"async\" class=\"aligncenter size-full wp-image-176210\" src=\"https:\/\/graziamagazine.com\/es\/wp-content\/uploads\/sites\/12\/2024\/05\/GettyImages-2152928882-copia-scaled.jpg\" alt=\"\" width=\"1707\" height=\"2560\" \/><\/p>\n<h4 class=\"BaseWrap-sc-gjQpdd BaseText-ewhhUZ GallerySlideCaptionHed-fiZQOl iUEiRd knlBl grNYxq\"><span class=\"GallerySlideCaptionHedText-iqjOmM jwPuvZ\">Greta Gerwig, de custom Saint Laurent<\/span><\/h4>\n<div class=\"GallerySlideCaptionDekContainer-hLUdt gSWuis\" data-testid=\"GallerySlideCaptionDekContainer\">\n<div class=\"GallerySlideCaptionDek-cXnbPe cuwJLo\">\n<div>\n<p>Con joyas de Chopard.<\/p>\n<\/div>\n<\/div>\n<\/div>\n<p><img decoding=\"async\" src=\"https:\/\/media.vogue.mx\/photos\/6643ab2c037dd694c516547d\/master\/w_2580%2Cc_limit\/GettyImages-2152937887.jpg\" \/><\/p>\n<h4>Heidi Klum, de Saiid Kobeisy<\/h4>\n<p>El modelo pertenece a la colecci\u00f3n Couture Primavera-Verano 2024.<\/p>\n<p><img decoding=\"async\" src=\"https:\/\/media.vogue.mx\/photos\/6643ab2d990c4243623b9267\/master\/w_2580%2Cc_limit\/GettyImages-2152927311.jpg\" \/><\/p>\n<h4>Juliette Binoche, en un vestido de seda de Alta Costura Dior<\/h4>\n<p><img loading=\"lazy\" decoding=\"async\" class=\"size-full wp-image-176215\" src=\"https:\/\/graziamagazine.com\/es\/wp-content\/uploads\/sites\/12\/2024\/05\/cosmicimg-prod.services.web_.outlook.jpg\" alt=\"\" width=\"600\" height=\"900\" \/><\/p>\n<h4>Jane Fonda, de Elie Saab<\/h4>\n<p>Con joyas Pomellato.<\/p>\n<p><img decoding=\"async\" src=\"https:\/\/media.vogue.mx\/photos\/6643ab2c010203e631e704b8\/master\/w_2580%2Cc_limit\/GettyImages-2152927318.jpg\" \/><\/p>\n<h4 class=\"BaseWrap-sc-gjQpdd BaseText-ewhhUZ GallerySlideCaptionHed-fiZQOl iUEiRd knlBl grNYxq\"><span class=\"GallerySlideCaptionHedText-iqjOmM jwPuvZ\">Lily Gladstone, de\u00a0<\/span>Gucci<\/h4>\n<p><img decoding=\"async\" src=\"https:\/\/media.vogue.mx\/photos\/6643ab2b010203e631e704b7\/master\/w_2580%2Cc_limit\/GettyImages-2152937856.jpg\" \/><\/p>\n<h4>Camille Cottin, con vestido de terciopelo de Dior<\/h4>\n<p><img loading=\"lazy\" decoding=\"async\" class=\"size-full wp-image-176214\" src=\"https:\/\/graziamagazine.com\/es\/wp-content\/uploads\/sites\/12\/2024\/05\/descarga.jpeg\" alt=\"\" width=\"600\" height=\"900\" \/><\/p>\n<h4 class=\"BaseWrap-sc-gjQpdd BaseText-ewhhUZ GallerySlideCaptionHed-fiZQOl iUEiRd knlBl grNYxq\"><span class=\"GallerySlideCaptionHedText-iqjOmM jwPuvZ\">Eva Green, de Armani Priv\u00e9 SS2016<\/span><\/h4>\n<div class=\"GallerySlideCaptionDekContainer-hLUdt gSWuis\" data-testid=\"GallerySlideCaptionDekContainer\">\n<div class=\"GallerySlideCaptionDek-cXnbPe cuwJLo\">\n<p><img decoding=\"async\" src=\"https:\/\/media.vogue.mx\/photos\/6643ab2bfe3367f0dc77ae70\/master\/w_2580%2Cc_limit\/GettyImages-2152930382.jpg\" \/><\/p>\n<\/div>\n<\/div>\n<h4 class=\"BaseWrap-sc-gjQpdd BaseText-ewhhUZ GallerySlideCaptionHed-fiZQOl iUEiRd knlBl grNYxq\"><span class=\"GallerySlideCaptionHedText-iqjOmM jwPuvZ\">Shanina Shaik, de\u00a0<\/span>Zuhair Murad<\/h4>\n<p><img decoding=\"async\" src=\"https:\/\/media.vogue.mx\/photos\/6643ab2c037dd694c516547e\/master\/w_2580%2Cc_limit\/GettyImages-2152921993.jpg\" \/><\/p>\n<h4 class=\"BaseWrap-sc-gjQpdd BaseText-ewhhUZ GallerySlideCaptionHed-fiZQOl iUEiRd knlBl grNYxq\"><span class=\"GallerySlideCaptionHedText-iqjOmM jwPuvZ\">Lea Seydoux, de custom Louis Vuitton<\/span><\/h4>\n<p><img decoding=\"async\" src=\"https:\/\/media.vogue.mx\/photos\/6643b6b6fb2bcfe2c33a9d55\/master\/w_2580%2Cc_limit\/GettyImages-2152387135.jpg\" \/><\/p>\n<p>&nbsp;<\/p>\n<p>&nbsp;<\/p>\n<p>Pero, antes de la noche, el d\u00eda nos dej\u00f3 grandes momentos tambi\u00e9n.<\/p>\n<h4>Meryl Streep, de Michael Kors Collection<\/h4>\n<p><img loading=\"lazy\" decoding=\"async\" class=\"aligncenter size-full wp-image-176209\" src=\"https:\/\/graziamagazine.com\/es\/wp-content\/uploads\/sites\/12\/2024\/05\/grazia_es.jpg\" alt=\"\" width=\"1440\" height=\"1718\" \/><\/p>\n<h4>Anya Taylor-Joy , de ATLEIN<\/h4>\n<p>Su pamela XXL la firma Jacquemus.<\/p>\n<p><img decoding=\"async\" src=\"https:\/\/media.glamour.es\/photos\/664318ec41e076b9827e1222\/master\/w_1600%2Cc_limit\/GettyImages-2152792482.jpg\" alt=\"Anya TaylorJoy a su llegada al Hotel Martinez en Cannes\" \/><\/p>\n<h4 class=\"BaseWrap-sc-gjQpdd BaseText-ewhhUZ GallerySlideCaptionHed-fiZQOl iUEiRd knlBl grNYxq\"><span class=\"GallerySlideCaptionHedText-iqjOmM jwPuvZ\">Lily Gladstone, de Gucci<\/span><\/h4>\n<p><img decoding=\"async\" src=\"https:\/\/media.vogue.mx\/photos\/66439e0e51f9da6e8bc5e46f\/master\/w_2580%2Cc_limit\/GettyImages-2152351415.jpg\" \/><\/p>\n<h4 class=\"BaseWrap-sc-gjQpdd BaseText-ewhhUZ GallerySlideCaptionHed-fiZQOl iUEiRd knlBl grNYxq\"><span class=\"GallerySlideCaptionHedText-iqjOmM jwPuvZ\">Eva Green, de\u00a0<\/span>Vivienne Westwood<\/h4>\n<p><img decoding=\"async\" src=\"https:\/\/media.vogue.mx\/photos\/66439e0e990c4243623b9262\/master\/w_2580%2Cc_limit\/GettyImages-2152351381.jpg\" \/><\/p>\n<h4 class=\"BaseWrap-sc-gjQpdd BaseText-ewhhUZ GallerySlideCaptionHed-fiZQOl iUEiRd knlBl grNYxq\"><span class=\"GallerySlideCaptionHedText-iqjOmM jwPuvZ\">Greta Gerwig, de\u00a0<\/span>Maison Margiela<\/h4>\n<p><img decoding=\"async\" src=\"https:\/\/media.vogue.mx\/photos\/66439e0f5db7ad72d796cb78\/master\/w_2580%2Cc_limit\/GettyImages-2152352510.jpg\" \/><\/p>\n<p>*Art\u00edculo en actualizaci\u00f3n<\/p>\n<p><em>*Im\u00e1genes: Getty Images y cortes\u00eda<\/em><\/p>\n<p>&nbsp;<\/p>\n","protected":false},"author":11653,"featured_media":137086,"template":"","format":"standard","categories":[12483,4],"acf":[],"yoast_head":"<!-- This site is optimized with the Yoast SEO Premium plugin v18.5 (Yoast SEO v20.4) - https:\/\/yoast.com\/wordpress\/plugins\/seo\/ -->\n<title>Los mejores looks del Festival de Cine de Cannes 2024 | Grazia M\u00e9xico y Latinoam\u00e9rica<\/title>\n<meta name=\"description\" content=\"Todos los vestidos y famosas que desfilan por la alfombra roja de la cita m\u00e1s importante del cine internacional.\" \/>\n<meta name=\"robots\" content=\"index, follow, max-snippet:-1, max-image-preview:large, max-video-preview:-1\" \/>\n<link rel=\"canonical\" href=\"https:\/\/graziamagazine.com\/mx\/articles\/los-mejores-looks-del-festival-de-cine-de-cannes-2024\/\" \/>\n<meta property=\"og:locale\" content=\"es_MX\" \/>\n<meta property=\"og:type\" content=\"article\" \/>\n<meta property=\"og:title\" content=\"Los mejores looks del Festival de Cine de Cannes 2024\" \/>\n<meta property=\"og:description\" content=\"Todos los vestidos y famosas que desfilan por la alfombra roja de la cita m\u00e1s importante del cine internacional.\" \/>\n<meta property=\"og:url\" content=\"https:\/\/graziamagazine.com\/mx\/articles\/los-mejores-looks-del-festival-de-cine-de-cannes-2024\/\" \/>\n<meta property=\"og:site_name\" content=\"Grazia M\u00e9xico y Latinoam\u00e9rica\" \/>\n<meta property=\"og:image\" content=\"https:\/\/graziamagazine.com\/mx\/wp-content\/uploads\/sites\/13\/2024\/05\/alfombra-roja-cannes-2024-copia-scaled-1.jpg\" \/>\n\t<meta property=\"og:image:width\" content=\"2560\" \/>\n\t<meta property=\"og:image:height\" content=\"1440\" \/>\n\t<meta property=\"og:image:type\" content=\"image\/jpeg\" \/>\n<meta name=\"twitter:card\" content=\"summary_large_image\" \/>\n<meta name=\"twitter:label1\" content=\"Est. reading time\" \/>\n\t<meta name=\"twitter:data1\" content=\"5 minutos\" \/>\n<script type=\"application\/ld+json\" class=\"yoast-schema-graph\">{\"@context\":\"https:\/\/schema.org\",\"@graph\":[{\"@type\":\"WebPage\",\"@id\":\"https:\/\/graziamagazine.com\/mx\/articles\/los-mejores-looks-del-festival-de-cine-de-cannes-2024\/\",\"url\":\"https:\/\/graziamagazine.com\/mx\/articles\/los-mejores-looks-del-festival-de-cine-de-cannes-2024\/\",\"name\":\"Los mejores looks del Festival de Cine de Cannes 2024 | Grazia M\u00e9xico y Latinoam\u00e9rica\",\"isPartOf\":{\"@id\":\"https:\/\/graziamagazine.com\/mx\/#website\"},\"datePublished\":\"2024-05-15T09:50:18+00:00\",\"dateModified\":\"2024-05-15T09:50:18+00:00\",\"description\":\"Todos los vestidos y famosas que desfilan por la alfombra roja de la cita m\u00e1s importante del cine internacional.\",\"breadcrumb\":{\"@id\":\"https:\/\/graziamagazine.com\/mx\/articles\/los-mejores-looks-del-festival-de-cine-de-cannes-2024\/#breadcrumb\"},\"inLanguage\":\"es-MX\",\"potentialAction\":[{\"@type\":\"ReadAction\",\"target\":[\"https:\/\/graziamagazine.com\/mx\/articles\/los-mejores-looks-del-festival-de-cine-de-cannes-2024\/\"]}]},{\"@type\":\"BreadcrumbList\",\"@id\":\"https:\/\/graziamagazine.com\/mx\/articles\/los-mejores-looks-del-festival-de-cine-de-cannes-2024\/#breadcrumb\",\"itemListElement\":[{\"@type\":\"ListItem\",\"position\":1,\"name\":\"Home\",\"item\":\"https:\/\/graziamagazine.com\/mx\/\"},{\"@type\":\"ListItem\",\"position\":2,\"name\":\"Los mejores looks del Festival de Cine de Cannes 2024\"}]},{\"@type\":\"WebSite\",\"@id\":\"https:\/\/graziamagazine.com\/mx\/#website\",\"url\":\"https:\/\/graziamagazine.com\/mx\/\",\"name\":\"Grazia M\u00e9xico y Latinoam\u00e9rica\",\"description\":\"Grazia es moda, belleza y noticias  de actualidad \",\"potentialAction\":[{\"@type\":\"SearchAction\",\"target\":{\"@type\":\"EntryPoint\",\"urlTemplate\":\"https:\/\/graziamagazine.com\/mx\/?s={search_term_string}\"},\"query-input\":\"required name=search_term_string\"}],\"inLanguage\":\"es-MX\"}]}<\/script>\n<!-- \/ Yoast SEO Premium plugin. -->","yoast_head_json":{"title":"Los mejores looks del Festival de Cine de Cannes 2024 | Grazia M\u00e9xico y Latinoam\u00e9rica","description":"Todos los vestidos y famosas que desfilan por la alfombra roja de la cita m\u00e1s importante del cine internacional.","robots":{"index":"index","follow":"follow","max-snippet":"max-snippet:-1","max-image-preview":"max-image-preview:large","max-video-preview":"max-video-preview:-1"},"canonical":"https:\/\/graziamagazine.com\/mx\/articles\/los-mejores-looks-del-festival-de-cine-de-cannes-2024\/","og_locale":"es_MX","og_type":"article","og_title":"Los mejores looks del Festival de Cine de Cannes 2024","og_description":"Todos los vestidos y famosas que desfilan por la alfombra roja de la cita m\u00e1s importante del cine internacional.","og_url":"https:\/\/graziamagazine.com\/mx\/articles\/los-mejores-looks-del-festival-de-cine-de-cannes-2024\/","og_site_name":"Grazia M\u00e9xico y Latinoam\u00e9rica","og_image":[{"width":2560,"height":1440,"url":"https:\/\/graziamagazine.com\/mx\/wp-content\/uploads\/sites\/13\/2024\/05\/alfombra-roja-cannes-2024-copia-scaled-1.jpg","type":"image\/jpeg"}],"twitter_card":"summary_large_image","twitter_misc":{"Est. reading time":"5 minutos"},"schema":{"@context":"https:\/\/schema.org","@graph":[{"@type":"WebPage","@id":"https:\/\/graziamagazine.com\/mx\/articles\/los-mejores-looks-del-festival-de-cine-de-cannes-2024\/","url":"https:\/\/graziamagazine.com\/mx\/articles\/los-mejores-looks-del-festival-de-cine-de-cannes-2024\/","name":"Los mejores looks del Festival de Cine de Cannes 2024 | Grazia M\u00e9xico y Latinoam\u00e9rica","isPartOf":{"@id":"https:\/\/graziamagazine.com\/mx\/#website"},"datePublished":"2024-05-15T09:50:18+00:00","dateModified":"2024-05-15T09:50:18+00:00","description":"Todos los vestidos y famosas que desfilan por la alfombra roja de la cita m\u00e1s importante del cine internacional.","breadcrumb":{"@id":"https:\/\/graziamagazine.com\/mx\/articles\/los-mejores-looks-del-festival-de-cine-de-cannes-2024\/#breadcrumb"},"inLanguage":"es-MX","potentialAction":[{"@type":"ReadAction","target":["https:\/\/graziamagazine.com\/mx\/articles\/los-mejores-looks-del-festival-de-cine-de-cannes-2024\/"]}]},{"@type":"BreadcrumbList","@id":"https:\/\/graziamagazine.com\/mx\/articles\/los-mejores-looks-del-festival-de-cine-de-cannes-2024\/#breadcrumb","itemListElement":[{"@type":"ListItem","position":1,"name":"Home","item":"https:\/\/graziamagazine.com\/mx\/"},{"@type":"ListItem","position":2,"name":"Los mejores looks del Festival de Cine de Cannes 2024"}]},{"@type":"WebSite","@id":"https:\/\/graziamagazine.com\/mx\/#website","url":"https:\/\/graziamagazine.com\/mx\/","name":"Grazia M\u00e9xico y Latinoam\u00e9rica","description":"Grazia es moda, belleza y noticias  de actualidad ","potentialAction":[{"@type":"SearchAction","target":{"@type":"EntryPoint","urlTemplate":"https:\/\/graziamagazine.com\/mx\/?s={search_term_string}"},"query-input":"required name=search_term_string"}],"inLanguage":"es-MX"}]}},"jetpack_sharing_enabled":true,"distributor_meta":false,"distributor_terms":false,"distributor_media":false,"distributor_original_site_name":"Grazia M\u00e9xico y Latinoam\u00e9rica","distributor_original_site_url":"https:\/\/graziamagazine.com\/mx","push-errors":false,"_links":{"self":[{"href":"https:\/\/graziamagazine.com\/mx\/wp-json\/wp\/v2\/articles\/137085"}],"collection":[{"href":"https:\/\/graziamagazine.com\/mx\/wp-json\/wp\/v2\/articles"}],"about":[{"href":"https:\/\/graziamagazine.com\/mx\/wp-json\/wp\/v2\/types\/articles"}],"author":[{"embeddable":true,"href":"https:\/\/graziamagazine.com\/mx\/wp-json\/wp\/v2\/users\/11653"}],"wp:featuredmedia":[{"embeddable":true,"href":"https:\/\/graziamagazine.com\/mx\/wp-json\/wp\/v2\/media\/137086"}],"wp:attachment":[{"href":"https:\/\/graziamagazine.com\/mx\/wp-json\/wp\/v2\/media?parent=137085"}],"wp:term":[{"taxonomy":"category","embeddable":true,"href":"https:\/\/graziamagazine.com\/mx\/wp-json\/wp\/v2\/categories?post=137085"}],"curies":[{"name":"wp","href":"https:\/\/api.w.org\/{rel}","templated":true}]}}