{"id":137067,"date":"2024-05-14T22:06:47","date_gmt":"2024-05-15T03:06:47","guid":{"rendered":"https:\/\/graziamagazine.com\/mx\/?post_type=articles&#038;p=137067"},"modified":"2024-05-26T23:19:06","modified_gmt":"2024-05-27T04:19:06","slug":"los-mejores-looks-de-la-alfombra-roja-cannes-2024","status":"publish","type":"articles","link":"https:\/\/graziamagazine.com\/mx\/articles\/los-mejores-looks-de-la-alfombra-roja-cannes-2024\/","title":{"rendered":"Los mejores looks de la alfombra roja Cannes 2024"},"content":{"rendered":"<p>El mundo del cine y la moda se une una vez m\u00e1s con el regreso del <strong>Festival de Cannes en 2024<\/strong>. Esta ic\u00f3nica cita anual promete deslumbrar con una selecci\u00f3n ecl\u00e9ctica de nuevas pel\u00edculas y un desfile de estilo en la <strong>alfombra roja.<\/strong><\/p>\n<p>Entre las pel\u00edculas m\u00e1s esperadas se encuentran<strong> &#8220;Emilia P\u00e9rez&#8221; de Jacques Audiard<\/strong>, protagonizada por Selena G\u00f3mez y Zoe Saldana, y <strong>&#8220;Kinds of Kindness&#8221;<\/strong> de Yorgos Lanthimos, con un elenco estelar que incluye a Emma Stone, Hunter Schafer y Margaret Qualley.<\/p>\n<p>El glamour y la elegancia se hacen presentes desde el primer d\u00eda del festival. Los miembros del jurado, como <strong>Eva Green y Lily Gladstone<\/strong>, han deslumbrado con sus looks. Green opt\u00f3 por un conjunto estructurado de Vivienne Westwood, mientras que Gladstone luci\u00f3 un vestido camisero de Gucci con plataformas y aretes llamativos.<\/p>\n<p>La alfombra roja del Festival de Cannes 2024 promete ser un <strong>espect\u00e1culo de moda y estilo<\/strong>. Los mejores looks de cada d\u00eda se actualizar\u00e1n en tiempo real, ofreciendo inspiraci\u00f3n para los amantes de la moda en todo el mundo.<\/p>\n<p>Mantente al tanto de los mejores looks de la alfombra roja del Festival de Cannes 2024 aqu\u00ed, con actualizaciones diarias en tiempo real. Y no te pierdas nuestra lista de las mejores vestidas para estar al tanto de todas las tendencias y estilos que brillan en este evento tan esperado.<\/p>\n<h3><strong>Demi Moore<\/strong><\/h3>\n<figure id=\"attachment_137474\" aria-describedby=\"caption-attachment-137474\" style=\"width: 670px\" class=\"wp-caption alignnone\"><img loading=\"lazy\" decoding=\"async\" class=\"size-large wp-image-137474\" src=\"https:\/\/graziamagazine.com\/mx\/wp-content\/uploads\/sites\/13\/2024\/05\/Captura-de-Pantalla-2024-05-26-a-las-21.45.59-670x1024.png\" alt=\"Los mejores looks de la alfombra roja Cannes 2024\" width=\"670\" height=\"1024\" srcset=\"https:\/\/graziamagazine.com\/mx\/wp-content\/uploads\/sites\/13\/2024\/05\/Captura-de-Pantalla-2024-05-26-a-las-21.45.59-670x1024.png 670w, https:\/\/graziamagazine.com\/mx\/wp-content\/uploads\/sites\/13\/2024\/05\/Captura-de-Pantalla-2024-05-26-a-las-21.45.59-295x450.png 295w, https:\/\/graziamagazine.com\/mx\/wp-content\/uploads\/sites\/13\/2024\/05\/Captura-de-Pantalla-2024-05-26-a-las-21.45.59-400x611.png 400w, https:\/\/graziamagazine.com\/mx\/wp-content\/uploads\/sites\/13\/2024\/05\/Captura-de-Pantalla-2024-05-26-a-las-21.45.59-141x215.png 141w, https:\/\/graziamagazine.com\/mx\/wp-content\/uploads\/sites\/13\/2024\/05\/Captura-de-Pantalla-2024-05-26-a-las-21.45.59.png 732w\" sizes=\"(max-width: 670px) 100vw, 670px\" \/><figcaption id=\"caption-attachment-137474\" class=\"wp-caption-text\">Los mejores looks de la alfombra roja Cannes 2024<\/figcaption><\/figure>\n<p>La estrella cerr\u00f3 Cannes 2024 con un imponente vestido en blanco y negro de Celine, destacando por su elegancia y sofisticaci\u00f3n.<\/p>\n<h3><strong>Michelle Yeoh<\/strong><\/h3>\n<figure id=\"attachment_137475\" aria-describedby=\"caption-attachment-137475\" style=\"width: 664px\" class=\"wp-caption alignnone\"><img loading=\"lazy\" decoding=\"async\" class=\"size-large wp-image-137475\" src=\"https:\/\/graziamagazine.com\/mx\/wp-content\/uploads\/sites\/13\/2024\/05\/Captura-de-Pantalla-2024-05-26-a-las-21.46.05-664x1024.png\" alt=\"Los mejores looks de la alfombra roja Cannes 2024\" width=\"664\" height=\"1024\" srcset=\"https:\/\/graziamagazine.com\/mx\/wp-content\/uploads\/sites\/13\/2024\/05\/Captura-de-Pantalla-2024-05-26-a-las-21.46.05-664x1024.png 664w, https:\/\/graziamagazine.com\/mx\/wp-content\/uploads\/sites\/13\/2024\/05\/Captura-de-Pantalla-2024-05-26-a-las-21.46.05-292x450.png 292w, https:\/\/graziamagazine.com\/mx\/wp-content\/uploads\/sites\/13\/2024\/05\/Captura-de-Pantalla-2024-05-26-a-las-21.46.05-400x617.png 400w, https:\/\/graziamagazine.com\/mx\/wp-content\/uploads\/sites\/13\/2024\/05\/Captura-de-Pantalla-2024-05-26-a-las-21.46.05-139x215.png 139w, https:\/\/graziamagazine.com\/mx\/wp-content\/uploads\/sites\/13\/2024\/05\/Captura-de-Pantalla-2024-05-26-a-las-21.46.05.png 720w\" sizes=\"(max-width: 664px) 100vw, 664px\" \/><figcaption id=\"caption-attachment-137475\" class=\"wp-caption-text\">Los mejores looks de la alfombra roja Cannes 2024<\/figcaption><\/figure>\n<p>La actriz ganadora del Oscar luci\u00f3 un elegante vestido negro de manga larga, complementado con un incre\u00edble collar de diamantes, que acentuaba su estilo refinado.<\/p>\n<h3><strong>Coco Rocha<\/strong><\/h3>\n<figure id=\"attachment_137476\" aria-describedby=\"caption-attachment-137476\" style=\"width: 672px\" class=\"wp-caption alignnone\"><img loading=\"lazy\" decoding=\"async\" class=\"size-large wp-image-137476\" src=\"https:\/\/graziamagazine.com\/mx\/wp-content\/uploads\/sites\/13\/2024\/05\/Captura-de-Pantalla-2024-05-26-a-las-21.46.11-672x1024.png\" alt=\"Los mejores looks de la alfombra roja Cannes 2024\" width=\"672\" height=\"1024\" srcset=\"https:\/\/graziamagazine.com\/mx\/wp-content\/uploads\/sites\/13\/2024\/05\/Captura-de-Pantalla-2024-05-26-a-las-21.46.11-672x1024.png 672w, https:\/\/graziamagazine.com\/mx\/wp-content\/uploads\/sites\/13\/2024\/05\/Captura-de-Pantalla-2024-05-26-a-las-21.46.11-295x450.png 295w, https:\/\/graziamagazine.com\/mx\/wp-content\/uploads\/sites\/13\/2024\/05\/Captura-de-Pantalla-2024-05-26-a-las-21.46.11-400x609.png 400w, https:\/\/graziamagazine.com\/mx\/wp-content\/uploads\/sites\/13\/2024\/05\/Captura-de-Pantalla-2024-05-26-a-las-21.46.11-141x215.png 141w, https:\/\/graziamagazine.com\/mx\/wp-content\/uploads\/sites\/13\/2024\/05\/Captura-de-Pantalla-2024-05-26-a-las-21.46.11.png 738w\" sizes=\"(max-width: 672px) 100vw, 672px\" \/><figcaption id=\"caption-attachment-137476\" class=\"wp-caption-text\">Los mejores looks de la alfombra roja Cannes 2024<\/figcaption><\/figure>\n<p>La modelo canadiense se cubri\u00f3 de brillo y un par de alas llevadas como velo, una creaci\u00f3n espectacular de Yanina Couture Primavera-Verano 2024, deslumbrando a todos con su presencia.<\/p>\n<h3><strong>Winnie Harlow<\/strong><\/h3>\n<figure id=\"attachment_137477\" aria-describedby=\"caption-attachment-137477\" style=\"width: 1024px\" class=\"wp-caption alignnone\"><img loading=\"lazy\" decoding=\"async\" class=\"size-large wp-image-137477\" src=\"https:\/\/graziamagazine.com\/mx\/wp-content\/uploads\/sites\/13\/2024\/05\/Captura-de-Pantalla-2024-05-26-a-las-21.46.21-1024x660.png\" alt=\"Los mejores looks de la alfombra roja Cannes 2024\" width=\"1024\" height=\"660\" srcset=\"https:\/\/graziamagazine.com\/mx\/wp-content\/uploads\/sites\/13\/2024\/05\/Captura-de-Pantalla-2024-05-26-a-las-21.46.21-1024x660.png 1024w, https:\/\/graziamagazine.com\/mx\/wp-content\/uploads\/sites\/13\/2024\/05\/Captura-de-Pantalla-2024-05-26-a-las-21.46.21-450x290.png 450w, https:\/\/graziamagazine.com\/mx\/wp-content\/uploads\/sites\/13\/2024\/05\/Captura-de-Pantalla-2024-05-26-a-las-21.46.21-768x495.png 768w, https:\/\/graziamagazine.com\/mx\/wp-content\/uploads\/sites\/13\/2024\/05\/Captura-de-Pantalla-2024-05-26-a-las-21.46.21-400x258.png 400w, https:\/\/graziamagazine.com\/mx\/wp-content\/uploads\/sites\/13\/2024\/05\/Captura-de-Pantalla-2024-05-26-a-las-21.46.21-155x100.png 155w, https:\/\/graziamagazine.com\/mx\/wp-content\/uploads\/sites\/13\/2024\/05\/Captura-de-Pantalla-2024-05-26-a-las-21.46.21.png 1502w\" sizes=\"(max-width: 1024px) 100vw, 1024px\" \/><figcaption id=\"caption-attachment-137477\" class=\"wp-caption-text\">Los mejores looks de la alfombra roja Cannes 2024<\/figcaption><\/figure>\n<p>La destacada modelo llev\u00f3 un vestido rosa con abertura, mostrando su audaz sentido de la moda y capturando miradas en la alfombra roja.<\/p>\n<h3><strong>Kelly Rowland<\/strong><\/h3>\n<figure id=\"attachment_137478\" aria-describedby=\"caption-attachment-137478\" style=\"width: 664px\" class=\"wp-caption alignnone\"><img loading=\"lazy\" decoding=\"async\" class=\"size-large wp-image-137478\" src=\"https:\/\/graziamagazine.com\/mx\/wp-content\/uploads\/sites\/13\/2024\/05\/Captura-de-Pantalla-2024-05-26-a-las-21.46.39-664x1024.png\" alt=\"Los mejores looks de la alfombra roja Cannes 2024\" width=\"664\" height=\"1024\" srcset=\"https:\/\/graziamagazine.com\/mx\/wp-content\/uploads\/sites\/13\/2024\/05\/Captura-de-Pantalla-2024-05-26-a-las-21.46.39-664x1024.png 664w, https:\/\/graziamagazine.com\/mx\/wp-content\/uploads\/sites\/13\/2024\/05\/Captura-de-Pantalla-2024-05-26-a-las-21.46.39-292x450.png 292w, https:\/\/graziamagazine.com\/mx\/wp-content\/uploads\/sites\/13\/2024\/05\/Captura-de-Pantalla-2024-05-26-a-las-21.46.39-768x1184.png 768w, https:\/\/graziamagazine.com\/mx\/wp-content\/uploads\/sites\/13\/2024\/05\/Captura-de-Pantalla-2024-05-26-a-las-21.46.39-400x617.png 400w, https:\/\/graziamagazine.com\/mx\/wp-content\/uploads\/sites\/13\/2024\/05\/Captura-de-Pantalla-2024-05-26-a-las-21.46.39-139x215.png 139w, https:\/\/graziamagazine.com\/mx\/wp-content\/uploads\/sites\/13\/2024\/05\/Captura-de-Pantalla-2024-05-26-a-las-21.46.39.png 920w\" sizes=\"(max-width: 664px) 100vw, 664px\" \/><figcaption id=\"caption-attachment-137478\" class=\"wp-caption-text\">Los mejores looks de la alfombra roja Cannes 2024<\/figcaption><\/figure>\n<p>La cantante luci\u00f3 un seductor vestido verde de Gaurav Gupta Couture Oto\u00f1o-Invierno 2023, destacando su figura y estilo sensual.<\/p>\n<h3><strong>Elsa Hosk<\/strong><\/h3>\n<figure id=\"attachment_137479\" aria-describedby=\"caption-attachment-137479\" style=\"width: 652px\" class=\"wp-caption alignnone\"><img loading=\"lazy\" decoding=\"async\" class=\"size-large wp-image-137479\" src=\"https:\/\/graziamagazine.com\/mx\/wp-content\/uploads\/sites\/13\/2024\/05\/Captura-de-Pantalla-2024-05-26-a-las-21.46.45-652x1024.png\" alt=\"Los mejores looks de la alfombra roja Cannes 2024\" width=\"652\" height=\"1024\" srcset=\"https:\/\/graziamagazine.com\/mx\/wp-content\/uploads\/sites\/13\/2024\/05\/Captura-de-Pantalla-2024-05-26-a-las-21.46.45-652x1024.png 652w, https:\/\/graziamagazine.com\/mx\/wp-content\/uploads\/sites\/13\/2024\/05\/Captura-de-Pantalla-2024-05-26-a-las-21.46.45-286x450.png 286w, https:\/\/graziamagazine.com\/mx\/wp-content\/uploads\/sites\/13\/2024\/05\/Captura-de-Pantalla-2024-05-26-a-las-21.46.45-768x1207.png 768w, https:\/\/graziamagazine.com\/mx\/wp-content\/uploads\/sites\/13\/2024\/05\/Captura-de-Pantalla-2024-05-26-a-las-21.46.45-400x629.png 400w, https:\/\/graziamagazine.com\/mx\/wp-content\/uploads\/sites\/13\/2024\/05\/Captura-de-Pantalla-2024-05-26-a-las-21.46.45-137x215.png 137w, https:\/\/graziamagazine.com\/mx\/wp-content\/uploads\/sites\/13\/2024\/05\/Captura-de-Pantalla-2024-05-26-a-las-21.46.45.png 906w\" sizes=\"(max-width: 652px) 100vw, 652px\" \/><figcaption id=\"caption-attachment-137479\" class=\"wp-caption-text\">Los mejores looks de la alfombra roja Cannes 2024<\/figcaption><\/figure>\n<p>La modelo sueca estaba ultra elegante con un vestido blanco, guantes negros y detalles de plumas dise\u00f1ado por Nina Ricci, combinando lo cl\u00e1sico con lo contempor\u00e1neo.<\/p>\n<h3><strong>Diane Kruger<\/strong><\/h3>\n<figure id=\"attachment_137480\" aria-describedby=\"caption-attachment-137480\" style=\"width: 664px\" class=\"wp-caption alignnone\"><img loading=\"lazy\" decoding=\"async\" class=\"size-large wp-image-137480\" src=\"https:\/\/graziamagazine.com\/mx\/wp-content\/uploads\/sites\/13\/2024\/05\/Captura-de-Pantalla-2024-05-26-a-las-21.46.51-664x1024.png\" alt=\"Los mejores looks de la alfombra roja Cannes 2024\" width=\"664\" height=\"1024\" srcset=\"https:\/\/graziamagazine.com\/mx\/wp-content\/uploads\/sites\/13\/2024\/05\/Captura-de-Pantalla-2024-05-26-a-las-21.46.51-664x1024.png 664w, https:\/\/graziamagazine.com\/mx\/wp-content\/uploads\/sites\/13\/2024\/05\/Captura-de-Pantalla-2024-05-26-a-las-21.46.51-292x450.png 292w, https:\/\/graziamagazine.com\/mx\/wp-content\/uploads\/sites\/13\/2024\/05\/Captura-de-Pantalla-2024-05-26-a-las-21.46.51-768x1184.png 768w, https:\/\/graziamagazine.com\/mx\/wp-content\/uploads\/sites\/13\/2024\/05\/Captura-de-Pantalla-2024-05-26-a-las-21.46.51-400x617.png 400w, https:\/\/graziamagazine.com\/mx\/wp-content\/uploads\/sites\/13\/2024\/05\/Captura-de-Pantalla-2024-05-26-a-las-21.46.51-139x215.png 139w, https:\/\/graziamagazine.com\/mx\/wp-content\/uploads\/sites\/13\/2024\/05\/Captura-de-Pantalla-2024-05-26-a-las-21.46.51.png 904w\" sizes=\"(max-width: 664px) 100vw, 664px\" \/><figcaption id=\"caption-attachment-137480\" class=\"wp-caption-text\">Los mejores looks de la alfombra roja Cannes 2024<\/figcaption><\/figure>\n<p>La actriz alemana opt\u00f3 por un vestido verde con efecto satinado de Prada, que realzaba su belleza natural y sofisticaci\u00f3n.<\/p>\n<h3><strong>Lily Gladstone<\/strong><\/h3>\n<figure id=\"attachment_137481\" aria-describedby=\"caption-attachment-137481\" style=\"width: 667px\" class=\"wp-caption alignnone\"><img loading=\"lazy\" decoding=\"async\" class=\"size-large wp-image-137481\" src=\"https:\/\/graziamagazine.com\/mx\/wp-content\/uploads\/sites\/13\/2024\/05\/Captura-de-Pantalla-2024-05-26-a-las-21.46.57-667x1024.png\" alt=\"Los mejores looks de la alfombra roja Cannes 2024\" width=\"667\" height=\"1024\" srcset=\"https:\/\/graziamagazine.com\/mx\/wp-content\/uploads\/sites\/13\/2024\/05\/Captura-de-Pantalla-2024-05-26-a-las-21.46.57-667x1024.png 667w, https:\/\/graziamagazine.com\/mx\/wp-content\/uploads\/sites\/13\/2024\/05\/Captura-de-Pantalla-2024-05-26-a-las-21.46.57-293x450.png 293w, https:\/\/graziamagazine.com\/mx\/wp-content\/uploads\/sites\/13\/2024\/05\/Captura-de-Pantalla-2024-05-26-a-las-21.46.57-768x1179.png 768w, https:\/\/graziamagazine.com\/mx\/wp-content\/uploads\/sites\/13\/2024\/05\/Captura-de-Pantalla-2024-05-26-a-las-21.46.57-400x614.png 400w, https:\/\/graziamagazine.com\/mx\/wp-content\/uploads\/sites\/13\/2024\/05\/Captura-de-Pantalla-2024-05-26-a-las-21.46.57-140x215.png 140w, https:\/\/graziamagazine.com\/mx\/wp-content\/uploads\/sites\/13\/2024\/05\/Captura-de-Pantalla-2024-05-26-a-las-21.46.57.png 924w\" sizes=\"(max-width: 667px) 100vw, 667px\" \/><figcaption id=\"caption-attachment-137481\" class=\"wp-caption-text\">Los mejores looks de la alfombra roja Cannes 2024<\/figcaption><\/figure>\n<p>La actriz de &#8220;Killers Of The Flower Moon&#8221; llev\u00f3 un elegante vestido negro con detalles de encaje y capa de tul, mostrando su estilo distintivo y refinado.<\/p>\n<h3><strong>Bella Hadid<\/strong><\/h3>\n<figure id=\"attachment_137482\" aria-describedby=\"caption-attachment-137482\" style=\"width: 676px\" class=\"wp-caption alignnone\"><img loading=\"lazy\" decoding=\"async\" class=\"size-large wp-image-137482\" src=\"https:\/\/graziamagazine.com\/mx\/wp-content\/uploads\/sites\/13\/2024\/05\/Captura-de-Pantalla-2024-05-26-a-las-21.47.04-676x1024.png\" alt=\"Los mejores looks de la alfombra roja Cannes 2024\" width=\"676\" height=\"1024\" srcset=\"https:\/\/graziamagazine.com\/mx\/wp-content\/uploads\/sites\/13\/2024\/05\/Captura-de-Pantalla-2024-05-26-a-las-21.47.04-676x1024.png 676w, https:\/\/graziamagazine.com\/mx\/wp-content\/uploads\/sites\/13\/2024\/05\/Captura-de-Pantalla-2024-05-26-a-las-21.47.04-297x450.png 297w, https:\/\/graziamagazine.com\/mx\/wp-content\/uploads\/sites\/13\/2024\/05\/Captura-de-Pantalla-2024-05-26-a-las-21.47.04-768x1163.png 768w, https:\/\/graziamagazine.com\/mx\/wp-content\/uploads\/sites\/13\/2024\/05\/Captura-de-Pantalla-2024-05-26-a-las-21.47.04-400x606.png 400w, https:\/\/graziamagazine.com\/mx\/wp-content\/uploads\/sites\/13\/2024\/05\/Captura-de-Pantalla-2024-05-26-a-las-21.47.04-142x215.png 142w, https:\/\/graziamagazine.com\/mx\/wp-content\/uploads\/sites\/13\/2024\/05\/Captura-de-Pantalla-2024-05-26-a-las-21.47.04.png 938w\" sizes=\"(max-width: 676px) 100vw, 676px\" \/><figcaption id=\"caption-attachment-137482\" class=\"wp-caption-text\">Los mejores looks de la alfombra roja Cannes 2024<\/figcaption><\/figure>\n<p>La supermodelo ofreci\u00f3 un momento de brillo con un vestido lencero ba\u00f1ado en lentejuelas, reafirmando su estatus como icono de la moda.<\/p>\n<h3><strong>Catherine Deneuve<\/strong><\/h3>\n<figure id=\"attachment_137483\" aria-describedby=\"caption-attachment-137483\" style=\"width: 672px\" class=\"wp-caption alignnone\"><img loading=\"lazy\" decoding=\"async\" class=\"size-large wp-image-137483\" src=\"https:\/\/graziamagazine.com\/mx\/wp-content\/uploads\/sites\/13\/2024\/05\/Captura-de-Pantalla-2024-05-26-a-las-21.47.10-672x1024.png\" alt=\"Los mejores looks de la alfombra roja Cannes 2024\" width=\"672\" height=\"1024\" srcset=\"https:\/\/graziamagazine.com\/mx\/wp-content\/uploads\/sites\/13\/2024\/05\/Captura-de-Pantalla-2024-05-26-a-las-21.47.10-672x1024.png 672w, https:\/\/graziamagazine.com\/mx\/wp-content\/uploads\/sites\/13\/2024\/05\/Captura-de-Pantalla-2024-05-26-a-las-21.47.10-295x450.png 295w, https:\/\/graziamagazine.com\/mx\/wp-content\/uploads\/sites\/13\/2024\/05\/Captura-de-Pantalla-2024-05-26-a-las-21.47.10-768x1170.png 768w, https:\/\/graziamagazine.com\/mx\/wp-content\/uploads\/sites\/13\/2024\/05\/Captura-de-Pantalla-2024-05-26-a-las-21.47.10-400x609.png 400w, https:\/\/graziamagazine.com\/mx\/wp-content\/uploads\/sites\/13\/2024\/05\/Captura-de-Pantalla-2024-05-26-a-las-21.47.10-141x215.png 141w, https:\/\/graziamagazine.com\/mx\/wp-content\/uploads\/sites\/13\/2024\/05\/Captura-de-Pantalla-2024-05-26-a-las-21.47.10.png 932w\" sizes=\"(max-width: 672px) 100vw, 672px\" \/><figcaption id=\"caption-attachment-137483\" class=\"wp-caption-text\">Los mejores looks de la alfombra roja Cannes 2024<\/figcaption><\/figure>\n<p>La destacada actriz francesa llev\u00f3 un sobrio vestido negro con sutiles aberturas, mostrando su elegancia cl\u00e1sica y atemporal.<\/p>\n<h3><strong>Andie MacDowell<\/strong><\/h3>\n<figure id=\"attachment_137484\" aria-describedby=\"caption-attachment-137484\" style=\"width: 672px\" class=\"wp-caption alignnone\"><img loading=\"lazy\" decoding=\"async\" class=\"size-large wp-image-137484\" src=\"https:\/\/graziamagazine.com\/mx\/wp-content\/uploads\/sites\/13\/2024\/05\/Captura-de-Pantalla-2024-05-26-a-las-21.47.18-672x1024.png\" alt=\"Los mejores looks de la alfombra roja Cannes 2024\" width=\"672\" height=\"1024\" srcset=\"https:\/\/graziamagazine.com\/mx\/wp-content\/uploads\/sites\/13\/2024\/05\/Captura-de-Pantalla-2024-05-26-a-las-21.47.18-672x1024.png 672w, https:\/\/graziamagazine.com\/mx\/wp-content\/uploads\/sites\/13\/2024\/05\/Captura-de-Pantalla-2024-05-26-a-las-21.47.18-295x450.png 295w, https:\/\/graziamagazine.com\/mx\/wp-content\/uploads\/sites\/13\/2024\/05\/Captura-de-Pantalla-2024-05-26-a-las-21.47.18-768x1170.png 768w, https:\/\/graziamagazine.com\/mx\/wp-content\/uploads\/sites\/13\/2024\/05\/Captura-de-Pantalla-2024-05-26-a-las-21.47.18-400x609.png 400w, https:\/\/graziamagazine.com\/mx\/wp-content\/uploads\/sites\/13\/2024\/05\/Captura-de-Pantalla-2024-05-26-a-las-21.47.18-141x215.png 141w, https:\/\/graziamagazine.com\/mx\/wp-content\/uploads\/sites\/13\/2024\/05\/Captura-de-Pantalla-2024-05-26-a-las-21.47.18.png 932w\" sizes=\"(max-width: 672px) 100vw, 672px\" \/><figcaption id=\"caption-attachment-137484\" class=\"wp-caption-text\">Los mejores looks de la alfombra roja Cannes 2024<\/figcaption><\/figure>\n<p>La actriz estadounidense, conocida por popularizar el cabello gris en Cannes, luci\u00f3 un elegante conjunto en color negro, destacando su naturalidad y estilo.<\/p>\n<h3><strong>Alton Mason<\/strong><\/h3>\n<figure id=\"attachment_137485\" aria-describedby=\"caption-attachment-137485\" style=\"width: 669px\" class=\"wp-caption alignnone\"><img loading=\"lazy\" decoding=\"async\" class=\"size-large wp-image-137485\" src=\"https:\/\/graziamagazine.com\/mx\/wp-content\/uploads\/sites\/13\/2024\/05\/Captura-de-Pantalla-2024-05-26-a-las-21.47.23-669x1024.png\" alt=\"Los mejores looks de la alfombra roja Cannes 2024\" width=\"669\" height=\"1024\" srcset=\"https:\/\/graziamagazine.com\/mx\/wp-content\/uploads\/sites\/13\/2024\/05\/Captura-de-Pantalla-2024-05-26-a-las-21.47.23-669x1024.png 669w, https:\/\/graziamagazine.com\/mx\/wp-content\/uploads\/sites\/13\/2024\/05\/Captura-de-Pantalla-2024-05-26-a-las-21.47.23-294x450.png 294w, https:\/\/graziamagazine.com\/mx\/wp-content\/uploads\/sites\/13\/2024\/05\/Captura-de-Pantalla-2024-05-26-a-las-21.47.23-768x1176.png 768w, https:\/\/graziamagazine.com\/mx\/wp-content\/uploads\/sites\/13\/2024\/05\/Captura-de-Pantalla-2024-05-26-a-las-21.47.23-400x612.png 400w, https:\/\/graziamagazine.com\/mx\/wp-content\/uploads\/sites\/13\/2024\/05\/Captura-de-Pantalla-2024-05-26-a-las-21.47.23-140x215.png 140w, https:\/\/graziamagazine.com\/mx\/wp-content\/uploads\/sites\/13\/2024\/05\/Captura-de-Pantalla-2024-05-26-a-las-21.47.23.png 900w\" sizes=\"(max-width: 669px) 100vw, 669px\" \/><figcaption id=\"caption-attachment-137485\" class=\"wp-caption-text\">Los mejores looks de la alfombra roja Cannes 2024<\/figcaption><\/figure>\n<p>El modelo impresion\u00f3 con un elegante traje de dos piezas en color negro, acompa\u00f1ado de joyas sofisticadas, demostrando su estilo impecable.<\/p>\n<h3><strong>Cher<\/strong><\/h3>\n<figure id=\"attachment_137486\" aria-describedby=\"caption-attachment-137486\" style=\"width: 680px\" class=\"wp-caption alignnone\"><img loading=\"lazy\" decoding=\"async\" class=\"size-large wp-image-137486\" src=\"https:\/\/graziamagazine.com\/mx\/wp-content\/uploads\/sites\/13\/2024\/05\/Captura-de-Pantalla-2024-05-26-a-las-21.47.29-680x1024.png\" alt=\"Los mejores looks de la alfombra roja Cannes 2024\" width=\"680\" height=\"1024\" srcset=\"https:\/\/graziamagazine.com\/mx\/wp-content\/uploads\/sites\/13\/2024\/05\/Captura-de-Pantalla-2024-05-26-a-las-21.47.29-680x1024.png 680w, https:\/\/graziamagazine.com\/mx\/wp-content\/uploads\/sites\/13\/2024\/05\/Captura-de-Pantalla-2024-05-26-a-las-21.47.29-299x450.png 299w, https:\/\/graziamagazine.com\/mx\/wp-content\/uploads\/sites\/13\/2024\/05\/Captura-de-Pantalla-2024-05-26-a-las-21.47.29-768x1156.png 768w, https:\/\/graziamagazine.com\/mx\/wp-content\/uploads\/sites\/13\/2024\/05\/Captura-de-Pantalla-2024-05-26-a-las-21.47.29-400x602.png 400w, https:\/\/graziamagazine.com\/mx\/wp-content\/uploads\/sites\/13\/2024\/05\/Captura-de-Pantalla-2024-05-26-a-las-21.47.29-143x215.png 143w, https:\/\/graziamagazine.com\/mx\/wp-content\/uploads\/sites\/13\/2024\/05\/Captura-de-Pantalla-2024-05-26-a-las-21.47.29.png 930w\" sizes=\"(max-width: 680px) 100vw, 680px\" \/><figcaption id=\"caption-attachment-137486\" class=\"wp-caption-text\">Los mejores looks de la alfombra roja Cannes 2024<\/figcaption><\/figure>\n<p>La ic\u00f3nica cantante hizo acto de presencia en Cannes 2024 con un look en color negro, manteni\u00e9ndose fiel a su estilo audaz y glamuroso.<\/p>\n<h3><strong>Heidi Klum<\/strong><\/h3>\n<figure id=\"attachment_137487\" aria-describedby=\"caption-attachment-137487\" style=\"width: 678px\" class=\"wp-caption alignnone\"><img loading=\"lazy\" decoding=\"async\" class=\"size-large wp-image-137487\" src=\"https:\/\/graziamagazine.com\/mx\/wp-content\/uploads\/sites\/13\/2024\/05\/Captura-de-Pantalla-2024-05-26-a-las-21.47.36-678x1024.png\" alt=\"Los mejores looks de la alfombra roja Cannes 2024\" width=\"678\" height=\"1024\" srcset=\"https:\/\/graziamagazine.com\/mx\/wp-content\/uploads\/sites\/13\/2024\/05\/Captura-de-Pantalla-2024-05-26-a-las-21.47.36-678x1024.png 678w, https:\/\/graziamagazine.com\/mx\/wp-content\/uploads\/sites\/13\/2024\/05\/Captura-de-Pantalla-2024-05-26-a-las-21.47.36-298x450.png 298w, https:\/\/graziamagazine.com\/mx\/wp-content\/uploads\/sites\/13\/2024\/05\/Captura-de-Pantalla-2024-05-26-a-las-21.47.36-768x1159.png 768w, https:\/\/graziamagazine.com\/mx\/wp-content\/uploads\/sites\/13\/2024\/05\/Captura-de-Pantalla-2024-05-26-a-las-21.47.36-400x604.png 400w, https:\/\/graziamagazine.com\/mx\/wp-content\/uploads\/sites\/13\/2024\/05\/Captura-de-Pantalla-2024-05-26-a-las-21.47.36-142x215.png 142w, https:\/\/graziamagazine.com\/mx\/wp-content\/uploads\/sites\/13\/2024\/05\/Captura-de-Pantalla-2024-05-26-a-las-21.47.36.png 922w\" sizes=\"(max-width: 678px) 100vw, 678px\" \/><figcaption id=\"caption-attachment-137487\" class=\"wp-caption-text\">Los mejores looks de la alfombra roja Cannes 2024<\/figcaption><\/figure>\n<p>Con un dram\u00e1tico vestido con holanes de tul, la modelo y presentadora rob\u00f3 todas las miradas en la alfombra roja.<\/p>\n<h3><strong>Karolina Kurkova<\/strong><\/h3>\n<figure id=\"attachment_137488\" aria-describedby=\"caption-attachment-137488\" style=\"width: 677px\" class=\"wp-caption alignnone\"><img loading=\"lazy\" decoding=\"async\" class=\"size-large wp-image-137488\" src=\"https:\/\/graziamagazine.com\/mx\/wp-content\/uploads\/sites\/13\/2024\/05\/Captura-de-Pantalla-2024-05-26-a-las-21.47.42-677x1024.png\" alt=\"Los mejores looks de la alfombra roja Cannes 2024\" width=\"677\" height=\"1024\" srcset=\"https:\/\/graziamagazine.com\/mx\/wp-content\/uploads\/sites\/13\/2024\/05\/Captura-de-Pantalla-2024-05-26-a-las-21.47.42-677x1024.png 677w, https:\/\/graziamagazine.com\/mx\/wp-content\/uploads\/sites\/13\/2024\/05\/Captura-de-Pantalla-2024-05-26-a-las-21.47.42-298x450.png 298w, https:\/\/graziamagazine.com\/mx\/wp-content\/uploads\/sites\/13\/2024\/05\/Captura-de-Pantalla-2024-05-26-a-las-21.47.42-768x1161.png 768w, https:\/\/graziamagazine.com\/mx\/wp-content\/uploads\/sites\/13\/2024\/05\/Captura-de-Pantalla-2024-05-26-a-las-21.47.42-400x605.png 400w, https:\/\/graziamagazine.com\/mx\/wp-content\/uploads\/sites\/13\/2024\/05\/Captura-de-Pantalla-2024-05-26-a-las-21.47.42-142x215.png 142w, https:\/\/graziamagazine.com\/mx\/wp-content\/uploads\/sites\/13\/2024\/05\/Captura-de-Pantalla-2024-05-26-a-las-21.47.42.png 938w\" sizes=\"(max-width: 677px) 100vw, 677px\" \/><figcaption id=\"caption-attachment-137488\" class=\"wp-caption-text\">Los mejores looks de la alfombra roja Cannes 2024<\/figcaption><\/figure>\n<p>La modelo y actriz luci\u00f3 un vestido negro con efecto vin\u00edlico de Valdrin Sahiti, mostrando un estilo futurista y atrevido.<\/p>\n<h3><strong>Barbara Palvin<\/strong><\/h3>\n<figure id=\"attachment_137489\" aria-describedby=\"caption-attachment-137489\" style=\"width: 1024px\" class=\"wp-caption alignnone\"><img loading=\"lazy\" decoding=\"async\" class=\"size-large wp-image-137489\" src=\"https:\/\/graziamagazine.com\/mx\/wp-content\/uploads\/sites\/13\/2024\/05\/Captura-de-Pantalla-2024-05-26-a-las-21.47.56-1024x704.png\" alt=\"Los mejores looks de la alfombra roja Cannes 2024\" width=\"1024\" height=\"704\" srcset=\"https:\/\/graziamagazine.com\/mx\/wp-content\/uploads\/sites\/13\/2024\/05\/Captura-de-Pantalla-2024-05-26-a-las-21.47.56-1024x704.png 1024w, https:\/\/graziamagazine.com\/mx\/wp-content\/uploads\/sites\/13\/2024\/05\/Captura-de-Pantalla-2024-05-26-a-las-21.47.56-450x309.png 450w, https:\/\/graziamagazine.com\/mx\/wp-content\/uploads\/sites\/13\/2024\/05\/Captura-de-Pantalla-2024-05-26-a-las-21.47.56-768x528.png 768w, https:\/\/graziamagazine.com\/mx\/wp-content\/uploads\/sites\/13\/2024\/05\/Captura-de-Pantalla-2024-05-26-a-las-21.47.56-400x275.png 400w, https:\/\/graziamagazine.com\/mx\/wp-content\/uploads\/sites\/13\/2024\/05\/Captura-de-Pantalla-2024-05-26-a-las-21.47.56-155x107.png 155w, https:\/\/graziamagazine.com\/mx\/wp-content\/uploads\/sites\/13\/2024\/05\/Captura-de-Pantalla-2024-05-26-a-las-21.47.56.png 1420w\" sizes=\"(max-width: 1024px) 100vw, 1024px\" \/><figcaption id=\"caption-attachment-137489\" class=\"wp-caption-text\">Los mejores looks de la alfombra roja Cannes 2024<\/figcaption><\/figure>\n<p>La modelo llev\u00f3 un vestido naranja con una seductora capa, destacando su presencia vibrante y din\u00e1mica en Cannes.<\/p>\n<h3><strong>Maria Borges<\/strong><\/h3>\n<figure id=\"attachment_137490\" aria-describedby=\"caption-attachment-137490\" style=\"width: 1024px\" class=\"wp-caption alignnone\"><img loading=\"lazy\" decoding=\"async\" class=\"size-large wp-image-137490\" src=\"https:\/\/graziamagazine.com\/mx\/wp-content\/uploads\/sites\/13\/2024\/05\/Captura-de-Pantalla-2024-05-26-a-las-21.48.03-1024x716.png\" alt=\"Los mejores looks de la alfombra roja Cannes 2024\" width=\"1024\" height=\"716\" srcset=\"https:\/\/graziamagazine.com\/mx\/wp-content\/uploads\/sites\/13\/2024\/05\/Captura-de-Pantalla-2024-05-26-a-las-21.48.03-1024x716.png 1024w, https:\/\/graziamagazine.com\/mx\/wp-content\/uploads\/sites\/13\/2024\/05\/Captura-de-Pantalla-2024-05-26-a-las-21.48.03-450x315.png 450w, https:\/\/graziamagazine.com\/mx\/wp-content\/uploads\/sites\/13\/2024\/05\/Captura-de-Pantalla-2024-05-26-a-las-21.48.03-768x537.png 768w, https:\/\/graziamagazine.com\/mx\/wp-content\/uploads\/sites\/13\/2024\/05\/Captura-de-Pantalla-2024-05-26-a-las-21.48.03-400x280.png 400w, https:\/\/graziamagazine.com\/mx\/wp-content\/uploads\/sites\/13\/2024\/05\/Captura-de-Pantalla-2024-05-26-a-las-21.48.03-155x108.png 155w, https:\/\/graziamagazine.com\/mx\/wp-content\/uploads\/sites\/13\/2024\/05\/Captura-de-Pantalla-2024-05-26-a-las-21.48.03.png 1084w\" sizes=\"(max-width: 1024px) 100vw, 1024px\" \/><figcaption id=\"caption-attachment-137490\" class=\"wp-caption-text\">Los mejores looks de la alfombra roja Cannes 2024<\/figcaption><\/figure>\n<p>La modelo deslumbr\u00f3 con un espectacular vestido con abertura y juego de capas en la falda, realzando su elegancia natural.<\/p>\n<h3><strong>Greta Gerwig<\/strong><\/h3>\n<figure id=\"attachment_137491\" aria-describedby=\"caption-attachment-137491\" style=\"width: 670px\" class=\"wp-caption alignnone\"><img loading=\"lazy\" decoding=\"async\" class=\"size-large wp-image-137491\" src=\"https:\/\/graziamagazine.com\/mx\/wp-content\/uploads\/sites\/13\/2024\/05\/Captura-de-Pantalla-2024-05-26-a-las-21.48.10-670x1024.png\" alt=\"Los mejores looks de la alfombra roja Cannes 2024\" width=\"670\" height=\"1024\" srcset=\"https:\/\/graziamagazine.com\/mx\/wp-content\/uploads\/sites\/13\/2024\/05\/Captura-de-Pantalla-2024-05-26-a-las-21.48.10-670x1024.png 670w, https:\/\/graziamagazine.com\/mx\/wp-content\/uploads\/sites\/13\/2024\/05\/Captura-de-Pantalla-2024-05-26-a-las-21.48.10-294x450.png 294w, https:\/\/graziamagazine.com\/mx\/wp-content\/uploads\/sites\/13\/2024\/05\/Captura-de-Pantalla-2024-05-26-a-las-21.48.10-768x1174.png 768w, https:\/\/graziamagazine.com\/mx\/wp-content\/uploads\/sites\/13\/2024\/05\/Captura-de-Pantalla-2024-05-26-a-las-21.48.10-400x612.png 400w, https:\/\/graziamagazine.com\/mx\/wp-content\/uploads\/sites\/13\/2024\/05\/Captura-de-Pantalla-2024-05-26-a-las-21.48.10-141x215.png 141w, https:\/\/graziamagazine.com\/mx\/wp-content\/uploads\/sites\/13\/2024\/05\/Captura-de-Pantalla-2024-05-26-a-las-21.48.10.png 866w\" sizes=\"(max-width: 670px) 100vw, 670px\" \/><figcaption id=\"caption-attachment-137491\" class=\"wp-caption-text\">Los mejores looks de la alfombra roja Cannes 2024<\/figcaption><\/figure>\n<p>La actriz y directora hizo un gui\u00f1o a su pel\u00edcula &#8220;Barbie&#8221; con un majestuoso vestido rosa de la colecci\u00f3n Oto\u00f1o-Invierno 2022 de Alta Costura de Balenciaga.<\/p>\n<h3><strong>Beatrice Borromeo y Pierre Casiraghi<\/strong><\/h3>\n<figure id=\"attachment_137493\" aria-describedby=\"caption-attachment-137493\" style=\"width: 659px\" class=\"wp-caption alignnone\"><img loading=\"lazy\" decoding=\"async\" class=\"size-large wp-image-137493\" src=\"https:\/\/graziamagazine.com\/mx\/wp-content\/uploads\/sites\/13\/2024\/05\/Captura-de-Pantalla-2024-05-26-a-las-21.48.29-659x1024.png\" alt=\"Los mejores looks de la alfombra roja Cannes 2024\" width=\"659\" height=\"1024\" srcset=\"https:\/\/graziamagazine.com\/mx\/wp-content\/uploads\/sites\/13\/2024\/05\/Captura-de-Pantalla-2024-05-26-a-las-21.48.29-659x1024.png 659w, https:\/\/graziamagazine.com\/mx\/wp-content\/uploads\/sites\/13\/2024\/05\/Captura-de-Pantalla-2024-05-26-a-las-21.48.29-290x450.png 290w, https:\/\/graziamagazine.com\/mx\/wp-content\/uploads\/sites\/13\/2024\/05\/Captura-de-Pantalla-2024-05-26-a-las-21.48.29-768x1193.png 768w, https:\/\/graziamagazine.com\/mx\/wp-content\/uploads\/sites\/13\/2024\/05\/Captura-de-Pantalla-2024-05-26-a-las-21.48.29-400x621.png 400w, https:\/\/graziamagazine.com\/mx\/wp-content\/uploads\/sites\/13\/2024\/05\/Captura-de-Pantalla-2024-05-26-a-las-21.48.29-138x215.png 138w, https:\/\/graziamagazine.com\/mx\/wp-content\/uploads\/sites\/13\/2024\/05\/Captura-de-Pantalla-2024-05-26-a-las-21.48.29.png 868w\" sizes=\"(max-width: 659px) 100vw, 659px\" \/><figcaption id=\"caption-attachment-137493\" class=\"wp-caption-text\">Los mejores looks de la alfombra roja Cannes 2024<\/figcaption><\/figure>\n<p>La directora asisti\u00f3 al estreno de \u201cEl Conde de Montecristo\u201d con un vestido de terciopelo de Dior, acompa\u00f1ada de su esposo, Pierre Casiraghi, mostrando una imagen de pareja ideal.<\/p>\n<h3><strong>Elsa Hosk<\/strong><\/h3>\n<figure id=\"attachment_137494\" aria-describedby=\"caption-attachment-137494\" style=\"width: 668px\" class=\"wp-caption alignnone\"><img loading=\"lazy\" decoding=\"async\" class=\"size-large wp-image-137494\" src=\"https:\/\/graziamagazine.com\/mx\/wp-content\/uploads\/sites\/13\/2024\/05\/Captura-de-Pantalla-2024-05-26-a-las-21.48.36-668x1024.png\" alt=\"Los mejores looks de la alfombra roja Cannes 2024\" width=\"668\" height=\"1024\" srcset=\"https:\/\/graziamagazine.com\/mx\/wp-content\/uploads\/sites\/13\/2024\/05\/Captura-de-Pantalla-2024-05-26-a-las-21.48.36-668x1024.png 668w, https:\/\/graziamagazine.com\/mx\/wp-content\/uploads\/sites\/13\/2024\/05\/Captura-de-Pantalla-2024-05-26-a-las-21.48.36-294x450.png 294w, https:\/\/graziamagazine.com\/mx\/wp-content\/uploads\/sites\/13\/2024\/05\/Captura-de-Pantalla-2024-05-26-a-las-21.48.36-768x1177.png 768w, https:\/\/graziamagazine.com\/mx\/wp-content\/uploads\/sites\/13\/2024\/05\/Captura-de-Pantalla-2024-05-26-a-las-21.48.36-400x613.png 400w, https:\/\/graziamagazine.com\/mx\/wp-content\/uploads\/sites\/13\/2024\/05\/Captura-de-Pantalla-2024-05-26-a-las-21.48.36-140x215.png 140w, https:\/\/graziamagazine.com\/mx\/wp-content\/uploads\/sites\/13\/2024\/05\/Captura-de-Pantalla-2024-05-26-a-las-21.48.36.png 876w\" sizes=\"(max-width: 668px) 100vw, 668px\" \/><figcaption id=\"caption-attachment-137494\" class=\"wp-caption-text\">Los mejores looks de la alfombra roja Cannes 2024<\/figcaption><\/figure>\n<p>Otra habitu\u00e9e de la alfombra roja de Cannes, luci\u00f3 un vestido negro con vivos blancos en el escote durante el estreno de \u201cEl Conde de Montecristo\u201d.<\/p>\n<h3><strong>Barbara Palvin<\/strong><\/h3>\n<figure id=\"attachment_137495\" aria-describedby=\"caption-attachment-137495\" style=\"width: 665px\" class=\"wp-caption alignnone\"><img loading=\"lazy\" decoding=\"async\" class=\"size-large wp-image-137495\" src=\"https:\/\/graziamagazine.com\/mx\/wp-content\/uploads\/sites\/13\/2024\/05\/Captura-de-Pantalla-2024-05-26-a-las-21.48.42-665x1024.png\" alt=\"Los mejores looks de la alfombra roja Cannes 2024\" width=\"665\" height=\"1024\" srcset=\"https:\/\/graziamagazine.com\/mx\/wp-content\/uploads\/sites\/13\/2024\/05\/Captura-de-Pantalla-2024-05-26-a-las-21.48.42-665x1024.png 665w, https:\/\/graziamagazine.com\/mx\/wp-content\/uploads\/sites\/13\/2024\/05\/Captura-de-Pantalla-2024-05-26-a-las-21.48.42-292x450.png 292w, https:\/\/graziamagazine.com\/mx\/wp-content\/uploads\/sites\/13\/2024\/05\/Captura-de-Pantalla-2024-05-26-a-las-21.48.42-768x1183.png 768w, https:\/\/graziamagazine.com\/mx\/wp-content\/uploads\/sites\/13\/2024\/05\/Captura-de-Pantalla-2024-05-26-a-las-21.48.42-400x616.png 400w, https:\/\/graziamagazine.com\/mx\/wp-content\/uploads\/sites\/13\/2024\/05\/Captura-de-Pantalla-2024-05-26-a-las-21.48.42-140x215.png 140w, https:\/\/graziamagazine.com\/mx\/wp-content\/uploads\/sites\/13\/2024\/05\/Captura-de-Pantalla-2024-05-26-a-las-21.48.42.png 866w\" sizes=\"(max-width: 665px) 100vw, 665px\" \/><figcaption id=\"caption-attachment-137495\" class=\"wp-caption-text\">Los mejores looks de la alfombra roja Cannes 2024<\/figcaption><\/figure>\n<p>La modelo escogi\u00f3 un vestido azul beb\u00e9 de la colecci\u00f3n Pre-Fall 2024 de Givenchy con cuello halter, resaltando su frescura y elegancia.<\/p>\n<h3><strong>Izabel Goulart<\/strong><\/h3>\n<figure id=\"attachment_137496\" aria-describedby=\"caption-attachment-137496\" style=\"width: 1024px\" class=\"wp-caption alignnone\"><img loading=\"lazy\" decoding=\"async\" class=\"size-large wp-image-137496\" src=\"https:\/\/graziamagazine.com\/mx\/wp-content\/uploads\/sites\/13\/2024\/05\/Captura-de-Pantalla-2024-05-26-a-las-21.48.51-1024x665.png\" alt=\"Los mejores looks de la alfombra roja Cannes 2024\" width=\"1024\" height=\"665\" srcset=\"https:\/\/graziamagazine.com\/mx\/wp-content\/uploads\/sites\/13\/2024\/05\/Captura-de-Pantalla-2024-05-26-a-las-21.48.51-1024x665.png 1024w, https:\/\/graziamagazine.com\/mx\/wp-content\/uploads\/sites\/13\/2024\/05\/Captura-de-Pantalla-2024-05-26-a-las-21.48.51-450x292.png 450w, https:\/\/graziamagazine.com\/mx\/wp-content\/uploads\/sites\/13\/2024\/05\/Captura-de-Pantalla-2024-05-26-a-las-21.48.51-768x499.png 768w, https:\/\/graziamagazine.com\/mx\/wp-content\/uploads\/sites\/13\/2024\/05\/Captura-de-Pantalla-2024-05-26-a-las-21.48.51-1536x997.png 1536w, https:\/\/graziamagazine.com\/mx\/wp-content\/uploads\/sites\/13\/2024\/05\/Captura-de-Pantalla-2024-05-26-a-las-21.48.51-400x260.png 400w, https:\/\/graziamagazine.com\/mx\/wp-content\/uploads\/sites\/13\/2024\/05\/Captura-de-Pantalla-2024-05-26-a-las-21.48.51-155x101.png 155w, https:\/\/graziamagazine.com\/mx\/wp-content\/uploads\/sites\/13\/2024\/05\/Captura-de-Pantalla-2024-05-26-a-las-21.48.51.png 1636w\" sizes=\"(max-width: 1024px) 100vw, 1024px\" \/><figcaption id=\"caption-attachment-137496\" class=\"wp-caption-text\">Los mejores looks de la alfombra roja Cannes 2024<\/figcaption><\/figure>\n<p>La modelo brasile\u00f1a, como cada a\u00f1o, deslumbra con sus looks en la alfombra roja de Cannes, mostrando su inigualable sentido del estilo.<\/p>\n<h3><strong>Mariacarla Boscono<\/strong><\/h3>\n<figure id=\"attachment_137497\" aria-describedby=\"caption-attachment-137497\" style=\"width: 675px\" class=\"wp-caption alignnone\"><img loading=\"lazy\" decoding=\"async\" class=\"size-large wp-image-137497\" src=\"https:\/\/graziamagazine.com\/mx\/wp-content\/uploads\/sites\/13\/2024\/05\/Captura-de-Pantalla-2024-05-26-a-las-21.48.59-675x1024.png\" alt=\"Los mejores looks de la alfombra roja Cannes 2024\" width=\"675\" height=\"1024\" srcset=\"https:\/\/graziamagazine.com\/mx\/wp-content\/uploads\/sites\/13\/2024\/05\/Captura-de-Pantalla-2024-05-26-a-las-21.48.59-675x1024.png 675w, https:\/\/graziamagazine.com\/mx\/wp-content\/uploads\/sites\/13\/2024\/05\/Captura-de-Pantalla-2024-05-26-a-las-21.48.59-297x450.png 297w, https:\/\/graziamagazine.com\/mx\/wp-content\/uploads\/sites\/13\/2024\/05\/Captura-de-Pantalla-2024-05-26-a-las-21.48.59-400x607.png 400w, https:\/\/graziamagazine.com\/mx\/wp-content\/uploads\/sites\/13\/2024\/05\/Captura-de-Pantalla-2024-05-26-a-las-21.48.59-142x215.png 142w, https:\/\/graziamagazine.com\/mx\/wp-content\/uploads\/sites\/13\/2024\/05\/Captura-de-Pantalla-2024-05-26-a-las-21.48.59.png 732w\" sizes=\"(max-width: 675px) 100vw, 675px\" \/><figcaption id=\"caption-attachment-137497\" class=\"wp-caption-text\">Los mejores looks de la alfombra roja Cannes 2024<\/figcaption><\/figure>\n<p>La modelo italiana asisti\u00f3 al estreno de \u201cEl Conde de Montecristo\u201d con un vestido blanco transparente con flecos en las mangas y en la falda, reflejando un aire boho muy en tendencia.<\/p>\n<h3><strong>Nicki Hilton<\/strong><\/h3>\n<figure id=\"attachment_137498\" aria-describedby=\"caption-attachment-137498\" style=\"width: 659px\" class=\"wp-caption alignnone\"><img loading=\"lazy\" decoding=\"async\" class=\"size-large wp-image-137498\" src=\"https:\/\/graziamagazine.com\/mx\/wp-content\/uploads\/sites\/13\/2024\/05\/Captura-de-Pantalla-2024-05-26-a-las-21.49.06-659x1024.png\" alt=\"Los mejores looks de la alfombra roja Cannes 2024\" width=\"659\" height=\"1024\" srcset=\"https:\/\/graziamagazine.com\/mx\/wp-content\/uploads\/sites\/13\/2024\/05\/Captura-de-Pantalla-2024-05-26-a-las-21.49.06-659x1024.png 659w, https:\/\/graziamagazine.com\/mx\/wp-content\/uploads\/sites\/13\/2024\/05\/Captura-de-Pantalla-2024-05-26-a-las-21.49.06-290x450.png 290w, https:\/\/graziamagazine.com\/mx\/wp-content\/uploads\/sites\/13\/2024\/05\/Captura-de-Pantalla-2024-05-26-a-las-21.49.06-400x622.png 400w, https:\/\/graziamagazine.com\/mx\/wp-content\/uploads\/sites\/13\/2024\/05\/Captura-de-Pantalla-2024-05-26-a-las-21.49.06-138x215.png 138w, https:\/\/graziamagazine.com\/mx\/wp-content\/uploads\/sites\/13\/2024\/05\/Captura-de-Pantalla-2024-05-26-a-las-21.49.06.png 722w\" sizes=\"(max-width: 659px) 100vw, 659px\" \/><figcaption id=\"caption-attachment-137498\" class=\"wp-caption-text\">Los mejores looks de la alfombra roja Cannes 2024<\/figcaption><\/figure>\n<p>La socialit\u00e9 asisti\u00f3 a la proyecci\u00f3n de \u201cEl Conde de Montecristo\u201d con un vestido hecho a la medida de Rebecca Vallance, destacando por su estilo personalizado.<\/p>\n<h3><strong>Winnie Harlow<\/strong><\/h3>\n<figure id=\"attachment_137499\" aria-describedby=\"caption-attachment-137499\" style=\"width: 659px\" class=\"wp-caption alignnone\"><img loading=\"lazy\" decoding=\"async\" class=\"size-large wp-image-137499\" src=\"https:\/\/graziamagazine.com\/mx\/wp-content\/uploads\/sites\/13\/2024\/05\/Captura-de-Pantalla-2024-05-26-a-las-21.49.13-659x1024.png\" alt=\"Los mejores looks de la alfombra roja Cannes 2024\" width=\"659\" height=\"1024\" srcset=\"https:\/\/graziamagazine.com\/mx\/wp-content\/uploads\/sites\/13\/2024\/05\/Captura-de-Pantalla-2024-05-26-a-las-21.49.13-659x1024.png 659w, https:\/\/graziamagazine.com\/mx\/wp-content\/uploads\/sites\/13\/2024\/05\/Captura-de-Pantalla-2024-05-26-a-las-21.49.13-290x450.png 290w, https:\/\/graziamagazine.com\/mx\/wp-content\/uploads\/sites\/13\/2024\/05\/Captura-de-Pantalla-2024-05-26-a-las-21.49.13-400x621.png 400w, https:\/\/graziamagazine.com\/mx\/wp-content\/uploads\/sites\/13\/2024\/05\/Captura-de-Pantalla-2024-05-26-a-las-21.49.13-138x215.png 138w, https:\/\/graziamagazine.com\/mx\/wp-content\/uploads\/sites\/13\/2024\/05\/Captura-de-Pantalla-2024-05-26-a-las-21.49.13.png 712w\" sizes=\"(max-width: 659px) 100vw, 659px\" \/><figcaption id=\"caption-attachment-137499\" class=\"wp-caption-text\">Los mejores looks de la alfombra roja Cannes 2024<\/figcaption><\/figure>\n<p>La modelo llev\u00f3 un vestido corto compuesto por un bustier negro y una cola rom\u00e1ntica durante la proyecci\u00f3n de \u201cEl Conde de Montecristo\u201d, mostrando su versatilidad en la moda.<\/p>\n<h3><strong>Eva Herzigova<\/strong><\/h3>\n<figure id=\"attachment_137500\" aria-describedby=\"caption-attachment-137500\" style=\"width: 650px\" class=\"wp-caption alignnone\"><img loading=\"lazy\" decoding=\"async\" class=\"size-large wp-image-137500\" src=\"https:\/\/graziamagazine.com\/mx\/wp-content\/uploads\/sites\/13\/2024\/05\/Captura-de-Pantalla-2024-05-26-a-las-21.49.21-650x1024.png\" alt=\"Los mejores looks de la alfombra roja Cannes 2024\" width=\"650\" height=\"1024\" srcset=\"https:\/\/graziamagazine.com\/mx\/wp-content\/uploads\/sites\/13\/2024\/05\/Captura-de-Pantalla-2024-05-26-a-las-21.49.21-650x1024.png 650w, https:\/\/graziamagazine.com\/mx\/wp-content\/uploads\/sites\/13\/2024\/05\/Captura-de-Pantalla-2024-05-26-a-las-21.49.21-286x450.png 286w, https:\/\/graziamagazine.com\/mx\/wp-content\/uploads\/sites\/13\/2024\/05\/Captura-de-Pantalla-2024-05-26-a-las-21.49.21-400x630.png 400w, https:\/\/graziamagazine.com\/mx\/wp-content\/uploads\/sites\/13\/2024\/05\/Captura-de-Pantalla-2024-05-26-a-las-21.49.21-136x215.png 136w, https:\/\/graziamagazine.com\/mx\/wp-content\/uploads\/sites\/13\/2024\/05\/Captura-de-Pantalla-2024-05-26-a-las-21.49.21.png 730w\" sizes=\"(max-width: 650px) 100vw, 650px\" \/><figcaption id=\"caption-attachment-137500\" class=\"wp-caption-text\">Los mejores looks de la alfombra roja Cannes 2024<\/figcaption><\/figure>\n<p>La modelo luci\u00f3 sobria y elegante con un vestido negro, reafirmando su estatus como \u00edcono de la moda.<\/p>\n<h3><strong>Bella Hadid<\/strong><\/h3>\n<figure id=\"attachment_137501\" aria-describedby=\"caption-attachment-137501\" style=\"width: 644px\" class=\"wp-caption alignnone\"><img loading=\"lazy\" decoding=\"async\" class=\"size-large wp-image-137501\" src=\"https:\/\/graziamagazine.com\/mx\/wp-content\/uploads\/sites\/13\/2024\/05\/Captura-de-Pantalla-2024-05-26-a-las-21.49.29-644x1024.png\" alt=\"Los mejores looks de la alfombra roja Cannes 2024\" width=\"644\" height=\"1024\" srcset=\"https:\/\/graziamagazine.com\/mx\/wp-content\/uploads\/sites\/13\/2024\/05\/Captura-de-Pantalla-2024-05-26-a-las-21.49.29-644x1024.png 644w, https:\/\/graziamagazine.com\/mx\/wp-content\/uploads\/sites\/13\/2024\/05\/Captura-de-Pantalla-2024-05-26-a-las-21.49.29-283x450.png 283w, https:\/\/graziamagazine.com\/mx\/wp-content\/uploads\/sites\/13\/2024\/05\/Captura-de-Pantalla-2024-05-26-a-las-21.49.29-400x636.png 400w, https:\/\/graziamagazine.com\/mx\/wp-content\/uploads\/sites\/13\/2024\/05\/Captura-de-Pantalla-2024-05-26-a-las-21.49.29-135x215.png 135w, https:\/\/graziamagazine.com\/mx\/wp-content\/uploads\/sites\/13\/2024\/05\/Captura-de-Pantalla-2024-05-26-a-las-21.49.29.png 662w\" sizes=\"(max-width: 644px) 100vw, 644px\" \/><figcaption id=\"caption-attachment-137501\" class=\"wp-caption-text\">Los mejores looks de la alfombra roja Cannes 2024<\/figcaption><\/figure>\n<p>La modelo se pase\u00f3 por Cannes con un vestido hecho de los tradicionales pa\u00f1uelos palestinos, keffiyehs, mostrando su apoyo a causas importantes a trav\u00e9s de la moda.<\/p>\n<h3><strong>Loreto Peralta<\/strong><\/h3>\n<figure id=\"attachment_137502\" aria-describedby=\"caption-attachment-137502\" style=\"width: 674px\" class=\"wp-caption alignnone\"><img loading=\"lazy\" decoding=\"async\" class=\"size-large wp-image-137502\" src=\"https:\/\/graziamagazine.com\/mx\/wp-content\/uploads\/sites\/13\/2024\/05\/Captura-de-Pantalla-2024-05-26-a-las-21.49.40-674x1024.png\" alt=\"Los mejores looks de la alfombra roja Cannes 2024\" width=\"674\" height=\"1024\" srcset=\"https:\/\/graziamagazine.com\/mx\/wp-content\/uploads\/sites\/13\/2024\/05\/Captura-de-Pantalla-2024-05-26-a-las-21.49.40-674x1024.png 674w, https:\/\/graziamagazine.com\/mx\/wp-content\/uploads\/sites\/13\/2024\/05\/Captura-de-Pantalla-2024-05-26-a-las-21.49.40-296x450.png 296w, https:\/\/graziamagazine.com\/mx\/wp-content\/uploads\/sites\/13\/2024\/05\/Captura-de-Pantalla-2024-05-26-a-las-21.49.40-400x608.png 400w, https:\/\/graziamagazine.com\/mx\/wp-content\/uploads\/sites\/13\/2024\/05\/Captura-de-Pantalla-2024-05-26-a-las-21.49.40-141x215.png 141w, https:\/\/graziamagazine.com\/mx\/wp-content\/uploads\/sites\/13\/2024\/05\/Captura-de-Pantalla-2024-05-26-a-las-21.49.40.png 746w\" sizes=\"(max-width: 674px) 100vw, 674px\" \/><figcaption id=\"caption-attachment-137502\" class=\"wp-caption-text\">Los mejores looks de la alfombra roja Cannes 2024<\/figcaption><\/figure>\n<p>La actriz mexicana asisti\u00f3 a la proyecci\u00f3n de la pel\u00edcula \u201cEl Conde de Montecristo\u201d con un impresionante vestido de hombros descubiertos y repleto en pedrer\u00eda, destacando su glamour y elegancia.<\/p>\n<h3><strong>Greta Gerwig<\/strong><\/h3>\n<figure id=\"attachment_137504\" aria-describedby=\"caption-attachment-137504\" style=\"width: 674px\" class=\"wp-caption alignnone\"><img loading=\"lazy\" decoding=\"async\" class=\"size-large wp-image-137504\" src=\"https:\/\/graziamagazine.com\/mx\/wp-content\/uploads\/sites\/13\/2024\/05\/Captura-de-Pantalla-2024-05-26-a-las-21.49.54-674x1024.png\" alt=\"Los mejores looks de la alfombra roja Cannes 2024\" width=\"674\" height=\"1024\" srcset=\"https:\/\/graziamagazine.com\/mx\/wp-content\/uploads\/sites\/13\/2024\/05\/Captura-de-Pantalla-2024-05-26-a-las-21.49.54-674x1024.png 674w, https:\/\/graziamagazine.com\/mx\/wp-content\/uploads\/sites\/13\/2024\/05\/Captura-de-Pantalla-2024-05-26-a-las-21.49.54-296x450.png 296w, https:\/\/graziamagazine.com\/mx\/wp-content\/uploads\/sites\/13\/2024\/05\/Captura-de-Pantalla-2024-05-26-a-las-21.49.54-400x608.png 400w, https:\/\/graziamagazine.com\/mx\/wp-content\/uploads\/sites\/13\/2024\/05\/Captura-de-Pantalla-2024-05-26-a-las-21.49.54-142x215.png 142w, https:\/\/graziamagazine.com\/mx\/wp-content\/uploads\/sites\/13\/2024\/05\/Captura-de-Pantalla-2024-05-26-a-las-21.49.54.png 724w\" sizes=\"(max-width: 674px) 100vw, 674px\" \/><figcaption id=\"caption-attachment-137504\" class=\"wp-caption-text\">Los mejores looks de la alfombra roja Cannes 2024<\/figcaption><\/figure>\n<p>La presidenta del jurado llev\u00f3 un rom\u00e1ntico vestido de Alta Costura de Dior, mostrando su estilo cl\u00e1sico y sofisticado.<\/p>\n<h3>Cate Blanchett<\/h3>\n<figure id=\"attachment_137322\" aria-describedby=\"caption-attachment-137322\" style=\"width: 661px\" class=\"wp-caption alignnone\"><img loading=\"lazy\" decoding=\"async\" class=\"size-large wp-image-137322\" src=\"https:\/\/graziamagazine.com\/mx\/wp-content\/uploads\/sites\/13\/2024\/05\/Captura-de-Pantalla-2024-05-21-a-las-22.21.34-661x1024.png\" alt=\"Los mejores looks de la alfombra roja Cannes 2024\" width=\"661\" height=\"1024\" srcset=\"https:\/\/graziamagazine.com\/mx\/wp-content\/uploads\/sites\/13\/2024\/05\/Captura-de-Pantalla-2024-05-21-a-las-22.21.34-661x1024.png 661w, https:\/\/graziamagazine.com\/mx\/wp-content\/uploads\/sites\/13\/2024\/05\/Captura-de-Pantalla-2024-05-21-a-las-22.21.34-290x450.png 290w, https:\/\/graziamagazine.com\/mx\/wp-content\/uploads\/sites\/13\/2024\/05\/Captura-de-Pantalla-2024-05-21-a-las-22.21.34-400x620.png 400w, https:\/\/graziamagazine.com\/mx\/wp-content\/uploads\/sites\/13\/2024\/05\/Captura-de-Pantalla-2024-05-21-a-las-22.21.34-139x215.png 139w, https:\/\/graziamagazine.com\/mx\/wp-content\/uploads\/sites\/13\/2024\/05\/Captura-de-Pantalla-2024-05-21-a-las-22.21.34.png 738w\" sizes=\"(max-width: 661px) 100vw, 661px\" \/><figcaption id=\"caption-attachment-137322\" class=\"wp-caption-text\">Los mejores looks de la alfombra roja Cannes 2024<\/figcaption><\/figure>\n<p>Cate Blanchett sorprendi\u00f3 con un elegante vestido de Jean Paul Gaultier en tonos rosa y negro, un look inusual para la actriz que suele optar por colores m\u00e1s sobrios. El vestido destacaba por su escote joya y zapatos a juego, mientras que el detalle m\u00e1s llamativo era el forro verde, que aportaba un contraste inesperado y moderno.<\/p>\n<h3>Salma Hayek<\/h3>\n<figure id=\"attachment_137331\" aria-describedby=\"caption-attachment-137331\" style=\"width: 539px\" class=\"wp-caption alignnone\"><img loading=\"lazy\" decoding=\"async\" class=\"size-full wp-image-137331\" src=\"https:\/\/graziamagazine.com\/mx\/wp-content\/uploads\/sites\/13\/2024\/05\/image004-1-1.png\" alt=\"Los mejores looks de la alfombra roja Cannes 2024\" width=\"539\" height=\"811\" srcset=\"https:\/\/graziamagazine.com\/mx\/wp-content\/uploads\/sites\/13\/2024\/05\/image004-1-1.png 539w, https:\/\/graziamagazine.com\/mx\/wp-content\/uploads\/sites\/13\/2024\/05\/image004-1-1-299x450.png 299w, https:\/\/graziamagazine.com\/mx\/wp-content\/uploads\/sites\/13\/2024\/05\/image004-1-1-400x602.png 400w, https:\/\/graziamagazine.com\/mx\/wp-content\/uploads\/sites\/13\/2024\/05\/image004-1-1-143x215.png 143w\" sizes=\"(max-width: 539px) 100vw, 539px\" \/><figcaption id=\"caption-attachment-137331\" class=\"wp-caption-text\">Los mejores looks de la alfombra roja Cannes 2024<\/figcaption><\/figure>\n<p>Siempre a la vanguardia de la moda, opt\u00f3 por un vestido que combinaba tradici\u00f3n y modernidad de la firma Saint Laurent, mostrando una vez m\u00e1s su impecable gusto y su habilidad para elegir atuendos que resaltan su figura y personalidad.<\/p>\n<h3>Maria Bakalova<img loading=\"lazy\" decoding=\"async\" class=\"alignnone size-large wp-image-137330\" src=\"https:\/\/graziamagazine.com\/mx\/wp-content\/uploads\/sites\/13\/2024\/05\/Maria-Bakalova-683x1024.jpg\" alt=\"\" width=\"683\" height=\"1024\" srcset=\"https:\/\/graziamagazine.com\/mx\/wp-content\/uploads\/sites\/13\/2024\/05\/Maria-Bakalova-683x1024.jpg 683w, https:\/\/graziamagazine.com\/mx\/wp-content\/uploads\/sites\/13\/2024\/05\/Maria-Bakalova-300x450.jpg 300w, https:\/\/graziamagazine.com\/mx\/wp-content\/uploads\/sites\/13\/2024\/05\/Maria-Bakalova-768x1151.jpg 768w, https:\/\/graziamagazine.com\/mx\/wp-content\/uploads\/sites\/13\/2024\/05\/Maria-Bakalova-1025x1536.jpg 1025w, https:\/\/graziamagazine.com\/mx\/wp-content\/uploads\/sites\/13\/2024\/05\/Maria-Bakalova-1366x2048.jpg 1366w, https:\/\/graziamagazine.com\/mx\/wp-content\/uploads\/sites\/13\/2024\/05\/Maria-Bakalova-400x600.jpg 400w, https:\/\/graziamagazine.com\/mx\/wp-content\/uploads\/sites\/13\/2024\/05\/Maria-Bakalova-143x215.jpg 143w, https:\/\/graziamagazine.com\/mx\/wp-content\/uploads\/sites\/13\/2024\/05\/Maria-Bakalova-scaled.jpg 1708w\" sizes=\"(max-width: 683px) 100vw, 683px\" \/><\/h3>\n<p>El vestido de Dolce &amp; Gabbana estaba confeccionado en una lujosa tela de seda que ca\u00eda fluidamente, creando un efecto et\u00e9reo mientras se mov\u00eda. La seda, en un tono marfil con delicados detalles dorados, aportaba un aire de sofisticaci\u00f3n y elegancia.<\/p>\n<h3>Mar\u00eda Pedraza<\/h3>\n<figure id=\"attachment_137323\" aria-describedby=\"caption-attachment-137323\" style=\"width: 652px\" class=\"wp-caption alignnone\"><img loading=\"lazy\" decoding=\"async\" class=\"size-large wp-image-137323\" src=\"https:\/\/graziamagazine.com\/mx\/wp-content\/uploads\/sites\/13\/2024\/05\/Captura-de-Pantalla-2024-05-21-a-las-22.21.40-652x1024.png\" alt=\"Los mejores looks de la alfombra roja Cannes 2024\" width=\"652\" height=\"1024\" srcset=\"https:\/\/graziamagazine.com\/mx\/wp-content\/uploads\/sites\/13\/2024\/05\/Captura-de-Pantalla-2024-05-21-a-las-22.21.40-652x1024.png 652w, https:\/\/graziamagazine.com\/mx\/wp-content\/uploads\/sites\/13\/2024\/05\/Captura-de-Pantalla-2024-05-21-a-las-22.21.40-287x450.png 287w, https:\/\/graziamagazine.com\/mx\/wp-content\/uploads\/sites\/13\/2024\/05\/Captura-de-Pantalla-2024-05-21-a-las-22.21.40-400x628.png 400w, https:\/\/graziamagazine.com\/mx\/wp-content\/uploads\/sites\/13\/2024\/05\/Captura-de-Pantalla-2024-05-21-a-las-22.21.40-137x215.png 137w, https:\/\/graziamagazine.com\/mx\/wp-content\/uploads\/sites\/13\/2024\/05\/Captura-de-Pantalla-2024-05-21-a-las-22.21.40.png 720w\" sizes=\"(max-width: 652px) 100vw, 652px\" \/><figcaption id=\"caption-attachment-137323\" class=\"wp-caption-text\">Los mejores looks de la alfombra roja Cannes 2024<\/figcaption><\/figure>\n<p>Mar\u00eda Pedraza eligi\u00f3 un dise\u00f1o de Michael Kors para el estreno de &#8220;El aprendiz&#8221;. Su vestido blanco, extremadamente ajustado, presentaba un corte sirena en la falda y un delicado lacito coquette en su semirrecogido.<\/p>\n<h3>Diane Kruger<\/h3>\n<figure id=\"attachment_137324\" aria-describedby=\"caption-attachment-137324\" style=\"width: 664px\" class=\"wp-caption alignnone\"><img loading=\"lazy\" decoding=\"async\" class=\"size-large wp-image-137324\" src=\"https:\/\/graziamagazine.com\/mx\/wp-content\/uploads\/sites\/13\/2024\/05\/Captura-de-Pantalla-2024-05-21-a-las-22.22.16-664x1024.png\" alt=\"Los mejores looks de la alfombra roja Cannes 2024\" width=\"664\" height=\"1024\" srcset=\"https:\/\/graziamagazine.com\/mx\/wp-content\/uploads\/sites\/13\/2024\/05\/Captura-de-Pantalla-2024-05-21-a-las-22.22.16-664x1024.png 664w, https:\/\/graziamagazine.com\/mx\/wp-content\/uploads\/sites\/13\/2024\/05\/Captura-de-Pantalla-2024-05-21-a-las-22.22.16-292x450.png 292w, https:\/\/graziamagazine.com\/mx\/wp-content\/uploads\/sites\/13\/2024\/05\/Captura-de-Pantalla-2024-05-21-a-las-22.22.16-400x617.png 400w, https:\/\/graziamagazine.com\/mx\/wp-content\/uploads\/sites\/13\/2024\/05\/Captura-de-Pantalla-2024-05-21-a-las-22.22.16-139x215.png 139w, https:\/\/graziamagazine.com\/mx\/wp-content\/uploads\/sites\/13\/2024\/05\/Captura-de-Pantalla-2024-05-21-a-las-22.22.16.png 724w\" sizes=\"(max-width: 664px) 100vw, 664px\" \/><figcaption id=\"caption-attachment-137324\" class=\"wp-caption-text\">Los mejores looks de la alfombra roja Cannes 2024<\/figcaption><\/figure>\n<p>Diane Kruger opt\u00f3 por un impresionante vestido de Atelier Versace, siguiendo la tendencia de los vestidos r\u00edgidos y escult\u00f3ricos.<\/p>\n<h3>Rosie Huntington-Whiteley<\/h3>\n<figure id=\"attachment_137325\" aria-describedby=\"caption-attachment-137325\" style=\"width: 633px\" class=\"wp-caption alignnone\"><img loading=\"lazy\" decoding=\"async\" class=\"size-large wp-image-137325\" src=\"https:\/\/graziamagazine.com\/mx\/wp-content\/uploads\/sites\/13\/2024\/05\/Captura-de-Pantalla-2024-05-21-a-las-22.22.21-633x1024.png\" alt=\"Los mejores looks de la alfombra roja Cannes 2024\" width=\"633\" height=\"1024\" srcset=\"https:\/\/graziamagazine.com\/mx\/wp-content\/uploads\/sites\/13\/2024\/05\/Captura-de-Pantalla-2024-05-21-a-las-22.22.21-633x1024.png 633w, https:\/\/graziamagazine.com\/mx\/wp-content\/uploads\/sites\/13\/2024\/05\/Captura-de-Pantalla-2024-05-21-a-las-22.22.21-278x450.png 278w, https:\/\/graziamagazine.com\/mx\/wp-content\/uploads\/sites\/13\/2024\/05\/Captura-de-Pantalla-2024-05-21-a-las-22.22.21-400x648.png 400w, https:\/\/graziamagazine.com\/mx\/wp-content\/uploads\/sites\/13\/2024\/05\/Captura-de-Pantalla-2024-05-21-a-las-22.22.21-133x215.png 133w, https:\/\/graziamagazine.com\/mx\/wp-content\/uploads\/sites\/13\/2024\/05\/Captura-de-Pantalla-2024-05-21-a-las-22.22.21.png 682w\" sizes=\"(max-width: 633px) 100vw, 633px\" \/><figcaption id=\"caption-attachment-137325\" class=\"wp-caption-text\">Los mejores looks de la alfombra roja Cannes 2024<\/figcaption><\/figure>\n<p>Rosie Huntington-Whiteley eligi\u00f3 un vestido sobrio de Saint Laurent que, a primera vista, parec\u00eda sencillo pero revelaba una complejidad fascinante.<\/p>\n<h3>Barbara Palvin<\/h3>\n<figure id=\"attachment_137326\" aria-describedby=\"caption-attachment-137326\" style=\"width: 677px\" class=\"wp-caption alignnone\"><img loading=\"lazy\" decoding=\"async\" class=\"size-large wp-image-137326\" src=\"https:\/\/graziamagazine.com\/mx\/wp-content\/uploads\/sites\/13\/2024\/05\/Captura-de-Pantalla-2024-05-21-a-las-22.22.28-677x1024.png\" alt=\"Los mejores looks de la alfombra roja Cannes 2024\" width=\"677\" height=\"1024\" srcset=\"https:\/\/graziamagazine.com\/mx\/wp-content\/uploads\/sites\/13\/2024\/05\/Captura-de-Pantalla-2024-05-21-a-las-22.22.28-677x1024.png 677w, https:\/\/graziamagazine.com\/mx\/wp-content\/uploads\/sites\/13\/2024\/05\/Captura-de-Pantalla-2024-05-21-a-las-22.22.28-297x450.png 297w, https:\/\/graziamagazine.com\/mx\/wp-content\/uploads\/sites\/13\/2024\/05\/Captura-de-Pantalla-2024-05-21-a-las-22.22.28-400x605.png 400w, https:\/\/graziamagazine.com\/mx\/wp-content\/uploads\/sites\/13\/2024\/05\/Captura-de-Pantalla-2024-05-21-a-las-22.22.28-142x215.png 142w, https:\/\/graziamagazine.com\/mx\/wp-content\/uploads\/sites\/13\/2024\/05\/Captura-de-Pantalla-2024-05-21-a-las-22.22.28.png 706w\" sizes=\"(max-width: 677px) 100vw, 677px\" \/><figcaption id=\"caption-attachment-137326\" class=\"wp-caption-text\">Los mejores looks de la alfombra roja Cannes 2024<\/figcaption><\/figure>\n<p>Barbara Palvin, conocida por ser la novia m\u00e1s elegante de 2023, luci\u00f3 un vestido ajustado de encaje de Michael Kors, acompa\u00f1ado de una capa a juego. Su melena al estilo Godiva y u\u00f1as negras completaron un look et\u00e9reo y refinado que captur\u00f3 todas las miradas.<\/p>\n<h3>Toni Garrn<\/h3>\n<figure id=\"attachment_137327\" aria-describedby=\"caption-attachment-137327\" style=\"width: 624px\" class=\"wp-caption alignnone\"><img loading=\"lazy\" decoding=\"async\" class=\"size-large wp-image-137327\" src=\"https:\/\/graziamagazine.com\/mx\/wp-content\/uploads\/sites\/13\/2024\/05\/Captura-de-Pantalla-2024-05-21-a-las-22.22.34-624x1024.png\" alt=\"Los mejores looks de la alfombra roja Cannes 2024\" width=\"624\" height=\"1024\" srcset=\"https:\/\/graziamagazine.com\/mx\/wp-content\/uploads\/sites\/13\/2024\/05\/Captura-de-Pantalla-2024-05-21-a-las-22.22.34-624x1024.png 624w, https:\/\/graziamagazine.com\/mx\/wp-content\/uploads\/sites\/13\/2024\/05\/Captura-de-Pantalla-2024-05-21-a-las-22.22.34-274x450.png 274w, https:\/\/graziamagazine.com\/mx\/wp-content\/uploads\/sites\/13\/2024\/05\/Captura-de-Pantalla-2024-05-21-a-las-22.22.34-400x657.png 400w, https:\/\/graziamagazine.com\/mx\/wp-content\/uploads\/sites\/13\/2024\/05\/Captura-de-Pantalla-2024-05-21-a-las-22.22.34-131x215.png 131w, https:\/\/graziamagazine.com\/mx\/wp-content\/uploads\/sites\/13\/2024\/05\/Captura-de-Pantalla-2024-05-21-a-las-22.22.34.png 682w\" sizes=\"(max-width: 624px) 100vw, 624px\" \/><figcaption id=\"caption-attachment-137327\" class=\"wp-caption-text\">Los mejores looks de la alfombra roja Cannes 2024<\/figcaption><\/figure>\n<p>Toni Garrn deslumbr\u00f3 con un vestido azul noche de Michael Kors, complementado con joyas de Messika Jewelry. El tono oscuro y las joyas brillantes crearon un contraste perfecto, resaltando su elegancia natural y estilo sofisticado.<\/p>\n<h3>Greta Gerwig<\/h3>\n<figure id=\"attachment_137328\" aria-describedby=\"caption-attachment-137328\" style=\"width: 658px\" class=\"wp-caption alignnone\"><img loading=\"lazy\" decoding=\"async\" class=\"size-large wp-image-137328\" src=\"https:\/\/graziamagazine.com\/mx\/wp-content\/uploads\/sites\/13\/2024\/05\/Captura-de-Pantalla-2024-05-21-a-las-22.22.45-658x1024.png\" alt=\"Los mejores looks de la alfombra roja Cannes 2024\" width=\"658\" height=\"1024\" srcset=\"https:\/\/graziamagazine.com\/mx\/wp-content\/uploads\/sites\/13\/2024\/05\/Captura-de-Pantalla-2024-05-21-a-las-22.22.45-658x1024.png 658w, https:\/\/graziamagazine.com\/mx\/wp-content\/uploads\/sites\/13\/2024\/05\/Captura-de-Pantalla-2024-05-21-a-las-22.22.45-289x450.png 289w, https:\/\/graziamagazine.com\/mx\/wp-content\/uploads\/sites\/13\/2024\/05\/Captura-de-Pantalla-2024-05-21-a-las-22.22.45-400x623.png 400w, https:\/\/graziamagazine.com\/mx\/wp-content\/uploads\/sites\/13\/2024\/05\/Captura-de-Pantalla-2024-05-21-a-las-22.22.45-138x215.png 138w, https:\/\/graziamagazine.com\/mx\/wp-content\/uploads\/sites\/13\/2024\/05\/Captura-de-Pantalla-2024-05-21-a-las-22.22.45.png 740w\" sizes=\"(max-width: 658px) 100vw, 658px\" \/><figcaption id=\"caption-attachment-137328\" class=\"wp-caption-text\">Los mejores looks de la alfombra roja Cannes 2024<\/figcaption><\/figure>\n<p>Greta Gerwig opt\u00f3 por un dise\u00f1o personalizado de Prada en color champ\u00e1n con un escote bardot, que destacaba por su sencillez y elegancia. El dise\u00f1o minimalista, combinado con su estilo cl\u00e1sico, hizo que Greta brillara en la alfombra roja sin esfuerzo.<\/p>\n<h3>Gala Gonz\u00e1lez<\/h3>\n<figure id=\"attachment_137329\" aria-describedby=\"caption-attachment-137329\" style=\"width: 692px\" class=\"wp-caption alignnone\"><img loading=\"lazy\" decoding=\"async\" class=\"size-full wp-image-137329\" src=\"https:\/\/graziamagazine.com\/mx\/wp-content\/uploads\/sites\/13\/2024\/05\/Captura-de-Pantalla-2024-05-21-a-las-22.22.50.png\" alt=\"Los mejores looks de la alfombra roja Cannes 2024\" width=\"692\" height=\"916\" srcset=\"https:\/\/graziamagazine.com\/mx\/wp-content\/uploads\/sites\/13\/2024\/05\/Captura-de-Pantalla-2024-05-21-a-las-22.22.50.png 692w, https:\/\/graziamagazine.com\/mx\/wp-content\/uploads\/sites\/13\/2024\/05\/Captura-de-Pantalla-2024-05-21-a-las-22.22.50-340x450.png 340w, https:\/\/graziamagazine.com\/mx\/wp-content\/uploads\/sites\/13\/2024\/05\/Captura-de-Pantalla-2024-05-21-a-las-22.22.50-400x529.png 400w, https:\/\/graziamagazine.com\/mx\/wp-content\/uploads\/sites\/13\/2024\/05\/Captura-de-Pantalla-2024-05-21-a-las-22.22.50-155x205.png 155w\" sizes=\"(max-width: 692px) 100vw, 692px\" \/><figcaption id=\"caption-attachment-137329\" class=\"wp-caption-text\">Los mejores looks de la alfombra roja Cannes 2024<\/figcaption><\/figure>\n<p>La influencer gallega Gala Gonz\u00e1lez eligi\u00f3 un vestido marr\u00f3n de lentejuelas de Michael Kors, que combin\u00f3 con un color de labios oscuro. Su elecci\u00f3n de vestuario destac\u00f3 por su audacia y modernidad, demostrando por qu\u00e9 es considerada una de las mujeres mejor vestidas de Espa\u00f1a.<\/p>\n<h3>Eva Longoria<\/h3>\n<figure id=\"attachment_137317\" aria-describedby=\"caption-attachment-137317\" style=\"width: 703px\" class=\"wp-caption alignnone\"><img loading=\"lazy\" decoding=\"async\" class=\"size-large wp-image-137317\" src=\"https:\/\/graziamagazine.com\/mx\/wp-content\/uploads\/sites\/13\/2024\/05\/eva-longoria-attends-the-emilia-perez-red-carpet-at-the-news-photo-1716200147-703x1024.jpg\" alt=\"Los mejores looks de la alfombra roja Cannes 2024\" width=\"703\" height=\"1024\" srcset=\"https:\/\/graziamagazine.com\/mx\/wp-content\/uploads\/sites\/13\/2024\/05\/eva-longoria-attends-the-emilia-perez-red-carpet-at-the-news-photo-1716200147-703x1024.jpg 703w, https:\/\/graziamagazine.com\/mx\/wp-content\/uploads\/sites\/13\/2024\/05\/eva-longoria-attends-the-emilia-perez-red-carpet-at-the-news-photo-1716200147-309x450.jpg 309w, https:\/\/graziamagazine.com\/mx\/wp-content\/uploads\/sites\/13\/2024\/05\/eva-longoria-attends-the-emilia-perez-red-carpet-at-the-news-photo-1716200147-768x1119.jpg 768w, https:\/\/graziamagazine.com\/mx\/wp-content\/uploads\/sites\/13\/2024\/05\/eva-longoria-attends-the-emilia-perez-red-carpet-at-the-news-photo-1716200147-400x583.jpg 400w, https:\/\/graziamagazine.com\/mx\/wp-content\/uploads\/sites\/13\/2024\/05\/eva-longoria-attends-the-emilia-perez-red-carpet-at-the-news-photo-1716200147-148x215.jpg 148w, https:\/\/graziamagazine.com\/mx\/wp-content\/uploads\/sites\/13\/2024\/05\/eva-longoria-attends-the-emilia-perez-red-carpet-at-the-news-photo-1716200147.jpg 980w\" sizes=\"(max-width: 703px) 100vw, 703px\" \/><figcaption id=\"caption-attachment-137317\" class=\"wp-caption-text\">Los mejores looks de la alfombra roja Cannes 2024<\/figcaption><\/figure>\n<p>Eva Longoria brill\u00f3 en la alfombra roja con un espectacular vestido azul adornado con pedrer\u00eda, firmado por Tony Ward. El dise\u00f1o, lleno de aberturas estrat\u00e9gicas, destac\u00f3 la figura de la actriz, quien complet\u00f3 su look con unas sandalias metalizadas que a\u00f1ad\u00edan un toque de glamour.<\/p>\n<h3>Philippine Leroy-Beaulieu<\/h3>\n<figure id=\"attachment_137318\" aria-describedby=\"caption-attachment-137318\" style=\"width: 683px\" class=\"wp-caption alignnone\"><img loading=\"lazy\" decoding=\"async\" class=\"size-large wp-image-137318\" src=\"https:\/\/graziamagazine.com\/mx\/wp-content\/uploads\/sites\/13\/2024\/05\/philippine-leroy-beaulieu-attends-the-horizon-an-american-news-photo-1716202298-683x1024.jpg\" alt=\"Los mejores looks de la alfombra roja Cannes 2024\" width=\"683\" height=\"1024\" srcset=\"https:\/\/graziamagazine.com\/mx\/wp-content\/uploads\/sites\/13\/2024\/05\/philippine-leroy-beaulieu-attends-the-horizon-an-american-news-photo-1716202298-683x1024.jpg 683w, https:\/\/graziamagazine.com\/mx\/wp-content\/uploads\/sites\/13\/2024\/05\/philippine-leroy-beaulieu-attends-the-horizon-an-american-news-photo-1716202298-300x450.jpg 300w, https:\/\/graziamagazine.com\/mx\/wp-content\/uploads\/sites\/13\/2024\/05\/philippine-leroy-beaulieu-attends-the-horizon-an-american-news-photo-1716202298-768x1151.jpg 768w, https:\/\/graziamagazine.com\/mx\/wp-content\/uploads\/sites\/13\/2024\/05\/philippine-leroy-beaulieu-attends-the-horizon-an-american-news-photo-1716202298-400x600.jpg 400w, https:\/\/graziamagazine.com\/mx\/wp-content\/uploads\/sites\/13\/2024\/05\/philippine-leroy-beaulieu-attends-the-horizon-an-american-news-photo-1716202298-143x215.jpg 143w, https:\/\/graziamagazine.com\/mx\/wp-content\/uploads\/sites\/13\/2024\/05\/philippine-leroy-beaulieu-attends-the-horizon-an-american-news-photo-1716202298.jpg 980w\" sizes=\"(max-width: 683px) 100vw, 683px\" \/><figcaption id=\"caption-attachment-137318\" class=\"wp-caption-text\">Los mejores looks de la alfombra roja Cannes 2024<\/figcaption><\/figure>\n<p>La actriz Philippine Leroy-Beaulieu sorprendi\u00f3 a todos con un cambio de look que complement\u00f3 con un precioso vestido con escote palabra de honor y tejido satinado. La pieza destacaba a\u00fan m\u00e1s gracias a una joya en el escote, a\u00f1adiendo un toque de lujo y sofisticaci\u00f3n.<\/p>\n<h3>Carla Bruni<\/h3>\n<figure id=\"attachment_137319\" aria-describedby=\"caption-attachment-137319\" style=\"width: 683px\" class=\"wp-caption alignnone\"><img loading=\"lazy\" decoding=\"async\" class=\"size-full wp-image-137319\" src=\"https:\/\/graziamagazine.com\/mx\/wp-content\/uploads\/sites\/13\/2024\/05\/carla-bruni-attends-the-emilia-perez-red-carpet-at-the-77th-news-photo-1716200507.jpg\" alt=\"Los mejores looks de la alfombra roja Cannes 2024\" width=\"683\" height=\"1024\" srcset=\"https:\/\/graziamagazine.com\/mx\/wp-content\/uploads\/sites\/13\/2024\/05\/carla-bruni-attends-the-emilia-perez-red-carpet-at-the-77th-news-photo-1716200507.jpg 683w, https:\/\/graziamagazine.com\/mx\/wp-content\/uploads\/sites\/13\/2024\/05\/carla-bruni-attends-the-emilia-perez-red-carpet-at-the-77th-news-photo-1716200507-300x450.jpg 300w, https:\/\/graziamagazine.com\/mx\/wp-content\/uploads\/sites\/13\/2024\/05\/carla-bruni-attends-the-emilia-perez-red-carpet-at-the-77th-news-photo-1716200507-400x600.jpg 400w, https:\/\/graziamagazine.com\/mx\/wp-content\/uploads\/sites\/13\/2024\/05\/carla-bruni-attends-the-emilia-perez-red-carpet-at-the-77th-news-photo-1716200507-143x215.jpg 143w\" sizes=\"(max-width: 683px) 100vw, 683px\" \/><figcaption id=\"caption-attachment-137319\" class=\"wp-caption-text\">Los mejores looks de la alfombra roja Cannes 2024<\/figcaption><\/figure>\n<p>Carla Bruni deslumbr\u00f3 en la alfombra roja con un impresionante vestido metalizado con escote en forma de coraz\u00f3n. El dise\u00f1o, que resaltaba su figura esbelta, fue combinado con sandalias de Aquazzura, que a\u00f1ad\u00edan un toque de sofisticaci\u00f3n y modernidad.<\/p>\n<h3>Rossy de Palma<\/h3>\n<figure id=\"attachment_137320\" aria-describedby=\"caption-attachment-137320\" style=\"width: 683px\" class=\"wp-caption alignnone\"><img loading=\"lazy\" decoding=\"async\" class=\"size-full wp-image-137320\" src=\"https:\/\/graziamagazine.com\/mx\/wp-content\/uploads\/sites\/13\/2024\/05\/rossy-de-palma-attends-the-emilia-perez-red-carpet-at-the-news-photo-1716200571.jpg\" alt=\"Los mejores looks de la alfombra roja Cannes 2024\" width=\"683\" height=\"1024\" srcset=\"https:\/\/graziamagazine.com\/mx\/wp-content\/uploads\/sites\/13\/2024\/05\/rossy-de-palma-attends-the-emilia-perez-red-carpet-at-the-news-photo-1716200571.jpg 683w, https:\/\/graziamagazine.com\/mx\/wp-content\/uploads\/sites\/13\/2024\/05\/rossy-de-palma-attends-the-emilia-perez-red-carpet-at-the-news-photo-1716200571-300x450.jpg 300w, https:\/\/graziamagazine.com\/mx\/wp-content\/uploads\/sites\/13\/2024\/05\/rossy-de-palma-attends-the-emilia-perez-red-carpet-at-the-news-photo-1716200571-400x600.jpg 400w, https:\/\/graziamagazine.com\/mx\/wp-content\/uploads\/sites\/13\/2024\/05\/rossy-de-palma-attends-the-emilia-perez-red-carpet-at-the-news-photo-1716200571-143x215.jpg 143w\" sizes=\"(max-width: 683px) 100vw, 683px\" \/><figcaption id=\"caption-attachment-137320\" class=\"wp-caption-text\">Los mejores looks de la alfombra roja Cannes 2024<\/figcaption><\/figure>\n<p>Rossy de Palma llev\u00f3 la esencia espa\u00f1ola a Cannes con un vestido semitransparente de lunares, complementado con un sombrero cordob\u00e9s. La actriz combin\u00f3 el estilo tradicional con un toque moderno, creando un look audaz y aut\u00e9ntico.<\/p>\n<h3>Alexa Chung<\/h3>\n<figure id=\"attachment_137315\" aria-describedby=\"caption-attachment-137315\" style=\"width: 785px\" class=\"wp-caption alignnone\"><img loading=\"lazy\" decoding=\"async\" class=\"size-large wp-image-137315\" src=\"https:\/\/graziamagazine.com\/mx\/wp-content\/uploads\/sites\/13\/2024\/05\/alexa-chung-attends-the-horizon-an-american-saga-red-carpet-news-photo-1716200616-785x1024.jpg\" alt=\"Los mejores looks de la alfombra roja Cannes 2024\" width=\"785\" height=\"1024\" srcset=\"https:\/\/graziamagazine.com\/mx\/wp-content\/uploads\/sites\/13\/2024\/05\/alexa-chung-attends-the-horizon-an-american-saga-red-carpet-news-photo-1716200616-785x1024.jpg 785w, https:\/\/graziamagazine.com\/mx\/wp-content\/uploads\/sites\/13\/2024\/05\/alexa-chung-attends-the-horizon-an-american-saga-red-carpet-news-photo-1716200616-345x450.jpg 345w, https:\/\/graziamagazine.com\/mx\/wp-content\/uploads\/sites\/13\/2024\/05\/alexa-chung-attends-the-horizon-an-american-saga-red-carpet-news-photo-1716200616-768x1002.jpg 768w, https:\/\/graziamagazine.com\/mx\/wp-content\/uploads\/sites\/13\/2024\/05\/alexa-chung-attends-the-horizon-an-american-saga-red-carpet-news-photo-1716200616-400x522.jpg 400w, https:\/\/graziamagazine.com\/mx\/wp-content\/uploads\/sites\/13\/2024\/05\/alexa-chung-attends-the-horizon-an-american-saga-red-carpet-news-photo-1716200616-155x202.jpg 155w, https:\/\/graziamagazine.com\/mx\/wp-content\/uploads\/sites\/13\/2024\/05\/alexa-chung-attends-the-horizon-an-american-saga-red-carpet-news-photo-1716200616.jpg 980w\" sizes=\"(max-width: 785px) 100vw, 785px\" \/><figcaption id=\"caption-attachment-137315\" class=\"wp-caption-text\">Los mejores looks de la alfombra roja Cannes 2024<\/figcaption><\/figure>\n<p>La presentadora de televisi\u00f3n Alexa Chung opt\u00f3 por un enfoque minimalista, luciendo un vestido con escote en V y l\u00edneas limpias. Chung combin\u00f3 su atuendo con sandalias minimalistas negras, manteniendo su look elegante y sobrio.<\/p>\n<h3>Ester Exp\u00f3sito<\/h3>\n<figure id=\"attachment_137316\" aria-describedby=\"caption-attachment-137316\" style=\"width: 683px\" class=\"wp-caption alignnone\"><img loading=\"lazy\" decoding=\"async\" class=\"size-large wp-image-137316\" src=\"https:\/\/graziamagazine.com\/mx\/wp-content\/uploads\/sites\/13\/2024\/05\/ester-exposito-attends-the-emilia-perez-premiere-during-the-news-photo-1716201171-683x1024.jpg\" alt=\"Los mejores looks de la alfombra roja Cannes 2024\" width=\"683\" height=\"1024\" srcset=\"https:\/\/graziamagazine.com\/mx\/wp-content\/uploads\/sites\/13\/2024\/05\/ester-exposito-attends-the-emilia-perez-premiere-during-the-news-photo-1716201171-683x1024.jpg 683w, https:\/\/graziamagazine.com\/mx\/wp-content\/uploads\/sites\/13\/2024\/05\/ester-exposito-attends-the-emilia-perez-premiere-during-the-news-photo-1716201171-300x450.jpg 300w, https:\/\/graziamagazine.com\/mx\/wp-content\/uploads\/sites\/13\/2024\/05\/ester-exposito-attends-the-emilia-perez-premiere-during-the-news-photo-1716201171-768x1152.jpg 768w, https:\/\/graziamagazine.com\/mx\/wp-content\/uploads\/sites\/13\/2024\/05\/ester-exposito-attends-the-emilia-perez-premiere-during-the-news-photo-1716201171-400x600.jpg 400w, https:\/\/graziamagazine.com\/mx\/wp-content\/uploads\/sites\/13\/2024\/05\/ester-exposito-attends-the-emilia-perez-premiere-during-the-news-photo-1716201171-143x215.jpg 143w, https:\/\/graziamagazine.com\/mx\/wp-content\/uploads\/sites\/13\/2024\/05\/ester-exposito-attends-the-emilia-perez-premiere-during-the-news-photo-1716201171.jpg 980w\" sizes=\"(max-width: 683px) 100vw, 683px\" \/><figcaption id=\"caption-attachment-137316\" class=\"wp-caption-text\">Los mejores looks de la alfombra roja Cannes 2024<\/figcaption><\/figure>\n<p>La actriz espa\u00f1ola Ester Exp\u00f3sito apareci\u00f3 espectacular con un precioso vestido de transparencias que acentuaba su elegancia y sofisticaci\u00f3n. La pieza, combinada con joyas de Messika, realzaba su belleza natural y destacaba su presencia en la alfombra roja.<\/p>\n<h3>Bella Hadid<\/h3>\n<figure id=\"attachment_137248\" aria-describedby=\"caption-attachment-137248\" style=\"width: 666px\" class=\"wp-caption alignnone\"><img loading=\"lazy\" decoding=\"async\" class=\"size-large wp-image-137248\" src=\"https:\/\/graziamagazine.com\/mx\/wp-content\/uploads\/sites\/13\/2024\/05\/Captura-de-Pantalla-2024-05-20-a-las-12.57.59-666x1024.png\" alt=\"Los mejores looks de la alfombra roja Cannes 2024\" width=\"666\" height=\"1024\" srcset=\"https:\/\/graziamagazine.com\/mx\/wp-content\/uploads\/sites\/13\/2024\/05\/Captura-de-Pantalla-2024-05-20-a-las-12.57.59-666x1024.png 666w, https:\/\/graziamagazine.com\/mx\/wp-content\/uploads\/sites\/13\/2024\/05\/Captura-de-Pantalla-2024-05-20-a-las-12.57.59-293x450.png 293w, https:\/\/graziamagazine.com\/mx\/wp-content\/uploads\/sites\/13\/2024\/05\/Captura-de-Pantalla-2024-05-20-a-las-12.57.59-400x615.png 400w, https:\/\/graziamagazine.com\/mx\/wp-content\/uploads\/sites\/13\/2024\/05\/Captura-de-Pantalla-2024-05-20-a-las-12.57.59-140x215.png 140w, https:\/\/graziamagazine.com\/mx\/wp-content\/uploads\/sites\/13\/2024\/05\/Captura-de-Pantalla-2024-05-20-a-las-12.57.59.png 730w\" sizes=\"(max-width: 666px) 100vw, 666px\" \/><figcaption id=\"caption-attachment-137248\" class=\"wp-caption-text\">Los mejores looks de la alfombra roja Cannes 2024<\/figcaption><\/figure>\n<p>Bella Hadid deslumbr\u00f3 con un vestido transparente que dej\u00f3 poco a la imaginaci\u00f3n, mostrando su figura en un dise\u00f1o audaz y seductor.<\/p>\n<h3>Sienna Miller<\/h3>\n<figure id=\"attachment_137249\" aria-describedby=\"caption-attachment-137249\" style=\"width: 754px\" class=\"wp-caption alignnone\"><img loading=\"lazy\" decoding=\"async\" class=\"size-full wp-image-137249\" src=\"https:\/\/graziamagazine.com\/mx\/wp-content\/uploads\/sites\/13\/2024\/05\/Captura-de-Pantalla-2024-05-20-a-las-12.58.04.png\" alt=\"Los mejores looks de la alfombra roja Cannes 2024\" width=\"754\" height=\"998\" srcset=\"https:\/\/graziamagazine.com\/mx\/wp-content\/uploads\/sites\/13\/2024\/05\/Captura-de-Pantalla-2024-05-20-a-las-12.58.04.png 754w, https:\/\/graziamagazine.com\/mx\/wp-content\/uploads\/sites\/13\/2024\/05\/Captura-de-Pantalla-2024-05-20-a-las-12.58.04-340x450.png 340w, https:\/\/graziamagazine.com\/mx\/wp-content\/uploads\/sites\/13\/2024\/05\/Captura-de-Pantalla-2024-05-20-a-las-12.58.04-400x529.png 400w, https:\/\/graziamagazine.com\/mx\/wp-content\/uploads\/sites\/13\/2024\/05\/Captura-de-Pantalla-2024-05-20-a-las-12.58.04-155x205.png 155w\" sizes=\"(max-width: 754px) 100vw, 754px\" \/><figcaption id=\"caption-attachment-137249\" class=\"wp-caption-text\">Los mejores looks de la alfombra roja Cannes 2024<\/figcaption><\/figure>\n<p>La actriz Sienna Miller adopt\u00f3 un look bohemio con una creaci\u00f3n de Chlo\u00e9, que combinaba elementos vintage con un toque moderno, perfecto para su estilo personal.<\/p>\n<h3>Candice Swanepoel<\/h3>\n<figure id=\"attachment_137250\" aria-describedby=\"caption-attachment-137250\" style=\"width: 608px\" class=\"wp-caption alignnone\"><img loading=\"lazy\" decoding=\"async\" class=\"size-large wp-image-137250\" src=\"https:\/\/graziamagazine.com\/mx\/wp-content\/uploads\/sites\/13\/2024\/05\/Captura-de-Pantalla-2024-05-20-a-las-12.58.08-608x1024.png\" alt=\"Los mejores looks de la alfombra roja Cannes 2024\" width=\"608\" height=\"1024\" srcset=\"https:\/\/graziamagazine.com\/mx\/wp-content\/uploads\/sites\/13\/2024\/05\/Captura-de-Pantalla-2024-05-20-a-las-12.58.08-608x1024.png 608w, https:\/\/graziamagazine.com\/mx\/wp-content\/uploads\/sites\/13\/2024\/05\/Captura-de-Pantalla-2024-05-20-a-las-12.58.08-267x450.png 267w, https:\/\/graziamagazine.com\/mx\/wp-content\/uploads\/sites\/13\/2024\/05\/Captura-de-Pantalla-2024-05-20-a-las-12.58.08-400x674.png 400w, https:\/\/graziamagazine.com\/mx\/wp-content\/uploads\/sites\/13\/2024\/05\/Captura-de-Pantalla-2024-05-20-a-las-12.58.08-128x215.png 128w, https:\/\/graziamagazine.com\/mx\/wp-content\/uploads\/sites\/13\/2024\/05\/Captura-de-Pantalla-2024-05-20-a-las-12.58.08.png 724w\" sizes=\"(max-width: 608px) 100vw, 608px\" \/><figcaption id=\"caption-attachment-137250\" class=\"wp-caption-text\">Los mejores looks de la alfombra roja Cannes 2024<\/figcaption><\/figure>\n<p>La modelo surafricana Candice Swanepoel opt\u00f3 por un elegante vestido negro con hombros destacados, exudando sofisticaci\u00f3n y gracia.<\/p>\n<h3>Julianne Moore<\/h3>\n<figure id=\"attachment_137251\" aria-describedby=\"caption-attachment-137251\" style=\"width: 622px\" class=\"wp-caption alignnone\"><img loading=\"lazy\" decoding=\"async\" class=\"size-full wp-image-137251\" src=\"https:\/\/graziamagazine.com\/mx\/wp-content\/uploads\/sites\/13\/2024\/05\/Captura-de-Pantalla-2024-05-20-a-las-12.58.15.png\" alt=\"Los mejores looks de la alfombra roja Cannes 2024\" width=\"622\" height=\"958\" srcset=\"https:\/\/graziamagazine.com\/mx\/wp-content\/uploads\/sites\/13\/2024\/05\/Captura-de-Pantalla-2024-05-20-a-las-12.58.15.png 622w, https:\/\/graziamagazine.com\/mx\/wp-content\/uploads\/sites\/13\/2024\/05\/Captura-de-Pantalla-2024-05-20-a-las-12.58.15-292x450.png 292w, https:\/\/graziamagazine.com\/mx\/wp-content\/uploads\/sites\/13\/2024\/05\/Captura-de-Pantalla-2024-05-20-a-las-12.58.15-400x616.png 400w, https:\/\/graziamagazine.com\/mx\/wp-content\/uploads\/sites\/13\/2024\/05\/Captura-de-Pantalla-2024-05-20-a-las-12.58.15-140x215.png 140w\" sizes=\"(max-width: 622px) 100vw, 622px\" \/><figcaption id=\"caption-attachment-137251\" class=\"wp-caption-text\">Los mejores looks de la alfombra roja Cannes 2024<\/figcaption><\/figure>\n<p>Julianne Moore, siempre elegante, luci\u00f3 un modelo verde de Bottega Veneta que resaltaba su cabello rojo y su piel luminosa, un verdadero acierto de estilo.<\/p>\n<h3>Jena Malone<\/h3>\n<figure id=\"attachment_137252\" aria-describedby=\"caption-attachment-137252\" style=\"width: 564px\" class=\"wp-caption alignnone\"><img loading=\"lazy\" decoding=\"async\" class=\"size-large wp-image-137252\" src=\"https:\/\/graziamagazine.com\/mx\/wp-content\/uploads\/sites\/13\/2024\/05\/Captura-de-Pantalla-2024-05-20-a-las-12.58.22-564x1024.png\" alt=\"Los mejores looks de la alfombra roja Cannes 2024\" width=\"564\" height=\"1024\" srcset=\"https:\/\/graziamagazine.com\/mx\/wp-content\/uploads\/sites\/13\/2024\/05\/Captura-de-Pantalla-2024-05-20-a-las-12.58.22-564x1024.png 564w, https:\/\/graziamagazine.com\/mx\/wp-content\/uploads\/sites\/13\/2024\/05\/Captura-de-Pantalla-2024-05-20-a-las-12.58.22-248x450.png 248w, https:\/\/graziamagazine.com\/mx\/wp-content\/uploads\/sites\/13\/2024\/05\/Captura-de-Pantalla-2024-05-20-a-las-12.58.22-400x726.png 400w, https:\/\/graziamagazine.com\/mx\/wp-content\/uploads\/sites\/13\/2024\/05\/Captura-de-Pantalla-2024-05-20-a-las-12.58.22-118x215.png 118w, https:\/\/graziamagazine.com\/mx\/wp-content\/uploads\/sites\/13\/2024\/05\/Captura-de-Pantalla-2024-05-20-a-las-12.58.22.png 618w\" sizes=\"(max-width: 564px) 100vw, 564px\" \/><figcaption id=\"caption-attachment-137252\" class=\"wp-caption-text\">Los mejores looks de la alfombra roja Cannes 2024<\/figcaption><\/figure>\n<p>Jena Malone eligi\u00f3 un vestido blanco con efecto capa que la hizo parecer un \u00e1ngel sobre la alfombra roja, irradiando pureza y elegancia.<\/p>\n<h3>Isabelle Fuhrman<\/h3>\n<figure id=\"attachment_137253\" aria-describedby=\"caption-attachment-137253\" style=\"width: 617px\" class=\"wp-caption alignnone\"><img loading=\"lazy\" decoding=\"async\" class=\"size-large wp-image-137253\" src=\"https:\/\/graziamagazine.com\/mx\/wp-content\/uploads\/sites\/13\/2024\/05\/Captura-de-Pantalla-2024-05-20-a-las-12.58.27-617x1024.png\" alt=\"Los mejores looks de la alfombra roja Cannes 2024\" width=\"617\" height=\"1024\" srcset=\"https:\/\/graziamagazine.com\/mx\/wp-content\/uploads\/sites\/13\/2024\/05\/Captura-de-Pantalla-2024-05-20-a-las-12.58.27-617x1024.png 617w, https:\/\/graziamagazine.com\/mx\/wp-content\/uploads\/sites\/13\/2024\/05\/Captura-de-Pantalla-2024-05-20-a-las-12.58.27-271x450.png 271w, https:\/\/graziamagazine.com\/mx\/wp-content\/uploads\/sites\/13\/2024\/05\/Captura-de-Pantalla-2024-05-20-a-las-12.58.27-400x664.png 400w, https:\/\/graziamagazine.com\/mx\/wp-content\/uploads\/sites\/13\/2024\/05\/Captura-de-Pantalla-2024-05-20-a-las-12.58.27-129x215.png 129w, https:\/\/graziamagazine.com\/mx\/wp-content\/uploads\/sites\/13\/2024\/05\/Captura-de-Pantalla-2024-05-20-a-las-12.58.27.png 684w\" sizes=\"(max-width: 617px) 100vw, 617px\" \/><figcaption id=\"caption-attachment-137253\" class=\"wp-caption-text\">Los mejores looks de la alfombra roja Cannes 2024<\/figcaption><\/figure>\n<p>La actriz Isabelle Fuhrman impact\u00f3 con un vestido rojo de Armani Priv\u00e9, una elecci\u00f3n que destac\u00f3 por su corte impecable y su vibrante color.<\/p>\n<h3>Abbey Lee Kershaw<\/h3>\n<figure id=\"attachment_137254\" aria-describedby=\"caption-attachment-137254\" style=\"width: 593px\" class=\"wp-caption alignnone\"><img loading=\"lazy\" decoding=\"async\" class=\"size-large wp-image-137254\" src=\"https:\/\/graziamagazine.com\/mx\/wp-content\/uploads\/sites\/13\/2024\/05\/Captura-de-Pantalla-2024-05-20-a-las-12.58.32-593x1024.png\" alt=\"Los mejores looks de la alfombra roja Cannes 2024\" width=\"593\" height=\"1024\" srcset=\"https:\/\/graziamagazine.com\/mx\/wp-content\/uploads\/sites\/13\/2024\/05\/Captura-de-Pantalla-2024-05-20-a-las-12.58.32-593x1024.png 593w, https:\/\/graziamagazine.com\/mx\/wp-content\/uploads\/sites\/13\/2024\/05\/Captura-de-Pantalla-2024-05-20-a-las-12.58.32-261x450.png 261w, https:\/\/graziamagazine.com\/mx\/wp-content\/uploads\/sites\/13\/2024\/05\/Captura-de-Pantalla-2024-05-20-a-las-12.58.32-400x691.png 400w, https:\/\/graziamagazine.com\/mx\/wp-content\/uploads\/sites\/13\/2024\/05\/Captura-de-Pantalla-2024-05-20-a-las-12.58.32-124x215.png 124w, https:\/\/graziamagazine.com\/mx\/wp-content\/uploads\/sites\/13\/2024\/05\/Captura-de-Pantalla-2024-05-20-a-las-12.58.32.png 660w\" sizes=\"(max-width: 593px) 100vw, 593px\" \/><figcaption id=\"caption-attachment-137254\" class=\"wp-caption-text\">Los mejores looks de la alfombra roja Cannes 2024<\/figcaption><\/figure>\n<p>La modelo australiana Abbey Lee Kershaw eligi\u00f3 un vestido transparente en color lila de Gucci, combinando audacia y delicadeza en un solo look.<\/p>\n<h3>Demi Moore<\/h3>\n<figure id=\"attachment_137255\" aria-describedby=\"caption-attachment-137255\" style=\"width: 676px\" class=\"wp-caption alignnone\"><img loading=\"lazy\" decoding=\"async\" class=\"size-large wp-image-137255\" src=\"https:\/\/graziamagazine.com\/mx\/wp-content\/uploads\/sites\/13\/2024\/05\/Captura-de-Pantalla-2024-05-20-a-las-12.58.37-676x1024.png\" alt=\"Los mejores looks de la alfombra roja Cannes 2024\" width=\"676\" height=\"1024\" srcset=\"https:\/\/graziamagazine.com\/mx\/wp-content\/uploads\/sites\/13\/2024\/05\/Captura-de-Pantalla-2024-05-20-a-las-12.58.37-676x1024.png 676w, https:\/\/graziamagazine.com\/mx\/wp-content\/uploads\/sites\/13\/2024\/05\/Captura-de-Pantalla-2024-05-20-a-las-12.58.37-297x450.png 297w, https:\/\/graziamagazine.com\/mx\/wp-content\/uploads\/sites\/13\/2024\/05\/Captura-de-Pantalla-2024-05-20-a-las-12.58.37-400x606.png 400w, https:\/\/graziamagazine.com\/mx\/wp-content\/uploads\/sites\/13\/2024\/05\/Captura-de-Pantalla-2024-05-20-a-las-12.58.37-142x215.png 142w, https:\/\/graziamagazine.com\/mx\/wp-content\/uploads\/sites\/13\/2024\/05\/Captura-de-Pantalla-2024-05-20-a-las-12.58.37.png 702w\" sizes=\"(max-width: 676px) 100vw, 676px\" \/><figcaption id=\"caption-attachment-137255\" class=\"wp-caption-text\">Los mejores looks de la alfombra roja Cannes 2024<\/figcaption><\/figure>\n<p>Demi Moore opt\u00f3 por un vestido vanguardista de Schiaparelli, demostrando que su sentido del estilo sigue siendo tan innovador como siempre.<\/p>\n<h3>Margaret Qualley<\/h3>\n<figure id=\"attachment_137256\" aria-describedby=\"caption-attachment-137256\" style=\"width: 624px\" class=\"wp-caption alignnone\"><img loading=\"lazy\" decoding=\"async\" class=\"size-large wp-image-137256\" src=\"https:\/\/graziamagazine.com\/mx\/wp-content\/uploads\/sites\/13\/2024\/05\/Captura-de-Pantalla-2024-05-20-a-las-12.58.41-624x1024.png\" alt=\"Los mejores looks de la alfombra roja Cannes 2024\" width=\"624\" height=\"1024\" srcset=\"https:\/\/graziamagazine.com\/mx\/wp-content\/uploads\/sites\/13\/2024\/05\/Captura-de-Pantalla-2024-05-20-a-las-12.58.41-624x1024.png 624w, https:\/\/graziamagazine.com\/mx\/wp-content\/uploads\/sites\/13\/2024\/05\/Captura-de-Pantalla-2024-05-20-a-las-12.58.41-274x450.png 274w, https:\/\/graziamagazine.com\/mx\/wp-content\/uploads\/sites\/13\/2024\/05\/Captura-de-Pantalla-2024-05-20-a-las-12.58.41-400x657.png 400w, https:\/\/graziamagazine.com\/mx\/wp-content\/uploads\/sites\/13\/2024\/05\/Captura-de-Pantalla-2024-05-20-a-las-12.58.41-131x215.png 131w, https:\/\/graziamagazine.com\/mx\/wp-content\/uploads\/sites\/13\/2024\/05\/Captura-de-Pantalla-2024-05-20-a-las-12.58.41.png 682w\" sizes=\"(max-width: 624px) 100vw, 624px\" \/><figcaption id=\"caption-attachment-137256\" class=\"wp-caption-text\">Los mejores looks de la alfombra roja Cannes 2024<\/figcaption><\/figure>\n<p>Margaret Qualley luci\u00f3 un vestido con falda de holanes transparentes y aires boho, combinando lo et\u00e9reo con lo sofisticado.<\/p>\n<h3>Eva Green<\/h3>\n<figure id=\"attachment_137257\" aria-describedby=\"caption-attachment-137257\" style=\"width: 661px\" class=\"wp-caption alignnone\"><img loading=\"lazy\" decoding=\"async\" class=\"size-large wp-image-137257\" src=\"https:\/\/graziamagazine.com\/mx\/wp-content\/uploads\/sites\/13\/2024\/05\/Captura-de-Pantalla-2024-05-20-a-las-12.58.57-661x1024.png\" alt=\"Los mejores looks de la alfombra roja Cannes 2024\" width=\"661\" height=\"1024\" srcset=\"https:\/\/graziamagazine.com\/mx\/wp-content\/uploads\/sites\/13\/2024\/05\/Captura-de-Pantalla-2024-05-20-a-las-12.58.57-661x1024.png 661w, https:\/\/graziamagazine.com\/mx\/wp-content\/uploads\/sites\/13\/2024\/05\/Captura-de-Pantalla-2024-05-20-a-las-12.58.57-290x450.png 290w, https:\/\/graziamagazine.com\/mx\/wp-content\/uploads\/sites\/13\/2024\/05\/Captura-de-Pantalla-2024-05-20-a-las-12.58.57-400x620.png 400w, https:\/\/graziamagazine.com\/mx\/wp-content\/uploads\/sites\/13\/2024\/05\/Captura-de-Pantalla-2024-05-20-a-las-12.58.57-139x215.png 139w, https:\/\/graziamagazine.com\/mx\/wp-content\/uploads\/sites\/13\/2024\/05\/Captura-de-Pantalla-2024-05-20-a-las-12.58.57.png 662w\" sizes=\"(max-width: 661px) 100vw, 661px\" \/><figcaption id=\"caption-attachment-137257\" class=\"wp-caption-text\">Los mejores looks de la alfombra roja Cannes 2024<\/figcaption><\/figure>\n<p>La siempre elegante Eva Green llev\u00f3 un conjunto negro de vestido y blazer, una combinaci\u00f3n que resaltaba su estilo sofisticado y misterioso.<\/p>\n<h3>Greta Gerwig<\/h3>\n<figure id=\"attachment_137258\" aria-describedby=\"caption-attachment-137258\" style=\"width: 617px\" class=\"wp-caption alignnone\"><img loading=\"lazy\" decoding=\"async\" class=\"size-large wp-image-137258\" src=\"https:\/\/graziamagazine.com\/mx\/wp-content\/uploads\/sites\/13\/2024\/05\/Captura-de-Pantalla-2024-05-20-a-las-12.59.03-617x1024.png\" alt=\"Los mejores looks de la alfombra roja Cannes 2024\" width=\"617\" height=\"1024\" srcset=\"https:\/\/graziamagazine.com\/mx\/wp-content\/uploads\/sites\/13\/2024\/05\/Captura-de-Pantalla-2024-05-20-a-las-12.59.03-617x1024.png 617w, https:\/\/graziamagazine.com\/mx\/wp-content\/uploads\/sites\/13\/2024\/05\/Captura-de-Pantalla-2024-05-20-a-las-12.59.03-271x450.png 271w, https:\/\/graziamagazine.com\/mx\/wp-content\/uploads\/sites\/13\/2024\/05\/Captura-de-Pantalla-2024-05-20-a-las-12.59.03-400x663.png 400w, https:\/\/graziamagazine.com\/mx\/wp-content\/uploads\/sites\/13\/2024\/05\/Captura-de-Pantalla-2024-05-20-a-las-12.59.03-130x215.png 130w, https:\/\/graziamagazine.com\/mx\/wp-content\/uploads\/sites\/13\/2024\/05\/Captura-de-Pantalla-2024-05-20-a-las-12.59.03.png 662w\" sizes=\"(max-width: 617px) 100vw, 617px\" \/><figcaption id=\"caption-attachment-137258\" class=\"wp-caption-text\">Los mejores looks de la alfombra roja Cannes 2024<\/figcaption><\/figure>\n<p>La directora Greta Gerwig eligi\u00f3 una creaci\u00f3n rom\u00e1ntica rematada por plumas en la falda, que aportaba un toque de fantas\u00eda a su look.<\/p>\n<h3>Lily Gladstone<\/h3>\n<figure id=\"attachment_137259\" aria-describedby=\"caption-attachment-137259\" style=\"width: 582px\" class=\"wp-caption alignnone\"><img loading=\"lazy\" decoding=\"async\" class=\"size-large wp-image-137259\" src=\"https:\/\/graziamagazine.com\/mx\/wp-content\/uploads\/sites\/13\/2024\/05\/Captura-de-Pantalla-2024-05-20-a-las-12.59.07-582x1024.png\" alt=\"Los mejores looks de la alfombra roja Cannes 2024\" width=\"582\" height=\"1024\" srcset=\"https:\/\/graziamagazine.com\/mx\/wp-content\/uploads\/sites\/13\/2024\/05\/Captura-de-Pantalla-2024-05-20-a-las-12.59.07-582x1024.png 582w, https:\/\/graziamagazine.com\/mx\/wp-content\/uploads\/sites\/13\/2024\/05\/Captura-de-Pantalla-2024-05-20-a-las-12.59.07-256x450.png 256w, https:\/\/graziamagazine.com\/mx\/wp-content\/uploads\/sites\/13\/2024\/05\/Captura-de-Pantalla-2024-05-20-a-las-12.59.07-400x703.png 400w, https:\/\/graziamagazine.com\/mx\/wp-content\/uploads\/sites\/13\/2024\/05\/Captura-de-Pantalla-2024-05-20-a-las-12.59.07-122x215.png 122w, https:\/\/graziamagazine.com\/mx\/wp-content\/uploads\/sites\/13\/2024\/05\/Captura-de-Pantalla-2024-05-20-a-las-12.59.07.png 620w\" sizes=\"(max-width: 582px) 100vw, 582px\" \/><figcaption id=\"caption-attachment-137259\" class=\"wp-caption-text\">Los mejores looks de la alfombra roja Cannes 2024<\/figcaption><\/figure>\n<p>Lily Gladstone opt\u00f3 por un traje sastre estampado, demostrando que la elegancia tambi\u00e9n puede ser audaz y colorida.<\/p>\n<h3>Michelle Yeoh<\/h3>\n<figure id=\"attachment_137260\" aria-describedby=\"caption-attachment-137260\" style=\"width: 587px\" class=\"wp-caption alignnone\"><img loading=\"lazy\" decoding=\"async\" class=\"size-large wp-image-137260\" src=\"https:\/\/graziamagazine.com\/mx\/wp-content\/uploads\/sites\/13\/2024\/05\/Captura-de-Pantalla-2024-05-20-a-las-12.59.11-587x1024.png\" alt=\"Los mejores looks de la alfombra roja Cannes 2024\" width=\"587\" height=\"1024\" srcset=\"https:\/\/graziamagazine.com\/mx\/wp-content\/uploads\/sites\/13\/2024\/05\/Captura-de-Pantalla-2024-05-20-a-las-12.59.11-587x1024.png 587w, https:\/\/graziamagazine.com\/mx\/wp-content\/uploads\/sites\/13\/2024\/05\/Captura-de-Pantalla-2024-05-20-a-las-12.59.11-258x450.png 258w, https:\/\/graziamagazine.com\/mx\/wp-content\/uploads\/sites\/13\/2024\/05\/Captura-de-Pantalla-2024-05-20-a-las-12.59.11-400x698.png 400w, https:\/\/graziamagazine.com\/mx\/wp-content\/uploads\/sites\/13\/2024\/05\/Captura-de-Pantalla-2024-05-20-a-las-12.59.11-123x215.png 123w, https:\/\/graziamagazine.com\/mx\/wp-content\/uploads\/sites\/13\/2024\/05\/Captura-de-Pantalla-2024-05-20-a-las-12.59.11.png 626w\" sizes=\"(max-width: 587px) 100vw, 587px\" \/><figcaption id=\"caption-attachment-137260\" class=\"wp-caption-text\">Los mejores looks de la alfombra roja Cannes 2024<\/figcaption><\/figure>\n<p>La ganadora del Oscar Michelle Yeoh deslumbr\u00f3 con un incre\u00edble vestido de Bottega Veneta, que combinaba sofisticaci\u00f3n y modernidad.<\/p>\n<h3>Diane Kruger<\/h3>\n<figure id=\"attachment_137261\" aria-describedby=\"caption-attachment-137261\" style=\"width: 605px\" class=\"wp-caption alignnone\"><img loading=\"lazy\" decoding=\"async\" class=\"size-large wp-image-137261\" src=\"https:\/\/graziamagazine.com\/mx\/wp-content\/uploads\/sites\/13\/2024\/05\/Captura-de-Pantalla-2024-05-20-a-las-12.59.16-605x1024.png\" alt=\"Los mejores looks de la alfombra roja Cannes 2024\" width=\"605\" height=\"1024\" srcset=\"https:\/\/graziamagazine.com\/mx\/wp-content\/uploads\/sites\/13\/2024\/05\/Captura-de-Pantalla-2024-05-20-a-las-12.59.16-605x1024.png 605w, https:\/\/graziamagazine.com\/mx\/wp-content\/uploads\/sites\/13\/2024\/05\/Captura-de-Pantalla-2024-05-20-a-las-12.59.16-266x450.png 266w, https:\/\/graziamagazine.com\/mx\/wp-content\/uploads\/sites\/13\/2024\/05\/Captura-de-Pantalla-2024-05-20-a-las-12.59.16-400x677.png 400w, https:\/\/graziamagazine.com\/mx\/wp-content\/uploads\/sites\/13\/2024\/05\/Captura-de-Pantalla-2024-05-20-a-las-12.59.16-127x215.png 127w, https:\/\/graziamagazine.com\/mx\/wp-content\/uploads\/sites\/13\/2024\/05\/Captura-de-Pantalla-2024-05-20-a-las-12.59.16.png 652w\" sizes=\"(max-width: 605px) 100vw, 605px\" \/><figcaption id=\"caption-attachment-137261\" class=\"wp-caption-text\">Los mejores looks de la alfombra roja Cannes 2024<\/figcaption><\/figure>\n<p>La actriz alemana Diane Kruger opt\u00f3 por un conjunto en tono azul de Balenciaga, una elecci\u00f3n que realzaba su figura y estilo \u00fanico.<\/p>\n<h3>Zoe Saldana<\/h3>\n<figure id=\"attachment_137262\" aria-describedby=\"caption-attachment-137262\" style=\"width: 648px\" class=\"wp-caption alignnone\"><img loading=\"lazy\" decoding=\"async\" class=\"size-large wp-image-137262\" src=\"https:\/\/graziamagazine.com\/mx\/wp-content\/uploads\/sites\/13\/2024\/05\/Captura-de-Pantalla-2024-05-20-a-las-12.59.20-648x1024.png\" alt=\"Los mejores looks de la alfombra roja Cannes 2024\" width=\"648\" height=\"1024\" srcset=\"https:\/\/graziamagazine.com\/mx\/wp-content\/uploads\/sites\/13\/2024\/05\/Captura-de-Pantalla-2024-05-20-a-las-12.59.20-648x1024.png 648w, https:\/\/graziamagazine.com\/mx\/wp-content\/uploads\/sites\/13\/2024\/05\/Captura-de-Pantalla-2024-05-20-a-las-12.59.20-285x450.png 285w, https:\/\/graziamagazine.com\/mx\/wp-content\/uploads\/sites\/13\/2024\/05\/Captura-de-Pantalla-2024-05-20-a-las-12.59.20-400x632.png 400w, https:\/\/graziamagazine.com\/mx\/wp-content\/uploads\/sites\/13\/2024\/05\/Captura-de-Pantalla-2024-05-20-a-las-12.59.20-136x215.png 136w, https:\/\/graziamagazine.com\/mx\/wp-content\/uploads\/sites\/13\/2024\/05\/Captura-de-Pantalla-2024-05-20-a-las-12.59.20.png 700w\" sizes=\"(max-width: 648px) 100vw, 648px\" \/><figcaption id=\"caption-attachment-137262\" class=\"wp-caption-text\">Los mejores looks de la alfombra roja Cannes 2024<\/figcaption><\/figure>\n<p>Zoe Saldana eligi\u00f3 un vestido negro con mangas y cut-out, una combinaci\u00f3n perfecta de elegancia y modernidad.<\/p>\n<h3>Uma Thurman<\/h3>\n<figure id=\"attachment_137263\" aria-describedby=\"caption-attachment-137263\" style=\"width: 622px\" class=\"wp-caption alignnone\"><img loading=\"lazy\" decoding=\"async\" class=\"size-large wp-image-137263\" src=\"https:\/\/graziamagazine.com\/mx\/wp-content\/uploads\/sites\/13\/2024\/05\/Captura-de-Pantalla-2024-05-20-a-las-12.59.25-622x1024.png\" alt=\"Los mejores looks de la alfombra roja Cannes 2024\" width=\"622\" height=\"1024\" srcset=\"https:\/\/graziamagazine.com\/mx\/wp-content\/uploads\/sites\/13\/2024\/05\/Captura-de-Pantalla-2024-05-20-a-las-12.59.25-622x1024.png 622w, https:\/\/graziamagazine.com\/mx\/wp-content\/uploads\/sites\/13\/2024\/05\/Captura-de-Pantalla-2024-05-20-a-las-12.59.25-273x450.png 273w, https:\/\/graziamagazine.com\/mx\/wp-content\/uploads\/sites\/13\/2024\/05\/Captura-de-Pantalla-2024-05-20-a-las-12.59.25-400x659.png 400w, https:\/\/graziamagazine.com\/mx\/wp-content\/uploads\/sites\/13\/2024\/05\/Captura-de-Pantalla-2024-05-20-a-las-12.59.25-130x215.png 130w, https:\/\/graziamagazine.com\/mx\/wp-content\/uploads\/sites\/13\/2024\/05\/Captura-de-Pantalla-2024-05-20-a-las-12.59.25.png 664w\" sizes=\"(max-width: 622px) 100vw, 622px\" \/><figcaption id=\"caption-attachment-137263\" class=\"wp-caption-text\">Los mejores looks de la alfombra roja Cannes 2024<\/figcaption><\/figure>\n<p>Uma Thurman impresion\u00f3 con un vestido verde y una falda de efecto plisado, un look que realzaba su elegancia natural.<\/p>\n<h3>Isabelle Huppert<\/h3>\n<figure id=\"attachment_137264\" aria-describedby=\"caption-attachment-137264\" style=\"width: 653px\" class=\"wp-caption alignnone\"><img loading=\"lazy\" decoding=\"async\" class=\"size-large wp-image-137264\" src=\"https:\/\/graziamagazine.com\/mx\/wp-content\/uploads\/sites\/13\/2024\/05\/Captura-de-Pantalla-2024-05-20-a-las-12.59.30-653x1024.png\" alt=\"Los mejores looks de la alfombra roja Cannes 2024\" width=\"653\" height=\"1024\" srcset=\"https:\/\/graziamagazine.com\/mx\/wp-content\/uploads\/sites\/13\/2024\/05\/Captura-de-Pantalla-2024-05-20-a-las-12.59.30-653x1024.png 653w, https:\/\/graziamagazine.com\/mx\/wp-content\/uploads\/sites\/13\/2024\/05\/Captura-de-Pantalla-2024-05-20-a-las-12.59.30-287x450.png 287w, https:\/\/graziamagazine.com\/mx\/wp-content\/uploads\/sites\/13\/2024\/05\/Captura-de-Pantalla-2024-05-20-a-las-12.59.30-400x627.png 400w, https:\/\/graziamagazine.com\/mx\/wp-content\/uploads\/sites\/13\/2024\/05\/Captura-de-Pantalla-2024-05-20-a-las-12.59.30-137x215.png 137w, https:\/\/graziamagazine.com\/mx\/wp-content\/uploads\/sites\/13\/2024\/05\/Captura-de-Pantalla-2024-05-20-a-las-12.59.30.png 714w\" sizes=\"(max-width: 653px) 100vw, 653px\" \/><figcaption id=\"caption-attachment-137264\" class=\"wp-caption-text\">Los mejores looks de la alfombra roja Cannes 2024<\/figcaption><\/figure>\n<p>La actriz Isabelle Huppert opt\u00f3 por un vestido negro con mangas largas, demostrando que el negro nunca pasa de moda.<\/p>\n<h3>Salma Hayek<\/h3>\n<figure id=\"attachment_137265\" aria-describedby=\"caption-attachment-137265\" style=\"width: 690px\" class=\"wp-caption alignnone\"><img loading=\"lazy\" decoding=\"async\" class=\"size-large wp-image-137265\" src=\"https:\/\/graziamagazine.com\/mx\/wp-content\/uploads\/sites\/13\/2024\/05\/Captura-de-Pantalla-2024-05-20-a-las-12.59.34-690x1024.png\" alt=\"Los mejores looks de la alfombra roja Cannes 2024\" width=\"690\" height=\"1024\" srcset=\"https:\/\/graziamagazine.com\/mx\/wp-content\/uploads\/sites\/13\/2024\/05\/Captura-de-Pantalla-2024-05-20-a-las-12.59.34-690x1024.png 690w, https:\/\/graziamagazine.com\/mx\/wp-content\/uploads\/sites\/13\/2024\/05\/Captura-de-Pantalla-2024-05-20-a-las-12.59.34-303x450.png 303w, https:\/\/graziamagazine.com\/mx\/wp-content\/uploads\/sites\/13\/2024\/05\/Captura-de-Pantalla-2024-05-20-a-las-12.59.34-400x593.png 400w, https:\/\/graziamagazine.com\/mx\/wp-content\/uploads\/sites\/13\/2024\/05\/Captura-de-Pantalla-2024-05-20-a-las-12.59.34-145x215.png 145w, https:\/\/graziamagazine.com\/mx\/wp-content\/uploads\/sites\/13\/2024\/05\/Captura-de-Pantalla-2024-05-20-a-las-12.59.34.png 732w\" sizes=\"(max-width: 690px) 100vw, 690px\" \/><figcaption id=\"caption-attachment-137265\" class=\"wp-caption-text\">Los mejores looks de la alfombra roja Cannes 2024<\/figcaption><\/figure>\n<p>La actriz mexicana Salma Hayek deslumbr\u00f3 con un vestido lila y una capa transparente, una combinaci\u00f3n que resaltaba su belleza y estilo.<\/p>\n<h3>Julianne Moore<\/h3>\n<figure id=\"attachment_137266\" aria-describedby=\"caption-attachment-137266\" style=\"width: 654px\" class=\"wp-caption alignnone\"><img loading=\"lazy\" decoding=\"async\" class=\"size-large wp-image-137266\" src=\"https:\/\/graziamagazine.com\/mx\/wp-content\/uploads\/sites\/13\/2024\/05\/Captura-de-Pantalla-2024-05-20-a-las-12.59.39-654x1024.png\" alt=\"Los mejores looks de la alfombra roja Cannes 2024\" width=\"654\" height=\"1024\" srcset=\"https:\/\/graziamagazine.com\/mx\/wp-content\/uploads\/sites\/13\/2024\/05\/Captura-de-Pantalla-2024-05-20-a-las-12.59.39-654x1024.png 654w, https:\/\/graziamagazine.com\/mx\/wp-content\/uploads\/sites\/13\/2024\/05\/Captura-de-Pantalla-2024-05-20-a-las-12.59.39-287x450.png 287w, https:\/\/graziamagazine.com\/mx\/wp-content\/uploads\/sites\/13\/2024\/05\/Captura-de-Pantalla-2024-05-20-a-las-12.59.39-400x627.png 400w, https:\/\/graziamagazine.com\/mx\/wp-content\/uploads\/sites\/13\/2024\/05\/Captura-de-Pantalla-2024-05-20-a-las-12.59.39-137x215.png 137w, https:\/\/graziamagazine.com\/mx\/wp-content\/uploads\/sites\/13\/2024\/05\/Captura-de-Pantalla-2024-05-20-a-las-12.59.39.png 724w\" sizes=\"(max-width: 654px) 100vw, 654px\" \/><figcaption id=\"caption-attachment-137266\" class=\"wp-caption-text\">Los mejores looks de la alfombra roja Cannes 2024<\/figcaption><\/figure>\n<p>Julianne Moore regres\u00f3 a la alfombra roja con un elegante vestido negro acompa\u00f1ado de un blazer, un look que exudaba sofisticaci\u00f3n y confianza.<\/p>\n<h3>Carla Bruni<\/h3>\n<figure id=\"attachment_137267\" aria-describedby=\"caption-attachment-137267\" style=\"width: 650px\" class=\"wp-caption alignnone\"><img loading=\"lazy\" decoding=\"async\" class=\"size-large wp-image-137267\" src=\"https:\/\/graziamagazine.com\/mx\/wp-content\/uploads\/sites\/13\/2024\/05\/Captura-de-Pantalla-2024-05-20-a-las-12.59.45-650x1024.png\" alt=\"Los mejores looks de la alfombra roja Cannes 2024\" width=\"650\" height=\"1024\" srcset=\"https:\/\/graziamagazine.com\/mx\/wp-content\/uploads\/sites\/13\/2024\/05\/Captura-de-Pantalla-2024-05-20-a-las-12.59.45-650x1024.png 650w, https:\/\/graziamagazine.com\/mx\/wp-content\/uploads\/sites\/13\/2024\/05\/Captura-de-Pantalla-2024-05-20-a-las-12.59.45-286x450.png 286w, https:\/\/graziamagazine.com\/mx\/wp-content\/uploads\/sites\/13\/2024\/05\/Captura-de-Pantalla-2024-05-20-a-las-12.59.45-400x630.png 400w, https:\/\/graziamagazine.com\/mx\/wp-content\/uploads\/sites\/13\/2024\/05\/Captura-de-Pantalla-2024-05-20-a-las-12.59.45-136x215.png 136w, https:\/\/graziamagazine.com\/mx\/wp-content\/uploads\/sites\/13\/2024\/05\/Captura-de-Pantalla-2024-05-20-a-las-12.59.45.png 716w\" sizes=\"(max-width: 650px) 100vw, 650px\" \/><figcaption id=\"caption-attachment-137267\" class=\"wp-caption-text\">Los mejores looks de la alfombra roja Cannes 2024<\/figcaption><\/figure>\n<p>La ex primera dama de Francia, Carla Bruni, opt\u00f3 por un sensual vestido negro con aberturas, mostrando su inigualable sentido del estilo.<\/p>\n<h3>Rosie Huntington-Whiteley<\/h3>\n<figure id=\"attachment_137268\" aria-describedby=\"caption-attachment-137268\" style=\"width: 656px\" class=\"wp-caption alignnone\"><img loading=\"lazy\" decoding=\"async\" class=\"size-large wp-image-137268\" src=\"https:\/\/graziamagazine.com\/mx\/wp-content\/uploads\/sites\/13\/2024\/05\/Captura-de-Pantalla-2024-05-20-a-las-12.59.50-656x1024.png\" alt=\"Los mejores looks de la alfombra roja Cannes 2024\" width=\"656\" height=\"1024\" srcset=\"https:\/\/graziamagazine.com\/mx\/wp-content\/uploads\/sites\/13\/2024\/05\/Captura-de-Pantalla-2024-05-20-a-las-12.59.50-656x1024.png 656w, https:\/\/graziamagazine.com\/mx\/wp-content\/uploads\/sites\/13\/2024\/05\/Captura-de-Pantalla-2024-05-20-a-las-12.59.50-288x450.png 288w, https:\/\/graziamagazine.com\/mx\/wp-content\/uploads\/sites\/13\/2024\/05\/Captura-de-Pantalla-2024-05-20-a-las-12.59.50-400x624.png 400w, https:\/\/graziamagazine.com\/mx\/wp-content\/uploads\/sites\/13\/2024\/05\/Captura-de-Pantalla-2024-05-20-a-las-12.59.50-138x215.png 138w, https:\/\/graziamagazine.com\/mx\/wp-content\/uploads\/sites\/13\/2024\/05\/Captura-de-Pantalla-2024-05-20-a-las-12.59.50.png 728w\" sizes=\"(max-width: 656px) 100vw, 656px\" \/><figcaption id=\"caption-attachment-137268\" class=\"wp-caption-text\">Los mejores looks de la alfombra roja Cannes 2024<\/figcaption><\/figure>\n<p>Rosie Huntington-Whiteley luci\u00f3 un dise\u00f1o de Victoria Beckham, combinando elegancia y modernidad en un solo vestido.<\/p>\n<h3>Alessandra Ambrosio<\/h3>\n<figure id=\"attachment_137269\" aria-describedby=\"caption-attachment-137269\" style=\"width: 690px\" class=\"wp-caption alignnone\"><img loading=\"lazy\" decoding=\"async\" class=\"size-full wp-image-137269\" src=\"https:\/\/graziamagazine.com\/mx\/wp-content\/uploads\/sites\/13\/2024\/05\/Captura-de-Pantalla-2024-05-20-a-las-12.59.55.png\" alt=\"Los mejores looks de la alfombra roja Cannes 2024\" width=\"690\" height=\"1022\" srcset=\"https:\/\/graziamagazine.com\/mx\/wp-content\/uploads\/sites\/13\/2024\/05\/Captura-de-Pantalla-2024-05-20-a-las-12.59.55.png 690w, https:\/\/graziamagazine.com\/mx\/wp-content\/uploads\/sites\/13\/2024\/05\/Captura-de-Pantalla-2024-05-20-a-las-12.59.55-304x450.png 304w, https:\/\/graziamagazine.com\/mx\/wp-content\/uploads\/sites\/13\/2024\/05\/Captura-de-Pantalla-2024-05-20-a-las-12.59.55-400x592.png 400w, https:\/\/graziamagazine.com\/mx\/wp-content\/uploads\/sites\/13\/2024\/05\/Captura-de-Pantalla-2024-05-20-a-las-12.59.55-145x215.png 145w\" sizes=\"(max-width: 690px) 100vw, 690px\" \/><figcaption id=\"caption-attachment-137269\" class=\"wp-caption-text\">Los mejores looks de la alfombra roja Cannes 2024<\/figcaption><\/figure>\n<p>La modelo Alessandra Ambrosio deslumbr\u00f3 con un vestido ce\u00f1ido adornado con cientos de brillos metalizados, cerrando la lista con un look verdaderamente deslumbrante.<\/p>\n<h3><strong>Selena Gomez<\/strong><\/h3>\n<figure id=\"attachment_137220\" aria-describedby=\"caption-attachment-137220\" style=\"width: 662px\" class=\"wp-caption alignnone\"><img loading=\"lazy\" decoding=\"async\" class=\"size-large wp-image-137220\" src=\"https:\/\/graziamagazine.com\/mx\/wp-content\/uploads\/sites\/13\/2024\/05\/Captura-de-Pantalla-2024-05-19-a-las-22.24.47-662x1024.png\" alt=\"Los mejores looks de la alfombra roja Cannes 2024\" width=\"662\" height=\"1024\" srcset=\"https:\/\/graziamagazine.com\/mx\/wp-content\/uploads\/sites\/13\/2024\/05\/Captura-de-Pantalla-2024-05-19-a-las-22.24.47-662x1024.png 662w, https:\/\/graziamagazine.com\/mx\/wp-content\/uploads\/sites\/13\/2024\/05\/Captura-de-Pantalla-2024-05-19-a-las-22.24.47-291x450.png 291w, https:\/\/graziamagazine.com\/mx\/wp-content\/uploads\/sites\/13\/2024\/05\/Captura-de-Pantalla-2024-05-19-a-las-22.24.47-400x619.png 400w, https:\/\/graziamagazine.com\/mx\/wp-content\/uploads\/sites\/13\/2024\/05\/Captura-de-Pantalla-2024-05-19-a-las-22.24.47-139x215.png 139w, https:\/\/graziamagazine.com\/mx\/wp-content\/uploads\/sites\/13\/2024\/05\/Captura-de-Pantalla-2024-05-19-a-las-22.24.47.png 734w\" sizes=\"(max-width: 662px) 100vw, 662px\" \/><figcaption id=\"caption-attachment-137220\" class=\"wp-caption-text\">Los mejores looks de la alfombra roja Cannes 2024<\/figcaption><\/figure>\n<p>Selena deslumbr\u00f3 con un vestido vibrante y rom\u00e1ntico de Giambattista Valli.<\/p>\n<h3><strong>Zoe Salda\u00f1a<\/strong><\/h3>\n<figure id=\"attachment_137221\" aria-describedby=\"caption-attachment-137221\" style=\"width: 675px\" class=\"wp-caption alignnone\"><img loading=\"lazy\" decoding=\"async\" class=\"size-large wp-image-137221\" src=\"https:\/\/graziamagazine.com\/mx\/wp-content\/uploads\/sites\/13\/2024\/05\/Captura-de-Pantalla-2024-05-19-a-las-22.24.53-675x1024.png\" alt=\"Los mejores looks de la alfombra roja Cannes 2024\" width=\"675\" height=\"1024\" srcset=\"https:\/\/graziamagazine.com\/mx\/wp-content\/uploads\/sites\/13\/2024\/05\/Captura-de-Pantalla-2024-05-19-a-las-22.24.53-675x1024.png 675w, https:\/\/graziamagazine.com\/mx\/wp-content\/uploads\/sites\/13\/2024\/05\/Captura-de-Pantalla-2024-05-19-a-las-22.24.53-297x450.png 297w, https:\/\/graziamagazine.com\/mx\/wp-content\/uploads\/sites\/13\/2024\/05\/Captura-de-Pantalla-2024-05-19-a-las-22.24.53-400x607.png 400w, https:\/\/graziamagazine.com\/mx\/wp-content\/uploads\/sites\/13\/2024\/05\/Captura-de-Pantalla-2024-05-19-a-las-22.24.53-142x215.png 142w, https:\/\/graziamagazine.com\/mx\/wp-content\/uploads\/sites\/13\/2024\/05\/Captura-de-Pantalla-2024-05-19-a-las-22.24.53.png 754w\" sizes=\"(max-width: 675px) 100vw, 675px\" \/><figcaption id=\"caption-attachment-137221\" class=\"wp-caption-text\">Los mejores looks de la alfombra roja Cannes 2024<\/figcaption><\/figure>\n<p>Espectacular vestido negro con lazos rosas. Zoe combin\u00f3 la elegancia del negro con el toque l\u00fadico de los lazos rosas, logrando un look sofisticado y fresco de Saint Laurent<\/p>\n<h3><strong>Selena Gomez<\/strong><\/h3>\n<figure id=\"attachment_137222\" aria-describedby=\"caption-attachment-137222\" style=\"width: 660px\" class=\"wp-caption alignnone\"><img loading=\"lazy\" decoding=\"async\" class=\"size-large wp-image-137222\" src=\"https:\/\/graziamagazine.com\/mx\/wp-content\/uploads\/sites\/13\/2024\/05\/Captura-de-Pantalla-2024-05-19-a-las-22.24.59-660x1024.png\" alt=\"Los mejores looks de la alfombra roja Cannes 2024\" width=\"660\" height=\"1024\" srcset=\"https:\/\/graziamagazine.com\/mx\/wp-content\/uploads\/sites\/13\/2024\/05\/Captura-de-Pantalla-2024-05-19-a-las-22.24.59-660x1024.png 660w, https:\/\/graziamagazine.com\/mx\/wp-content\/uploads\/sites\/13\/2024\/05\/Captura-de-Pantalla-2024-05-19-a-las-22.24.59-290x450.png 290w, https:\/\/graziamagazine.com\/mx\/wp-content\/uploads\/sites\/13\/2024\/05\/Captura-de-Pantalla-2024-05-19-a-las-22.24.59-400x621.png 400w, https:\/\/graziamagazine.com\/mx\/wp-content\/uploads\/sites\/13\/2024\/05\/Captura-de-Pantalla-2024-05-19-a-las-22.24.59-138x215.png 138w, https:\/\/graziamagazine.com\/mx\/wp-content\/uploads\/sites\/13\/2024\/05\/Captura-de-Pantalla-2024-05-19-a-las-22.24.59.png 742w\" sizes=\"(max-width: 660px) 100vw, 660px\" \/><figcaption id=\"caption-attachment-137222\" class=\"wp-caption-text\">Los mejores looks de la alfombra roja Cannes 2024<\/figcaption><\/figure>\n<p><strong>\u00a0<\/strong>Con joyas de Bulgari, Selena mostr\u00f3 una elegancia atemporal con este conjunto cl\u00e1sico y moderno a la vez de Saint Laurent.<\/p>\n<h3><strong>Sienna Miller<\/strong><\/h3>\n<figure id=\"attachment_137223\" aria-describedby=\"caption-attachment-137223\" style=\"width: 740px\" class=\"wp-caption alignnone\"><img loading=\"lazy\" decoding=\"async\" class=\"size-full wp-image-137223\" src=\"https:\/\/graziamagazine.com\/mx\/wp-content\/uploads\/sites\/13\/2024\/05\/Captura-de-Pantalla-2024-05-19-a-las-22.25.04.png\" alt=\"Los mejores looks de la alfombra roja Cannes 2024\" width=\"740\" height=\"1016\" srcset=\"https:\/\/graziamagazine.com\/mx\/wp-content\/uploads\/sites\/13\/2024\/05\/Captura-de-Pantalla-2024-05-19-a-las-22.25.04.png 740w, https:\/\/graziamagazine.com\/mx\/wp-content\/uploads\/sites\/13\/2024\/05\/Captura-de-Pantalla-2024-05-19-a-las-22.25.04-328x450.png 328w, https:\/\/graziamagazine.com\/mx\/wp-content\/uploads\/sites\/13\/2024\/05\/Captura-de-Pantalla-2024-05-19-a-las-22.25.04-400x549.png 400w, https:\/\/graziamagazine.com\/mx\/wp-content\/uploads\/sites\/13\/2024\/05\/Captura-de-Pantalla-2024-05-19-a-las-22.25.04-155x213.png 155w\" sizes=\"(max-width: 740px) 100vw, 740px\" \/><figcaption id=\"caption-attachment-137223\" class=\"wp-caption-text\">Los mejores looks de la alfombra roja Cannes 2024<\/figcaption><\/figure>\n<p>Un look inigualable. Sienna hizo una declaraci\u00f3n de estilo con un conjunto audaz y vanguardista de Schiaparelli.<\/p>\n<h3><strong>Zoe Salda\u00f1a<\/strong><\/h3>\n<figure id=\"attachment_137224\" aria-describedby=\"caption-attachment-137224\" style=\"width: 676px\" class=\"wp-caption alignnone\"><img loading=\"lazy\" decoding=\"async\" class=\"size-large wp-image-137224\" src=\"https:\/\/graziamagazine.com\/mx\/wp-content\/uploads\/sites\/13\/2024\/05\/Captura-de-Pantalla-2024-05-19-a-las-22.25.11-676x1024.png\" alt=\"Los mejores looks de la alfombra roja Cannes 2024\" width=\"676\" height=\"1024\" srcset=\"https:\/\/graziamagazine.com\/mx\/wp-content\/uploads\/sites\/13\/2024\/05\/Captura-de-Pantalla-2024-05-19-a-las-22.25.11-676x1024.png 676w, https:\/\/graziamagazine.com\/mx\/wp-content\/uploads\/sites\/13\/2024\/05\/Captura-de-Pantalla-2024-05-19-a-las-22.25.11-297x450.png 297w, https:\/\/graziamagazine.com\/mx\/wp-content\/uploads\/sites\/13\/2024\/05\/Captura-de-Pantalla-2024-05-19-a-las-22.25.11-400x606.png 400w, https:\/\/graziamagazine.com\/mx\/wp-content\/uploads\/sites\/13\/2024\/05\/Captura-de-Pantalla-2024-05-19-a-las-22.25.11-142x215.png 142w, https:\/\/graziamagazine.com\/mx\/wp-content\/uploads\/sites\/13\/2024\/05\/Captura-de-Pantalla-2024-05-19-a-las-22.25.11.png 750w\" sizes=\"(max-width: 676px) 100vw, 676px\" \/><figcaption id=\"caption-attachment-137224\" class=\"wp-caption-text\">Los mejores looks de la alfombra roja Cannes 2024<\/figcaption><\/figure>\n<p>Zoe impresion\u00f3 con un traje impecable, demostrando que la moda masculina puede ser extremadamente chic de Saint Laurent.<\/p>\n<h3><strong>Margaret Qualley<\/strong><\/h3>\n<figure id=\"attachment_137225\" aria-describedby=\"caption-attachment-137225\" style=\"width: 666px\" class=\"wp-caption alignnone\"><img loading=\"lazy\" decoding=\"async\" class=\"size-large wp-image-137225\" src=\"https:\/\/graziamagazine.com\/mx\/wp-content\/uploads\/sites\/13\/2024\/05\/Captura-de-Pantalla-2024-05-19-a-las-22.25.16-666x1024.png\" alt=\"Los mejores looks de la alfombra roja Cannes 2024\" width=\"666\" height=\"1024\" srcset=\"https:\/\/graziamagazine.com\/mx\/wp-content\/uploads\/sites\/13\/2024\/05\/Captura-de-Pantalla-2024-05-19-a-las-22.25.16-666x1024.png 666w, https:\/\/graziamagazine.com\/mx\/wp-content\/uploads\/sites\/13\/2024\/05\/Captura-de-Pantalla-2024-05-19-a-las-22.25.16-293x450.png 293w, https:\/\/graziamagazine.com\/mx\/wp-content\/uploads\/sites\/13\/2024\/05\/Captura-de-Pantalla-2024-05-19-a-las-22.25.16-400x615.png 400w, https:\/\/graziamagazine.com\/mx\/wp-content\/uploads\/sites\/13\/2024\/05\/Captura-de-Pantalla-2024-05-19-a-las-22.25.16-140x215.png 140w, https:\/\/graziamagazine.com\/mx\/wp-content\/uploads\/sites\/13\/2024\/05\/Captura-de-Pantalla-2024-05-19-a-las-22.25.16.png 740w\" sizes=\"(max-width: 666px) 100vw, 666px\" \/><figcaption id=\"caption-attachment-137225\" class=\"wp-caption-text\">Los mejores looks de la alfombra roja Cannes 2024<\/figcaption><\/figure>\n<p>La actriz luci\u00f3 et\u00e9rea y sofisticada con este delicado dise\u00f1o de Chanel.<\/p>\n<h3><strong>Cate Blanchett<\/strong><\/h3>\n<figure id=\"attachment_137226\" aria-describedby=\"caption-attachment-137226\" style=\"width: 677px\" class=\"wp-caption alignnone\"><img loading=\"lazy\" decoding=\"async\" class=\"size-large wp-image-137226\" src=\"https:\/\/graziamagazine.com\/mx\/wp-content\/uploads\/sites\/13\/2024\/05\/Captura-de-Pantalla-2024-05-19-a-las-22.25.21-677x1024.png\" alt=\"Los mejores looks de la alfombra roja Cannes 2024\" width=\"677\" height=\"1024\" srcset=\"https:\/\/graziamagazine.com\/mx\/wp-content\/uploads\/sites\/13\/2024\/05\/Captura-de-Pantalla-2024-05-19-a-las-22.25.21-677x1024.png 677w, https:\/\/graziamagazine.com\/mx\/wp-content\/uploads\/sites\/13\/2024\/05\/Captura-de-Pantalla-2024-05-19-a-las-22.25.21-297x450.png 297w, https:\/\/graziamagazine.com\/mx\/wp-content\/uploads\/sites\/13\/2024\/05\/Captura-de-Pantalla-2024-05-19-a-las-22.25.21-400x605.png 400w, https:\/\/graziamagazine.com\/mx\/wp-content\/uploads\/sites\/13\/2024\/05\/Captura-de-Pantalla-2024-05-19-a-las-22.25.21-142x215.png 142w, https:\/\/graziamagazine.com\/mx\/wp-content\/uploads\/sites\/13\/2024\/05\/Captura-de-Pantalla-2024-05-19-a-las-22.25.21.png 744w\" sizes=\"(max-width: 677px) 100vw, 677px\" \/><figcaption id=\"caption-attachment-137226\" class=\"wp-caption-text\">Los mejores looks de la alfombra roja Cannes 2024<\/figcaption><\/figure>\n<p>Cate combin\u00f3 brillo y elegancia con una blusa llamativa y pantalones estructurados de Louis Vuitton.<\/p>\n<h3><strong>Demi Moore<\/strong><\/h3>\n<figure id=\"attachment_137227\" aria-describedby=\"caption-attachment-137227\" style=\"width: 646px\" class=\"wp-caption alignnone\"><img loading=\"lazy\" decoding=\"async\" class=\"size-large wp-image-137227\" src=\"https:\/\/graziamagazine.com\/mx\/wp-content\/uploads\/sites\/13\/2024\/05\/Captura-de-Pantalla-2024-05-19-a-las-22.25.28-646x1024.png\" alt=\"Los mejores looks de la alfombra roja Cannes 2024\" width=\"646\" height=\"1024\" srcset=\"https:\/\/graziamagazine.com\/mx\/wp-content\/uploads\/sites\/13\/2024\/05\/Captura-de-Pantalla-2024-05-19-a-las-22.25.28-646x1024.png 646w, https:\/\/graziamagazine.com\/mx\/wp-content\/uploads\/sites\/13\/2024\/05\/Captura-de-Pantalla-2024-05-19-a-las-22.25.28-284x450.png 284w, https:\/\/graziamagazine.com\/mx\/wp-content\/uploads\/sites\/13\/2024\/05\/Captura-de-Pantalla-2024-05-19-a-las-22.25.28-400x634.png 400w, https:\/\/graziamagazine.com\/mx\/wp-content\/uploads\/sites\/13\/2024\/05\/Captura-de-Pantalla-2024-05-19-a-las-22.25.28-136x215.png 136w, https:\/\/graziamagazine.com\/mx\/wp-content\/uploads\/sites\/13\/2024\/05\/Captura-de-Pantalla-2024-05-19-a-las-22.25.28.png 742w\" sizes=\"(max-width: 646px) 100vw, 646px\" \/><figcaption id=\"caption-attachment-137227\" class=\"wp-caption-text\">Los mejores looks de la alfombra roja Cannes 2024<\/figcaption><\/figure>\n<p>Demi personific\u00f3 la elegancia atemporal con un cl\u00e1sico vestido negro.<\/p>\n<h3><strong>Cate Blanchett<\/strong><\/h3>\n<figure id=\"attachment_137228\" aria-describedby=\"caption-attachment-137228\" style=\"width: 667px\" class=\"wp-caption alignnone\"><img loading=\"lazy\" decoding=\"async\" class=\"size-large wp-image-137228\" src=\"https:\/\/graziamagazine.com\/mx\/wp-content\/uploads\/sites\/13\/2024\/05\/Captura-de-Pantalla-2024-05-19-a-las-22.25.34-667x1024.png\" alt=\"Los mejores looks de la alfombra roja Cannes 2024\" width=\"667\" height=\"1024\" srcset=\"https:\/\/graziamagazine.com\/mx\/wp-content\/uploads\/sites\/13\/2024\/05\/Captura-de-Pantalla-2024-05-19-a-las-22.25.34-667x1024.png 667w, https:\/\/graziamagazine.com\/mx\/wp-content\/uploads\/sites\/13\/2024\/05\/Captura-de-Pantalla-2024-05-19-a-las-22.25.34-293x450.png 293w, https:\/\/graziamagazine.com\/mx\/wp-content\/uploads\/sites\/13\/2024\/05\/Captura-de-Pantalla-2024-05-19-a-las-22.25.34-400x614.png 400w, https:\/\/graziamagazine.com\/mx\/wp-content\/uploads\/sites\/13\/2024\/05\/Captura-de-Pantalla-2024-05-19-a-las-22.25.34-140x215.png 140w, https:\/\/graziamagazine.com\/mx\/wp-content\/uploads\/sites\/13\/2024\/05\/Captura-de-Pantalla-2024-05-19-a-las-22.25.34.png 740w\" sizes=\"(max-width: 667px) 100vw, 667px\" \/><figcaption id=\"caption-attachment-137228\" class=\"wp-caption-text\">Los mejores looks de la alfombra roja Cannes 2024<\/figcaption><\/figure>\n<p>Espectacular vestido dorado. Cate brill\u00f3 como un verdadero \u00edcono de estilo en este impresionante vestido dorado de Louis Vuitton<\/p>\n<h3><strong>Alexa Chung<\/strong><\/h3>\n<figure id=\"attachment_137229\" aria-describedby=\"caption-attachment-137229\" style=\"width: 754px\" class=\"wp-caption alignnone\"><img loading=\"lazy\" decoding=\"async\" class=\"size-full wp-image-137229\" src=\"https:\/\/graziamagazine.com\/mx\/wp-content\/uploads\/sites\/13\/2024\/05\/Captura-de-Pantalla-2024-05-19-a-las-22.25.41.png\" alt=\"Los mejores looks de la alfombra roja Cannes 2024\" width=\"754\" height=\"498\" srcset=\"https:\/\/graziamagazine.com\/mx\/wp-content\/uploads\/sites\/13\/2024\/05\/Captura-de-Pantalla-2024-05-19-a-las-22.25.41.png 754w, https:\/\/graziamagazine.com\/mx\/wp-content\/uploads\/sites\/13\/2024\/05\/Captura-de-Pantalla-2024-05-19-a-las-22.25.41-450x297.png 450w, https:\/\/graziamagazine.com\/mx\/wp-content\/uploads\/sites\/13\/2024\/05\/Captura-de-Pantalla-2024-05-19-a-las-22.25.41-400x264.png 400w, https:\/\/graziamagazine.com\/mx\/wp-content\/uploads\/sites\/13\/2024\/05\/Captura-de-Pantalla-2024-05-19-a-las-22.25.41-155x102.png 155w\" sizes=\"(max-width: 754px) 100vw, 754px\" \/><figcaption id=\"caption-attachment-137229\" class=\"wp-caption-text\">Los mejores looks de la alfombra roja Cannes 2024<\/figcaption><\/figure>\n<p>Alexa combin\u00f3 lo dram\u00e1tico con lo elegante en un vestido inolvidable de Simone Rocha x Jean Paul Gaultier Alta Costura<\/p>\n<h3><strong>Uma Thurman<\/strong><\/h3>\n<figure id=\"attachment_137230\" aria-describedby=\"caption-attachment-137230\" style=\"width: 750px\" class=\"wp-caption alignnone\"><img loading=\"lazy\" decoding=\"async\" class=\"size-full wp-image-137230\" src=\"https:\/\/graziamagazine.com\/mx\/wp-content\/uploads\/sites\/13\/2024\/05\/Captura-de-Pantalla-2024-05-19-a-las-22.25.47.png\" alt=\"Los mejores looks de la alfombra roja Cannes 2024\" width=\"750\" height=\"970\" srcset=\"https:\/\/graziamagazine.com\/mx\/wp-content\/uploads\/sites\/13\/2024\/05\/Captura-de-Pantalla-2024-05-19-a-las-22.25.47.png 750w, https:\/\/graziamagazine.com\/mx\/wp-content\/uploads\/sites\/13\/2024\/05\/Captura-de-Pantalla-2024-05-19-a-las-22.25.47-348x450.png 348w, https:\/\/graziamagazine.com\/mx\/wp-content\/uploads\/sites\/13\/2024\/05\/Captura-de-Pantalla-2024-05-19-a-las-22.25.47-400x517.png 400w, https:\/\/graziamagazine.com\/mx\/wp-content\/uploads\/sites\/13\/2024\/05\/Captura-de-Pantalla-2024-05-19-a-las-22.25.47-155x200.png 155w\" sizes=\"(max-width: 750px) 100vw, 750px\" \/><figcaption id=\"caption-attachment-137230\" class=\"wp-caption-text\">Los mejores looks de la alfombra roja Cannes 2024<\/figcaption><\/figure>\n<p>Uma demostr\u00f3 su sofisticaci\u00f3n con este innovador vestido-traje de Erdem.<\/p>\n<h3><strong>Hunter Schafer<\/strong><\/h3>\n<figure id=\"attachment_137231\" aria-describedby=\"caption-attachment-137231\" style=\"width: 693px\" class=\"wp-caption alignnone\"><img loading=\"lazy\" decoding=\"async\" class=\"size-large wp-image-137231\" src=\"https:\/\/graziamagazine.com\/mx\/wp-content\/uploads\/sites\/13\/2024\/05\/Captura-de-Pantalla-2024-05-19-a-las-22.25.52-693x1024.png\" alt=\"Los mejores looks de la alfombra roja Cannes 2024\" width=\"693\" height=\"1024\" srcset=\"https:\/\/graziamagazine.com\/mx\/wp-content\/uploads\/sites\/13\/2024\/05\/Captura-de-Pantalla-2024-05-19-a-las-22.25.52-693x1024.png 693w, https:\/\/graziamagazine.com\/mx\/wp-content\/uploads\/sites\/13\/2024\/05\/Captura-de-Pantalla-2024-05-19-a-las-22.25.52-305x450.png 305w, https:\/\/graziamagazine.com\/mx\/wp-content\/uploads\/sites\/13\/2024\/05\/Captura-de-Pantalla-2024-05-19-a-las-22.25.52-400x591.png 400w, https:\/\/graziamagazine.com\/mx\/wp-content\/uploads\/sites\/13\/2024\/05\/Captura-de-Pantalla-2024-05-19-a-las-22.25.52-146x215.png 146w, https:\/\/graziamagazine.com\/mx\/wp-content\/uploads\/sites\/13\/2024\/05\/Captura-de-Pantalla-2024-05-19-a-las-22.25.52.png 742w\" sizes=\"(max-width: 693px) 100vw, 693px\" \/><figcaption id=\"caption-attachment-137231\" class=\"wp-caption-text\">Los mejores looks de la alfombra roja Cannes 2024<\/figcaption><\/figure>\n<p>Hunter se destac\u00f3 con un atrevido y moderno minivestido de Prada.<\/p>\n<h3><strong>Margaret Qualley<\/strong><\/h3>\n<figure id=\"attachment_137232\" aria-describedby=\"caption-attachment-137232\" style=\"width: 678px\" class=\"wp-caption alignnone\"><img loading=\"lazy\" decoding=\"async\" class=\"size-large wp-image-137232\" src=\"https:\/\/graziamagazine.com\/mx\/wp-content\/uploads\/sites\/13\/2024\/05\/Captura-de-Pantalla-2024-05-19-a-las-22.25.58-678x1024.png\" alt=\"Los mejores looks de la alfombra roja Cannes 2024\" width=\"678\" height=\"1024\" srcset=\"https:\/\/graziamagazine.com\/mx\/wp-content\/uploads\/sites\/13\/2024\/05\/Captura-de-Pantalla-2024-05-19-a-las-22.25.58-678x1024.png 678w, https:\/\/graziamagazine.com\/mx\/wp-content\/uploads\/sites\/13\/2024\/05\/Captura-de-Pantalla-2024-05-19-a-las-22.25.58-298x450.png 298w, https:\/\/graziamagazine.com\/mx\/wp-content\/uploads\/sites\/13\/2024\/05\/Captura-de-Pantalla-2024-05-19-a-las-22.25.58-400x604.png 400w, https:\/\/graziamagazine.com\/mx\/wp-content\/uploads\/sites\/13\/2024\/05\/Captura-de-Pantalla-2024-05-19-a-las-22.25.58-142x215.png 142w, https:\/\/graziamagazine.com\/mx\/wp-content\/uploads\/sites\/13\/2024\/05\/Captura-de-Pantalla-2024-05-19-a-las-22.25.58.png 758w\" sizes=\"(max-width: 678px) 100vw, 678px\" \/><figcaption id=\"caption-attachment-137232\" class=\"wp-caption-text\">Los mejores looks de la alfombra roja Cannes 2024<\/figcaption><\/figure>\n<p>La actriz aport\u00f3 un toque de misterio y elegancia con este conjunto monocrom\u00e1tico de Chanel.<\/p>\n<h3><strong>Emma Stone<\/strong><\/h3>\n<figure id=\"attachment_137233\" aria-describedby=\"caption-attachment-137233\" style=\"width: 663px\" class=\"wp-caption alignnone\"><img loading=\"lazy\" decoding=\"async\" class=\"size-large wp-image-137233\" src=\"https:\/\/graziamagazine.com\/mx\/wp-content\/uploads\/sites\/13\/2024\/05\/Captura-de-Pantalla-2024-05-19-a-las-22.26.04-663x1024.png\" alt=\"Los mejores looks de la alfombra roja Cannes 2024\" width=\"663\" height=\"1024\" srcset=\"https:\/\/graziamagazine.com\/mx\/wp-content\/uploads\/sites\/13\/2024\/05\/Captura-de-Pantalla-2024-05-19-a-las-22.26.04-663x1024.png 663w, https:\/\/graziamagazine.com\/mx\/wp-content\/uploads\/sites\/13\/2024\/05\/Captura-de-Pantalla-2024-05-19-a-las-22.26.04-291x450.png 291w, https:\/\/graziamagazine.com\/mx\/wp-content\/uploads\/sites\/13\/2024\/05\/Captura-de-Pantalla-2024-05-19-a-las-22.26.04-400x618.png 400w, https:\/\/graziamagazine.com\/mx\/wp-content\/uploads\/sites\/13\/2024\/05\/Captura-de-Pantalla-2024-05-19-a-las-22.26.04-139x215.png 139w, https:\/\/graziamagazine.com\/mx\/wp-content\/uploads\/sites\/13\/2024\/05\/Captura-de-Pantalla-2024-05-19-a-las-22.26.04.png 742w\" sizes=\"(max-width: 663px) 100vw, 663px\" \/><figcaption id=\"caption-attachment-137233\" class=\"wp-caption-text\">Los mejores looks de la alfombra roja Cannes 2024<\/figcaption><\/figure>\n<p>Emma deslumbr\u00f3 con un vestido de escote profundo en lentejuelas que captur\u00f3 todas las miradas.<\/p>\n<h3><strong>Hunter Schafer<\/strong><\/h3>\n<figure id=\"attachment_137234\" aria-describedby=\"caption-attachment-137234\" style=\"width: 660px\" class=\"wp-caption alignnone\"><img loading=\"lazy\" decoding=\"async\" class=\"size-large wp-image-137234\" src=\"https:\/\/graziamagazine.com\/mx\/wp-content\/uploads\/sites\/13\/2024\/05\/Captura-de-Pantalla-2024-05-19-a-las-22.26.09-660x1024.png\" alt=\"Los mejores looks de la alfombra roja Cannes 2024\" width=\"660\" height=\"1024\" srcset=\"https:\/\/graziamagazine.com\/mx\/wp-content\/uploads\/sites\/13\/2024\/05\/Captura-de-Pantalla-2024-05-19-a-las-22.26.09-660x1024.png 660w, https:\/\/graziamagazine.com\/mx\/wp-content\/uploads\/sites\/13\/2024\/05\/Captura-de-Pantalla-2024-05-19-a-las-22.26.09-290x450.png 290w, https:\/\/graziamagazine.com\/mx\/wp-content\/uploads\/sites\/13\/2024\/05\/Captura-de-Pantalla-2024-05-19-a-las-22.26.09-400x621.png 400w, https:\/\/graziamagazine.com\/mx\/wp-content\/uploads\/sites\/13\/2024\/05\/Captura-de-Pantalla-2024-05-19-a-las-22.26.09-139x215.png 139w, https:\/\/graziamagazine.com\/mx\/wp-content\/uploads\/sites\/13\/2024\/05\/Captura-de-Pantalla-2024-05-19-a-las-22.26.09.png 736w\" sizes=\"(max-width: 660px) 100vw, 660px\" \/><figcaption id=\"caption-attachment-137234\" class=\"wp-caption-text\">Los mejores looks de la alfombra roja Cannes 2024<\/figcaption><\/figure>\n<p>Hunter brill\u00f3 con un vestido elegante y seductor.<\/p>\n<h3><strong>Margaret Qualley<\/strong><\/h3>\n<figure id=\"attachment_137235\" aria-describedby=\"caption-attachment-137235\" style=\"width: 672px\" class=\"wp-caption alignnone\"><img loading=\"lazy\" decoding=\"async\" class=\"size-large wp-image-137235\" src=\"https:\/\/graziamagazine.com\/mx\/wp-content\/uploads\/sites\/13\/2024\/05\/Captura-de-Pantalla-2024-05-19-a-las-22.26.15-672x1024.png\" alt=\"Los mejores looks de la alfombra roja Cannes 2024\" width=\"672\" height=\"1024\" srcset=\"https:\/\/graziamagazine.com\/mx\/wp-content\/uploads\/sites\/13\/2024\/05\/Captura-de-Pantalla-2024-05-19-a-las-22.26.15-672x1024.png 672w, https:\/\/graziamagazine.com\/mx\/wp-content\/uploads\/sites\/13\/2024\/05\/Captura-de-Pantalla-2024-05-19-a-las-22.26.15-295x450.png 295w, https:\/\/graziamagazine.com\/mx\/wp-content\/uploads\/sites\/13\/2024\/05\/Captura-de-Pantalla-2024-05-19-a-las-22.26.15-400x610.png 400w, https:\/\/graziamagazine.com\/mx\/wp-content\/uploads\/sites\/13\/2024\/05\/Captura-de-Pantalla-2024-05-19-a-las-22.26.15-141x215.png 141w, https:\/\/graziamagazine.com\/mx\/wp-content\/uploads\/sites\/13\/2024\/05\/Captura-de-Pantalla-2024-05-19-a-las-22.26.15.png 748w\" sizes=\"(max-width: 672px) 100vw, 672px\" \/><figcaption id=\"caption-attachment-137235\" class=\"wp-caption-text\">Los mejores looks de la alfombra roja Cannes 2024<\/figcaption><\/figure>\n<p>Margaret luci\u00f3 un look encantador y femenino color rosa.<\/p>\n<h3><strong>Eva Green<\/strong><\/h3>\n<figure id=\"attachment_137236\" aria-describedby=\"caption-attachment-137236\" style=\"width: 650px\" class=\"wp-caption alignnone\"><img loading=\"lazy\" decoding=\"async\" class=\"size-large wp-image-137236\" src=\"https:\/\/graziamagazine.com\/mx\/wp-content\/uploads\/sites\/13\/2024\/05\/Captura-de-Pantalla-2024-05-19-a-las-22.26.22-650x1024.png\" alt=\"Los mejores looks de la alfombra roja Cannes 2024\" width=\"650\" height=\"1024\" srcset=\"https:\/\/graziamagazine.com\/mx\/wp-content\/uploads\/sites\/13\/2024\/05\/Captura-de-Pantalla-2024-05-19-a-las-22.26.22-650x1024.png 650w, https:\/\/graziamagazine.com\/mx\/wp-content\/uploads\/sites\/13\/2024\/05\/Captura-de-Pantalla-2024-05-19-a-las-22.26.22-286x450.png 286w, https:\/\/graziamagazine.com\/mx\/wp-content\/uploads\/sites\/13\/2024\/05\/Captura-de-Pantalla-2024-05-19-a-las-22.26.22-400x630.png 400w, https:\/\/graziamagazine.com\/mx\/wp-content\/uploads\/sites\/13\/2024\/05\/Captura-de-Pantalla-2024-05-19-a-las-22.26.22-136x215.png 136w, https:\/\/graziamagazine.com\/mx\/wp-content\/uploads\/sites\/13\/2024\/05\/Captura-de-Pantalla-2024-05-19-a-las-22.26.22.png 726w\" sizes=\"(max-width: 650px) 100vw, 650px\" \/><figcaption id=\"caption-attachment-137236\" class=\"wp-caption-text\">Los mejores looks de la alfombra roja Cannes 2024<\/figcaption><\/figure>\n<p>Eva continu\u00f3 sorprendiendo con su estilo audaz y \u00fanico.<\/p>\n<h3><strong>Kirsten Dunst<\/strong><\/h3>\n<figure id=\"attachment_137237\" aria-describedby=\"caption-attachment-137237\" style=\"width: 659px\" class=\"wp-caption alignnone\"><img loading=\"lazy\" decoding=\"async\" class=\"size-large wp-image-137237\" src=\"https:\/\/graziamagazine.com\/mx\/wp-content\/uploads\/sites\/13\/2024\/05\/Captura-de-Pantalla-2024-05-19-a-las-22.26.28-659x1024.png\" alt=\"Los mejores looks de la alfombra roja Cannes 2024\" width=\"659\" height=\"1024\" srcset=\"https:\/\/graziamagazine.com\/mx\/wp-content\/uploads\/sites\/13\/2024\/05\/Captura-de-Pantalla-2024-05-19-a-las-22.26.28-659x1024.png 659w, https:\/\/graziamagazine.com\/mx\/wp-content\/uploads\/sites\/13\/2024\/05\/Captura-de-Pantalla-2024-05-19-a-las-22.26.28-290x450.png 290w, https:\/\/graziamagazine.com\/mx\/wp-content\/uploads\/sites\/13\/2024\/05\/Captura-de-Pantalla-2024-05-19-a-las-22.26.28-400x622.png 400w, https:\/\/graziamagazine.com\/mx\/wp-content\/uploads\/sites\/13\/2024\/05\/Captura-de-Pantalla-2024-05-19-a-las-22.26.28-138x215.png 138w, https:\/\/graziamagazine.com\/mx\/wp-content\/uploads\/sites\/13\/2024\/05\/Captura-de-Pantalla-2024-05-19-a-las-22.26.28.png 740w\" sizes=\"(max-width: 659px) 100vw, 659px\" \/><figcaption id=\"caption-attachment-137237\" class=\"wp-caption-text\">Los mejores looks de la alfombra roja Cannes 2024<\/figcaption><\/figure>\n<p>Kirsten mostr\u00f3 su sofisticaci\u00f3n con un vestido cl\u00e1sico y refinado.<\/p>\n<h3><strong>Lily Gladstone<\/strong><\/h3>\n<figure id=\"attachment_137238\" aria-describedby=\"caption-attachment-137238\" style=\"width: 648px\" class=\"wp-caption alignnone\"><img loading=\"lazy\" decoding=\"async\" class=\"size-large wp-image-137238\" src=\"https:\/\/graziamagazine.com\/mx\/wp-content\/uploads\/sites\/13\/2024\/05\/Captura-de-Pantalla-2024-05-19-a-las-22.26.33-648x1024.png\" alt=\"Los mejores looks de la alfombra roja Cannes 2024\" width=\"648\" height=\"1024\" srcset=\"https:\/\/graziamagazine.com\/mx\/wp-content\/uploads\/sites\/13\/2024\/05\/Captura-de-Pantalla-2024-05-19-a-las-22.26.33-648x1024.png 648w, https:\/\/graziamagazine.com\/mx\/wp-content\/uploads\/sites\/13\/2024\/05\/Captura-de-Pantalla-2024-05-19-a-las-22.26.33-285x450.png 285w, https:\/\/graziamagazine.com\/mx\/wp-content\/uploads\/sites\/13\/2024\/05\/Captura-de-Pantalla-2024-05-19-a-las-22.26.33-400x632.png 400w, https:\/\/graziamagazine.com\/mx\/wp-content\/uploads\/sites\/13\/2024\/05\/Captura-de-Pantalla-2024-05-19-a-las-22.26.33-136x215.png 136w, https:\/\/graziamagazine.com\/mx\/wp-content\/uploads\/sites\/13\/2024\/05\/Captura-de-Pantalla-2024-05-19-a-las-22.26.33.png 730w\" sizes=\"(max-width: 648px) 100vw, 648px\" \/><figcaption id=\"caption-attachment-137238\" class=\"wp-caption-text\">Los mejores looks de la alfombra roja Cannes 2024<\/figcaption><\/figure>\n<p>Lily deslumbr\u00f3 en un vibrante vestido amarillo, perfecto para la temporada de Balenciaga<\/p>\n<h3><strong>Tess Barthelemy<\/strong><\/h3>\n<figure id=\"attachment_137239\" aria-describedby=\"caption-attachment-137239\" style=\"width: 651px\" class=\"wp-caption alignnone\"><img loading=\"lazy\" decoding=\"async\" class=\"size-large wp-image-137239\" src=\"https:\/\/graziamagazine.com\/mx\/wp-content\/uploads\/sites\/13\/2024\/05\/Captura-de-Pantalla-2024-05-19-a-las-22.26.39-651x1024.png\" alt=\"Los mejores looks de la alfombra roja Cannes 2024\" width=\"651\" height=\"1024\" srcset=\"https:\/\/graziamagazine.com\/mx\/wp-content\/uploads\/sites\/13\/2024\/05\/Captura-de-Pantalla-2024-05-19-a-las-22.26.39-651x1024.png 651w, https:\/\/graziamagazine.com\/mx\/wp-content\/uploads\/sites\/13\/2024\/05\/Captura-de-Pantalla-2024-05-19-a-las-22.26.39-286x450.png 286w, https:\/\/graziamagazine.com\/mx\/wp-content\/uploads\/sites\/13\/2024\/05\/Captura-de-Pantalla-2024-05-19-a-las-22.26.39-400x629.png 400w, https:\/\/graziamagazine.com\/mx\/wp-content\/uploads\/sites\/13\/2024\/05\/Captura-de-Pantalla-2024-05-19-a-las-22.26.39-137x215.png 137w, https:\/\/graziamagazine.com\/mx\/wp-content\/uploads\/sites\/13\/2024\/05\/Captura-de-Pantalla-2024-05-19-a-las-22.26.39.png 730w\" sizes=\"(max-width: 651px) 100vw, 651px\" \/><figcaption id=\"caption-attachment-137239\" class=\"wp-caption-text\">Los mejores looks de la alfombra roja Cannes 2024<\/figcaption><\/figure>\n<p>La actriz francesa mostr\u00f3 su estilo joven y fresco con un divertido minivestido estampado.<\/p>\n<h3><strong>Eva Longoria<\/strong><\/h3>\n<figure id=\"attachment_137240\" aria-describedby=\"caption-attachment-137240\" style=\"width: 668px\" class=\"wp-caption alignnone\"><img loading=\"lazy\" decoding=\"async\" class=\"size-large wp-image-137240\" src=\"https:\/\/graziamagazine.com\/mx\/wp-content\/uploads\/sites\/13\/2024\/05\/Captura-de-Pantalla-2024-05-19-a-las-22.26.45-668x1024.png\" alt=\"Los mejores looks de la alfombra roja Cannes 2024\" width=\"668\" height=\"1024\" srcset=\"https:\/\/graziamagazine.com\/mx\/wp-content\/uploads\/sites\/13\/2024\/05\/Captura-de-Pantalla-2024-05-19-a-las-22.26.45-668x1024.png 668w, https:\/\/graziamagazine.com\/mx\/wp-content\/uploads\/sites\/13\/2024\/05\/Captura-de-Pantalla-2024-05-19-a-las-22.26.45-293x450.png 293w, https:\/\/graziamagazine.com\/mx\/wp-content\/uploads\/sites\/13\/2024\/05\/Captura-de-Pantalla-2024-05-19-a-las-22.26.45-400x613.png 400w, https:\/\/graziamagazine.com\/mx\/wp-content\/uploads\/sites\/13\/2024\/05\/Captura-de-Pantalla-2024-05-19-a-las-22.26.45-140x215.png 140w, https:\/\/graziamagazine.com\/mx\/wp-content\/uploads\/sites\/13\/2024\/05\/Captura-de-Pantalla-2024-05-19-a-las-22.26.45.png 750w\" sizes=\"(max-width: 668px) 100vw, 668px\" \/><figcaption id=\"caption-attachment-137240\" class=\"wp-caption-text\">Los mejores looks de la alfombra roja Cannes 2024<\/figcaption><\/figure>\n<p>Eva brill\u00f3 intensamente con un vestido que captur\u00f3 la esencia del glamour. ba\u00f1ado en brillos.<\/p>\n<h3><strong>Demi Moore<\/strong><\/h3>\n<figure id=\"attachment_137241\" aria-describedby=\"caption-attachment-137241\" style=\"width: 657px\" class=\"wp-caption alignnone\"><img loading=\"lazy\" decoding=\"async\" class=\"size-large wp-image-137241\" src=\"https:\/\/graziamagazine.com\/mx\/wp-content\/uploads\/sites\/13\/2024\/05\/Captura-de-Pantalla-2024-05-19-a-las-22.26.50-657x1024.png\" alt=\"Los mejores looks de la alfombra roja Cannes 2024\" width=\"657\" height=\"1024\" srcset=\"https:\/\/graziamagazine.com\/mx\/wp-content\/uploads\/sites\/13\/2024\/05\/Captura-de-Pantalla-2024-05-19-a-las-22.26.50-657x1024.png 657w, https:\/\/graziamagazine.com\/mx\/wp-content\/uploads\/sites\/13\/2024\/05\/Captura-de-Pantalla-2024-05-19-a-las-22.26.50-289x450.png 289w, https:\/\/graziamagazine.com\/mx\/wp-content\/uploads\/sites\/13\/2024\/05\/Captura-de-Pantalla-2024-05-19-a-las-22.26.50-400x623.png 400w, https:\/\/graziamagazine.com\/mx\/wp-content\/uploads\/sites\/13\/2024\/05\/Captura-de-Pantalla-2024-05-19-a-las-22.26.50-138x215.png 138w, https:\/\/graziamagazine.com\/mx\/wp-content\/uploads\/sites\/13\/2024\/05\/Captura-de-Pantalla-2024-05-19-a-las-22.26.50.png 738w\" sizes=\"(max-width: 657px) 100vw, 657px\" \/><figcaption id=\"caption-attachment-137241\" class=\"wp-caption-text\">Los mejores looks de la alfombra roja Cannes 2024<\/figcaption><\/figure>\n<p>Demi luci\u00f3 espectacular con un elegante vestido rojo, destacando su presencia en la alfombra roja.<\/p>\n<h3 class=\"BaseWrap-sc-gjQpdd BaseText-ewhhUZ GallerySlideCaptionHed-fiZQOl iUEiRd knlBl grNYxq\"><span class=\"GallerySlideCaptionHedText-iqjOmM jwPuvZ\">Anya Taylor-Joy<\/span><\/h3>\n<figure id=\"attachment_137140\" aria-describedby=\"caption-attachment-137140\" style=\"width: 695px\" class=\"wp-caption alignnone\"><img loading=\"lazy\" decoding=\"async\" class=\"size-large wp-image-137140\" src=\"https:\/\/graziamagazine.com\/mx\/wp-content\/uploads\/sites\/13\/2024\/05\/Captura-de-Pantalla-2024-05-16-a-las-9.26.30-695x1024.png\" alt=\"Los mejores looks de la alfombra roja Cannes 2024\" width=\"695\" height=\"1024\" srcset=\"https:\/\/graziamagazine.com\/mx\/wp-content\/uploads\/sites\/13\/2024\/05\/Captura-de-Pantalla-2024-05-16-a-las-9.26.30-695x1024.png 695w, https:\/\/graziamagazine.com\/mx\/wp-content\/uploads\/sites\/13\/2024\/05\/Captura-de-Pantalla-2024-05-16-a-las-9.26.30-305x450.png 305w, https:\/\/graziamagazine.com\/mx\/wp-content\/uploads\/sites\/13\/2024\/05\/Captura-de-Pantalla-2024-05-16-a-las-9.26.30-400x590.png 400w, https:\/\/graziamagazine.com\/mx\/wp-content\/uploads\/sites\/13\/2024\/05\/Captura-de-Pantalla-2024-05-16-a-las-9.26.30-146x215.png 146w, https:\/\/graziamagazine.com\/mx\/wp-content\/uploads\/sites\/13\/2024\/05\/Captura-de-Pantalla-2024-05-16-a-las-9.26.30.png 730w\" sizes=\"(max-width: 695px) 100vw, 695px\" \/><figcaption id=\"caption-attachment-137140\" class=\"wp-caption-text\">Los mejores looks de la alfombra roja Cannes 2024<\/figcaption><\/figure>\n<p>Anya Taylor-Joy cautiv\u00f3 con un conjunto de falda larga y chaqueta de tweed cropped en color blanco, irradiando elegancia y sofisticaci\u00f3n.<\/p>\n<h3 class=\"BaseWrap-sc-gjQpdd BaseText-ewhhUZ GallerySlideCaptionHed-fiZQOl iUEiRd knlBl grNYxq\"><span class=\"GallerySlideCaptionHedText-iqjOmM jwPuvZ\">Chris Hemsworth<\/span><\/h3>\n<figure id=\"attachment_137141\" aria-describedby=\"caption-attachment-137141\" style=\"width: 695px\" class=\"wp-caption alignnone\"><img loading=\"lazy\" decoding=\"async\" class=\"size-large wp-image-137141\" src=\"https:\/\/graziamagazine.com\/mx\/wp-content\/uploads\/sites\/13\/2024\/05\/Captura-de-Pantalla-2024-05-16-a-las-9.26.35-695x1024.png\" alt=\"Los mejores looks de la alfombra roja Cannes 2024\" width=\"695\" height=\"1024\" srcset=\"https:\/\/graziamagazine.com\/mx\/wp-content\/uploads\/sites\/13\/2024\/05\/Captura-de-Pantalla-2024-05-16-a-las-9.26.35-695x1024.png 695w, https:\/\/graziamagazine.com\/mx\/wp-content\/uploads\/sites\/13\/2024\/05\/Captura-de-Pantalla-2024-05-16-a-las-9.26.35-305x450.png 305w, https:\/\/graziamagazine.com\/mx\/wp-content\/uploads\/sites\/13\/2024\/05\/Captura-de-Pantalla-2024-05-16-a-las-9.26.35-400x589.png 400w, https:\/\/graziamagazine.com\/mx\/wp-content\/uploads\/sites\/13\/2024\/05\/Captura-de-Pantalla-2024-05-16-a-las-9.26.35-146x215.png 146w, https:\/\/graziamagazine.com\/mx\/wp-content\/uploads\/sites\/13\/2024\/05\/Captura-de-Pantalla-2024-05-16-a-las-9.26.35.png 748w\" sizes=\"(max-width: 695px) 100vw, 695px\" \/><figcaption id=\"caption-attachment-137141\" class=\"wp-caption-text\">Los mejores looks de la alfombra roja Cannes 2024<\/figcaption><\/figure>\n<p>Chris Hemsworth opt\u00f3 por un traje en color rosa claro, demostrando su estilo atrevido y moderno.<\/p>\n<h3 class=\"BaseWrap-sc-gjQpdd BaseText-ewhhUZ GallerySlideCaptionHed-fiZQOl iUEiRd knlBl grNYxq\"><span class=\"GallerySlideCaptionHedText-iqjOmM jwPuvZ\">Susan Chardy<\/span><\/h3>\n<figure id=\"attachment_137142\" aria-describedby=\"caption-attachment-137142\" style=\"width: 666px\" class=\"wp-caption alignnone\"><img loading=\"lazy\" decoding=\"async\" class=\"size-large wp-image-137142\" src=\"https:\/\/graziamagazine.com\/mx\/wp-content\/uploads\/sites\/13\/2024\/05\/Captura-de-Pantalla-2024-05-16-a-las-9.26.40-666x1024.png\" alt=\"Los mejores looks de la alfombra roja Cannes 2024\" width=\"666\" height=\"1024\" srcset=\"https:\/\/graziamagazine.com\/mx\/wp-content\/uploads\/sites\/13\/2024\/05\/Captura-de-Pantalla-2024-05-16-a-las-9.26.40-666x1024.png 666w, https:\/\/graziamagazine.com\/mx\/wp-content\/uploads\/sites\/13\/2024\/05\/Captura-de-Pantalla-2024-05-16-a-las-9.26.40-293x450.png 293w, https:\/\/graziamagazine.com\/mx\/wp-content\/uploads\/sites\/13\/2024\/05\/Captura-de-Pantalla-2024-05-16-a-las-9.26.40-400x615.png 400w, https:\/\/graziamagazine.com\/mx\/wp-content\/uploads\/sites\/13\/2024\/05\/Captura-de-Pantalla-2024-05-16-a-las-9.26.40-140x215.png 140w, https:\/\/graziamagazine.com\/mx\/wp-content\/uploads\/sites\/13\/2024\/05\/Captura-de-Pantalla-2024-05-16-a-las-9.26.40.png 738w\" sizes=\"(max-width: 666px) 100vw, 666px\" \/><figcaption id=\"caption-attachment-137142\" class=\"wp-caption-text\">Los mejores looks de la alfombra roja Cannes 2024<\/figcaption><\/figure>\n<p>Susan Chardy, embajadora del Global Fund for Children, impresion\u00f3 con un traje sastre rosa brillante, agregando un toque de color y audacia a la alfombra roja.<\/p>\n<h3 class=\"BaseWrap-sc-gjQpdd BaseText-ewhhUZ GallerySlideCaptionHed-fiZQOl iUEiRd knlBl grNYxq\"><span class=\"GallerySlideCaptionHedText-iqjOmM jwPuvZ\">Barry Keoghan<\/span><\/h3>\n<figure id=\"attachment_137143\" aria-describedby=\"caption-attachment-137143\" style=\"width: 636px\" class=\"wp-caption alignnone\"><img loading=\"lazy\" decoding=\"async\" class=\"size-large wp-image-137143\" src=\"https:\/\/graziamagazine.com\/mx\/wp-content\/uploads\/sites\/13\/2024\/05\/Captura-de-Pantalla-2024-05-16-a-las-9.26.45-636x1024.png\" alt=\"Los mejores looks de la alfombra roja Cannes 2024\" width=\"636\" height=\"1024\" srcset=\"https:\/\/graziamagazine.com\/mx\/wp-content\/uploads\/sites\/13\/2024\/05\/Captura-de-Pantalla-2024-05-16-a-las-9.26.45-636x1024.png 636w, https:\/\/graziamagazine.com\/mx\/wp-content\/uploads\/sites\/13\/2024\/05\/Captura-de-Pantalla-2024-05-16-a-las-9.26.45-279x450.png 279w, https:\/\/graziamagazine.com\/mx\/wp-content\/uploads\/sites\/13\/2024\/05\/Captura-de-Pantalla-2024-05-16-a-las-9.26.45-400x644.png 400w, https:\/\/graziamagazine.com\/mx\/wp-content\/uploads\/sites\/13\/2024\/05\/Captura-de-Pantalla-2024-05-16-a-las-9.26.45-133x215.png 133w, https:\/\/graziamagazine.com\/mx\/wp-content\/uploads\/sites\/13\/2024\/05\/Captura-de-Pantalla-2024-05-16-a-las-9.26.45.png 704w\" sizes=\"(max-width: 636px) 100vw, 636px\" \/><figcaption id=\"caption-attachment-137143\" class=\"wp-caption-text\">Los mejores looks de la alfombra roja Cannes 2024<\/figcaption><\/figure>\n<p>Barry Keoghan luci\u00f3 impecable con un traje de Burberry, destacando por su estilo cl\u00e1sico y refinado.<\/p>\n<h3 class=\"BaseWrap-sc-gjQpdd BaseText-ewhhUZ GallerySlideCaptionHed-fiZQOl iUEiRd knlBl grNYxq\"><span class=\"GallerySlideCaptionHedText-iqjOmM jwPuvZ\">Naomi Campbell<\/span><\/h3>\n<figure id=\"attachment_137144\" aria-describedby=\"caption-attachment-137144\" style=\"width: 665px\" class=\"wp-caption alignnone\"><img loading=\"lazy\" decoding=\"async\" class=\"size-large wp-image-137144\" src=\"https:\/\/graziamagazine.com\/mx\/wp-content\/uploads\/sites\/13\/2024\/05\/Captura-de-Pantalla-2024-05-16-a-las-9.26.51-665x1024.png\" alt=\"Los mejores looks de la alfombra roja Cannes 2024\" width=\"665\" height=\"1024\" srcset=\"https:\/\/graziamagazine.com\/mx\/wp-content\/uploads\/sites\/13\/2024\/05\/Captura-de-Pantalla-2024-05-16-a-las-9.26.51-665x1024.png 665w, https:\/\/graziamagazine.com\/mx\/wp-content\/uploads\/sites\/13\/2024\/05\/Captura-de-Pantalla-2024-05-16-a-las-9.26.51-292x450.png 292w, https:\/\/graziamagazine.com\/mx\/wp-content\/uploads\/sites\/13\/2024\/05\/Captura-de-Pantalla-2024-05-16-a-las-9.26.51-400x616.png 400w, https:\/\/graziamagazine.com\/mx\/wp-content\/uploads\/sites\/13\/2024\/05\/Captura-de-Pantalla-2024-05-16-a-las-9.26.51-140x215.png 140w, https:\/\/graziamagazine.com\/mx\/wp-content\/uploads\/sites\/13\/2024\/05\/Captura-de-Pantalla-2024-05-16-a-las-9.26.51.png 736w\" sizes=\"(max-width: 665px) 100vw, 665px\" \/><figcaption id=\"caption-attachment-137144\" class=\"wp-caption-text\">Los mejores looks de la alfombra roja Cannes 2024<\/figcaption><\/figure>\n<p>Naomi Campbell dej\u00f3 a todos sin palabras con un impresionante vestido vintage de Chanel, mostrando su elegancia atemporal y su incomparable presencia en la alfombra roja.<\/p>\n<h3 class=\"BaseWrap-sc-gjQpdd BaseText-ewhhUZ GallerySlideCaptionHed-fiZQOl iUEiRd knlBl grNYxq\"><span class=\"GallerySlideCaptionHedText-iqjOmM jwPuvZ\">Anya Taylor-Joy<\/span><\/h3>\n<figure id=\"attachment_137145\" aria-describedby=\"caption-attachment-137145\" style=\"width: 646px\" class=\"wp-caption alignnone\"><img loading=\"lazy\" decoding=\"async\" class=\"size-large wp-image-137145\" src=\"https:\/\/graziamagazine.com\/mx\/wp-content\/uploads\/sites\/13\/2024\/05\/Captura-de-Pantalla-2024-05-16-a-las-9.26.56-646x1024.png\" alt=\"Los mejores looks de la alfombra roja Cannes 2024\" width=\"646\" height=\"1024\" srcset=\"https:\/\/graziamagazine.com\/mx\/wp-content\/uploads\/sites\/13\/2024\/05\/Captura-de-Pantalla-2024-05-16-a-las-9.26.56-646x1024.png 646w, https:\/\/graziamagazine.com\/mx\/wp-content\/uploads\/sites\/13\/2024\/05\/Captura-de-Pantalla-2024-05-16-a-las-9.26.56-284x450.png 284w, https:\/\/graziamagazine.com\/mx\/wp-content\/uploads\/sites\/13\/2024\/05\/Captura-de-Pantalla-2024-05-16-a-las-9.26.56-400x634.png 400w, https:\/\/graziamagazine.com\/mx\/wp-content\/uploads\/sites\/13\/2024\/05\/Captura-de-Pantalla-2024-05-16-a-las-9.26.56-136x215.png 136w, https:\/\/graziamagazine.com\/mx\/wp-content\/uploads\/sites\/13\/2024\/05\/Captura-de-Pantalla-2024-05-16-a-las-9.26.56.png 718w\" sizes=\"(max-width: 646px) 100vw, 646px\" \/><figcaption id=\"caption-attachment-137145\" class=\"wp-caption-text\">Los mejores looks de la alfombra roja Cannes 2024<\/figcaption><\/figure>\n<h3 class=\"BaseWrap-sc-gjQpdd BaseText-ewhhUZ GallerySlideCaptionHed-fiZQOl iUEiRd knlBl grNYxq\"><span class=\"GallerySlideCaptionHedText-iqjOmM jwPuvZ\">Chris Hemsworth y Elsa Pataky<\/span><\/h3>\n<figure id=\"attachment_137146\" aria-describedby=\"caption-attachment-137146\" style=\"width: 648px\" class=\"wp-caption alignnone\"><img loading=\"lazy\" decoding=\"async\" class=\"size-large wp-image-137146\" src=\"https:\/\/graziamagazine.com\/mx\/wp-content\/uploads\/sites\/13\/2024\/05\/Captura-de-Pantalla-2024-05-16-a-las-9.27.01-648x1024.png\" alt=\"Los mejores looks de la alfombra roja Cannes 2024\" width=\"648\" height=\"1024\" srcset=\"https:\/\/graziamagazine.com\/mx\/wp-content\/uploads\/sites\/13\/2024\/05\/Captura-de-Pantalla-2024-05-16-a-las-9.27.01-648x1024.png 648w, https:\/\/graziamagazine.com\/mx\/wp-content\/uploads\/sites\/13\/2024\/05\/Captura-de-Pantalla-2024-05-16-a-las-9.27.01-285x450.png 285w, https:\/\/graziamagazine.com\/mx\/wp-content\/uploads\/sites\/13\/2024\/05\/Captura-de-Pantalla-2024-05-16-a-las-9.27.01-400x632.png 400w, https:\/\/graziamagazine.com\/mx\/wp-content\/uploads\/sites\/13\/2024\/05\/Captura-de-Pantalla-2024-05-16-a-las-9.27.01-136x215.png 136w, https:\/\/graziamagazine.com\/mx\/wp-content\/uploads\/sites\/13\/2024\/05\/Captura-de-Pantalla-2024-05-16-a-las-9.27.01.png 714w\" sizes=\"(max-width: 648px) 100vw, 648px\" \/><figcaption id=\"caption-attachment-137146\" class=\"wp-caption-text\">Los mejores looks de la alfombra roja Cannes 2024<\/figcaption><\/figure>\n<p>Chris Hemsworth y Elsa Pataky deslumbraron con looks coordinados en blanco y negro, demostrando su estilo sofisticado y coordinado como pareja.<\/p>\n<h3 class=\"BaseWrap-sc-gjQpdd BaseText-ewhhUZ GallerySlideCaptionHed-fiZQOl iUEiRd knlBl grNYxq\"><span class=\"GallerySlideCaptionHedText-iqjOmM jwPuvZ\">Law Roach<\/span><\/h3>\n<figure id=\"attachment_137147\" aria-describedby=\"caption-attachment-137147\" style=\"width: 667px\" class=\"wp-caption alignnone\"><img loading=\"lazy\" decoding=\"async\" class=\"size-large wp-image-137147\" src=\"https:\/\/graziamagazine.com\/mx\/wp-content\/uploads\/sites\/13\/2024\/05\/Captura-de-Pantalla-2024-05-16-a-las-9.27.06-667x1024.png\" alt=\"Los mejores looks de la alfombra roja Cannes 2024\" width=\"667\" height=\"1024\" srcset=\"https:\/\/graziamagazine.com\/mx\/wp-content\/uploads\/sites\/13\/2024\/05\/Captura-de-Pantalla-2024-05-16-a-las-9.27.06-667x1024.png 667w, https:\/\/graziamagazine.com\/mx\/wp-content\/uploads\/sites\/13\/2024\/05\/Captura-de-Pantalla-2024-05-16-a-las-9.27.06-293x450.png 293w, https:\/\/graziamagazine.com\/mx\/wp-content\/uploads\/sites\/13\/2024\/05\/Captura-de-Pantalla-2024-05-16-a-las-9.27.06-400x614.png 400w, https:\/\/graziamagazine.com\/mx\/wp-content\/uploads\/sites\/13\/2024\/05\/Captura-de-Pantalla-2024-05-16-a-las-9.27.06-140x215.png 140w, https:\/\/graziamagazine.com\/mx\/wp-content\/uploads\/sites\/13\/2024\/05\/Captura-de-Pantalla-2024-05-16-a-las-9.27.06.png 724w\" sizes=\"(max-width: 667px) 100vw, 667px\" \/><figcaption id=\"caption-attachment-137147\" class=\"wp-caption-text\">Los mejores looks de la alfombra roja Cannes 2024<\/figcaption><\/figure>\n<p>Law Roach llam\u00f3 la atenci\u00f3n con un incre\u00edble conjunto brillante de Chanel, destacando por su audacia y originalidad.<\/p>\n<div class=\"GallerySlideCaptionDek-cXnbPe cuwJLo\">\n<div>\n<h3 class=\"BaseWrap-sc-gjQpdd BaseText-ewhhUZ GallerySlideCaptionHed-fiZQOl iUEiRd knlBl grNYxq\"><span class=\"GallerySlideCaptionHedText-iqjOmM jwPuvZ\">Sabrina Elba<\/span><\/h3>\n<figure id=\"attachment_137148\" aria-describedby=\"caption-attachment-137148\" style=\"width: 660px\" class=\"wp-caption alignnone\"><img loading=\"lazy\" decoding=\"async\" class=\"size-large wp-image-137148\" src=\"https:\/\/graziamagazine.com\/mx\/wp-content\/uploads\/sites\/13\/2024\/05\/Captura-de-Pantalla-2024-05-16-a-las-9.27.11-660x1024.png\" alt=\"Los mejores looks de la alfombra roja Cannes 2024\" width=\"660\" height=\"1024\" srcset=\"https:\/\/graziamagazine.com\/mx\/wp-content\/uploads\/sites\/13\/2024\/05\/Captura-de-Pantalla-2024-05-16-a-las-9.27.11-660x1024.png 660w, https:\/\/graziamagazine.com\/mx\/wp-content\/uploads\/sites\/13\/2024\/05\/Captura-de-Pantalla-2024-05-16-a-las-9.27.11-290x450.png 290w, https:\/\/graziamagazine.com\/mx\/wp-content\/uploads\/sites\/13\/2024\/05\/Captura-de-Pantalla-2024-05-16-a-las-9.27.11-400x620.png 400w, https:\/\/graziamagazine.com\/mx\/wp-content\/uploads\/sites\/13\/2024\/05\/Captura-de-Pantalla-2024-05-16-a-las-9.27.11-139x215.png 139w, https:\/\/graziamagazine.com\/mx\/wp-content\/uploads\/sites\/13\/2024\/05\/Captura-de-Pantalla-2024-05-16-a-las-9.27.11.png 730w\" sizes=\"(max-width: 660px) 100vw, 660px\" \/><figcaption id=\"caption-attachment-137148\" class=\"wp-caption-text\">Los mejores looks de la alfombra roja Cannes 2024<\/figcaption><\/figure>\n<p>Sabrina Elba luci\u00f3 un deslumbrante vestido en degrad\u00e9 con brillantes de la firma Fendi, irradiando glamour y elegancia en cada paso.<\/p>\n<h3 class=\"BaseWrap-sc-gjQpdd BaseText-ewhhUZ GallerySlideCaptionHed-fiZQOl iUEiRd knlBl grNYxq\"><span class=\"GallerySlideCaptionHedText-iqjOmM jwPuvZ\">Greta Gerwig<\/span><\/h3>\n<figure id=\"attachment_137149\" aria-describedby=\"caption-attachment-137149\" style=\"width: 671px\" class=\"wp-caption alignnone\"><img loading=\"lazy\" decoding=\"async\" class=\"size-large wp-image-137149\" src=\"https:\/\/graziamagazine.com\/mx\/wp-content\/uploads\/sites\/13\/2024\/05\/Captura-de-Pantalla-2024-05-16-a-las-9.27.17-671x1024.png\" alt=\"Los mejores looks de la alfombra roja Cannes 2024\" width=\"671\" height=\"1024\" srcset=\"https:\/\/graziamagazine.com\/mx\/wp-content\/uploads\/sites\/13\/2024\/05\/Captura-de-Pantalla-2024-05-16-a-las-9.27.17-671x1024.png 671w, https:\/\/graziamagazine.com\/mx\/wp-content\/uploads\/sites\/13\/2024\/05\/Captura-de-Pantalla-2024-05-16-a-las-9.27.17-295x450.png 295w, https:\/\/graziamagazine.com\/mx\/wp-content\/uploads\/sites\/13\/2024\/05\/Captura-de-Pantalla-2024-05-16-a-las-9.27.17-400x611.png 400w, https:\/\/graziamagazine.com\/mx\/wp-content\/uploads\/sites\/13\/2024\/05\/Captura-de-Pantalla-2024-05-16-a-las-9.27.17-141x215.png 141w, https:\/\/graziamagazine.com\/mx\/wp-content\/uploads\/sites\/13\/2024\/05\/Captura-de-Pantalla-2024-05-16-a-las-9.27.17.png 736w\" sizes=\"(max-width: 671px) 100vw, 671px\" \/><figcaption id=\"caption-attachment-137149\" class=\"wp-caption-text\">Los mejores looks de la alfombra roja Cannes 2024<\/figcaption><\/figure>\n<p>Greta Gerwig opt\u00f3 por un vestido rojo de Armani Priv\u00e9, resaltando su estilo cl\u00e1sico y chic.<\/p>\n<h3 class=\"BaseWrap-sc-gjQpdd BaseText-ewhhUZ GallerySlideCaptionHed-fiZQOl iUEiRd knlBl grNYxq\"><span class=\"GallerySlideCaptionHedText-iqjOmM jwPuvZ\">Eva Green<\/span><\/h3>\n<figure id=\"attachment_137150\" aria-describedby=\"caption-attachment-137150\" style=\"width: 660px\" class=\"wp-caption alignnone\"><img loading=\"lazy\" decoding=\"async\" class=\"size-large wp-image-137150\" src=\"https:\/\/graziamagazine.com\/mx\/wp-content\/uploads\/sites\/13\/2024\/05\/Captura-de-Pantalla-2024-05-16-a-las-9.27.22-660x1024.png\" alt=\"Los mejores looks de la alfombra roja Cannes 2024\" width=\"660\" height=\"1024\" srcset=\"https:\/\/graziamagazine.com\/mx\/wp-content\/uploads\/sites\/13\/2024\/05\/Captura-de-Pantalla-2024-05-16-a-las-9.27.22-660x1024.png 660w, https:\/\/graziamagazine.com\/mx\/wp-content\/uploads\/sites\/13\/2024\/05\/Captura-de-Pantalla-2024-05-16-a-las-9.27.22-290x450.png 290w, https:\/\/graziamagazine.com\/mx\/wp-content\/uploads\/sites\/13\/2024\/05\/Captura-de-Pantalla-2024-05-16-a-las-9.27.22-400x621.png 400w, https:\/\/graziamagazine.com\/mx\/wp-content\/uploads\/sites\/13\/2024\/05\/Captura-de-Pantalla-2024-05-16-a-las-9.27.22-139x215.png 139w, https:\/\/graziamagazine.com\/mx\/wp-content\/uploads\/sites\/13\/2024\/05\/Captura-de-Pantalla-2024-05-16-a-las-9.27.22.png 732w\" sizes=\"(max-width: 660px) 100vw, 660px\" \/><figcaption id=\"caption-attachment-137150\" class=\"wp-caption-text\">Los mejores looks de la alfombra roja Cannes 2024<\/figcaption><\/figure>\n<p>Eva Green deslumbr\u00f3 con un vestido con brillantes de Balmain, mostrando su elegancia y su amor por el dise\u00f1o de alta costura.<\/p>\n<h3 class=\"BaseWrap-sc-gjQpdd BaseText-ewhhUZ GallerySlideCaptionHed-fiZQOl iUEiRd knlBl grNYxq\"><span class=\"GallerySlideCaptionHedText-iqjOmM jwPuvZ\">Elie Fy<\/span><\/h3>\n<figure id=\"attachment_137151\" aria-describedby=\"caption-attachment-137151\" style=\"width: 674px\" class=\"wp-caption alignnone\"><img loading=\"lazy\" decoding=\"async\" class=\"size-large wp-image-137151\" src=\"https:\/\/graziamagazine.com\/mx\/wp-content\/uploads\/sites\/13\/2024\/05\/Captura-de-Pantalla-2024-05-16-a-las-9.27.29-674x1024.png\" alt=\"Los mejores looks de la alfombra roja Cannes 2024\" width=\"674\" height=\"1024\" srcset=\"https:\/\/graziamagazine.com\/mx\/wp-content\/uploads\/sites\/13\/2024\/05\/Captura-de-Pantalla-2024-05-16-a-las-9.27.29-674x1024.png 674w, https:\/\/graziamagazine.com\/mx\/wp-content\/uploads\/sites\/13\/2024\/05\/Captura-de-Pantalla-2024-05-16-a-las-9.27.29-296x450.png 296w, https:\/\/graziamagazine.com\/mx\/wp-content\/uploads\/sites\/13\/2024\/05\/Captura-de-Pantalla-2024-05-16-a-las-9.27.29-400x608.png 400w, https:\/\/graziamagazine.com\/mx\/wp-content\/uploads\/sites\/13\/2024\/05\/Captura-de-Pantalla-2024-05-16-a-las-9.27.29-142x215.png 142w, https:\/\/graziamagazine.com\/mx\/wp-content\/uploads\/sites\/13\/2024\/05\/Captura-de-Pantalla-2024-05-16-a-las-9.27.29.png 732w\" sizes=\"(max-width: 674px) 100vw, 674px\" \/><figcaption id=\"caption-attachment-137151\" class=\"wp-caption-text\">Los mejores looks de la alfombra roja Cannes 2024<\/figcaption><\/figure>\n<p>Elie Fy, influencer francesa, sorprendi\u00f3 con un vestido metalizado con vol\u00famenes, agregando un toque de modernidad y extravagancia a la alfombra roja.<\/p>\n<div class=\"GallerySlideCaptionDekContainer-hLUdt gSWuis\" data-testid=\"GallerySlideCaptionDekContainer\">\n<div class=\"GallerySlideCaptionDek-cXnbPe cuwJLo\">\n<div>\n<h3 class=\"BaseWrap-sc-gjQpdd BaseText-ewhhUZ GallerySlideCaptionHed-fiZQOl iUEiRd knlBl grNYxq\"><span class=\"GallerySlideCaptionHedText-iqjOmM jwPuvZ\">Cindy Bruna<\/span><\/h3>\n<figure id=\"attachment_137152\" aria-describedby=\"caption-attachment-137152\" style=\"width: 666px\" class=\"wp-caption alignnone\"><img loading=\"lazy\" decoding=\"async\" class=\"size-large wp-image-137152\" src=\"https:\/\/graziamagazine.com\/mx\/wp-content\/uploads\/sites\/13\/2024\/05\/Captura-de-Pantalla-2024-05-16-a-las-9.27.34-666x1024.png\" alt=\"Los mejores looks de la alfombra roja Cannes 2024\" width=\"666\" height=\"1024\" srcset=\"https:\/\/graziamagazine.com\/mx\/wp-content\/uploads\/sites\/13\/2024\/05\/Captura-de-Pantalla-2024-05-16-a-las-9.27.34-666x1024.png 666w, https:\/\/graziamagazine.com\/mx\/wp-content\/uploads\/sites\/13\/2024\/05\/Captura-de-Pantalla-2024-05-16-a-las-9.27.34-293x450.png 293w, https:\/\/graziamagazine.com\/mx\/wp-content\/uploads\/sites\/13\/2024\/05\/Captura-de-Pantalla-2024-05-16-a-las-9.27.34-400x615.png 400w, https:\/\/graziamagazine.com\/mx\/wp-content\/uploads\/sites\/13\/2024\/05\/Captura-de-Pantalla-2024-05-16-a-las-9.27.34-140x215.png 140w, https:\/\/graziamagazine.com\/mx\/wp-content\/uploads\/sites\/13\/2024\/05\/Captura-de-Pantalla-2024-05-16-a-las-9.27.34.png 736w\" sizes=\"(max-width: 666px) 100vw, 666px\" \/><figcaption id=\"caption-attachment-137152\" class=\"wp-caption-text\">Los mejores looks de la alfombra roja Cannes 2024<\/figcaption><\/figure>\n<p>Cindy Bruna luci\u00f3 un elegante vestido camisero, demostrando su estilo sofisticado y chic.<\/p>\n<h3 class=\"BaseWrap-sc-gjQpdd BaseText-ewhhUZ GallerySlideCaptionHed-fiZQOl iUEiRd knlBl grNYxq\"><span class=\"GallerySlideCaptionHedText-iqjOmM jwPuvZ\">Flora Coquerel<\/span><\/h3>\n<figure id=\"attachment_137153\" aria-describedby=\"caption-attachment-137153\" style=\"width: 665px\" class=\"wp-caption alignnone\"><img loading=\"lazy\" decoding=\"async\" class=\"size-large wp-image-137153\" src=\"https:\/\/graziamagazine.com\/mx\/wp-content\/uploads\/sites\/13\/2024\/05\/Captura-de-Pantalla-2024-05-16-a-las-9.27.39-665x1024.png\" alt=\"Los mejores looks de la alfombra roja Cannes 2024\" width=\"665\" height=\"1024\" srcset=\"https:\/\/graziamagazine.com\/mx\/wp-content\/uploads\/sites\/13\/2024\/05\/Captura-de-Pantalla-2024-05-16-a-las-9.27.39-665x1024.png 665w, https:\/\/graziamagazine.com\/mx\/wp-content\/uploads\/sites\/13\/2024\/05\/Captura-de-Pantalla-2024-05-16-a-las-9.27.39-292x450.png 292w, https:\/\/graziamagazine.com\/mx\/wp-content\/uploads\/sites\/13\/2024\/05\/Captura-de-Pantalla-2024-05-16-a-las-9.27.39-400x616.png 400w, https:\/\/graziamagazine.com\/mx\/wp-content\/uploads\/sites\/13\/2024\/05\/Captura-de-Pantalla-2024-05-16-a-las-9.27.39-140x215.png 140w, https:\/\/graziamagazine.com\/mx\/wp-content\/uploads\/sites\/13\/2024\/05\/Captura-de-Pantalla-2024-05-16-a-las-9.27.39.png 718w\" sizes=\"(max-width: 665px) 100vw, 665px\" \/><figcaption id=\"caption-attachment-137153\" class=\"wp-caption-text\">Los mejores looks de la alfombra roja Cannes 2024<\/figcaption><\/figure>\n<p>Flora Coquerel opt\u00f3 por un minivestido metalizado, resaltando su belleza y su gusto por la moda.<\/p>\n<h3 class=\"BaseWrap-sc-gjQpdd BaseText-ewhhUZ GallerySlideCaptionHed-fiZQOl iUEiRd knlBl grNYxq\"><span class=\"GallerySlideCaptionHedText-iqjOmM jwPuvZ\">Yeux Ebenes<\/span><\/h3>\n<figure id=\"attachment_137154\" aria-describedby=\"caption-attachment-137154\" style=\"width: 661px\" class=\"wp-caption alignnone\"><img loading=\"lazy\" decoding=\"async\" class=\"size-large wp-image-137154\" src=\"https:\/\/graziamagazine.com\/mx\/wp-content\/uploads\/sites\/13\/2024\/05\/Captura-de-Pantalla-2024-05-16-a-las-9.27.45-661x1024.png\" alt=\"Los mejores looks de la alfombra roja Cannes 2024\" width=\"661\" height=\"1024\" srcset=\"https:\/\/graziamagazine.com\/mx\/wp-content\/uploads\/sites\/13\/2024\/05\/Captura-de-Pantalla-2024-05-16-a-las-9.27.45-661x1024.png 661w, https:\/\/graziamagazine.com\/mx\/wp-content\/uploads\/sites\/13\/2024\/05\/Captura-de-Pantalla-2024-05-16-a-las-9.27.45-290x450.png 290w, https:\/\/graziamagazine.com\/mx\/wp-content\/uploads\/sites\/13\/2024\/05\/Captura-de-Pantalla-2024-05-16-a-las-9.27.45-400x620.png 400w, https:\/\/graziamagazine.com\/mx\/wp-content\/uploads\/sites\/13\/2024\/05\/Captura-de-Pantalla-2024-05-16-a-las-9.27.45-139x215.png 139w, https:\/\/graziamagazine.com\/mx\/wp-content\/uploads\/sites\/13\/2024\/05\/Captura-de-Pantalla-2024-05-16-a-las-9.27.45.png 728w\" sizes=\"(max-width: 661px) 100vw, 661px\" \/><figcaption id=\"caption-attachment-137154\" class=\"wp-caption-text\">Los mejores looks de la alfombra roja Cannes 2024<\/figcaption><\/figure>\n<p>Yeux Ebenes, influencer, luci\u00f3 un minivestido estampado, mostrando su estilo \u00fanico y su pasi\u00f3n por la moda.<\/p>\n<\/div>\n<\/div>\n<\/div>\n<\/div>\n<\/div>\n<h3 class=\"BaseWrap-sc-gjQpdd BaseText-ewhhUZ GallerySlideCaptionHed-fiZQOl iUEiRd knlBl grNYxq\"><span class=\"GallerySlideCaptionHedText-iqjOmM jwPuvZ\">Lily Gladstone<\/span><\/h3>\n<figure id=\"attachment_137093\" aria-describedby=\"caption-attachment-137093\" style=\"width: 647px\" class=\"wp-caption alignnone\"><img loading=\"lazy\" decoding=\"async\" class=\"size-large wp-image-137093\" src=\"https:\/\/graziamagazine.com\/mx\/wp-content\/uploads\/sites\/13\/2024\/05\/Captura-de-Pantalla-2024-05-15-a-las-12.59.46-647x1024.png\" alt=\"Los mejores looks de la alfombra roja Cannes 2024\" width=\"647\" height=\"1024\" srcset=\"https:\/\/graziamagazine.com\/mx\/wp-content\/uploads\/sites\/13\/2024\/05\/Captura-de-Pantalla-2024-05-15-a-las-12.59.46-647x1024.png 647w, https:\/\/graziamagazine.com\/mx\/wp-content\/uploads\/sites\/13\/2024\/05\/Captura-de-Pantalla-2024-05-15-a-las-12.59.46-284x450.png 284w, https:\/\/graziamagazine.com\/mx\/wp-content\/uploads\/sites\/13\/2024\/05\/Captura-de-Pantalla-2024-05-15-a-las-12.59.46-768x1215.png 768w, https:\/\/graziamagazine.com\/mx\/wp-content\/uploads\/sites\/13\/2024\/05\/Captura-de-Pantalla-2024-05-15-a-las-12.59.46-971x1536.png 971w, https:\/\/graziamagazine.com\/mx\/wp-content\/uploads\/sites\/13\/2024\/05\/Captura-de-Pantalla-2024-05-15-a-las-12.59.46-400x633.png 400w, https:\/\/graziamagazine.com\/mx\/wp-content\/uploads\/sites\/13\/2024\/05\/Captura-de-Pantalla-2024-05-15-a-las-12.59.46-136x215.png 136w, https:\/\/graziamagazine.com\/mx\/wp-content\/uploads\/sites\/13\/2024\/05\/Captura-de-Pantalla-2024-05-15-a-las-12.59.46.png 972w\" sizes=\"(max-width: 647px) 100vw, 647px\" \/><figcaption id=\"caption-attachment-137093\" class=\"wp-caption-text\">Los mejores looks de la alfombra roja Cannes 2024<\/figcaption><\/figure>\n<p>Lily Gladstone con su deslumbrante vestido negro de lentejuelas de Gucci<\/p>\n<h2 class=\"BaseWrap-sc-gjQpdd BaseText-ewhhUZ GallerySlideCaptionHed-fiZQOl iUEiRd knlBl grNYxq\"><span class=\"GallerySlideCaptionHedText-iqjOmM jwPuvZ\">Anya Taylor-Joy<\/span><\/h2>\n<figure id=\"attachment_137101\" aria-describedby=\"caption-attachment-137101\" style=\"width: 670px\" class=\"wp-caption alignnone\"><img loading=\"lazy\" decoding=\"async\" class=\"size-full wp-image-137101\" src=\"https:\/\/graziamagazine.com\/mx\/wp-content\/uploads\/sites\/13\/2024\/05\/Captura-de-Pantalla-2024-05-15-a-las-13.19.59.png\" alt=\"Los mejores looks de la alfombra roja Cannes 2024\" width=\"670\" height=\"1000\" srcset=\"https:\/\/graziamagazine.com\/mx\/wp-content\/uploads\/sites\/13\/2024\/05\/Captura-de-Pantalla-2024-05-15-a-las-13.19.59.png 670w, https:\/\/graziamagazine.com\/mx\/wp-content\/uploads\/sites\/13\/2024\/05\/Captura-de-Pantalla-2024-05-15-a-las-13.19.59-302x450.png 302w, https:\/\/graziamagazine.com\/mx\/wp-content\/uploads\/sites\/13\/2024\/05\/Captura-de-Pantalla-2024-05-15-a-las-13.19.59-400x597.png 400w, https:\/\/graziamagazine.com\/mx\/wp-content\/uploads\/sites\/13\/2024\/05\/Captura-de-Pantalla-2024-05-15-a-las-13.19.59-144x215.png 144w\" sizes=\"(max-width: 670px) 100vw, 670px\" \/><figcaption id=\"caption-attachment-137101\" class=\"wp-caption-text\">Los mejores looks de la alfombra roja Cannes 2024<\/figcaption><\/figure>\n<p>Anya Taylor-Joy continu\u00f3 cautivando con su glamour y seducci\u00f3n, luciendo vestidos deslumbrantes y grandes sombreros que llamaron la atenci\u00f3n de todos los presentes.<\/p>\n<h2 class=\"BaseWrap-sc-gjQpdd BaseText-ewhhUZ GallerySlideCaptionHed-fiZQOl iUEiRd knlBl grNYxq\"><span class=\"GallerySlideCaptionHedText-iqjOmM jwPuvZ\">Eva Green<\/span><\/h2>\n<figure id=\"attachment_137092\" aria-describedby=\"caption-attachment-137092\" style=\"width: 666px\" class=\"wp-caption alignnone\"><img loading=\"lazy\" decoding=\"async\" class=\"size-large wp-image-137092\" src=\"https:\/\/graziamagazine.com\/mx\/wp-content\/uploads\/sites\/13\/2024\/05\/Captura-de-Pantalla-2024-05-15-a-las-12.59.40-666x1024.png\" alt=\"Los mejores looks de la alfombra roja Cannes 2024\" width=\"666\" height=\"1024\" srcset=\"https:\/\/graziamagazine.com\/mx\/wp-content\/uploads\/sites\/13\/2024\/05\/Captura-de-Pantalla-2024-05-15-a-las-12.59.40-666x1024.png 666w, https:\/\/graziamagazine.com\/mx\/wp-content\/uploads\/sites\/13\/2024\/05\/Captura-de-Pantalla-2024-05-15-a-las-12.59.40-293x450.png 293w, https:\/\/graziamagazine.com\/mx\/wp-content\/uploads\/sites\/13\/2024\/05\/Captura-de-Pantalla-2024-05-15-a-las-12.59.40-768x1181.png 768w, https:\/\/graziamagazine.com\/mx\/wp-content\/uploads\/sites\/13\/2024\/05\/Captura-de-Pantalla-2024-05-15-a-las-12.59.40-400x615.png 400w, https:\/\/graziamagazine.com\/mx\/wp-content\/uploads\/sites\/13\/2024\/05\/Captura-de-Pantalla-2024-05-15-a-las-12.59.40-140x215.png 140w, https:\/\/graziamagazine.com\/mx\/wp-content\/uploads\/sites\/13\/2024\/05\/Captura-de-Pantalla-2024-05-15-a-las-12.59.40.png 966w\" sizes=\"(max-width: 666px) 100vw, 666px\" \/><figcaption id=\"caption-attachment-137092\" class=\"wp-caption-text\">Los mejores looks de la alfombra roja Cannes 2024<\/figcaption><\/figure>\n<p>Eva Green luciendo un encantador look de tul de Armani Priv\u00e9, la moda brill\u00f3 en todo su esplendor.<\/p>\n<h2 class=\"BaseWrap-sc-gjQpdd BaseText-ewhhUZ GallerySlideCaptionHed-fiZQOl iUEiRd knlBl grNYxq\"><span class=\"GallerySlideCaptionHedText-iqjOmM jwPuvZ\">Jane Fonda<\/span><\/h2>\n<figure id=\"attachment_137096\" aria-describedby=\"caption-attachment-137096\" style=\"width: 657px\" class=\"wp-caption alignnone\"><img loading=\"lazy\" decoding=\"async\" class=\"size-large wp-image-137096\" src=\"https:\/\/graziamagazine.com\/mx\/wp-content\/uploads\/sites\/13\/2024\/05\/Captura-de-Pantalla-2024-05-15-a-las-13.10.01-657x1024.png\" alt=\"Los mejores looks de la alfombra roja Cannes 2024\" width=\"657\" height=\"1024\" srcset=\"https:\/\/graziamagazine.com\/mx\/wp-content\/uploads\/sites\/13\/2024\/05\/Captura-de-Pantalla-2024-05-15-a-las-13.10.01-657x1024.png 657w, https:\/\/graziamagazine.com\/mx\/wp-content\/uploads\/sites\/13\/2024\/05\/Captura-de-Pantalla-2024-05-15-a-las-13.10.01-289x450.png 289w, https:\/\/graziamagazine.com\/mx\/wp-content\/uploads\/sites\/13\/2024\/05\/Captura-de-Pantalla-2024-05-15-a-las-13.10.01-768x1198.png 768w, https:\/\/graziamagazine.com\/mx\/wp-content\/uploads\/sites\/13\/2024\/05\/Captura-de-Pantalla-2024-05-15-a-las-13.10.01-400x624.png 400w, https:\/\/graziamagazine.com\/mx\/wp-content\/uploads\/sites\/13\/2024\/05\/Captura-de-Pantalla-2024-05-15-a-las-13.10.01-138x215.png 138w, https:\/\/graziamagazine.com\/mx\/wp-content\/uploads\/sites\/13\/2024\/05\/Captura-de-Pantalla-2024-05-15-a-las-13.10.01.png 962w\" sizes=\"(max-width: 657px) 100vw, 657px\" \/><figcaption id=\"caption-attachment-137096\" class=\"wp-caption-text\">Los mejores looks de la alfombra roja Cannes 2024<\/figcaption><\/figure>\n<p>Una verdadera leyenda de Hollywood, impresion\u00f3 con un traje de Elie Saab y un abrigo de animal print, complementado con joyas de Pomellato.<\/p>\n<h2 class=\"BaseWrap-sc-gjQpdd BaseText-ewhhUZ GallerySlideCaptionHed-fiZQOl iUEiRd knlBl grNYxq\"><span class=\"GallerySlideCaptionHedText-iqjOmM jwPuvZ\">Meryl Streep<\/span><\/h2>\n<figure id=\"attachment_137094\" aria-describedby=\"caption-attachment-137094\" style=\"width: 659px\" class=\"wp-caption alignnone\"><img loading=\"lazy\" decoding=\"async\" class=\"size-large wp-image-137094\" src=\"https:\/\/graziamagazine.com\/mx\/wp-content\/uploads\/sites\/13\/2024\/05\/Captura-de-Pantalla-2024-05-15-a-las-12.59.52-659x1024.png\" alt=\"Los mejores looks de la alfombra roja Cannes 2024\" width=\"659\" height=\"1024\" srcset=\"https:\/\/graziamagazine.com\/mx\/wp-content\/uploads\/sites\/13\/2024\/05\/Captura-de-Pantalla-2024-05-15-a-las-12.59.52-659x1024.png 659w, https:\/\/graziamagazine.com\/mx\/wp-content\/uploads\/sites\/13\/2024\/05\/Captura-de-Pantalla-2024-05-15-a-las-12.59.52-290x450.png 290w, https:\/\/graziamagazine.com\/mx\/wp-content\/uploads\/sites\/13\/2024\/05\/Captura-de-Pantalla-2024-05-15-a-las-12.59.52-768x1193.png 768w, https:\/\/graziamagazine.com\/mx\/wp-content\/uploads\/sites\/13\/2024\/05\/Captura-de-Pantalla-2024-05-15-a-las-12.59.52-400x621.png 400w, https:\/\/graziamagazine.com\/mx\/wp-content\/uploads\/sites\/13\/2024\/05\/Captura-de-Pantalla-2024-05-15-a-las-12.59.52-138x215.png 138w, https:\/\/graziamagazine.com\/mx\/wp-content\/uploads\/sites\/13\/2024\/05\/Captura-de-Pantalla-2024-05-15-a-las-12.59.52.png 984w\" sizes=\"(max-width: 659px) 100vw, 659px\" \/><figcaption id=\"caption-attachment-137094\" class=\"wp-caption-text\">Los mejores looks de la alfombra roja Cannes 2024<\/figcaption><\/figure>\n<p>La leyenda de la actuaci\u00f3n opt\u00f3 por un elegante vestido blanco de manga larga, irradiando sofisticaci\u00f3n y estilo.<\/p>\n<div class=\"GallerySlideCaptionDekContainer-hLUdt gSWuis\" data-testid=\"GallerySlideCaptionDekContainer\">\n<div class=\"GallerySlideCaptionDek-cXnbPe cuwJLo\">\n<h2 class=\"BaseWrap-sc-gjQpdd BaseText-ewhhUZ GallerySlideCaptionHed-fiZQOl iUEiRd knlBl grNYxq\"><span class=\"GallerySlideCaptionHedText-iqjOmM jwPuvZ\">Heidi Klum<\/span><\/h2>\n<figure id=\"attachment_137095\" aria-describedby=\"caption-attachment-137095\" style=\"width: 831px\" class=\"wp-caption alignnone\"><img loading=\"lazy\" decoding=\"async\" class=\"size-large wp-image-137095\" src=\"https:\/\/graziamagazine.com\/mx\/wp-content\/uploads\/sites\/13\/2024\/05\/Captura-de-Pantalla-2024-05-15-a-las-12.59.58-831x1024.png\" alt=\"Los mejores looks de la alfombra roja Cannes 2024\" width=\"831\" height=\"1024\" srcset=\"https:\/\/graziamagazine.com\/mx\/wp-content\/uploads\/sites\/13\/2024\/05\/Captura-de-Pantalla-2024-05-15-a-las-12.59.58-831x1024.png 831w, https:\/\/graziamagazine.com\/mx\/wp-content\/uploads\/sites\/13\/2024\/05\/Captura-de-Pantalla-2024-05-15-a-las-12.59.58-365x450.png 365w, https:\/\/graziamagazine.com\/mx\/wp-content\/uploads\/sites\/13\/2024\/05\/Captura-de-Pantalla-2024-05-15-a-las-12.59.58-768x947.png 768w, https:\/\/graziamagazine.com\/mx\/wp-content\/uploads\/sites\/13\/2024\/05\/Captura-de-Pantalla-2024-05-15-a-las-12.59.58-400x493.png 400w, https:\/\/graziamagazine.com\/mx\/wp-content\/uploads\/sites\/13\/2024\/05\/Captura-de-Pantalla-2024-05-15-a-las-12.59.58-155x191.png 155w, https:\/\/graziamagazine.com\/mx\/wp-content\/uploads\/sites\/13\/2024\/05\/Captura-de-Pantalla-2024-05-15-a-las-12.59.58.png 1110w\" sizes=\"(max-width: 831px) 100vw, 831px\" \/><figcaption id=\"caption-attachment-137095\" class=\"wp-caption-text\">Los mejores looks de la alfombra roja Cannes 2024<\/figcaption><\/figure>\n<p>Heidi Klum no pas\u00f3 desapercibida con su impresionante vestido rojo de Saiid Kobeisy, que destacaba por su abertura y su elegancia deslumbrante.<\/p>\n<h2 class=\"BaseWrap-sc-gjQpdd BaseText-ewhhUZ GallerySlideCaptionHed-fiZQOl iUEiRd knlBl grNYxq\"><span class=\"GallerySlideCaptionHedText-iqjOmM jwPuvZ\">Greta Gerwig<\/span><\/h2>\n<figure id=\"attachment_137097\" aria-describedby=\"caption-attachment-137097\" style=\"width: 692px\" class=\"wp-caption alignnone\"><img loading=\"lazy\" decoding=\"async\" class=\"size-large wp-image-137097\" src=\"https:\/\/graziamagazine.com\/mx\/wp-content\/uploads\/sites\/13\/2024\/05\/Captura-de-Pantalla-2024-05-15-a-las-13.18.03-692x1024.png\" alt=\"Los mejores looks de la alfombra roja Cannes 2024\" width=\"692\" height=\"1024\" srcset=\"https:\/\/graziamagazine.com\/mx\/wp-content\/uploads\/sites\/13\/2024\/05\/Captura-de-Pantalla-2024-05-15-a-las-13.18.03-692x1024.png 692w, https:\/\/graziamagazine.com\/mx\/wp-content\/uploads\/sites\/13\/2024\/05\/Captura-de-Pantalla-2024-05-15-a-las-13.18.03-304x450.png 304w, https:\/\/graziamagazine.com\/mx\/wp-content\/uploads\/sites\/13\/2024\/05\/Captura-de-Pantalla-2024-05-15-a-las-13.18.03-768x1136.png 768w, https:\/\/graziamagazine.com\/mx\/wp-content\/uploads\/sites\/13\/2024\/05\/Captura-de-Pantalla-2024-05-15-a-las-13.18.03-400x592.png 400w, https:\/\/graziamagazine.com\/mx\/wp-content\/uploads\/sites\/13\/2024\/05\/Captura-de-Pantalla-2024-05-15-a-las-13.18.03-145x215.png 145w, https:\/\/graziamagazine.com\/mx\/wp-content\/uploads\/sites\/13\/2024\/05\/Captura-de-Pantalla-2024-05-15-a-las-13.18.03.png 1010w\" sizes=\"(max-width: 692px) 100vw, 692px\" \/><figcaption id=\"caption-attachment-137097\" class=\"wp-caption-text\">Los mejores looks de la alfombra roja Cannes 2024<\/figcaption><\/figure>\n<p>La directora de Barbie, sorprendi\u00f3 con un look azul a rayas de Maison Margiela, mostrando su estilo \u00fanico y vanguardista.<\/p>\n<h2 class=\"BaseWrap-sc-gjQpdd BaseText-ewhhUZ GallerySlideCaptionHed-fiZQOl iUEiRd knlBl grNYxq\"><span class=\"GallerySlideCaptionHedText-iqjOmM jwPuvZ\">Taylor Hill<\/span><\/h2>\n<figure id=\"attachment_137098\" aria-describedby=\"caption-attachment-137098\" style=\"width: 663px\" class=\"wp-caption alignnone\"><img loading=\"lazy\" decoding=\"async\" class=\"size-large wp-image-137098\" src=\"https:\/\/graziamagazine.com\/mx\/wp-content\/uploads\/sites\/13\/2024\/05\/Captura-de-Pantalla-2024-05-15-a-las-13.18.40-663x1024.png\" alt=\"Los mejores looks de la alfombra roja Cannes 2024\" width=\"663\" height=\"1024\" srcset=\"https:\/\/graziamagazine.com\/mx\/wp-content\/uploads\/sites\/13\/2024\/05\/Captura-de-Pantalla-2024-05-15-a-las-13.18.40-663x1024.png 663w, https:\/\/graziamagazine.com\/mx\/wp-content\/uploads\/sites\/13\/2024\/05\/Captura-de-Pantalla-2024-05-15-a-las-13.18.40-291x450.png 291w, https:\/\/graziamagazine.com\/mx\/wp-content\/uploads\/sites\/13\/2024\/05\/Captura-de-Pantalla-2024-05-15-a-las-13.18.40-768x1187.png 768w, https:\/\/graziamagazine.com\/mx\/wp-content\/uploads\/sites\/13\/2024\/05\/Captura-de-Pantalla-2024-05-15-a-las-13.18.40-400x618.png 400w, https:\/\/graziamagazine.com\/mx\/wp-content\/uploads\/sites\/13\/2024\/05\/Captura-de-Pantalla-2024-05-15-a-las-13.18.40-139x215.png 139w, https:\/\/graziamagazine.com\/mx\/wp-content\/uploads\/sites\/13\/2024\/05\/Captura-de-Pantalla-2024-05-15-a-las-13.18.40.png 986w\" sizes=\"(max-width: 663px) 100vw, 663px\" \/><figcaption id=\"caption-attachment-137098\" class=\"wp-caption-text\">Los mejores looks de la alfombra roja Cannes 2024<\/figcaption><\/figure>\n<p>Taylor Hill deslumbr\u00f3 con un espectacular vestido blanco y negro con escote en forma de coraz\u00f3n, complementado con joyas de Messika.<\/p>\n<h2 class=\"BaseWrap-sc-gjQpdd BaseText-ewhhUZ GallerySlideCaptionHed-fiZQOl iUEiRd knlBl grNYxq\"><span class=\"GallerySlideCaptionHedText-iqjOmM jwPuvZ\">Lea Seydoux<\/span><\/h2>\n<figure id=\"attachment_137099\" aria-describedby=\"caption-attachment-137099\" style=\"width: 696px\" class=\"wp-caption alignnone\"><img loading=\"lazy\" decoding=\"async\" class=\"size-large wp-image-137099\" src=\"https:\/\/graziamagazine.com\/mx\/wp-content\/uploads\/sites\/13\/2024\/05\/Captura-de-Pantalla-2024-05-15-a-las-13.19.11-696x1024.png\" alt=\"Los mejores looks de la alfombra roja Cannes 2024\" width=\"696\" height=\"1024\" srcset=\"https:\/\/graziamagazine.com\/mx\/wp-content\/uploads\/sites\/13\/2024\/05\/Captura-de-Pantalla-2024-05-15-a-las-13.19.11-696x1024.png 696w, https:\/\/graziamagazine.com\/mx\/wp-content\/uploads\/sites\/13\/2024\/05\/Captura-de-Pantalla-2024-05-15-a-las-13.19.11-306x450.png 306w, https:\/\/graziamagazine.com\/mx\/wp-content\/uploads\/sites\/13\/2024\/05\/Captura-de-Pantalla-2024-05-15-a-las-13.19.11-768x1130.png 768w, https:\/\/graziamagazine.com\/mx\/wp-content\/uploads\/sites\/13\/2024\/05\/Captura-de-Pantalla-2024-05-15-a-las-13.19.11-400x589.png 400w, https:\/\/graziamagazine.com\/mx\/wp-content\/uploads\/sites\/13\/2024\/05\/Captura-de-Pantalla-2024-05-15-a-las-13.19.11-146x215.png 146w, https:\/\/graziamagazine.com\/mx\/wp-content\/uploads\/sites\/13\/2024\/05\/Captura-de-Pantalla-2024-05-15-a-las-13.19.11.png 1000w\" sizes=\"(max-width: 696px) 100vw, 696px\" \/><figcaption id=\"caption-attachment-137099\" class=\"wp-caption-text\">Los mejores looks de la alfombra roja Cannes 2024<\/figcaption><\/figure>\n<p>La actriz francesa Lea Seydoux impresion\u00f3 con un conjunto elegante con pantalones cortos de Louis Vuitton.<\/p>\n<h2 class=\"BaseWrap-sc-gjQpdd BaseText-ewhhUZ GallerySlideCaptionHed-fiZQOl iUEiRd knlBl grNYxq\"><span class=\"GallerySlideCaptionHedText-iqjOmM jwPuvZ\">Vicky Krieps<\/span><\/h2>\n<figure id=\"attachment_137100\" aria-describedby=\"caption-attachment-137100\" style=\"width: 643px\" class=\"wp-caption alignnone\"><img loading=\"lazy\" decoding=\"async\" class=\"size-large wp-image-137100\" src=\"https:\/\/graziamagazine.com\/mx\/wp-content\/uploads\/sites\/13\/2024\/05\/Captura-de-Pantalla-2024-05-15-a-las-13.19.32-643x1024.png\" alt=\"Los mejores looks de la alfombra roja Cannes 2024\" width=\"643\" height=\"1024\" srcset=\"https:\/\/graziamagazine.com\/mx\/wp-content\/uploads\/sites\/13\/2024\/05\/Captura-de-Pantalla-2024-05-15-a-las-13.19.32-643x1024.png 643w, https:\/\/graziamagazine.com\/mx\/wp-content\/uploads\/sites\/13\/2024\/05\/Captura-de-Pantalla-2024-05-15-a-las-13.19.32-283x450.png 283w, https:\/\/graziamagazine.com\/mx\/wp-content\/uploads\/sites\/13\/2024\/05\/Captura-de-Pantalla-2024-05-15-a-las-13.19.32-400x637.png 400w, https:\/\/graziamagazine.com\/mx\/wp-content\/uploads\/sites\/13\/2024\/05\/Captura-de-Pantalla-2024-05-15-a-las-13.19.32-135x215.png 135w, https:\/\/graziamagazine.com\/mx\/wp-content\/uploads\/sites\/13\/2024\/05\/Captura-de-Pantalla-2024-05-15-a-las-13.19.32.png 726w\" sizes=\"(max-width: 643px) 100vw, 643px\" \/><figcaption id=\"caption-attachment-137100\" class=\"wp-caption-text\">Los mejores looks de la alfombra roja Cannes 2024<\/figcaption><\/figure>\n<p>Vicky Krieps opt\u00f3 por una creaci\u00f3n con holanes, a\u00f1adiendo un toque de feminidad y elegancia a su apariencia.<\/p>\n<h3>Ramata-Toulaye SY<\/h3>\n<p><img loading=\"lazy\" decoding=\"async\" class=\"size-large wp-image-137131\" src=\"https:\/\/graziamagazine.com\/mx\/wp-content\/uploads\/sites\/13\/2024\/05\/chanel_ramata-toulaye-sy-wore-chanel-at-the-he-77th-annual-cannes-film-festival-opening-ceremony-14052_3-HD-683x1024.jpg\" alt=\"\" width=\"683\" height=\"1024\" srcset=\"https:\/\/graziamagazine.com\/mx\/wp-content\/uploads\/sites\/13\/2024\/05\/chanel_ramata-toulaye-sy-wore-chanel-at-the-he-77th-annual-cannes-film-festival-opening-ceremony-14052_3-HD-683x1024.jpg 683w, https:\/\/graziamagazine.com\/mx\/wp-content\/uploads\/sites\/13\/2024\/05\/chanel_ramata-toulaye-sy-wore-chanel-at-the-he-77th-annual-cannes-film-festival-opening-ceremony-14052_3-HD-300x450.jpg 300w, https:\/\/graziamagazine.com\/mx\/wp-content\/uploads\/sites\/13\/2024\/05\/chanel_ramata-toulaye-sy-wore-chanel-at-the-he-77th-annual-cannes-film-festival-opening-ceremony-14052_3-HD-768x1152.jpg 768w, https:\/\/graziamagazine.com\/mx\/wp-content\/uploads\/sites\/13\/2024\/05\/chanel_ramata-toulaye-sy-wore-chanel-at-the-he-77th-annual-cannes-film-festival-opening-ceremony-14052_3-HD-1024x1536.jpg 1024w, https:\/\/graziamagazine.com\/mx\/wp-content\/uploads\/sites\/13\/2024\/05\/chanel_ramata-toulaye-sy-wore-chanel-at-the-he-77th-annual-cannes-film-festival-opening-ceremony-14052_3-HD-1365x2048.jpg 1365w, https:\/\/graziamagazine.com\/mx\/wp-content\/uploads\/sites\/13\/2024\/05\/chanel_ramata-toulaye-sy-wore-chanel-at-the-he-77th-annual-cannes-film-festival-opening-ceremony-14052_3-HD-400x600.jpg 400w, https:\/\/graziamagazine.com\/mx\/wp-content\/uploads\/sites\/13\/2024\/05\/chanel_ramata-toulaye-sy-wore-chanel-at-the-he-77th-annual-cannes-film-festival-opening-ceremony-14052_3-HD-143x215.jpg 143w, https:\/\/graziamagazine.com\/mx\/wp-content\/uploads\/sites\/13\/2024\/05\/chanel_ramata-toulaye-sy-wore-chanel-at-the-he-77th-annual-cannes-film-festival-opening-ceremony-14052_3-HD-scaled.jpg 1707w\" sizes=\"(max-width: 683px) 100vw, 683px\" \/><\/p>\n<p>Con un look fresco y caracter\u00edstico de la firma Chanel, la actriz luci\u00f3 un hermoso conjunto en color rosa combinado con una cl\u00e1sica bolsa de la firma.<\/p>\n<h3>Vicky KRIEPS<\/h3>\n<p><img loading=\"lazy\" decoding=\"async\" class=\"size-large wp-image-137132\" src=\"https:\/\/graziamagazine.com\/mx\/wp-content\/uploads\/sites\/13\/2024\/05\/chanel_vicky-krieps-wore-chanel-at-the-he-77th-annual-cannes-film-festival-opening-ceremony-140524-HD-683x1024.jpg\" alt=\"\" width=\"683\" height=\"1024\" srcset=\"https:\/\/graziamagazine.com\/mx\/wp-content\/uploads\/sites\/13\/2024\/05\/chanel_vicky-krieps-wore-chanel-at-the-he-77th-annual-cannes-film-festival-opening-ceremony-140524-HD-683x1024.jpg 683w, https:\/\/graziamagazine.com\/mx\/wp-content\/uploads\/sites\/13\/2024\/05\/chanel_vicky-krieps-wore-chanel-at-the-he-77th-annual-cannes-film-festival-opening-ceremony-140524-HD-300x450.jpg 300w, https:\/\/graziamagazine.com\/mx\/wp-content\/uploads\/sites\/13\/2024\/05\/chanel_vicky-krieps-wore-chanel-at-the-he-77th-annual-cannes-film-festival-opening-ceremony-140524-HD-768x1152.jpg 768w, https:\/\/graziamagazine.com\/mx\/wp-content\/uploads\/sites\/13\/2024\/05\/chanel_vicky-krieps-wore-chanel-at-the-he-77th-annual-cannes-film-festival-opening-ceremony-140524-HD-1024x1536.jpg 1024w, https:\/\/graziamagazine.com\/mx\/wp-content\/uploads\/sites\/13\/2024\/05\/chanel_vicky-krieps-wore-chanel-at-the-he-77th-annual-cannes-film-festival-opening-ceremony-140524-HD-1365x2048.jpg 1365w, https:\/\/graziamagazine.com\/mx\/wp-content\/uploads\/sites\/13\/2024\/05\/chanel_vicky-krieps-wore-chanel-at-the-he-77th-annual-cannes-film-festival-opening-ceremony-140524-HD-400x600.jpg 400w, https:\/\/graziamagazine.com\/mx\/wp-content\/uploads\/sites\/13\/2024\/05\/chanel_vicky-krieps-wore-chanel-at-the-he-77th-annual-cannes-film-festival-opening-ceremony-140524-HD-143x215.jpg 143w, https:\/\/graziamagazine.com\/mx\/wp-content\/uploads\/sites\/13\/2024\/05\/chanel_vicky-krieps-wore-chanel-at-the-he-77th-annual-cannes-film-festival-opening-ceremony-140524-HD-scaled.jpg 1707w\" sizes=\"(max-width: 683px) 100vw, 683px\" \/><\/p>\n<p>Un segundo look que acapar\u00f3 las miradas del publico de la distintiva firma Chanel.<\/p>\n<h3>Ke-Xi WU<\/h3>\n<p><img loading=\"lazy\" decoding=\"async\" class=\"size-large wp-image-137130\" src=\"https:\/\/graziamagazine.com\/mx\/wp-content\/uploads\/sites\/13\/2024\/05\/chanel_ke-xi-wu-wore-chanel-at-the-he-77th-annual-cannes-film-festival-opening-ceremony-140524-HD-683x1024.jpg\" alt=\"\" width=\"683\" height=\"1024\" srcset=\"https:\/\/graziamagazine.com\/mx\/wp-content\/uploads\/sites\/13\/2024\/05\/chanel_ke-xi-wu-wore-chanel-at-the-he-77th-annual-cannes-film-festival-opening-ceremony-140524-HD-683x1024.jpg 683w, https:\/\/graziamagazine.com\/mx\/wp-content\/uploads\/sites\/13\/2024\/05\/chanel_ke-xi-wu-wore-chanel-at-the-he-77th-annual-cannes-film-festival-opening-ceremony-140524-HD-300x450.jpg 300w, https:\/\/graziamagazine.com\/mx\/wp-content\/uploads\/sites\/13\/2024\/05\/chanel_ke-xi-wu-wore-chanel-at-the-he-77th-annual-cannes-film-festival-opening-ceremony-140524-HD-768x1152.jpg 768w, https:\/\/graziamagazine.com\/mx\/wp-content\/uploads\/sites\/13\/2024\/05\/chanel_ke-xi-wu-wore-chanel-at-the-he-77th-annual-cannes-film-festival-opening-ceremony-140524-HD-1024x1536.jpg 1024w, https:\/\/graziamagazine.com\/mx\/wp-content\/uploads\/sites\/13\/2024\/05\/chanel_ke-xi-wu-wore-chanel-at-the-he-77th-annual-cannes-film-festival-opening-ceremony-140524-HD-1365x2048.jpg 1365w, https:\/\/graziamagazine.com\/mx\/wp-content\/uploads\/sites\/13\/2024\/05\/chanel_ke-xi-wu-wore-chanel-at-the-he-77th-annual-cannes-film-festival-opening-ceremony-140524-HD-400x600.jpg 400w, https:\/\/graziamagazine.com\/mx\/wp-content\/uploads\/sites\/13\/2024\/05\/chanel_ke-xi-wu-wore-chanel-at-the-he-77th-annual-cannes-film-festival-opening-ceremony-140524-HD-143x215.jpg 143w, https:\/\/graziamagazine.com\/mx\/wp-content\/uploads\/sites\/13\/2024\/05\/chanel_ke-xi-wu-wore-chanel-at-the-he-77th-annual-cannes-film-festival-opening-ceremony-140524-HD-scaled.jpg 1707w\" sizes=\"(max-width: 683px) 100vw, 683px\" \/><\/p>\n<p>La celebridad opt\u00f3 por un vestido floreado de Chanel con escote palabra de honor y zapatillas negras.<\/p>\n<p>&nbsp;<\/p>\n<p><em><strong>*IMAGEN: Google Images<\/strong><\/em><\/p>\n<p>&nbsp;<\/p>\n<p>&nbsp;<\/p>\n<\/div>\n<\/div>\n<p>&nbsp;<\/p>\n","protected":false},"author":28953,"featured_media":137271,"template":"","format":"standard","categories":[114],"acf":[],"yoast_head":"<!-- This site is optimized with the Yoast SEO Premium plugin v18.5 (Yoast SEO v20.4) - https:\/\/yoast.com\/wordpress\/plugins\/seo\/ -->\n<title>Los mejores looks de la alfombra roja Cannes 2024<\/title>\n<meta name=\"description\" content=\"Si te apasiona la moda y el cine, no te puedes perder los mejores looks de la alfombra roja del Festival de Cannes 2024.\" \/>\n<meta name=\"robots\" content=\"index, follow, max-snippet:-1, max-image-preview:large, max-video-preview:-1\" \/>\n<link rel=\"canonical\" href=\"https:\/\/graziamagazine.com\/mx\/articles\/los-mejores-looks-de-la-alfombra-roja-cannes-2024\/\" \/>\n<meta property=\"og:locale\" content=\"es_MX\" \/>\n<meta property=\"og:type\" content=\"article\" \/>\n<meta property=\"og:title\" content=\"Los mejores looks de la alfombra roja Cannes 2024\" \/>\n<meta property=\"og:description\" content=\"Si te apasiona la moda y el cine, no te puedes perder los mejores looks de la alfombra roja del Festival de Cannes 2024.\" \/>\n<meta property=\"og:url\" content=\"https:\/\/graziamagazine.com\/mx\/articles\/los-mejores-looks-de-la-alfombra-roja-cannes-2024\/\" \/>\n<meta property=\"og:site_name\" content=\"Grazia M\u00e9xico y Latinoam\u00e9rica\" \/>\n<meta property=\"article:modified_time\" content=\"2024-05-27T04:19:06+00:00\" \/>\n<meta property=\"og:image\" content=\"https:\/\/graziamagazine.com\/mx\/wp-content\/uploads\/sites\/13\/2024\/05\/mejores-looks-cannes-2024-velvet.jpg\" \/>\n\t<meta property=\"og:image:width\" content=\"1490\" \/>\n\t<meta property=\"og:image:height\" content=\"949\" \/>\n\t<meta property=\"og:image:type\" content=\"image\/jpeg\" \/>\n<meta name=\"twitter:card\" content=\"summary_large_image\" \/>\n<meta name=\"twitter:label1\" content=\"Est. reading time\" \/>\n\t<meta name=\"twitter:data1\" content=\"44 minutos\" \/>\n<script type=\"application\/ld+json\" class=\"yoast-schema-graph\">{\"@context\":\"https:\/\/schema.org\",\"@graph\":[{\"@type\":\"WebPage\",\"@id\":\"https:\/\/graziamagazine.com\/mx\/articles\/los-mejores-looks-de-la-alfombra-roja-cannes-2024\/\",\"url\":\"https:\/\/graziamagazine.com\/mx\/articles\/los-mejores-looks-de-la-alfombra-roja-cannes-2024\/\",\"name\":\"Los mejores looks de la alfombra roja Cannes 2024\",\"isPartOf\":{\"@id\":\"https:\/\/graziamagazine.com\/mx\/#website\"},\"datePublished\":\"2024-05-15T03:06:47+00:00\",\"dateModified\":\"2024-05-27T04:19:06+00:00\",\"description\":\"Si te apasiona la moda y el cine, no te puedes perder los mejores looks de la alfombra roja del Festival de Cannes 2024.\",\"breadcrumb\":{\"@id\":\"https:\/\/graziamagazine.com\/mx\/articles\/los-mejores-looks-de-la-alfombra-roja-cannes-2024\/#breadcrumb\"},\"inLanguage\":\"es-MX\",\"potentialAction\":[{\"@type\":\"ReadAction\",\"target\":[\"https:\/\/graziamagazine.com\/mx\/articles\/los-mejores-looks-de-la-alfombra-roja-cannes-2024\/\"]}]},{\"@type\":\"BreadcrumbList\",\"@id\":\"https:\/\/graziamagazine.com\/mx\/articles\/los-mejores-looks-de-la-alfombra-roja-cannes-2024\/#breadcrumb\",\"itemListElement\":[{\"@type\":\"ListItem\",\"position\":1,\"name\":\"Home\",\"item\":\"https:\/\/graziamagazine.com\/mx\/\"},{\"@type\":\"ListItem\",\"position\":2,\"name\":\"Los mejores looks de la alfombra roja Cannes 2024\"}]},{\"@type\":\"WebSite\",\"@id\":\"https:\/\/graziamagazine.com\/mx\/#website\",\"url\":\"https:\/\/graziamagazine.com\/mx\/\",\"name\":\"Grazia M\u00e9xico y Latinoam\u00e9rica\",\"description\":\"Grazia es moda, belleza y noticias  de actualidad \",\"potentialAction\":[{\"@type\":\"SearchAction\",\"target\":{\"@type\":\"EntryPoint\",\"urlTemplate\":\"https:\/\/graziamagazine.com\/mx\/?s={search_term_string}\"},\"query-input\":\"required name=search_term_string\"}],\"inLanguage\":\"es-MX\"}]}<\/script>\n<!-- \/ Yoast SEO Premium plugin. -->","yoast_head_json":{"title":"Los mejores looks de la alfombra roja Cannes 2024","description":"Si te apasiona la moda y el cine, no te puedes perder los mejores looks de la alfombra roja del Festival de Cannes 2024.","robots":{"index":"index","follow":"follow","max-snippet":"max-snippet:-1","max-image-preview":"max-image-preview:large","max-video-preview":"max-video-preview:-1"},"canonical":"https:\/\/graziamagazine.com\/mx\/articles\/los-mejores-looks-de-la-alfombra-roja-cannes-2024\/","og_locale":"es_MX","og_type":"article","og_title":"Los mejores looks de la alfombra roja Cannes 2024","og_description":"Si te apasiona la moda y el cine, no te puedes perder los mejores looks de la alfombra roja del Festival de Cannes 2024.","og_url":"https:\/\/graziamagazine.com\/mx\/articles\/los-mejores-looks-de-la-alfombra-roja-cannes-2024\/","og_site_name":"Grazia M\u00e9xico y Latinoam\u00e9rica","article_modified_time":"2024-05-27T04:19:06+00:00","og_image":[{"width":1490,"height":949,"url":"https:\/\/graziamagazine.com\/mx\/wp-content\/uploads\/sites\/13\/2024\/05\/mejores-looks-cannes-2024-velvet.jpg","type":"image\/jpeg"}],"twitter_card":"summary_large_image","twitter_misc":{"Est. reading time":"44 minutos"},"schema":{"@context":"https:\/\/schema.org","@graph":[{"@type":"WebPage","@id":"https:\/\/graziamagazine.com\/mx\/articles\/los-mejores-looks-de-la-alfombra-roja-cannes-2024\/","url":"https:\/\/graziamagazine.com\/mx\/articles\/los-mejores-looks-de-la-alfombra-roja-cannes-2024\/","name":"Los mejores looks de la alfombra roja Cannes 2024","isPartOf":{"@id":"https:\/\/graziamagazine.com\/mx\/#website"},"datePublished":"2024-05-15T03:06:47+00:00","dateModified":"2024-05-27T04:19:06+00:00","description":"Si te apasiona la moda y el cine, no te puedes perder los mejores looks de la alfombra roja del Festival de Cannes 2024.","breadcrumb":{"@id":"https:\/\/graziamagazine.com\/mx\/articles\/los-mejores-looks-de-la-alfombra-roja-cannes-2024\/#breadcrumb"},"inLanguage":"es-MX","potentialAction":[{"@type":"ReadAction","target":["https:\/\/graziamagazine.com\/mx\/articles\/los-mejores-looks-de-la-alfombra-roja-cannes-2024\/"]}]},{"@type":"BreadcrumbList","@id":"https:\/\/graziamagazine.com\/mx\/articles\/los-mejores-looks-de-la-alfombra-roja-cannes-2024\/#breadcrumb","itemListElement":[{"@type":"ListItem","position":1,"name":"Home","item":"https:\/\/graziamagazine.com\/mx\/"},{"@type":"ListItem","position":2,"name":"Los mejores looks de la alfombra roja Cannes 2024"}]},{"@type":"WebSite","@id":"https:\/\/graziamagazine.com\/mx\/#website","url":"https:\/\/graziamagazine.com\/mx\/","name":"Grazia M\u00e9xico y Latinoam\u00e9rica","description":"Grazia es moda, belleza y noticias  de actualidad ","potentialAction":[{"@type":"SearchAction","target":{"@type":"EntryPoint","urlTemplate":"https:\/\/graziamagazine.com\/mx\/?s={search_term_string}"},"query-input":"required name=search_term_string"}],"inLanguage":"es-MX"}]}},"jetpack_sharing_enabled":true,"distributor_meta":false,"distributor_terms":false,"distributor_media":false,"distributor_original_site_name":"Grazia M\u00e9xico y Latinoam\u00e9rica","distributor_original_site_url":"https:\/\/graziamagazine.com\/mx","push-errors":false,"_links":{"self":[{"href":"https:\/\/graziamagazine.com\/mx\/wp-json\/wp\/v2\/articles\/137067"}],"collection":[{"href":"https:\/\/graziamagazine.com\/mx\/wp-json\/wp\/v2\/articles"}],"about":[{"href":"https:\/\/graziamagazine.com\/mx\/wp-json\/wp\/v2\/types\/articles"}],"author":[{"embeddable":true,"href":"https:\/\/graziamagazine.com\/mx\/wp-json\/wp\/v2\/users\/28953"}],"wp:featuredmedia":[{"embeddable":true,"href":"https:\/\/graziamagazine.com\/mx\/wp-json\/wp\/v2\/media\/137271"}],"wp:attachment":[{"href":"https:\/\/graziamagazine.com\/mx\/wp-json\/wp\/v2\/media?parent=137067"}],"wp:term":[{"taxonomy":"category","embeddable":true,"href":"https:\/\/graziamagazine.com\/mx\/wp-json\/wp\/v2\/categories?post=137067"}],"curies":[{"name":"wp","href":"https:\/\/api.w.org\/{rel}","templated":true}]}}