{"id":137041,"date":"2024-05-14T13:25:49","date_gmt":"2024-05-14T18:25:49","guid":{"rendered":"https:\/\/graziamagazine.com\/mx\/?post_type=articles&#038;p=137041"},"modified":"2024-05-14T13:29:17","modified_gmt":"2024-05-14T18:29:17","slug":"la-fundacion-de-harry-y-meghan-atraviesa-dificultades-en-estados-unidos","status":"publish","type":"articles","link":"https:\/\/graziamagazine.com\/mx\/articles\/la-fundacion-de-harry-y-meghan-atraviesa-dificultades-en-estados-unidos\/","title":{"rendered":"La fundaci\u00f3n de Harry y Meghan atraviesa dificultades en Estados Unidos"},"content":{"rendered":"<p><span style=\"font-weight: 400\">La <strong>Fundaci\u00f3n Archewell<\/strong> de <strong>Meghan Markle y el pr\u00edncipe Harry<\/strong> ha sido declarada \u201cilegal\u201d, por lo que un juez orden\u00f3 que dejen de solicitar fondos y gastarlos, luego de que el Registro de Organizaciones Caritativas y de Recaudaci\u00f3n de Fondos de California los declarado morosos.<\/span><\/p>\n<p><span style=\"font-weight: 400\">Una fuente cercana a Archewell dijo que \u201clas declaraciones de impuestos de la fundaci\u00f3n se completaron cumpliendo con todas las regulaciones y se informaron ampliamente en diciembre de 2023. La presentaci\u00f3n, la renovaci\u00f3n y el pago necesario del estado de California se enviaron por correo rastreado a la Oficina del Procurador General y se recibieron a tiempo. Cualquier afirmaci\u00f3n que sugiera lo contrario es inexacta\u201d.<\/span><\/p>\n<p><span style=\"font-weight: 400\">El 3 de mayo, el <strong>Fiscal General de California, Rob Bonta<\/strong>, emiti\u00f3 un aviso de morosidad en nombre del Registro de organizaciones ben\u00e9ficas y de recaudaci\u00f3n de fondos para la Fundaci\u00f3n Archewell. De acuerdos on este documento, la organizaci\u00f3n est\u00e1 &#8220;incluida como morosa en el Registro de organizaciones ben\u00e9ficas y de recaudaci\u00f3n de fondos por no presentar los informes anuales requeridos y\/o las tarifas de renovaci\u00f3n&#8221;.<\/span><\/p>\n<p><span style=\"font-weight: 400\">&#8220;Una organizaci\u00f3n que figura como delincuente no est\u00e1 al d\u00eda y tiene prohibido participar en conductas para las cuales se requiere registro, incluida la solicitud o el desembolso de fondos caritativos&#8221;, se lee en la carta. &#8220;La organizaci\u00f3n tambi\u00e9n puede estar sujeta a sanciones y su registro puede ser suspendido o revocado por el Registro. Una vez que env\u00ede los registros morosos, se le notificar\u00e1 el monto de los cargos por pagos atrasados que se adeuden&#8221;.<\/span><\/p>\n<p><span style=\"font-weight: 400\">Seg\u00fan la fuente cercana, la organizaci\u00f3n present\u00f3 la solicitud a tiempo, pero nunca se recibi\u00f3 el cheque enviado. La fundaci\u00f3n no tuvo conocimiento de ello hasta que se emiti\u00f3 la notificaci\u00f3n de morosidad. Se envi\u00f3 un nuevo cheque por correo y la Fundaci\u00f3n Archewell espera que el problema se resuelva r\u00e1pidamente y se refleje en los registros dentro de los pr\u00f3ximos siete d\u00edas h\u00e1biles.<\/span><\/p>\n<p><span style=\"font-weight: 400\">La Fundaci\u00f3n Archewell es la organizaci\u00f3n sin fines de lucro establecida por el <a href=\"https:\/\/graziamagazine.com\/mx\/articles\/quien-es-el-verdadero-padre-del-principe-harry\/\">pr\u00edncipe Harry<\/a> y Meghan Markle, luego de su renuncia a sus roles reales en 2020.<\/span><\/p>\n<p><span style=\"font-weight: 400\">&#8220;Nuestra misi\u00f3n es simple: presentarnos, hacer el bien. Afrontamos el momento present\u00e1ndonos, tomando medidas y utilizando nuestra incomparable atenci\u00f3n para elevar y unir a las comunidades, locales y globales, a trav\u00e9s de actos de servicio y compasi\u00f3n&#8221;, dice su sitio web.<\/span><\/p>\n","protected":false},"author":11628,"featured_media":118346,"template":"","format":"standard","categories":[12484,12655],"acf":[],"yoast_head":"<!-- This site is optimized with the Yoast SEO Premium plugin v18.5 (Yoast SEO v20.4) - https:\/\/yoast.com\/wordpress\/plugins\/seo\/ -->\n<title>La fundaci\u00f3n de Harry y Meghan atraviesa dificultades en Estados Unidos | Grazia M\u00e9xico y Latinoam\u00e9rica<\/title>\n<meta name=\"description\" content=\"La Fundaci\u00f3n Archewell de Meghan Markle y el pr\u00edncipe Harry ha sido declarada \u201cilegal\u201d, por lo que un juez orden\u00f3 que dejen de solicitar fondos y\" \/>\n<meta name=\"robots\" content=\"index, follow, max-snippet:-1, max-image-preview:large, max-video-preview:-1\" \/>\n<link rel=\"canonical\" href=\"https:\/\/graziamagazine.com\/mx\/articles\/la-fundacion-de-harry-y-meghan-atraviesa-dificultades-en-estados-unidos\/\" \/>\n<meta property=\"og:locale\" content=\"es_MX\" \/>\n<meta property=\"og:type\" content=\"article\" \/>\n<meta property=\"og:title\" content=\"La fundaci\u00f3n de Harry y Meghan atraviesa dificultades en Estados Unidos\" \/>\n<meta property=\"og:description\" content=\"La Fundaci\u00f3n Archewell de Meghan Markle y el pr\u00edncipe Harry ha sido declarada \u201cilegal\u201d, por lo que un juez orden\u00f3 que dejen de solicitar fondos y\" \/>\n<meta property=\"og:url\" content=\"https:\/\/graziamagazine.com\/mx\/articles\/la-fundacion-de-harry-y-meghan-atraviesa-dificultades-en-estados-unidos\/\" \/>\n<meta property=\"og:site_name\" content=\"Grazia M\u00e9xico y Latinoam\u00e9rica\" \/>\n<meta property=\"article:modified_time\" content=\"2024-05-14T18:29:17+00:00\" \/>\n<meta property=\"og:image\" content=\"https:\/\/graziamagazine.com\/mx\/wp-content\/uploads\/sites\/13\/2022\/10\/Principe-Harry-y-Meghan-Markle-Getty-e1666211315442.jpg\" \/>\n\t<meta property=\"og:image:width\" content=\"1280\" \/>\n\t<meta property=\"og:image:height\" content=\"720\" \/>\n\t<meta property=\"og:image:type\" content=\"image\/jpeg\" \/>\n<meta name=\"twitter:card\" content=\"summary_large_image\" \/>\n<meta name=\"twitter:label1\" content=\"Est. reading time\" \/>\n\t<meta name=\"twitter:data1\" content=\"2 minutos\" \/>\n<script type=\"application\/ld+json\" class=\"yoast-schema-graph\">{\"@context\":\"https:\/\/schema.org\",\"@graph\":[{\"@type\":\"WebPage\",\"@id\":\"https:\/\/graziamagazine.com\/mx\/articles\/la-fundacion-de-harry-y-meghan-atraviesa-dificultades-en-estados-unidos\/\",\"url\":\"https:\/\/graziamagazine.com\/mx\/articles\/la-fundacion-de-harry-y-meghan-atraviesa-dificultades-en-estados-unidos\/\",\"name\":\"La fundaci\u00f3n de Harry y Meghan atraviesa dificultades en Estados Unidos | Grazia M\u00e9xico y Latinoam\u00e9rica\",\"isPartOf\":{\"@id\":\"https:\/\/graziamagazine.com\/mx\/#website\"},\"datePublished\":\"2024-05-14T18:25:49+00:00\",\"dateModified\":\"2024-05-14T18:29:17+00:00\",\"description\":\"La Fundaci\u00f3n Archewell de Meghan Markle y el pr\u00edncipe Harry ha sido declarada \u201cilegal\u201d, por lo que un juez orden\u00f3 que dejen de solicitar fondos y\",\"breadcrumb\":{\"@id\":\"https:\/\/graziamagazine.com\/mx\/articles\/la-fundacion-de-harry-y-meghan-atraviesa-dificultades-en-estados-unidos\/#breadcrumb\"},\"inLanguage\":\"es-MX\",\"potentialAction\":[{\"@type\":\"ReadAction\",\"target\":[\"https:\/\/graziamagazine.com\/mx\/articles\/la-fundacion-de-harry-y-meghan-atraviesa-dificultades-en-estados-unidos\/\"]}]},{\"@type\":\"BreadcrumbList\",\"@id\":\"https:\/\/graziamagazine.com\/mx\/articles\/la-fundacion-de-harry-y-meghan-atraviesa-dificultades-en-estados-unidos\/#breadcrumb\",\"itemListElement\":[{\"@type\":\"ListItem\",\"position\":1,\"name\":\"Home\",\"item\":\"https:\/\/graziamagazine.com\/mx\/\"},{\"@type\":\"ListItem\",\"position\":2,\"name\":\"La fundaci\u00f3n de Harry y Meghan atraviesa dificultades en Estados Unidos\"}]},{\"@type\":\"WebSite\",\"@id\":\"https:\/\/graziamagazine.com\/mx\/#website\",\"url\":\"https:\/\/graziamagazine.com\/mx\/\",\"name\":\"Grazia M\u00e9xico y Latinoam\u00e9rica\",\"description\":\"Grazia es moda, belleza y noticias  de actualidad \",\"potentialAction\":[{\"@type\":\"SearchAction\",\"target\":{\"@type\":\"EntryPoint\",\"urlTemplate\":\"https:\/\/graziamagazine.com\/mx\/?s={search_term_string}\"},\"query-input\":\"required name=search_term_string\"}],\"inLanguage\":\"es-MX\"}]}<\/script>\n<!-- \/ Yoast SEO Premium plugin. -->","yoast_head_json":{"title":"La fundaci\u00f3n de Harry y Meghan atraviesa dificultades en Estados Unidos | Grazia M\u00e9xico y Latinoam\u00e9rica","description":"La Fundaci\u00f3n Archewell de Meghan Markle y el pr\u00edncipe Harry ha sido declarada \u201cilegal\u201d, por lo que un juez orden\u00f3 que dejen de solicitar fondos y","robots":{"index":"index","follow":"follow","max-snippet":"max-snippet:-1","max-image-preview":"max-image-preview:large","max-video-preview":"max-video-preview:-1"},"canonical":"https:\/\/graziamagazine.com\/mx\/articles\/la-fundacion-de-harry-y-meghan-atraviesa-dificultades-en-estados-unidos\/","og_locale":"es_MX","og_type":"article","og_title":"La fundaci\u00f3n de Harry y Meghan atraviesa dificultades en Estados Unidos","og_description":"La Fundaci\u00f3n Archewell de Meghan Markle y el pr\u00edncipe Harry ha sido declarada \u201cilegal\u201d, por lo que un juez orden\u00f3 que dejen de solicitar fondos y","og_url":"https:\/\/graziamagazine.com\/mx\/articles\/la-fundacion-de-harry-y-meghan-atraviesa-dificultades-en-estados-unidos\/","og_site_name":"Grazia M\u00e9xico y Latinoam\u00e9rica","article_modified_time":"2024-05-14T18:29:17+00:00","og_image":[{"width":1280,"height":720,"url":"https:\/\/graziamagazine.com\/mx\/wp-content\/uploads\/sites\/13\/2022\/10\/Principe-Harry-y-Meghan-Markle-Getty-e1666211315442.jpg","type":"image\/jpeg"}],"twitter_card":"summary_large_image","twitter_misc":{"Est. reading time":"2 minutos"},"schema":{"@context":"https:\/\/schema.org","@graph":[{"@type":"WebPage","@id":"https:\/\/graziamagazine.com\/mx\/articles\/la-fundacion-de-harry-y-meghan-atraviesa-dificultades-en-estados-unidos\/","url":"https:\/\/graziamagazine.com\/mx\/articles\/la-fundacion-de-harry-y-meghan-atraviesa-dificultades-en-estados-unidos\/","name":"La fundaci\u00f3n de Harry y Meghan atraviesa dificultades en Estados Unidos | Grazia M\u00e9xico y Latinoam\u00e9rica","isPartOf":{"@id":"https:\/\/graziamagazine.com\/mx\/#website"},"datePublished":"2024-05-14T18:25:49+00:00","dateModified":"2024-05-14T18:29:17+00:00","description":"La Fundaci\u00f3n Archewell de Meghan Markle y el pr\u00edncipe Harry ha sido declarada \u201cilegal\u201d, por lo que un juez orden\u00f3 que dejen de solicitar fondos y","breadcrumb":{"@id":"https:\/\/graziamagazine.com\/mx\/articles\/la-fundacion-de-harry-y-meghan-atraviesa-dificultades-en-estados-unidos\/#breadcrumb"},"inLanguage":"es-MX","potentialAction":[{"@type":"ReadAction","target":["https:\/\/graziamagazine.com\/mx\/articles\/la-fundacion-de-harry-y-meghan-atraviesa-dificultades-en-estados-unidos\/"]}]},{"@type":"BreadcrumbList","@id":"https:\/\/graziamagazine.com\/mx\/articles\/la-fundacion-de-harry-y-meghan-atraviesa-dificultades-en-estados-unidos\/#breadcrumb","itemListElement":[{"@type":"ListItem","position":1,"name":"Home","item":"https:\/\/graziamagazine.com\/mx\/"},{"@type":"ListItem","position":2,"name":"La fundaci\u00f3n de Harry y Meghan atraviesa dificultades en Estados Unidos"}]},{"@type":"WebSite","@id":"https:\/\/graziamagazine.com\/mx\/#website","url":"https:\/\/graziamagazine.com\/mx\/","name":"Grazia M\u00e9xico y Latinoam\u00e9rica","description":"Grazia es moda, belleza y noticias  de actualidad ","potentialAction":[{"@type":"SearchAction","target":{"@type":"EntryPoint","urlTemplate":"https:\/\/graziamagazine.com\/mx\/?s={search_term_string}"},"query-input":"required name=search_term_string"}],"inLanguage":"es-MX"}]}},"jetpack_sharing_enabled":true,"distributor_meta":false,"distributor_terms":false,"distributor_media":false,"distributor_original_site_name":"Grazia M\u00e9xico y Latinoam\u00e9rica","distributor_original_site_url":"https:\/\/graziamagazine.com\/mx","push-errors":false,"_links":{"self":[{"href":"https:\/\/graziamagazine.com\/mx\/wp-json\/wp\/v2\/articles\/137041"}],"collection":[{"href":"https:\/\/graziamagazine.com\/mx\/wp-json\/wp\/v2\/articles"}],"about":[{"href":"https:\/\/graziamagazine.com\/mx\/wp-json\/wp\/v2\/types\/articles"}],"author":[{"embeddable":true,"href":"https:\/\/graziamagazine.com\/mx\/wp-json\/wp\/v2\/users\/11628"}],"wp:featuredmedia":[{"embeddable":true,"href":"https:\/\/graziamagazine.com\/mx\/wp-json\/wp\/v2\/media\/118346"}],"wp:attachment":[{"href":"https:\/\/graziamagazine.com\/mx\/wp-json\/wp\/v2\/media?parent=137041"}],"wp:term":[{"taxonomy":"category","embeddable":true,"href":"https:\/\/graziamagazine.com\/mx\/wp-json\/wp\/v2\/categories?post=137041"}],"curies":[{"name":"wp","href":"https:\/\/api.w.org\/{rel}","templated":true}]}}