{"id":136995,"date":"2024-05-13T23:29:02","date_gmt":"2024-05-14T04:29:02","guid":{"rendered":"https:\/\/graziamagazine.com\/mx\/?post_type=articles&#038;p=136995"},"modified":"2024-05-13T23:46:56","modified_gmt":"2024-05-14T04:46:56","slug":"gucci-crucero-2025-sabato-de-sarno-nos-sumerge-en-un-sueno-de-primavera","status":"publish","type":"articles","link":"https:\/\/graziamagazine.com\/mx\/articles\/gucci-crucero-2025-sabato-de-sarno-nos-sumerge-en-un-sueno-de-primavera\/","title":{"rendered":"Gucci Crucero 2025: Sabato de Sarno nos sumerge en un sue\u00f1o de primavera"},"content":{"rendered":"<p>Sabato de Sarno ha llevado a<strong> Gucci<\/strong> por un camino inesperado con su primera colecci\u00f3n <strong>Crucero 2025<\/strong>, presentada en Tate Modern, el <strong>Museo Nacional Brit\u00e1nico de Arte Moderno<\/strong> en el coraz\u00f3n de <strong>Londres<\/strong>.<\/p>\n<p>Su enfoque en cortes simples y elegantes, liberados de adornos extravagantes, ha capturado la esencia del <strong>&#8220;quiet luxury&#8221;<\/strong> en un momento perfecto.<\/p>\n<div class=\"content-gallery\"><div class=\"gallery-placeholder\"><div class=\"spinner\"><\/div><\/div><span class=\"gallery-pagination\"><\/span><div id=\"gallery-1\" class=\"gallery galleryid-136995 gallery-columns- gallery-size-\"><figure class=\"gallery-item\"><div class=\"gallery-icon landscape\"><img loading=\"lazy\" decoding=\"async\" width=\"830\" height=\"1282\" src=\"https:\/\/graziamagazine.com\/mx\/wp-content\/uploads\/sites\/13\/2024\/05\/Captura-de-Pantalla-2024-05-13-a-las-22.34.10.png\" class=\"lazy\" alt=\"\" srcset=\"https:\/\/graziamagazine.com\/mx\/wp-content\/uploads\/sites\/13\/2024\/05\/Captura-de-Pantalla-2024-05-13-a-las-22.34.10.png 830w, https:\/\/graziamagazine.com\/mx\/wp-content\/uploads\/sites\/13\/2024\/05\/Captura-de-Pantalla-2024-05-13-a-las-22.34.10-291x450.png 291w, https:\/\/graziamagazine.com\/mx\/wp-content\/uploads\/sites\/13\/2024\/05\/Captura-de-Pantalla-2024-05-13-a-las-22.34.10-663x1024.png 663w, https:\/\/graziamagazine.com\/mx\/wp-content\/uploads\/sites\/13\/2024\/05\/Captura-de-Pantalla-2024-05-13-a-las-22.34.10-768x1186.png 768w, https:\/\/graziamagazine.com\/mx\/wp-content\/uploads\/sites\/13\/2024\/05\/Captura-de-Pantalla-2024-05-13-a-las-22.34.10-400x618.png 400w, https:\/\/graziamagazine.com\/mx\/wp-content\/uploads\/sites\/13\/2024\/05\/Captura-de-Pantalla-2024-05-13-a-las-22.34.10-139x215.png 139w\" sizes=\"(max-width: 830px) 100vw, 830px\" \/><\/div><\/figure><figure class=\"gallery-item\"><div class=\"gallery-icon landscape\"><img loading=\"lazy\" decoding=\"async\" width=\"830\" height=\"1282\" src=\"https:\/\/graziamagazine.com\/mx\/wp-content\/uploads\/sites\/13\/2024\/05\/Captura-de-Pantalla-2024-05-13-a-las-22.34.13.png\" class=\"lazy\" alt=\"\" srcset=\"https:\/\/graziamagazine.com\/mx\/wp-content\/uploads\/sites\/13\/2024\/05\/Captura-de-Pantalla-2024-05-13-a-las-22.34.13.png 830w, https:\/\/graziamagazine.com\/mx\/wp-content\/uploads\/sites\/13\/2024\/05\/Captura-de-Pantalla-2024-05-13-a-las-22.34.13-291x450.png 291w, https:\/\/graziamagazine.com\/mx\/wp-content\/uploads\/sites\/13\/2024\/05\/Captura-de-Pantalla-2024-05-13-a-las-22.34.13-663x1024.png 663w, https:\/\/graziamagazine.com\/mx\/wp-content\/uploads\/sites\/13\/2024\/05\/Captura-de-Pantalla-2024-05-13-a-las-22.34.13-768x1186.png 768w, https:\/\/graziamagazine.com\/mx\/wp-content\/uploads\/sites\/13\/2024\/05\/Captura-de-Pantalla-2024-05-13-a-las-22.34.13-400x618.png 400w, https:\/\/graziamagazine.com\/mx\/wp-content\/uploads\/sites\/13\/2024\/05\/Captura-de-Pantalla-2024-05-13-a-las-22.34.13-139x215.png 139w\" sizes=\"(max-width: 830px) 100vw, 830px\" \/><\/div><\/figure><figure class=\"gallery-item\"><div class=\"gallery-icon landscape\"><img loading=\"lazy\" decoding=\"async\" width=\"830\" height=\"1282\" src=\"https:\/\/graziamagazine.com\/mx\/wp-content\/uploads\/sites\/13\/2024\/05\/Captura-de-Pantalla-2024-05-13-a-las-22.34.14.png\" class=\"lazy\" alt=\"\" srcset=\"https:\/\/graziamagazine.com\/mx\/wp-content\/uploads\/sites\/13\/2024\/05\/Captura-de-Pantalla-2024-05-13-a-las-22.34.14.png 830w, https:\/\/graziamagazine.com\/mx\/wp-content\/uploads\/sites\/13\/2024\/05\/Captura-de-Pantalla-2024-05-13-a-las-22.34.14-291x450.png 291w, https:\/\/graziamagazine.com\/mx\/wp-content\/uploads\/sites\/13\/2024\/05\/Captura-de-Pantalla-2024-05-13-a-las-22.34.14-663x1024.png 663w, https:\/\/graziamagazine.com\/mx\/wp-content\/uploads\/sites\/13\/2024\/05\/Captura-de-Pantalla-2024-05-13-a-las-22.34.14-768x1186.png 768w, https:\/\/graziamagazine.com\/mx\/wp-content\/uploads\/sites\/13\/2024\/05\/Captura-de-Pantalla-2024-05-13-a-las-22.34.14-400x618.png 400w, https:\/\/graziamagazine.com\/mx\/wp-content\/uploads\/sites\/13\/2024\/05\/Captura-de-Pantalla-2024-05-13-a-las-22.34.14-139x215.png 139w\" sizes=\"(max-width: 830px) 100vw, 830px\" \/><\/div><\/figure><figure class=\"gallery-item\"><div class=\"gallery-icon landscape\"><img loading=\"lazy\" decoding=\"async\" width=\"830\" height=\"1282\" src=\"https:\/\/graziamagazine.com\/mx\/wp-content\/uploads\/sites\/13\/2024\/05\/Captura-de-Pantalla-2024-05-13-a-las-22.34.17.png\" class=\"lazy\" alt=\"\" srcset=\"https:\/\/graziamagazine.com\/mx\/wp-content\/uploads\/sites\/13\/2024\/05\/Captura-de-Pantalla-2024-05-13-a-las-22.34.17.png 830w, https:\/\/graziamagazine.com\/mx\/wp-content\/uploads\/sites\/13\/2024\/05\/Captura-de-Pantalla-2024-05-13-a-las-22.34.17-291x450.png 291w, https:\/\/graziamagazine.com\/mx\/wp-content\/uploads\/sites\/13\/2024\/05\/Captura-de-Pantalla-2024-05-13-a-las-22.34.17-663x1024.png 663w, https:\/\/graziamagazine.com\/mx\/wp-content\/uploads\/sites\/13\/2024\/05\/Captura-de-Pantalla-2024-05-13-a-las-22.34.17-768x1186.png 768w, https:\/\/graziamagazine.com\/mx\/wp-content\/uploads\/sites\/13\/2024\/05\/Captura-de-Pantalla-2024-05-13-a-las-22.34.17-400x618.png 400w, https:\/\/graziamagazine.com\/mx\/wp-content\/uploads\/sites\/13\/2024\/05\/Captura-de-Pantalla-2024-05-13-a-las-22.34.17-139x215.png 139w\" sizes=\"(max-width: 830px) 100vw, 830px\" \/><\/div><\/figure><figure class=\"gallery-item\"><div class=\"gallery-icon landscape\"><img loading=\"lazy\" decoding=\"async\" width=\"830\" height=\"1282\" src=\"https:\/\/graziamagazine.com\/mx\/wp-content\/uploads\/sites\/13\/2024\/05\/Captura-de-Pantalla-2024-05-13-a-las-22.34.20.png\" class=\"lazy\" alt=\"\" srcset=\"https:\/\/graziamagazine.com\/mx\/wp-content\/uploads\/sites\/13\/2024\/05\/Captura-de-Pantalla-2024-05-13-a-las-22.34.20.png 830w, https:\/\/graziamagazine.com\/mx\/wp-content\/uploads\/sites\/13\/2024\/05\/Captura-de-Pantalla-2024-05-13-a-las-22.34.20-291x450.png 291w, https:\/\/graziamagazine.com\/mx\/wp-content\/uploads\/sites\/13\/2024\/05\/Captura-de-Pantalla-2024-05-13-a-las-22.34.20-663x1024.png 663w, https:\/\/graziamagazine.com\/mx\/wp-content\/uploads\/sites\/13\/2024\/05\/Captura-de-Pantalla-2024-05-13-a-las-22.34.20-768x1186.png 768w, https:\/\/graziamagazine.com\/mx\/wp-content\/uploads\/sites\/13\/2024\/05\/Captura-de-Pantalla-2024-05-13-a-las-22.34.20-400x618.png 400w, https:\/\/graziamagazine.com\/mx\/wp-content\/uploads\/sites\/13\/2024\/05\/Captura-de-Pantalla-2024-05-13-a-las-22.34.20-139x215.png 139w\" sizes=\"(max-width: 830px) 100vw, 830px\" \/><\/div><\/figure><figure class=\"gallery-item\"><div class=\"gallery-icon landscape\"><img loading=\"lazy\" decoding=\"async\" width=\"830\" height=\"1282\" src=\"https:\/\/graziamagazine.com\/mx\/wp-content\/uploads\/sites\/13\/2024\/05\/Captura-de-Pantalla-2024-05-13-a-las-22.34.24.png\" class=\"lazy\" alt=\"\" srcset=\"https:\/\/graziamagazine.com\/mx\/wp-content\/uploads\/sites\/13\/2024\/05\/Captura-de-Pantalla-2024-05-13-a-las-22.34.24.png 830w, https:\/\/graziamagazine.com\/mx\/wp-content\/uploads\/sites\/13\/2024\/05\/Captura-de-Pantalla-2024-05-13-a-las-22.34.24-291x450.png 291w, https:\/\/graziamagazine.com\/mx\/wp-content\/uploads\/sites\/13\/2024\/05\/Captura-de-Pantalla-2024-05-13-a-las-22.34.24-663x1024.png 663w, https:\/\/graziamagazine.com\/mx\/wp-content\/uploads\/sites\/13\/2024\/05\/Captura-de-Pantalla-2024-05-13-a-las-22.34.24-768x1186.png 768w, https:\/\/graziamagazine.com\/mx\/wp-content\/uploads\/sites\/13\/2024\/05\/Captura-de-Pantalla-2024-05-13-a-las-22.34.24-400x618.png 400w, https:\/\/graziamagazine.com\/mx\/wp-content\/uploads\/sites\/13\/2024\/05\/Captura-de-Pantalla-2024-05-13-a-las-22.34.24-139x215.png 139w\" sizes=\"(max-width: 830px) 100vw, 830px\" \/><\/div><\/figure><figure class=\"gallery-item\"><div class=\"gallery-icon landscape\"><img loading=\"lazy\" decoding=\"async\" width=\"830\" height=\"1282\" src=\"https:\/\/graziamagazine.com\/mx\/wp-content\/uploads\/sites\/13\/2024\/05\/Captura-de-Pantalla-2024-05-13-a-las-22.34.25.png\" class=\"lazy\" alt=\"\" srcset=\"https:\/\/graziamagazine.com\/mx\/wp-content\/uploads\/sites\/13\/2024\/05\/Captura-de-Pantalla-2024-05-13-a-las-22.34.25.png 830w, https:\/\/graziamagazine.com\/mx\/wp-content\/uploads\/sites\/13\/2024\/05\/Captura-de-Pantalla-2024-05-13-a-las-22.34.25-291x450.png 291w, https:\/\/graziamagazine.com\/mx\/wp-content\/uploads\/sites\/13\/2024\/05\/Captura-de-Pantalla-2024-05-13-a-las-22.34.25-663x1024.png 663w, https:\/\/graziamagazine.com\/mx\/wp-content\/uploads\/sites\/13\/2024\/05\/Captura-de-Pantalla-2024-05-13-a-las-22.34.25-768x1186.png 768w, https:\/\/graziamagazine.com\/mx\/wp-content\/uploads\/sites\/13\/2024\/05\/Captura-de-Pantalla-2024-05-13-a-las-22.34.25-400x618.png 400w, https:\/\/graziamagazine.com\/mx\/wp-content\/uploads\/sites\/13\/2024\/05\/Captura-de-Pantalla-2024-05-13-a-las-22.34.25-139x215.png 139w\" sizes=\"(max-width: 830px) 100vw, 830px\" \/><\/div><\/figure><\/div><\/div>\n<blockquote><p>\u201cEscogimos Londres para el desfile de la colecci\u00f3n Cruise a sabiendas de que era la elecci\u00f3n correcta.\u00a0<strong>Le debo mucho a esta ciudad, que siempre me ha acogido y escuchado.<\/strong>\u00a0Lo mismo es aplicable a Gucci, cuyo fundador se inspir\u00f3 en su experiencia londinense. El regreso de la Casa est\u00e1 motivado por el deseo de sumergirse en su esencia distintiva, su impulso creativo con capacidad ilimitada para atraer contrastes, promover el di\u00e1logo entre ellos y encontrar formas de coexistir\u201d, afirma De Sarno en el comunicado de la marca.<\/p><\/blockquote>\n<p>Una de las caracter\u00edsticas m\u00e1s distintivas de esta colecci\u00f3n fue el uso prominente del <strong>estampado rojo Ancora<\/strong>. Este vibrante tono se vio en una variedad de prendas, desde <strong>flats hasta mini shorts<\/strong>, pasando por vestidos de ante y conjuntos de piel de dos piezas.<\/p>\n<p>Los conjuntos<strong> blancos texturizados<\/strong>, los <strong>pantalones y las camisas<\/strong> de mezclilla holgadas, as\u00ed como las blusas de seda estampadas y las faldas transparentes con motivos florales, tambi\u00e9n destacaron en la pasarela.<\/p>\n<div class=\"content-gallery\"><div class=\"gallery-placeholder\"><div class=\"spinner\"><\/div><\/div><span class=\"gallery-pagination\"><\/span><div id=\"gallery-2\" class=\"gallery galleryid-136995 gallery-columns- gallery-size-\"><figure class=\"gallery-item\"><div class=\"gallery-icon landscape\"><img loading=\"lazy\" decoding=\"async\" width=\"830\" height=\"1282\" src=\"https:\/\/graziamagazine.com\/mx\/wp-content\/uploads\/sites\/13\/2024\/05\/Captura-de-Pantalla-2024-05-13-a-las-22.34.27.png\" class=\"lazy\" alt=\"\" srcset=\"https:\/\/graziamagazine.com\/mx\/wp-content\/uploads\/sites\/13\/2024\/05\/Captura-de-Pantalla-2024-05-13-a-las-22.34.27.png 830w, https:\/\/graziamagazine.com\/mx\/wp-content\/uploads\/sites\/13\/2024\/05\/Captura-de-Pantalla-2024-05-13-a-las-22.34.27-291x450.png 291w, https:\/\/graziamagazine.com\/mx\/wp-content\/uploads\/sites\/13\/2024\/05\/Captura-de-Pantalla-2024-05-13-a-las-22.34.27-663x1024.png 663w, https:\/\/graziamagazine.com\/mx\/wp-content\/uploads\/sites\/13\/2024\/05\/Captura-de-Pantalla-2024-05-13-a-las-22.34.27-768x1186.png 768w, https:\/\/graziamagazine.com\/mx\/wp-content\/uploads\/sites\/13\/2024\/05\/Captura-de-Pantalla-2024-05-13-a-las-22.34.27-400x618.png 400w, https:\/\/graziamagazine.com\/mx\/wp-content\/uploads\/sites\/13\/2024\/05\/Captura-de-Pantalla-2024-05-13-a-las-22.34.27-139x215.png 139w\" sizes=\"(max-width: 830px) 100vw, 830px\" \/><\/div><\/figure><figure class=\"gallery-item\"><div class=\"gallery-icon landscape\"><img loading=\"lazy\" decoding=\"async\" width=\"830\" height=\"1282\" src=\"https:\/\/graziamagazine.com\/mx\/wp-content\/uploads\/sites\/13\/2024\/05\/Captura-de-Pantalla-2024-05-13-a-las-22.34.30.png\" class=\"lazy\" alt=\"\" srcset=\"https:\/\/graziamagazine.com\/mx\/wp-content\/uploads\/sites\/13\/2024\/05\/Captura-de-Pantalla-2024-05-13-a-las-22.34.30.png 830w, https:\/\/graziamagazine.com\/mx\/wp-content\/uploads\/sites\/13\/2024\/05\/Captura-de-Pantalla-2024-05-13-a-las-22.34.30-291x450.png 291w, https:\/\/graziamagazine.com\/mx\/wp-content\/uploads\/sites\/13\/2024\/05\/Captura-de-Pantalla-2024-05-13-a-las-22.34.30-663x1024.png 663w, https:\/\/graziamagazine.com\/mx\/wp-content\/uploads\/sites\/13\/2024\/05\/Captura-de-Pantalla-2024-05-13-a-las-22.34.30-768x1186.png 768w, https:\/\/graziamagazine.com\/mx\/wp-content\/uploads\/sites\/13\/2024\/05\/Captura-de-Pantalla-2024-05-13-a-las-22.34.30-400x618.png 400w, https:\/\/graziamagazine.com\/mx\/wp-content\/uploads\/sites\/13\/2024\/05\/Captura-de-Pantalla-2024-05-13-a-las-22.34.30-139x215.png 139w\" sizes=\"(max-width: 830px) 100vw, 830px\" \/><\/div><\/figure><figure class=\"gallery-item\"><div class=\"gallery-icon landscape\"><img loading=\"lazy\" decoding=\"async\" width=\"830\" height=\"1282\" src=\"https:\/\/graziamagazine.com\/mx\/wp-content\/uploads\/sites\/13\/2024\/05\/Captura-de-Pantalla-2024-05-13-a-las-22.34.32.png\" class=\"lazy\" alt=\"\" srcset=\"https:\/\/graziamagazine.com\/mx\/wp-content\/uploads\/sites\/13\/2024\/05\/Captura-de-Pantalla-2024-05-13-a-las-22.34.32.png 830w, https:\/\/graziamagazine.com\/mx\/wp-content\/uploads\/sites\/13\/2024\/05\/Captura-de-Pantalla-2024-05-13-a-las-22.34.32-291x450.png 291w, https:\/\/graziamagazine.com\/mx\/wp-content\/uploads\/sites\/13\/2024\/05\/Captura-de-Pantalla-2024-05-13-a-las-22.34.32-663x1024.png 663w, https:\/\/graziamagazine.com\/mx\/wp-content\/uploads\/sites\/13\/2024\/05\/Captura-de-Pantalla-2024-05-13-a-las-22.34.32-768x1186.png 768w, https:\/\/graziamagazine.com\/mx\/wp-content\/uploads\/sites\/13\/2024\/05\/Captura-de-Pantalla-2024-05-13-a-las-22.34.32-400x618.png 400w, https:\/\/graziamagazine.com\/mx\/wp-content\/uploads\/sites\/13\/2024\/05\/Captura-de-Pantalla-2024-05-13-a-las-22.34.32-139x215.png 139w\" sizes=\"(max-width: 830px) 100vw, 830px\" \/><\/div><\/figure><figure class=\"gallery-item\"><div class=\"gallery-icon landscape\"><img loading=\"lazy\" decoding=\"async\" width=\"830\" height=\"1282\" src=\"https:\/\/graziamagazine.com\/mx\/wp-content\/uploads\/sites\/13\/2024\/05\/Captura-de-Pantalla-2024-05-13-a-las-22.34.34.png\" class=\"lazy\" alt=\"\" srcset=\"https:\/\/graziamagazine.com\/mx\/wp-content\/uploads\/sites\/13\/2024\/05\/Captura-de-Pantalla-2024-05-13-a-las-22.34.34.png 830w, https:\/\/graziamagazine.com\/mx\/wp-content\/uploads\/sites\/13\/2024\/05\/Captura-de-Pantalla-2024-05-13-a-las-22.34.34-291x450.png 291w, https:\/\/graziamagazine.com\/mx\/wp-content\/uploads\/sites\/13\/2024\/05\/Captura-de-Pantalla-2024-05-13-a-las-22.34.34-663x1024.png 663w, https:\/\/graziamagazine.com\/mx\/wp-content\/uploads\/sites\/13\/2024\/05\/Captura-de-Pantalla-2024-05-13-a-las-22.34.34-768x1186.png 768w, https:\/\/graziamagazine.com\/mx\/wp-content\/uploads\/sites\/13\/2024\/05\/Captura-de-Pantalla-2024-05-13-a-las-22.34.34-400x618.png 400w, https:\/\/graziamagazine.com\/mx\/wp-content\/uploads\/sites\/13\/2024\/05\/Captura-de-Pantalla-2024-05-13-a-las-22.34.34-139x215.png 139w\" sizes=\"(max-width: 830px) 100vw, 830px\" \/><\/div><\/figure><figure class=\"gallery-item\"><div class=\"gallery-icon landscape\"><img loading=\"lazy\" decoding=\"async\" width=\"830\" height=\"1282\" src=\"https:\/\/graziamagazine.com\/mx\/wp-content\/uploads\/sites\/13\/2024\/05\/Captura-de-Pantalla-2024-05-13-a-las-22.34.42.png\" class=\"lazy\" alt=\"\" srcset=\"https:\/\/graziamagazine.com\/mx\/wp-content\/uploads\/sites\/13\/2024\/05\/Captura-de-Pantalla-2024-05-13-a-las-22.34.42.png 830w, https:\/\/graziamagazine.com\/mx\/wp-content\/uploads\/sites\/13\/2024\/05\/Captura-de-Pantalla-2024-05-13-a-las-22.34.42-291x450.png 291w, https:\/\/graziamagazine.com\/mx\/wp-content\/uploads\/sites\/13\/2024\/05\/Captura-de-Pantalla-2024-05-13-a-las-22.34.42-663x1024.png 663w, https:\/\/graziamagazine.com\/mx\/wp-content\/uploads\/sites\/13\/2024\/05\/Captura-de-Pantalla-2024-05-13-a-las-22.34.42-768x1186.png 768w, https:\/\/graziamagazine.com\/mx\/wp-content\/uploads\/sites\/13\/2024\/05\/Captura-de-Pantalla-2024-05-13-a-las-22.34.42-400x618.png 400w, https:\/\/graziamagazine.com\/mx\/wp-content\/uploads\/sites\/13\/2024\/05\/Captura-de-Pantalla-2024-05-13-a-las-22.34.42-139x215.png 139w\" sizes=\"(max-width: 830px) 100vw, 830px\" \/><\/div><\/figure><figure class=\"gallery-item\"><div class=\"gallery-icon landscape\"><img loading=\"lazy\" decoding=\"async\" width=\"830\" height=\"1282\" src=\"https:\/\/graziamagazine.com\/mx\/wp-content\/uploads\/sites\/13\/2024\/05\/Captura-de-Pantalla-2024-05-13-a-las-22.34.45.png\" class=\"lazy\" alt=\"\" srcset=\"https:\/\/graziamagazine.com\/mx\/wp-content\/uploads\/sites\/13\/2024\/05\/Captura-de-Pantalla-2024-05-13-a-las-22.34.45.png 830w, https:\/\/graziamagazine.com\/mx\/wp-content\/uploads\/sites\/13\/2024\/05\/Captura-de-Pantalla-2024-05-13-a-las-22.34.45-291x450.png 291w, https:\/\/graziamagazine.com\/mx\/wp-content\/uploads\/sites\/13\/2024\/05\/Captura-de-Pantalla-2024-05-13-a-las-22.34.45-663x1024.png 663w, https:\/\/graziamagazine.com\/mx\/wp-content\/uploads\/sites\/13\/2024\/05\/Captura-de-Pantalla-2024-05-13-a-las-22.34.45-768x1186.png 768w, https:\/\/graziamagazine.com\/mx\/wp-content\/uploads\/sites\/13\/2024\/05\/Captura-de-Pantalla-2024-05-13-a-las-22.34.45-400x618.png 400w, https:\/\/graziamagazine.com\/mx\/wp-content\/uploads\/sites\/13\/2024\/05\/Captura-de-Pantalla-2024-05-13-a-las-22.34.45-139x215.png 139w\" sizes=\"(max-width: 830px) 100vw, 830px\" \/><\/div><\/figure><figure class=\"gallery-item\"><div class=\"gallery-icon landscape\"><img loading=\"lazy\" decoding=\"async\" width=\"830\" height=\"1282\" src=\"https:\/\/graziamagazine.com\/mx\/wp-content\/uploads\/sites\/13\/2024\/05\/Captura-de-Pantalla-2024-05-13-a-las-22.35.00.png\" class=\"lazy\" alt=\"\" srcset=\"https:\/\/graziamagazine.com\/mx\/wp-content\/uploads\/sites\/13\/2024\/05\/Captura-de-Pantalla-2024-05-13-a-las-22.35.00.png 830w, https:\/\/graziamagazine.com\/mx\/wp-content\/uploads\/sites\/13\/2024\/05\/Captura-de-Pantalla-2024-05-13-a-las-22.35.00-291x450.png 291w, https:\/\/graziamagazine.com\/mx\/wp-content\/uploads\/sites\/13\/2024\/05\/Captura-de-Pantalla-2024-05-13-a-las-22.35.00-663x1024.png 663w, https:\/\/graziamagazine.com\/mx\/wp-content\/uploads\/sites\/13\/2024\/05\/Captura-de-Pantalla-2024-05-13-a-las-22.35.00-768x1186.png 768w, https:\/\/graziamagazine.com\/mx\/wp-content\/uploads\/sites\/13\/2024\/05\/Captura-de-Pantalla-2024-05-13-a-las-22.35.00-400x618.png 400w, https:\/\/graziamagazine.com\/mx\/wp-content\/uploads\/sites\/13\/2024\/05\/Captura-de-Pantalla-2024-05-13-a-las-22.35.00-139x215.png 139w\" sizes=\"(max-width: 830px) 100vw, 830px\" \/><\/div><\/figure><figure class=\"gallery-item\"><div class=\"gallery-icon landscape\"><img loading=\"lazy\" decoding=\"async\" width=\"830\" height=\"1282\" src=\"https:\/\/graziamagazine.com\/mx\/wp-content\/uploads\/sites\/13\/2024\/05\/Captura-de-Pantalla-2024-05-13-a-las-22.35.01.png\" class=\"lazy\" alt=\"\" srcset=\"https:\/\/graziamagazine.com\/mx\/wp-content\/uploads\/sites\/13\/2024\/05\/Captura-de-Pantalla-2024-05-13-a-las-22.35.01.png 830w, https:\/\/graziamagazine.com\/mx\/wp-content\/uploads\/sites\/13\/2024\/05\/Captura-de-Pantalla-2024-05-13-a-las-22.35.01-291x450.png 291w, https:\/\/graziamagazine.com\/mx\/wp-content\/uploads\/sites\/13\/2024\/05\/Captura-de-Pantalla-2024-05-13-a-las-22.35.01-663x1024.png 663w, https:\/\/graziamagazine.com\/mx\/wp-content\/uploads\/sites\/13\/2024\/05\/Captura-de-Pantalla-2024-05-13-a-las-22.35.01-768x1186.png 768w, https:\/\/graziamagazine.com\/mx\/wp-content\/uploads\/sites\/13\/2024\/05\/Captura-de-Pantalla-2024-05-13-a-las-22.35.01-400x618.png 400w, https:\/\/graziamagazine.com\/mx\/wp-content\/uploads\/sites\/13\/2024\/05\/Captura-de-Pantalla-2024-05-13-a-las-22.35.01-139x215.png 139w\" sizes=\"(max-width: 830px) 100vw, 830px\" \/><\/div><\/figure><\/div><\/div>\n<p>Sabato de Sarno ha logrado integrar perfectamente la sastrer\u00eda en su est\u00e9tica para Gucci, convirti\u00e9ndola en un elemento b\u00e1sico de la marca.<\/p>\n<p>Los conjuntos en tonos pastel, las prendas con flecos y la sastrer\u00eda bien elaborada se combinaron para crear looks frescos, sofisticados y modernos que representan a la perfecci\u00f3n la visi\u00f3n del dise\u00f1ador para Gucci.<\/p>\n<p>La elecci\u00f3n de <strong>Tate Modern<\/strong> como escenario para este desfile no fue casualidad. El museo, conocido por su arquitectura moderna y su colecci\u00f3n de arte contempor\u00e1neo, proporcion\u00f3 el tel\u00f3n de fondo perfecto para la presentaci\u00f3n de la colecci\u00f3n, aportando un <strong>aire de vanguardia<\/strong> y modernidad a la experiencia.<\/p>\n<div class=\"content-gallery\"><div class=\"gallery-placeholder\"><div class=\"spinner\"><\/div><\/div><span class=\"gallery-pagination\"><\/span><div id=\"gallery-3\" class=\"gallery galleryid-136995 gallery-columns- gallery-size-\"><figure class=\"gallery-item\"><div class=\"gallery-icon landscape\"><img loading=\"lazy\" decoding=\"async\" width=\"830\" height=\"1282\" src=\"https:\/\/graziamagazine.com\/mx\/wp-content\/uploads\/sites\/13\/2024\/05\/Captura-de-Pantalla-2024-05-13-a-las-22.35.18.png\" class=\"lazy\" alt=\"\" srcset=\"https:\/\/graziamagazine.com\/mx\/wp-content\/uploads\/sites\/13\/2024\/05\/Captura-de-Pantalla-2024-05-13-a-las-22.35.18.png 830w, https:\/\/graziamagazine.com\/mx\/wp-content\/uploads\/sites\/13\/2024\/05\/Captura-de-Pantalla-2024-05-13-a-las-22.35.18-291x450.png 291w, https:\/\/graziamagazine.com\/mx\/wp-content\/uploads\/sites\/13\/2024\/05\/Captura-de-Pantalla-2024-05-13-a-las-22.35.18-663x1024.png 663w, https:\/\/graziamagazine.com\/mx\/wp-content\/uploads\/sites\/13\/2024\/05\/Captura-de-Pantalla-2024-05-13-a-las-22.35.18-768x1186.png 768w, https:\/\/graziamagazine.com\/mx\/wp-content\/uploads\/sites\/13\/2024\/05\/Captura-de-Pantalla-2024-05-13-a-las-22.35.18-400x618.png 400w, https:\/\/graziamagazine.com\/mx\/wp-content\/uploads\/sites\/13\/2024\/05\/Captura-de-Pantalla-2024-05-13-a-las-22.35.18-139x215.png 139w\" sizes=\"(max-width: 830px) 100vw, 830px\" \/><\/div><\/figure><figure class=\"gallery-item\"><div class=\"gallery-icon landscape\"><img loading=\"lazy\" decoding=\"async\" width=\"830\" height=\"1282\" src=\"https:\/\/graziamagazine.com\/mx\/wp-content\/uploads\/sites\/13\/2024\/05\/Captura-de-Pantalla-2024-05-13-a-las-22.35.21.png\" class=\"lazy\" alt=\"\" srcset=\"https:\/\/graziamagazine.com\/mx\/wp-content\/uploads\/sites\/13\/2024\/05\/Captura-de-Pantalla-2024-05-13-a-las-22.35.21.png 830w, https:\/\/graziamagazine.com\/mx\/wp-content\/uploads\/sites\/13\/2024\/05\/Captura-de-Pantalla-2024-05-13-a-las-22.35.21-291x450.png 291w, https:\/\/graziamagazine.com\/mx\/wp-content\/uploads\/sites\/13\/2024\/05\/Captura-de-Pantalla-2024-05-13-a-las-22.35.21-663x1024.png 663w, https:\/\/graziamagazine.com\/mx\/wp-content\/uploads\/sites\/13\/2024\/05\/Captura-de-Pantalla-2024-05-13-a-las-22.35.21-768x1186.png 768w, https:\/\/graziamagazine.com\/mx\/wp-content\/uploads\/sites\/13\/2024\/05\/Captura-de-Pantalla-2024-05-13-a-las-22.35.21-400x618.png 400w, https:\/\/graziamagazine.com\/mx\/wp-content\/uploads\/sites\/13\/2024\/05\/Captura-de-Pantalla-2024-05-13-a-las-22.35.21-139x215.png 139w\" sizes=\"(max-width: 830px) 100vw, 830px\" \/><\/div><\/figure><figure class=\"gallery-item\"><div class=\"gallery-icon landscape\"><img loading=\"lazy\" decoding=\"async\" width=\"830\" height=\"1282\" src=\"https:\/\/graziamagazine.com\/mx\/wp-content\/uploads\/sites\/13\/2024\/05\/Captura-de-Pantalla-2024-05-13-a-las-22.35.06.png\" class=\"lazy\" alt=\"\" srcset=\"https:\/\/graziamagazine.com\/mx\/wp-content\/uploads\/sites\/13\/2024\/05\/Captura-de-Pantalla-2024-05-13-a-las-22.35.06.png 830w, https:\/\/graziamagazine.com\/mx\/wp-content\/uploads\/sites\/13\/2024\/05\/Captura-de-Pantalla-2024-05-13-a-las-22.35.06-291x450.png 291w, https:\/\/graziamagazine.com\/mx\/wp-content\/uploads\/sites\/13\/2024\/05\/Captura-de-Pantalla-2024-05-13-a-las-22.35.06-663x1024.png 663w, https:\/\/graziamagazine.com\/mx\/wp-content\/uploads\/sites\/13\/2024\/05\/Captura-de-Pantalla-2024-05-13-a-las-22.35.06-768x1186.png 768w, https:\/\/graziamagazine.com\/mx\/wp-content\/uploads\/sites\/13\/2024\/05\/Captura-de-Pantalla-2024-05-13-a-las-22.35.06-400x618.png 400w, https:\/\/graziamagazine.com\/mx\/wp-content\/uploads\/sites\/13\/2024\/05\/Captura-de-Pantalla-2024-05-13-a-las-22.35.06-139x215.png 139w\" sizes=\"(max-width: 830px) 100vw, 830px\" \/><\/div><\/figure><figure class=\"gallery-item\"><div class=\"gallery-icon landscape\"><img loading=\"lazy\" decoding=\"async\" width=\"830\" height=\"1282\" src=\"https:\/\/graziamagazine.com\/mx\/wp-content\/uploads\/sites\/13\/2024\/05\/Captura-de-Pantalla-2024-05-13-a-las-22.35.22.png\" class=\"lazy\" alt=\"\" srcset=\"https:\/\/graziamagazine.com\/mx\/wp-content\/uploads\/sites\/13\/2024\/05\/Captura-de-Pantalla-2024-05-13-a-las-22.35.22.png 830w, https:\/\/graziamagazine.com\/mx\/wp-content\/uploads\/sites\/13\/2024\/05\/Captura-de-Pantalla-2024-05-13-a-las-22.35.22-291x450.png 291w, https:\/\/graziamagazine.com\/mx\/wp-content\/uploads\/sites\/13\/2024\/05\/Captura-de-Pantalla-2024-05-13-a-las-22.35.22-663x1024.png 663w, https:\/\/graziamagazine.com\/mx\/wp-content\/uploads\/sites\/13\/2024\/05\/Captura-de-Pantalla-2024-05-13-a-las-22.35.22-768x1186.png 768w, https:\/\/graziamagazine.com\/mx\/wp-content\/uploads\/sites\/13\/2024\/05\/Captura-de-Pantalla-2024-05-13-a-las-22.35.22-400x618.png 400w, https:\/\/graziamagazine.com\/mx\/wp-content\/uploads\/sites\/13\/2024\/05\/Captura-de-Pantalla-2024-05-13-a-las-22.35.22-139x215.png 139w\" sizes=\"(max-width: 830px) 100vw, 830px\" \/><\/div><\/figure><figure class=\"gallery-item\"><div class=\"gallery-icon landscape\"><img loading=\"lazy\" decoding=\"async\" width=\"830\" height=\"1282\" src=\"https:\/\/graziamagazine.com\/mx\/wp-content\/uploads\/sites\/13\/2024\/05\/Captura-de-Pantalla-2024-05-13-a-las-22.35.24.png\" class=\"lazy\" alt=\"\" srcset=\"https:\/\/graziamagazine.com\/mx\/wp-content\/uploads\/sites\/13\/2024\/05\/Captura-de-Pantalla-2024-05-13-a-las-22.35.24.png 830w, https:\/\/graziamagazine.com\/mx\/wp-content\/uploads\/sites\/13\/2024\/05\/Captura-de-Pantalla-2024-05-13-a-las-22.35.24-291x450.png 291w, https:\/\/graziamagazine.com\/mx\/wp-content\/uploads\/sites\/13\/2024\/05\/Captura-de-Pantalla-2024-05-13-a-las-22.35.24-663x1024.png 663w, https:\/\/graziamagazine.com\/mx\/wp-content\/uploads\/sites\/13\/2024\/05\/Captura-de-Pantalla-2024-05-13-a-las-22.35.24-768x1186.png 768w, https:\/\/graziamagazine.com\/mx\/wp-content\/uploads\/sites\/13\/2024\/05\/Captura-de-Pantalla-2024-05-13-a-las-22.35.24-400x618.png 400w, https:\/\/graziamagazine.com\/mx\/wp-content\/uploads\/sites\/13\/2024\/05\/Captura-de-Pantalla-2024-05-13-a-las-22.35.24-139x215.png 139w\" sizes=\"(max-width: 830px) 100vw, 830px\" \/><\/div><\/figure><figure class=\"gallery-item\"><div class=\"gallery-icon landscape\"><img loading=\"lazy\" decoding=\"async\" width=\"830\" height=\"1282\" src=\"https:\/\/graziamagazine.com\/mx\/wp-content\/uploads\/sites\/13\/2024\/05\/Captura-de-Pantalla-2024-05-13-a-las-22.35.14.png\" class=\"lazy\" alt=\"\" srcset=\"https:\/\/graziamagazine.com\/mx\/wp-content\/uploads\/sites\/13\/2024\/05\/Captura-de-Pantalla-2024-05-13-a-las-22.35.14.png 830w, https:\/\/graziamagazine.com\/mx\/wp-content\/uploads\/sites\/13\/2024\/05\/Captura-de-Pantalla-2024-05-13-a-las-22.35.14-291x450.png 291w, https:\/\/graziamagazine.com\/mx\/wp-content\/uploads\/sites\/13\/2024\/05\/Captura-de-Pantalla-2024-05-13-a-las-22.35.14-663x1024.png 663w, https:\/\/graziamagazine.com\/mx\/wp-content\/uploads\/sites\/13\/2024\/05\/Captura-de-Pantalla-2024-05-13-a-las-22.35.14-768x1186.png 768w, https:\/\/graziamagazine.com\/mx\/wp-content\/uploads\/sites\/13\/2024\/05\/Captura-de-Pantalla-2024-05-13-a-las-22.35.14-400x618.png 400w, https:\/\/graziamagazine.com\/mx\/wp-content\/uploads\/sites\/13\/2024\/05\/Captura-de-Pantalla-2024-05-13-a-las-22.35.14-139x215.png 139w\" sizes=\"(max-width: 830px) 100vw, 830px\" \/><\/div><\/figure><figure class=\"gallery-item\"><div class=\"gallery-icon landscape\"><img loading=\"lazy\" decoding=\"async\" width=\"830\" height=\"1282\" src=\"https:\/\/graziamagazine.com\/mx\/wp-content\/uploads\/sites\/13\/2024\/05\/Captura-de-Pantalla-2024-05-13-a-las-22.35.15.png\" class=\"lazy\" alt=\"\" srcset=\"https:\/\/graziamagazine.com\/mx\/wp-content\/uploads\/sites\/13\/2024\/05\/Captura-de-Pantalla-2024-05-13-a-las-22.35.15.png 830w, https:\/\/graziamagazine.com\/mx\/wp-content\/uploads\/sites\/13\/2024\/05\/Captura-de-Pantalla-2024-05-13-a-las-22.35.15-291x450.png 291w, https:\/\/graziamagazine.com\/mx\/wp-content\/uploads\/sites\/13\/2024\/05\/Captura-de-Pantalla-2024-05-13-a-las-22.35.15-663x1024.png 663w, https:\/\/graziamagazine.com\/mx\/wp-content\/uploads\/sites\/13\/2024\/05\/Captura-de-Pantalla-2024-05-13-a-las-22.35.15-768x1186.png 768w, https:\/\/graziamagazine.com\/mx\/wp-content\/uploads\/sites\/13\/2024\/05\/Captura-de-Pantalla-2024-05-13-a-las-22.35.15-400x618.png 400w, https:\/\/graziamagazine.com\/mx\/wp-content\/uploads\/sites\/13\/2024\/05\/Captura-de-Pantalla-2024-05-13-a-las-22.35.15-139x215.png 139w\" sizes=\"(max-width: 830px) 100vw, 830px\" \/><\/div><\/figure><\/div><\/div>\n<p>En un momento en el que la moda busca un equilibrio entre la extravagancia y la sencillez, Sabato de Sarno ha demostrado que el &#8220;quiet luxury&#8221; puede ser tan impactante como cualquier otra tendencia.<\/p>\n<p>Su primera colecci\u00f3n Crucero para Gucci es un tributo a la elegancia discreta y a la belleza simple, y marca un nuevo cap\u00edtulo emocionante en la historia de la marca bajo su direcci\u00f3n creativa.<\/p>\n<p><strong>*IMAGEN: Gucci<\/strong><\/p>\n","protected":false},"author":28953,"featured_media":137023,"template":"","format":"standard","categories":[4],"acf":[],"yoast_head":"<!-- This site is optimized with the Yoast SEO Premium plugin v18.5 (Yoast SEO v20.4) - https:\/\/yoast.com\/wordpress\/plugins\/seo\/ -->\n<title>Gucci Crucero 2025: Sabato de Sarno nos sumerge en un sue\u00f1o de primavera<\/title>\n<meta name=\"description\" content=\"El esperado debut de Sabato de Sarno para Gucci en su primer desfile Crucero ha dejado a la industria de la moda encantada con una visi\u00f3n fresca y deslumbrante.\" \/>\n<meta name=\"robots\" content=\"index, follow, max-snippet:-1, max-image-preview:large, max-video-preview:-1\" \/>\n<link rel=\"canonical\" href=\"https:\/\/graziamagazine.com\/mx\/articles\/gucci-crucero-2025-sabato-de-sarno-nos-sumerge-en-un-sueno-de-primavera\/\" \/>\n<meta property=\"og:locale\" content=\"es_MX\" \/>\n<meta property=\"og:type\" content=\"article\" \/>\n<meta property=\"og:title\" content=\"Gucci Crucero 2025: Sabato de Sarno nos sumerge en un sue\u00f1o de primavera\" \/>\n<meta property=\"og:description\" content=\"El esperado debut de Sabato de Sarno para Gucci en su primer desfile Crucero ha dejado a la industria de la moda encantada con una visi\u00f3n fresca y deslumbrante.\" \/>\n<meta property=\"og:url\" content=\"https:\/\/graziamagazine.com\/mx\/articles\/gucci-crucero-2025-sabato-de-sarno-nos-sumerge-en-un-sueno-de-primavera\/\" \/>\n<meta property=\"og:site_name\" content=\"Grazia M\u00e9xico y Latinoam\u00e9rica\" \/>\n<meta property=\"article:modified_time\" content=\"2024-05-14T04:46:56+00:00\" \/>\n<meta property=\"og:image\" content=\"https:\/\/graziamagazine.com\/mx\/wp-content\/uploads\/sites\/13\/2024\/05\/f.elconfidencial.com_original_e8d_e4c_f72_e8de4cf72284b3403456fe3a58f8d706.jpg\" \/>\n\t<meta property=\"og:image:width\" content=\"1440\" \/>\n\t<meta property=\"og:image:height\" content=\"810\" \/>\n\t<meta property=\"og:image:type\" content=\"image\/jpeg\" \/>\n<meta name=\"twitter:card\" content=\"summary_large_image\" \/>\n<meta name=\"twitter:label1\" content=\"Est. reading time\" \/>\n\t<meta name=\"twitter:data1\" content=\"2 minutos\" \/>\n<script type=\"application\/ld+json\" class=\"yoast-schema-graph\">{\"@context\":\"https:\/\/schema.org\",\"@graph\":[{\"@type\":\"WebPage\",\"@id\":\"https:\/\/graziamagazine.com\/mx\/articles\/gucci-crucero-2025-sabato-de-sarno-nos-sumerge-en-un-sueno-de-primavera\/\",\"url\":\"https:\/\/graziamagazine.com\/mx\/articles\/gucci-crucero-2025-sabato-de-sarno-nos-sumerge-en-un-sueno-de-primavera\/\",\"name\":\"Gucci Crucero 2025: Sabato de Sarno nos sumerge en un sue\u00f1o de primavera\",\"isPartOf\":{\"@id\":\"https:\/\/graziamagazine.com\/mx\/#website\"},\"datePublished\":\"2024-05-14T04:29:02+00:00\",\"dateModified\":\"2024-05-14T04:46:56+00:00\",\"description\":\"El esperado debut de Sabato de Sarno para Gucci en su primer desfile Crucero ha dejado a la industria de la moda encantada con una visi\u00f3n fresca y deslumbrante.\",\"breadcrumb\":{\"@id\":\"https:\/\/graziamagazine.com\/mx\/articles\/gucci-crucero-2025-sabato-de-sarno-nos-sumerge-en-un-sueno-de-primavera\/#breadcrumb\"},\"inLanguage\":\"es-MX\",\"potentialAction\":[{\"@type\":\"ReadAction\",\"target\":[\"https:\/\/graziamagazine.com\/mx\/articles\/gucci-crucero-2025-sabato-de-sarno-nos-sumerge-en-un-sueno-de-primavera\/\"]}]},{\"@type\":\"BreadcrumbList\",\"@id\":\"https:\/\/graziamagazine.com\/mx\/articles\/gucci-crucero-2025-sabato-de-sarno-nos-sumerge-en-un-sueno-de-primavera\/#breadcrumb\",\"itemListElement\":[{\"@type\":\"ListItem\",\"position\":1,\"name\":\"Home\",\"item\":\"https:\/\/graziamagazine.com\/mx\/\"},{\"@type\":\"ListItem\",\"position\":2,\"name\":\"Gucci Crucero 2025: Sabato de Sarno nos sumerge en un sue\u00f1o de primavera\"}]},{\"@type\":\"WebSite\",\"@id\":\"https:\/\/graziamagazine.com\/mx\/#website\",\"url\":\"https:\/\/graziamagazine.com\/mx\/\",\"name\":\"Grazia M\u00e9xico y Latinoam\u00e9rica\",\"description\":\"Grazia es moda, belleza y noticias  de actualidad \",\"potentialAction\":[{\"@type\":\"SearchAction\",\"target\":{\"@type\":\"EntryPoint\",\"urlTemplate\":\"https:\/\/graziamagazine.com\/mx\/?s={search_term_string}\"},\"query-input\":\"required name=search_term_string\"}],\"inLanguage\":\"es-MX\"}]}<\/script>\n<!-- \/ Yoast SEO Premium plugin. -->","yoast_head_json":{"title":"Gucci Crucero 2025: Sabato de Sarno nos sumerge en un sue\u00f1o de primavera","description":"El esperado debut de Sabato de Sarno para Gucci en su primer desfile Crucero ha dejado a la industria de la moda encantada con una visi\u00f3n fresca y deslumbrante.","robots":{"index":"index","follow":"follow","max-snippet":"max-snippet:-1","max-image-preview":"max-image-preview:large","max-video-preview":"max-video-preview:-1"},"canonical":"https:\/\/graziamagazine.com\/mx\/articles\/gucci-crucero-2025-sabato-de-sarno-nos-sumerge-en-un-sueno-de-primavera\/","og_locale":"es_MX","og_type":"article","og_title":"Gucci Crucero 2025: Sabato de Sarno nos sumerge en un sue\u00f1o de primavera","og_description":"El esperado debut de Sabato de Sarno para Gucci en su primer desfile Crucero ha dejado a la industria de la moda encantada con una visi\u00f3n fresca y deslumbrante.","og_url":"https:\/\/graziamagazine.com\/mx\/articles\/gucci-crucero-2025-sabato-de-sarno-nos-sumerge-en-un-sueno-de-primavera\/","og_site_name":"Grazia M\u00e9xico y Latinoam\u00e9rica","article_modified_time":"2024-05-14T04:46:56+00:00","og_image":[{"width":1440,"height":810,"url":"https:\/\/graziamagazine.com\/mx\/wp-content\/uploads\/sites\/13\/2024\/05\/f.elconfidencial.com_original_e8d_e4c_f72_e8de4cf72284b3403456fe3a58f8d706.jpg","type":"image\/jpeg"}],"twitter_card":"summary_large_image","twitter_misc":{"Est. reading time":"2 minutos"},"schema":{"@context":"https:\/\/schema.org","@graph":[{"@type":"WebPage","@id":"https:\/\/graziamagazine.com\/mx\/articles\/gucci-crucero-2025-sabato-de-sarno-nos-sumerge-en-un-sueno-de-primavera\/","url":"https:\/\/graziamagazine.com\/mx\/articles\/gucci-crucero-2025-sabato-de-sarno-nos-sumerge-en-un-sueno-de-primavera\/","name":"Gucci Crucero 2025: Sabato de Sarno nos sumerge en un sue\u00f1o de primavera","isPartOf":{"@id":"https:\/\/graziamagazine.com\/mx\/#website"},"datePublished":"2024-05-14T04:29:02+00:00","dateModified":"2024-05-14T04:46:56+00:00","description":"El esperado debut de Sabato de Sarno para Gucci en su primer desfile Crucero ha dejado a la industria de la moda encantada con una visi\u00f3n fresca y deslumbrante.","breadcrumb":{"@id":"https:\/\/graziamagazine.com\/mx\/articles\/gucci-crucero-2025-sabato-de-sarno-nos-sumerge-en-un-sueno-de-primavera\/#breadcrumb"},"inLanguage":"es-MX","potentialAction":[{"@type":"ReadAction","target":["https:\/\/graziamagazine.com\/mx\/articles\/gucci-crucero-2025-sabato-de-sarno-nos-sumerge-en-un-sueno-de-primavera\/"]}]},{"@type":"BreadcrumbList","@id":"https:\/\/graziamagazine.com\/mx\/articles\/gucci-crucero-2025-sabato-de-sarno-nos-sumerge-en-un-sueno-de-primavera\/#breadcrumb","itemListElement":[{"@type":"ListItem","position":1,"name":"Home","item":"https:\/\/graziamagazine.com\/mx\/"},{"@type":"ListItem","position":2,"name":"Gucci Crucero 2025: Sabato de Sarno nos sumerge en un sue\u00f1o de primavera"}]},{"@type":"WebSite","@id":"https:\/\/graziamagazine.com\/mx\/#website","url":"https:\/\/graziamagazine.com\/mx\/","name":"Grazia M\u00e9xico y Latinoam\u00e9rica","description":"Grazia es moda, belleza y noticias  de actualidad ","potentialAction":[{"@type":"SearchAction","target":{"@type":"EntryPoint","urlTemplate":"https:\/\/graziamagazine.com\/mx\/?s={search_term_string}"},"query-input":"required name=search_term_string"}],"inLanguage":"es-MX"}]}},"jetpack_sharing_enabled":true,"distributor_meta":false,"distributor_terms":false,"distributor_media":false,"distributor_original_site_name":"Grazia M\u00e9xico y Latinoam\u00e9rica","distributor_original_site_url":"https:\/\/graziamagazine.com\/mx","push-errors":false,"_links":{"self":[{"href":"https:\/\/graziamagazine.com\/mx\/wp-json\/wp\/v2\/articles\/136995"}],"collection":[{"href":"https:\/\/graziamagazine.com\/mx\/wp-json\/wp\/v2\/articles"}],"about":[{"href":"https:\/\/graziamagazine.com\/mx\/wp-json\/wp\/v2\/types\/articles"}],"author":[{"embeddable":true,"href":"https:\/\/graziamagazine.com\/mx\/wp-json\/wp\/v2\/users\/28953"}],"wp:featuredmedia":[{"embeddable":true,"href":"https:\/\/graziamagazine.com\/mx\/wp-json\/wp\/v2\/media\/137023"}],"wp:attachment":[{"href":"https:\/\/graziamagazine.com\/mx\/wp-json\/wp\/v2\/media?parent=136995"}],"wp:term":[{"taxonomy":"category","embeddable":true,"href":"https:\/\/graziamagazine.com\/mx\/wp-json\/wp\/v2\/categories?post=136995"}],"curies":[{"name":"wp","href":"https:\/\/api.w.org\/{rel}","templated":true}]}}