{"id":136983,"date":"2024-05-13T14:35:23","date_gmt":"2024-05-13T19:35:23","guid":{"rendered":"https:\/\/graziamagazine.com\/mx\/?post_type=articles&#038;p=136983"},"modified":"2024-05-13T14:38:34","modified_gmt":"2024-05-13T19:38:34","slug":"luke-newton-el-nuevo-galan-de-bridgerton","status":"publish","type":"articles","link":"https:\/\/graziamagazine.com\/mx\/articles\/luke-newton-el-nuevo-galan-de-bridgerton\/","title":{"rendered":"Luke Newton, el nuevo gal\u00e1n de \u2018Bridgerton\u2019"},"content":{"rendered":"<p><span style=\"font-weight: 400\">Cada nueva temporada de la exitosa serie de <strong>Netflix, <em>Bridgerton<\/em><\/strong>, ha tenido un gal\u00e1n en turno. Para la <a href=\"https:\/\/graziamagazine.com\/mx\/articles\/netflix-presenta-el-trailer-de-la-temporada-3-de-los-bridgerton\/\">temporada 3<\/a>, que se estrena el 16 de mayo, es el turno de otro de los hermanos Bridgerton &#8211; Colin &#8211; interpretado por el actor <strong>Luke Newton.<\/strong><\/span><\/p>\n<p><span style=\"font-weight: 400\">La <em>showrunner<\/em> de la serie, <strong>Jess Brownell<\/strong>, dijo que antes de tener su gran oportunidad como gal\u00e1n casadero, primero hab\u00eda que cambiar el interior de Colin, antes de hacer cambios f\u00edsicos.<\/span><\/p>\n<p><span style=\"font-weight: 400\">&#8220;Realmente nos concentramos en la historia y el personaje, en cuanto a brillo&#8221;, dijo Brownell a <em>Entertainment Weekly.<\/em> &#8220;Definitivamente se trataba de que Colin regresara con una nueva sensaci\u00f3n de confianza, una nueva sensaci\u00f3n de arrogancia&#8221;.<\/span><\/p>\n<p><span style=\"font-weight: 400\">Eso no significa que no hubo muchos cambios en el vestuario, el cabello y el maquillaje. Luke trabaj\u00f3 estrechamente con esos departamentos para ayudar a transformar a Colin en el h\u00e9roe rom\u00e1ntico que ser\u00e1 para la temporada.<\/span><\/p>\n<p><img loading=\"lazy\" decoding=\"async\" class=\"alignnone size-medium wp-image-136984\" src=\"https:\/\/graziamagazine.com\/mx\/wp-content\/uploads\/sites\/13\/2024\/05\/Captura-de-Pantalla-2024-05-13-a-las-13.17.56-450x271.png\" alt=\"\" width=\"450\" height=\"271\" srcset=\"https:\/\/graziamagazine.com\/mx\/wp-content\/uploads\/sites\/13\/2024\/05\/Captura-de-Pantalla-2024-05-13-a-las-13.17.56-450x271.png 450w, https:\/\/graziamagazine.com\/mx\/wp-content\/uploads\/sites\/13\/2024\/05\/Captura-de-Pantalla-2024-05-13-a-las-13.17.56-400x241.png 400w, https:\/\/graziamagazine.com\/mx\/wp-content\/uploads\/sites\/13\/2024\/05\/Captura-de-Pantalla-2024-05-13-a-las-13.17.56-155x93.png 155w, https:\/\/graziamagazine.com\/mx\/wp-content\/uploads\/sites\/13\/2024\/05\/Captura-de-Pantalla-2024-05-13-a-las-13.17.56.png 584w\" sizes=\"(max-width: 450px) 100vw, 450px\" \/><\/p>\n<p><span style=\"font-weight: 400\">&#8220;En la fiesta de despedida de la temporada 2, el jefe de nuestro departamento de peluquer\u00eda y maquillaje se me acerc\u00f3 y me dijo: &#8216;Bien, t\u00fa eres el siguiente. D\u00e9jate crecer el pelo, d\u00e9jate crecer las patillas, lo que creas que es correcto, y nos vemos en la primera reuni\u00f3n dentro de unos meses'&#8221;, recuerda Newton. &#8220;Hice todo eso y tuve visiones de cabello largo y alborotado. Quer\u00eda las patillas porque amaba las de Anthony en la temporada 2. Ten\u00eda un corte limpio y me hizo sentir como si hubiera crecido un poco&#8221;.<\/span><\/p>\n<p><span style=\"font-weight: 400\">Newton tambi\u00e9n estuvo muy involucrado en perfeccionar el vestuario de adulto de Colin. &#8220;Entr\u00e9 y quer\u00edamos crear un guardarropa para Colin. En lugar de un chaleco y un abrigo para esta escena y un par de botas para esta escena, fue como, &#8216;Vamos a preparar un guardarropa y podemos escoger y elegir\u2019 el d\u00eda de la escena qu\u00e9 es apropiado, si no tenemos corbata, si tu camisa est\u00e1 abierta y holgada o si necesitamos una corbata&#8221;, agreg\u00f3.<\/span><\/p>\n<p><span style=\"font-weight: 400\">El departamento de vestuario tambi\u00e9n decidi\u00f3 darle una paleta de colores m\u00e1s oscura esta temporada para indicar su creciente madurez y su alejamiento de la actitud juvenil.<\/span><\/p>\n<p><img loading=\"lazy\" decoding=\"async\" class=\"alignnone size-medium wp-image-136985\" src=\"https:\/\/graziamagazine.com\/mx\/wp-content\/uploads\/sites\/13\/2024\/05\/Captura-de-Pantalla-2024-05-13-a-las-13.17.48-450x289.png\" alt=\"\" width=\"450\" height=\"289\" srcset=\"https:\/\/graziamagazine.com\/mx\/wp-content\/uploads\/sites\/13\/2024\/05\/Captura-de-Pantalla-2024-05-13-a-las-13.17.48-450x289.png 450w, https:\/\/graziamagazine.com\/mx\/wp-content\/uploads\/sites\/13\/2024\/05\/Captura-de-Pantalla-2024-05-13-a-las-13.17.48-400x257.png 400w, https:\/\/graziamagazine.com\/mx\/wp-content\/uploads\/sites\/13\/2024\/05\/Captura-de-Pantalla-2024-05-13-a-las-13.17.48-155x100.png 155w, https:\/\/graziamagazine.com\/mx\/wp-content\/uploads\/sites\/13\/2024\/05\/Captura-de-Pantalla-2024-05-13-a-las-13.17.48.png 583w\" sizes=\"(max-width: 450px) 100vw, 450px\" \/><\/p>\n<p><span style=\"font-weight: 400\">&#8220;No hubo ninguna petici\u00f3n espec\u00edfica&#8221;, dice Brownell sobre la directiva desde la sala de escritores a los departamentos creativos. &#8220;El equipo de vestuario masculino vino con una visi\u00f3n. Vinieron con una visi\u00f3n que era b\u00e1sicamente &#8216;<strong>Pirata Colin<\/strong>&#8216;, como lo ha apodado Internet. Se trataba principalmente de sacarlo de los pasteles y llevarlo a una paleta de colores m\u00e1s oscuros que simboliza lo que se propusieron los escritores &#8220;.<\/span><\/p>\n<p><span style=\"font-weight: 400\">Al final, todo esto refleja las propias experiencias de Luke Newton en<em> Bridgerton.<\/em> Habiendo interpretado la versi\u00f3n m\u00e1s inmadura de Colin durante las dos temporadas anteriores, sab\u00eda que habr\u00eda infinitamente m\u00e1s presi\u00f3n al ponerse los pantalones del protagonista rom\u00e1ntico.\u00a0<\/span><\/p>\n<p><span style=\"font-weight: 400\">La temporada 3 de<em> Bridgerton<\/em> se transmitir\u00e1 en <strong>dos partes<\/strong>: la parte 1 llegar\u00e1 a Netflix el <strong>16 de mayo<\/strong> y la parte 2 un mes despu\u00e9s, el <strong>13 de junio.<\/strong><\/span><\/p>\n","protected":false},"author":11628,"featured_media":136986,"template":"","format":"standard","categories":[],"acf":[],"yoast_head":"<!-- This site is optimized with the Yoast SEO Premium plugin v18.5 (Yoast SEO v20.4) - https:\/\/yoast.com\/wordpress\/plugins\/seo\/ -->\n<title>Luke Newton, el nuevo gal\u00e1n de \u2018Bridgerton\u2019 | Grazia M\u00e9xico y Latinoam\u00e9rica<\/title>\n<meta name=\"description\" content=\"Cada nueva temporada de la exitosa serie de Netflix, Bridgerton, ha tenido un gal\u00e1n en turno. Para la temporada 3, que se estrena el 16 de mayo, es el\" \/>\n<meta name=\"robots\" content=\"index, follow, max-snippet:-1, max-image-preview:large, max-video-preview:-1\" \/>\n<link rel=\"canonical\" href=\"https:\/\/graziamagazine.com\/mx\/articles\/luke-newton-el-nuevo-galan-de-bridgerton\/\" \/>\n<meta property=\"og:locale\" content=\"es_MX\" \/>\n<meta property=\"og:type\" content=\"article\" \/>\n<meta property=\"og:title\" content=\"Luke Newton, el nuevo gal\u00e1n de \u2018Bridgerton\u2019\" \/>\n<meta property=\"og:description\" content=\"Cada nueva temporada de la exitosa serie de Netflix, Bridgerton, ha tenido un gal\u00e1n en turno. Para la temporada 3, que se estrena el 16 de mayo, es el\" \/>\n<meta property=\"og:url\" content=\"https:\/\/graziamagazine.com\/mx\/articles\/luke-newton-el-nuevo-galan-de-bridgerton\/\" \/>\n<meta property=\"og:site_name\" content=\"Grazia M\u00e9xico y Latinoam\u00e9rica\" \/>\n<meta property=\"article:modified_time\" content=\"2024-05-13T19:38:34+00:00\" \/>\n<meta property=\"og:image\" content=\"https:\/\/graziamagazine.com\/mx\/wp-content\/uploads\/sites\/13\/2024\/05\/Captura-de-Pantalla-2024-05-13-a-las-13.17.38.png\" \/>\n\t<meta property=\"og:image:width\" content=\"588\" \/>\n\t<meta property=\"og:image:height\" content=\"378\" \/>\n\t<meta property=\"og:image:type\" content=\"image\/png\" \/>\n<meta name=\"twitter:card\" content=\"summary_large_image\" \/>\n<meta name=\"twitter:label1\" content=\"Est. reading time\" \/>\n\t<meta name=\"twitter:data1\" content=\"3 minutos\" \/>\n<script type=\"application\/ld+json\" class=\"yoast-schema-graph\">{\"@context\":\"https:\/\/schema.org\",\"@graph\":[{\"@type\":\"WebPage\",\"@id\":\"https:\/\/graziamagazine.com\/mx\/articles\/luke-newton-el-nuevo-galan-de-bridgerton\/\",\"url\":\"https:\/\/graziamagazine.com\/mx\/articles\/luke-newton-el-nuevo-galan-de-bridgerton\/\",\"name\":\"Luke Newton, el nuevo gal\u00e1n de \u2018Bridgerton\u2019 | Grazia M\u00e9xico y Latinoam\u00e9rica\",\"isPartOf\":{\"@id\":\"https:\/\/graziamagazine.com\/mx\/#website\"},\"datePublished\":\"2024-05-13T19:35:23+00:00\",\"dateModified\":\"2024-05-13T19:38:34+00:00\",\"description\":\"Cada nueva temporada de la exitosa serie de Netflix, Bridgerton, ha tenido un gal\u00e1n en turno. Para la temporada 3, que se estrena el 16 de mayo, es el\",\"breadcrumb\":{\"@id\":\"https:\/\/graziamagazine.com\/mx\/articles\/luke-newton-el-nuevo-galan-de-bridgerton\/#breadcrumb\"},\"inLanguage\":\"es-MX\",\"potentialAction\":[{\"@type\":\"ReadAction\",\"target\":[\"https:\/\/graziamagazine.com\/mx\/articles\/luke-newton-el-nuevo-galan-de-bridgerton\/\"]}]},{\"@type\":\"BreadcrumbList\",\"@id\":\"https:\/\/graziamagazine.com\/mx\/articles\/luke-newton-el-nuevo-galan-de-bridgerton\/#breadcrumb\",\"itemListElement\":[{\"@type\":\"ListItem\",\"position\":1,\"name\":\"Home\",\"item\":\"https:\/\/graziamagazine.com\/mx\/\"},{\"@type\":\"ListItem\",\"position\":2,\"name\":\"Luke Newton, el nuevo gal\u00e1n de \u2018Bridgerton\u2019\"}]},{\"@type\":\"WebSite\",\"@id\":\"https:\/\/graziamagazine.com\/mx\/#website\",\"url\":\"https:\/\/graziamagazine.com\/mx\/\",\"name\":\"Grazia M\u00e9xico y Latinoam\u00e9rica\",\"description\":\"Grazia es moda, belleza y noticias  de actualidad \",\"potentialAction\":[{\"@type\":\"SearchAction\",\"target\":{\"@type\":\"EntryPoint\",\"urlTemplate\":\"https:\/\/graziamagazine.com\/mx\/?s={search_term_string}\"},\"query-input\":\"required name=search_term_string\"}],\"inLanguage\":\"es-MX\"}]}<\/script>\n<!-- \/ Yoast SEO Premium plugin. -->","yoast_head_json":{"title":"Luke Newton, el nuevo gal\u00e1n de \u2018Bridgerton\u2019 | Grazia M\u00e9xico y Latinoam\u00e9rica","description":"Cada nueva temporada de la exitosa serie de Netflix, Bridgerton, ha tenido un gal\u00e1n en turno. Para la temporada 3, que se estrena el 16 de mayo, es el","robots":{"index":"index","follow":"follow","max-snippet":"max-snippet:-1","max-image-preview":"max-image-preview:large","max-video-preview":"max-video-preview:-1"},"canonical":"https:\/\/graziamagazine.com\/mx\/articles\/luke-newton-el-nuevo-galan-de-bridgerton\/","og_locale":"es_MX","og_type":"article","og_title":"Luke Newton, el nuevo gal\u00e1n de \u2018Bridgerton\u2019","og_description":"Cada nueva temporada de la exitosa serie de Netflix, Bridgerton, ha tenido un gal\u00e1n en turno. Para la temporada 3, que se estrena el 16 de mayo, es el","og_url":"https:\/\/graziamagazine.com\/mx\/articles\/luke-newton-el-nuevo-galan-de-bridgerton\/","og_site_name":"Grazia M\u00e9xico y Latinoam\u00e9rica","article_modified_time":"2024-05-13T19:38:34+00:00","og_image":[{"width":588,"height":378,"url":"https:\/\/graziamagazine.com\/mx\/wp-content\/uploads\/sites\/13\/2024\/05\/Captura-de-Pantalla-2024-05-13-a-las-13.17.38.png","type":"image\/png"}],"twitter_card":"summary_large_image","twitter_misc":{"Est. reading time":"3 minutos"},"schema":{"@context":"https:\/\/schema.org","@graph":[{"@type":"WebPage","@id":"https:\/\/graziamagazine.com\/mx\/articles\/luke-newton-el-nuevo-galan-de-bridgerton\/","url":"https:\/\/graziamagazine.com\/mx\/articles\/luke-newton-el-nuevo-galan-de-bridgerton\/","name":"Luke Newton, el nuevo gal\u00e1n de \u2018Bridgerton\u2019 | Grazia M\u00e9xico y Latinoam\u00e9rica","isPartOf":{"@id":"https:\/\/graziamagazine.com\/mx\/#website"},"datePublished":"2024-05-13T19:35:23+00:00","dateModified":"2024-05-13T19:38:34+00:00","description":"Cada nueva temporada de la exitosa serie de Netflix, Bridgerton, ha tenido un gal\u00e1n en turno. Para la temporada 3, que se estrena el 16 de mayo, es el","breadcrumb":{"@id":"https:\/\/graziamagazine.com\/mx\/articles\/luke-newton-el-nuevo-galan-de-bridgerton\/#breadcrumb"},"inLanguage":"es-MX","potentialAction":[{"@type":"ReadAction","target":["https:\/\/graziamagazine.com\/mx\/articles\/luke-newton-el-nuevo-galan-de-bridgerton\/"]}]},{"@type":"BreadcrumbList","@id":"https:\/\/graziamagazine.com\/mx\/articles\/luke-newton-el-nuevo-galan-de-bridgerton\/#breadcrumb","itemListElement":[{"@type":"ListItem","position":1,"name":"Home","item":"https:\/\/graziamagazine.com\/mx\/"},{"@type":"ListItem","position":2,"name":"Luke Newton, el nuevo gal\u00e1n de \u2018Bridgerton\u2019"}]},{"@type":"WebSite","@id":"https:\/\/graziamagazine.com\/mx\/#website","url":"https:\/\/graziamagazine.com\/mx\/","name":"Grazia M\u00e9xico y Latinoam\u00e9rica","description":"Grazia es moda, belleza y noticias  de actualidad ","potentialAction":[{"@type":"SearchAction","target":{"@type":"EntryPoint","urlTemplate":"https:\/\/graziamagazine.com\/mx\/?s={search_term_string}"},"query-input":"required name=search_term_string"}],"inLanguage":"es-MX"}]}},"jetpack_sharing_enabled":true,"distributor_meta":false,"distributor_terms":false,"distributor_media":false,"distributor_original_site_name":"Grazia M\u00e9xico y Latinoam\u00e9rica","distributor_original_site_url":"https:\/\/graziamagazine.com\/mx","push-errors":false,"_links":{"self":[{"href":"https:\/\/graziamagazine.com\/mx\/wp-json\/wp\/v2\/articles\/136983"}],"collection":[{"href":"https:\/\/graziamagazine.com\/mx\/wp-json\/wp\/v2\/articles"}],"about":[{"href":"https:\/\/graziamagazine.com\/mx\/wp-json\/wp\/v2\/types\/articles"}],"author":[{"embeddable":true,"href":"https:\/\/graziamagazine.com\/mx\/wp-json\/wp\/v2\/users\/11628"}],"wp:featuredmedia":[{"embeddable":true,"href":"https:\/\/graziamagazine.com\/mx\/wp-json\/wp\/v2\/media\/136986"}],"wp:attachment":[{"href":"https:\/\/graziamagazine.com\/mx\/wp-json\/wp\/v2\/media?parent=136983"}],"wp:term":[{"taxonomy":"category","embeddable":true,"href":"https:\/\/graziamagazine.com\/mx\/wp-json\/wp\/v2\/categories?post=136983"}],"curies":[{"name":"wp","href":"https:\/\/api.w.org\/{rel}","templated":true}]}}