{"id":136901,"date":"2024-05-09T17:35:35","date_gmt":"2024-05-09T22:35:35","guid":{"rendered":"https:\/\/graziamagazine.com\/mx\/?post_type=articles&#038;p=136901"},"modified":"2024-05-09T17:58:03","modified_gmt":"2024-05-09T22:58:03","slug":"nuevo-anuncio-ipad-pro-apple-causa-indignacion-redes-sociales","status":"publish","type":"articles","link":"https:\/\/graziamagazine.com\/mx\/articles\/nuevo-anuncio-ipad-pro-apple-causa-indignacion-redes-sociales\/","title":{"rendered":"El nuevo anuncio del iPad Pro de Apple causa indignaci\u00f3n en redes sociales"},"content":{"rendered":"<p>El nuevo anuncio, titulado <strong><em>\u00a1Crush!<\/em><\/strong>, del <strong>iPad Pro<\/strong> de <strong>Apple<\/strong> caus\u00f3 indignaci\u00f3n en redes sociales. En el video se puede ver una prensa aplastando un piano, libros, videojuegos de <em>arcade<\/em>, entre otras cosas, para despu\u00e9s compactarse en un iPad, lo que provoc\u00f3 que varias personalidades se pronunciaran al respecto.<\/p>\n<p>Aunque la idea es transmitir que el dispositivo puede ofrecerte todo eso en un formato m\u00e1s delgado que nunca fue interpretado como una representaci\u00f3n visual de la devastaci\u00f3n que la tecnolog\u00eda le ha hecho a las artes. El anuncio tiene de fondo la canci\u00f3n <em><strong>All I Ever Need Is You<\/strong><\/em> de <strong>Sonny<\/strong> y <strong>Cher<\/strong>.<\/p>\n<p><iframe loading=\"lazy\" title=\"Crush! | iPad Pro | Apple\" width=\"500\" height=\"281\" src=\"https:\/\/www.youtube.com\/embed\/ntjkwIXWtrc?feature=oembed\" frameborder=\"0\" allow=\"accelerometer; autoplay; clipboard-write; encrypted-media; gyroscope; picture-in-picture; web-share\" referrerpolicy=\"strict-origin-when-cross-origin\" allowfullscreen><\/iframe><\/p>\n<p>&#8220;La destrucci\u00f3n de la experiencia humana. Cortes\u00eda de Silicon Valley&#8221;, escribi\u00f3 el actor <strong>Hugh Grant<\/strong> en X.<\/p>\n<p>El productor, director y escritor <strong>Asif Kapadia<\/strong> escribi\u00f3: &#8220;Me gustan los iPads, pero no s\u00e9 por qu\u00e9 alguien pens\u00f3 que este anuncio era una buena idea&#8221;.<\/p>\n<p>&#8220;Es la met\u00e1fora m\u00e1s honesta de lo que las empresas de tecnolog\u00eda le hacen a las artes, a los artistas, m\u00fasicos, creadores, escritores, cineastas: exprimirlos, usarlos, no pagarles bien, tomar todo y decir que todo fue creado por ellos&#8221;, agreg\u00f3.<\/p>\n<p>El actor, escritor y productor <strong>Luke Barnett<\/strong> dijo tambi\u00e9n en X, &#8220;Si pensabas que ESTE anuncio de iPad era extra\u00f1o, deber\u00edas haber visto el primer corte donde alinearon a todos tus personajes favoritos y los filmaron&#8221;.<\/p>\n<p>El cineasta <strong>Reza Sixo Safai<\/strong> hizo una versi\u00f3n al rev\u00e9s del anuncio y lo public\u00f3 en la red social diciendo, &#8220;Hola @Apple, lo arregl\u00e9 para ti&#8221;.<\/p>\n<blockquote class=\"twitter-tweet\" data-width=\"500\" data-dnt=\"true\">\n<p lang=\"en\" dir=\"ltr\">Hey <a href=\"https:\/\/twitter.com\/Apple?ref_src=twsrc%5Etfw\" target=\"_blank\">@Apple<\/a>, I fixed it for you (sound on) <a href=\"https:\/\/t.co\/OwVnYNgXhT\" target=\"_blank\">pic.twitter.com\/OwVnYNgXhT<\/a><\/p>\n<p>&mdash; Reza Sixo Safai (@rezawrecktion) <a href=\"https:\/\/twitter.com\/rezawrecktion\/status\/1788211832936861950?ref_src=twsrc%5Etfw\" target=\"_blank\">May 8, 2024<\/a><\/p><\/blockquote>\n<p><script async src=\"https:\/\/platform.twitter.com\/widgets.js\" charset=\"utf-8\"><\/script><\/p>\n<p>Por su parte, el director general de Apple, <strong>Tim Cook<\/strong>, escribi\u00f3 en X junto con el anuncio, &#8220;Imag\u00ednese todas las cosas para las que se utilizar\u00e1&#8221;.<\/p>\n<p>&#8220;En verdad, \u00bfqu\u00e9 te pasa?&#8221; dijo la cineasta y actriz <strong>Justine Bateman<\/strong> citando la publicaci\u00f3n de Cook.<\/p>\n<p>El anuncio del nuevo iPad se dio a conocer el pasado martes, y estar\u00e1 disponible en 13 y 11 pulgadas con acabados plateados o negro espacial.<\/p>\n<p>Y aunque Apple se ha distinguido por hacer comerciales que sorprenden, al parecer, esta vez la jugada no les sali\u00f3 tan bien.<\/p>\n","protected":false},"author":36289,"featured_media":136903,"template":"","format":"standard","categories":[12517],"acf":[],"yoast_head":"<!-- This site is optimized with the Yoast SEO Premium plugin v18.5 (Yoast SEO v20.4) - https:\/\/yoast.com\/wordpress\/plugins\/seo\/ -->\n<title>El nuevo anuncio del iPad Pro de Apple causa indignaci\u00f3n en redes sociales | Grazia M\u00e9xico y Latinoam\u00e9rica<\/title>\n<meta name=\"description\" content=\"El nuevo anuncio, titulado \u00a1Crush!, del iPad Pro de Apple caus\u00f3 indignaci\u00f3n en redes sociales. En el video se puede ver una prensa aplastando un piano,\" \/>\n<meta name=\"robots\" content=\"index, follow, max-snippet:-1, max-image-preview:large, max-video-preview:-1\" \/>\n<link rel=\"canonical\" href=\"https:\/\/graziamagazine.com\/mx\/articles\/nuevo-anuncio-ipad-pro-apple-causa-indignacion-redes-sociales\/\" \/>\n<meta property=\"og:locale\" content=\"es_MX\" \/>\n<meta property=\"og:type\" content=\"article\" \/>\n<meta property=\"og:title\" content=\"El nuevo anuncio del iPad Pro de Apple causa indignaci\u00f3n en redes sociales\" \/>\n<meta property=\"og:description\" content=\"El nuevo anuncio, titulado \u00a1Crush!, del iPad Pro de Apple caus\u00f3 indignaci\u00f3n en redes sociales. En el video se puede ver una prensa aplastando un piano,\" \/>\n<meta property=\"og:url\" content=\"https:\/\/graziamagazine.com\/mx\/articles\/nuevo-anuncio-ipad-pro-apple-causa-indignacion-redes-sociales\/\" \/>\n<meta property=\"og:site_name\" content=\"Grazia M\u00e9xico y Latinoam\u00e9rica\" \/>\n<meta property=\"article:modified_time\" content=\"2024-05-09T22:58:03+00:00\" \/>\n<meta property=\"og:image\" content=\"https:\/\/graziamagazine.com\/mx\/wp-content\/uploads\/sites\/13\/2024\/05\/Captura-de-Pantalla-2024-05-09-a-las-16.51.35-e1715295346168.png\" \/>\n\t<meta property=\"og:image:width\" content=\"1200\" \/>\n\t<meta property=\"og:image:height\" content=\"720\" \/>\n\t<meta property=\"og:image:type\" content=\"image\/png\" \/>\n<meta name=\"twitter:card\" content=\"summary_large_image\" \/>\n<meta name=\"twitter:label1\" content=\"Est. reading time\" \/>\n\t<meta name=\"twitter:data1\" content=\"2 minutos\" \/>\n<script type=\"application\/ld+json\" class=\"yoast-schema-graph\">{\"@context\":\"https:\/\/schema.org\",\"@graph\":[{\"@type\":\"WebPage\",\"@id\":\"https:\/\/graziamagazine.com\/mx\/articles\/nuevo-anuncio-ipad-pro-apple-causa-indignacion-redes-sociales\/\",\"url\":\"https:\/\/graziamagazine.com\/mx\/articles\/nuevo-anuncio-ipad-pro-apple-causa-indignacion-redes-sociales\/\",\"name\":\"El nuevo anuncio del iPad Pro de Apple causa indignaci\u00f3n en redes sociales | Grazia M\u00e9xico y Latinoam\u00e9rica\",\"isPartOf\":{\"@id\":\"https:\/\/graziamagazine.com\/mx\/#website\"},\"datePublished\":\"2024-05-09T22:35:35+00:00\",\"dateModified\":\"2024-05-09T22:58:03+00:00\",\"description\":\"El nuevo anuncio, titulado \u00a1Crush!, del iPad Pro de Apple caus\u00f3 indignaci\u00f3n en redes sociales. En el video se puede ver una prensa aplastando un piano,\",\"breadcrumb\":{\"@id\":\"https:\/\/graziamagazine.com\/mx\/articles\/nuevo-anuncio-ipad-pro-apple-causa-indignacion-redes-sociales\/#breadcrumb\"},\"inLanguage\":\"es-MX\",\"potentialAction\":[{\"@type\":\"ReadAction\",\"target\":[\"https:\/\/graziamagazine.com\/mx\/articles\/nuevo-anuncio-ipad-pro-apple-causa-indignacion-redes-sociales\/\"]}]},{\"@type\":\"BreadcrumbList\",\"@id\":\"https:\/\/graziamagazine.com\/mx\/articles\/nuevo-anuncio-ipad-pro-apple-causa-indignacion-redes-sociales\/#breadcrumb\",\"itemListElement\":[{\"@type\":\"ListItem\",\"position\":1,\"name\":\"Home\",\"item\":\"https:\/\/graziamagazine.com\/mx\/\"},{\"@type\":\"ListItem\",\"position\":2,\"name\":\"El nuevo anuncio del iPad Pro de Apple causa indignaci\u00f3n en redes sociales\"}]},{\"@type\":\"WebSite\",\"@id\":\"https:\/\/graziamagazine.com\/mx\/#website\",\"url\":\"https:\/\/graziamagazine.com\/mx\/\",\"name\":\"Grazia M\u00e9xico y Latinoam\u00e9rica\",\"description\":\"Grazia es moda, belleza y noticias  de actualidad \",\"potentialAction\":[{\"@type\":\"SearchAction\",\"target\":{\"@type\":\"EntryPoint\",\"urlTemplate\":\"https:\/\/graziamagazine.com\/mx\/?s={search_term_string}\"},\"query-input\":\"required name=search_term_string\"}],\"inLanguage\":\"es-MX\"}]}<\/script>\n<!-- \/ Yoast SEO Premium plugin. -->","yoast_head_json":{"title":"El nuevo anuncio del iPad Pro de Apple causa indignaci\u00f3n en redes sociales | Grazia M\u00e9xico y Latinoam\u00e9rica","description":"El nuevo anuncio, titulado \u00a1Crush!, del iPad Pro de Apple caus\u00f3 indignaci\u00f3n en redes sociales. En el video se puede ver una prensa aplastando un piano,","robots":{"index":"index","follow":"follow","max-snippet":"max-snippet:-1","max-image-preview":"max-image-preview:large","max-video-preview":"max-video-preview:-1"},"canonical":"https:\/\/graziamagazine.com\/mx\/articles\/nuevo-anuncio-ipad-pro-apple-causa-indignacion-redes-sociales\/","og_locale":"es_MX","og_type":"article","og_title":"El nuevo anuncio del iPad Pro de Apple causa indignaci\u00f3n en redes sociales","og_description":"El nuevo anuncio, titulado \u00a1Crush!, del iPad Pro de Apple caus\u00f3 indignaci\u00f3n en redes sociales. En el video se puede ver una prensa aplastando un piano,","og_url":"https:\/\/graziamagazine.com\/mx\/articles\/nuevo-anuncio-ipad-pro-apple-causa-indignacion-redes-sociales\/","og_site_name":"Grazia M\u00e9xico y Latinoam\u00e9rica","article_modified_time":"2024-05-09T22:58:03+00:00","og_image":[{"width":1200,"height":720,"url":"https:\/\/graziamagazine.com\/mx\/wp-content\/uploads\/sites\/13\/2024\/05\/Captura-de-Pantalla-2024-05-09-a-las-16.51.35-e1715295346168.png","type":"image\/png"}],"twitter_card":"summary_large_image","twitter_misc":{"Est. reading time":"2 minutos"},"schema":{"@context":"https:\/\/schema.org","@graph":[{"@type":"WebPage","@id":"https:\/\/graziamagazine.com\/mx\/articles\/nuevo-anuncio-ipad-pro-apple-causa-indignacion-redes-sociales\/","url":"https:\/\/graziamagazine.com\/mx\/articles\/nuevo-anuncio-ipad-pro-apple-causa-indignacion-redes-sociales\/","name":"El nuevo anuncio del iPad Pro de Apple causa indignaci\u00f3n en redes sociales | Grazia M\u00e9xico y Latinoam\u00e9rica","isPartOf":{"@id":"https:\/\/graziamagazine.com\/mx\/#website"},"datePublished":"2024-05-09T22:35:35+00:00","dateModified":"2024-05-09T22:58:03+00:00","description":"El nuevo anuncio, titulado \u00a1Crush!, del iPad Pro de Apple caus\u00f3 indignaci\u00f3n en redes sociales. En el video se puede ver una prensa aplastando un piano,","breadcrumb":{"@id":"https:\/\/graziamagazine.com\/mx\/articles\/nuevo-anuncio-ipad-pro-apple-causa-indignacion-redes-sociales\/#breadcrumb"},"inLanguage":"es-MX","potentialAction":[{"@type":"ReadAction","target":["https:\/\/graziamagazine.com\/mx\/articles\/nuevo-anuncio-ipad-pro-apple-causa-indignacion-redes-sociales\/"]}]},{"@type":"BreadcrumbList","@id":"https:\/\/graziamagazine.com\/mx\/articles\/nuevo-anuncio-ipad-pro-apple-causa-indignacion-redes-sociales\/#breadcrumb","itemListElement":[{"@type":"ListItem","position":1,"name":"Home","item":"https:\/\/graziamagazine.com\/mx\/"},{"@type":"ListItem","position":2,"name":"El nuevo anuncio del iPad Pro de Apple causa indignaci\u00f3n en redes sociales"}]},{"@type":"WebSite","@id":"https:\/\/graziamagazine.com\/mx\/#website","url":"https:\/\/graziamagazine.com\/mx\/","name":"Grazia M\u00e9xico y Latinoam\u00e9rica","description":"Grazia es moda, belleza y noticias  de actualidad ","potentialAction":[{"@type":"SearchAction","target":{"@type":"EntryPoint","urlTemplate":"https:\/\/graziamagazine.com\/mx\/?s={search_term_string}"},"query-input":"required name=search_term_string"}],"inLanguage":"es-MX"}]}},"jetpack_sharing_enabled":true,"distributor_meta":false,"distributor_terms":false,"distributor_media":false,"distributor_original_site_name":"Grazia M\u00e9xico y Latinoam\u00e9rica","distributor_original_site_url":"https:\/\/graziamagazine.com\/mx","push-errors":false,"_links":{"self":[{"href":"https:\/\/graziamagazine.com\/mx\/wp-json\/wp\/v2\/articles\/136901"}],"collection":[{"href":"https:\/\/graziamagazine.com\/mx\/wp-json\/wp\/v2\/articles"}],"about":[{"href":"https:\/\/graziamagazine.com\/mx\/wp-json\/wp\/v2\/types\/articles"}],"author":[{"embeddable":true,"href":"https:\/\/graziamagazine.com\/mx\/wp-json\/wp\/v2\/users\/36289"}],"wp:featuredmedia":[{"embeddable":true,"href":"https:\/\/graziamagazine.com\/mx\/wp-json\/wp\/v2\/media\/136903"}],"wp:attachment":[{"href":"https:\/\/graziamagazine.com\/mx\/wp-json\/wp\/v2\/media?parent=136901"}],"wp:term":[{"taxonomy":"category","embeddable":true,"href":"https:\/\/graziamagazine.com\/mx\/wp-json\/wp\/v2\/categories?post=136901"}],"curies":[{"name":"wp","href":"https:\/\/api.w.org\/{rel}","templated":true}]}}