{"id":136868,"date":"2024-05-08T19:57:21","date_gmt":"2024-05-09T00:57:21","guid":{"rendered":"https:\/\/graziamagazine.com\/mx\/?post_type=articles&#038;p=136868"},"modified":"2024-05-09T00:23:41","modified_gmt":"2024-05-09T05:23:41","slug":"el-poder-de-los-accesorios-con-max-mara-mexico","status":"publish","type":"articles","link":"https:\/\/graziamagazine.com\/mx\/articles\/el-poder-de-los-accesorios-con-max-mara-mexico\/","title":{"rendered":"El poder de los accesorios con Max Mara M\u00e9xico"},"content":{"rendered":"<p>Un selecto grupo de invitadas se reuni\u00f3 en la boutique Max Mara de Polanco para aprender sobre el cambio que un cintur\u00f3n, una bolsa, un foulard, un gorrito dan a un look. Literalmente lo transforman. Todo es cuesti\u00f3n de atreverte a combinarlos de acuerdo a la ocasi\u00f3n o a tu estado de \u00e1nimo o a tu inspiraci\u00f3n. De la mano de Francesca Tinghi y de sus dos invitadas especiales que sirvieron como modelos, se hizo una demostraci\u00f3n de c\u00f3mo armar un look combinando texturas, estampados y colores a la vez que se realza si escoges los accesorios correctos. Para hacer m\u00e1s divertida la experiencia, Max Mara, hizo un concurso donde dos participantes del p\u00fablico ten\u00edan que accesorizar dos looks que Ivette Prieto e Ivette Beltr\u00e1n llevaban. Ambas participantes aprendieron la lecci\u00f3n pues lo hicieron incre\u00edble aunque hubo que escoger a una ganadora. Toni Salamanca, directora editorial de Grazia M\u00e9xico y Latinoam\u00e9rica fue tambi\u00e9n jurado en esta ocasi\u00f3n. Hacer la moda pr\u00e1ctica y acercarla a quienes les gusta, se ha vuelto la misi\u00f3n de Max Mara, a trav\u00e9s de estas experiencias donde pr\u00e1cticamente cualquiera puede jugar con su estilo y su visi\u00f3n, al tiempo que aprende de ellas.<\/p>\n<div class=\"content-gallery\"><div class=\"gallery-placeholder\"><div class=\"spinner\"><\/div><\/div><span class=\"gallery-pagination\"><\/span><div id=\"gallery-1\" class=\"gallery galleryid-136868 gallery-columns- gallery-size-\"><figure class=\"gallery-item\"><div class=\"gallery-icon landscape\"><img loading=\"lazy\" decoding=\"async\" width=\"1902\" height=\"2560\" src=\"https:\/\/graziamagazine.com\/mx\/wp-content\/uploads\/sites\/13\/2024\/05\/DSC02928-scaled.jpg\" class=\"lazy\" alt=\"\" srcset=\"https:\/\/graziamagazine.com\/mx\/wp-content\/uploads\/sites\/13\/2024\/05\/DSC02928-scaled.jpg 1902w, https:\/\/graziamagazine.com\/mx\/wp-content\/uploads\/sites\/13\/2024\/05\/DSC02928-334x450.jpg 334w, https:\/\/graziamagazine.com\/mx\/wp-content\/uploads\/sites\/13\/2024\/05\/DSC02928-761x1024.jpg 761w, https:\/\/graziamagazine.com\/mx\/wp-content\/uploads\/sites\/13\/2024\/05\/DSC02928-768x1034.jpg 768w, https:\/\/graziamagazine.com\/mx\/wp-content\/uploads\/sites\/13\/2024\/05\/DSC02928-1141x1536.jpg 1141w, https:\/\/graziamagazine.com\/mx\/wp-content\/uploads\/sites\/13\/2024\/05\/DSC02928-1522x2048.jpg 1522w, https:\/\/graziamagazine.com\/mx\/wp-content\/uploads\/sites\/13\/2024\/05\/DSC02928-400x538.jpg 400w, https:\/\/graziamagazine.com\/mx\/wp-content\/uploads\/sites\/13\/2024\/05\/DSC02928-155x209.jpg 155w\" sizes=\"(max-width: 1902px) 100vw, 1902px\" \/><\/div><\/figure><figure class=\"gallery-item\"><div class=\"gallery-icon landscape\"><img loading=\"lazy\" decoding=\"async\" width=\"1607\" height=\"2560\" src=\"https:\/\/graziamagazine.com\/mx\/wp-content\/uploads\/sites\/13\/2024\/05\/DSC02901-scaled.jpg\" class=\"lazy\" alt=\"\" srcset=\"https:\/\/graziamagazine.com\/mx\/wp-content\/uploads\/sites\/13\/2024\/05\/DSC02901-scaled.jpg 1607w, https:\/\/graziamagazine.com\/mx\/wp-content\/uploads\/sites\/13\/2024\/05\/DSC02901-283x450.jpg 283w, https:\/\/graziamagazine.com\/mx\/wp-content\/uploads\/sites\/13\/2024\/05\/DSC02901-643x1024.jpg 643w, https:\/\/graziamagazine.com\/mx\/wp-content\/uploads\/sites\/13\/2024\/05\/DSC02901-768x1223.jpg 768w, https:\/\/graziamagazine.com\/mx\/wp-content\/uploads\/sites\/13\/2024\/05\/DSC02901-964x1536.jpg 964w, https:\/\/graziamagazine.com\/mx\/wp-content\/uploads\/sites\/13\/2024\/05\/DSC02901-1286x2048.jpg 1286w, https:\/\/graziamagazine.com\/mx\/wp-content\/uploads\/sites\/13\/2024\/05\/DSC02901-400x637.jpg 400w, https:\/\/graziamagazine.com\/mx\/wp-content\/uploads\/sites\/13\/2024\/05\/DSC02901-135x215.jpg 135w\" sizes=\"(max-width: 1607px) 100vw, 1607px\" \/><\/div><\/figure><figure class=\"gallery-item\"><div class=\"gallery-icon landscape\"><img loading=\"lazy\" decoding=\"async\" width=\"1710\" height=\"2560\" src=\"https:\/\/graziamagazine.com\/mx\/wp-content\/uploads\/sites\/13\/2024\/05\/DSC02912-scaled.jpg\" class=\"lazy\" alt=\"\" srcset=\"https:\/\/graziamagazine.com\/mx\/wp-content\/uploads\/sites\/13\/2024\/05\/DSC02912-scaled.jpg 1710w, https:\/\/graziamagazine.com\/mx\/wp-content\/uploads\/sites\/13\/2024\/05\/DSC02912-301x450.jpg 301w, https:\/\/graziamagazine.com\/mx\/wp-content\/uploads\/sites\/13\/2024\/05\/DSC02912-684x1024.jpg 684w, https:\/\/graziamagazine.com\/mx\/wp-content\/uploads\/sites\/13\/2024\/05\/DSC02912-768x1150.jpg 768w, https:\/\/graziamagazine.com\/mx\/wp-content\/uploads\/sites\/13\/2024\/05\/DSC02912-1026x1536.jpg 1026w, https:\/\/graziamagazine.com\/mx\/wp-content\/uploads\/sites\/13\/2024\/05\/DSC02912-1368x2048.jpg 1368w, https:\/\/graziamagazine.com\/mx\/wp-content\/uploads\/sites\/13\/2024\/05\/DSC02912-400x599.jpg 400w, https:\/\/graziamagazine.com\/mx\/wp-content\/uploads\/sites\/13\/2024\/05\/DSC02912-144x215.jpg 144w\" sizes=\"(max-width: 1710px) 100vw, 1710px\" \/><\/div><\/figure><\/div><\/div>\n<p><img loading=\"lazy\" decoding=\"async\" class=\"alignnone wp-image-136873\" src=\"https:\/\/graziamagazine.com\/mx\/wp-content\/uploads\/sites\/13\/2024\/05\/DSC02875-450x301.jpg\" alt=\"\" width=\"1017\" height=\"681\" srcset=\"https:\/\/graziamagazine.com\/mx\/wp-content\/uploads\/sites\/13\/2024\/05\/DSC02875-450x301.jpg 450w, https:\/\/graziamagazine.com\/mx\/wp-content\/uploads\/sites\/13\/2024\/05\/DSC02875-768x513.jpg 768w, https:\/\/graziamagazine.com\/mx\/wp-content\/uploads\/sites\/13\/2024\/05\/DSC02875-400x267.jpg 400w, https:\/\/graziamagazine.com\/mx\/wp-content\/uploads\/sites\/13\/2024\/05\/DSC02875-155x104.jpg 155w\" sizes=\"(max-width: 1017px) 100vw, 1017px\" \/><\/p>\n<div class=\"content-gallery\"><div class=\"gallery-placeholder\"><div class=\"spinner\"><\/div><\/div><span class=\"gallery-pagination\"><\/span><div id=\"gallery-2\" class=\"gallery galleryid-136868 gallery-columns- gallery-size-\"><figure class=\"gallery-item\"><div class=\"gallery-icon landscape\"><img loading=\"lazy\" decoding=\"async\" width=\"1671\" height=\"2560\" src=\"https:\/\/graziamagazine.com\/mx\/wp-content\/uploads\/sites\/13\/2024\/05\/DSC02889-scaled.jpg\" class=\"lazy\" alt=\"\" srcset=\"https:\/\/graziamagazine.com\/mx\/wp-content\/uploads\/sites\/13\/2024\/05\/DSC02889-scaled.jpg 1671w, https:\/\/graziamagazine.com\/mx\/wp-content\/uploads\/sites\/13\/2024\/05\/DSC02889-294x450.jpg 294w, https:\/\/graziamagazine.com\/mx\/wp-content\/uploads\/sites\/13\/2024\/05\/DSC02889-668x1024.jpg 668w, https:\/\/graziamagazine.com\/mx\/wp-content\/uploads\/sites\/13\/2024\/05\/DSC02889-768x1176.jpg 768w, https:\/\/graziamagazine.com\/mx\/wp-content\/uploads\/sites\/13\/2024\/05\/DSC02889-1003x1536.jpg 1003w, https:\/\/graziamagazine.com\/mx\/wp-content\/uploads\/sites\/13\/2024\/05\/DSC02889-1337x2048.jpg 1337w, https:\/\/graziamagazine.com\/mx\/wp-content\/uploads\/sites\/13\/2024\/05\/DSC02889-400x613.jpg 400w, https:\/\/graziamagazine.com\/mx\/wp-content\/uploads\/sites\/13\/2024\/05\/DSC02889-140x215.jpg 140w\" sizes=\"(max-width: 1671px) 100vw, 1671px\" \/><\/div><\/figure><figure class=\"gallery-item\"><div class=\"gallery-icon landscape\"><img loading=\"lazy\" decoding=\"async\" width=\"1736\" height=\"2560\" src=\"https:\/\/graziamagazine.com\/mx\/wp-content\/uploads\/sites\/13\/2024\/05\/DSC02942-scaled.jpg\" class=\"lazy\" alt=\"\" srcset=\"https:\/\/graziamagazine.com\/mx\/wp-content\/uploads\/sites\/13\/2024\/05\/DSC02942-scaled.jpg 1736w, https:\/\/graziamagazine.com\/mx\/wp-content\/uploads\/sites\/13\/2024\/05\/DSC02942-305x450.jpg 305w, https:\/\/graziamagazine.com\/mx\/wp-content\/uploads\/sites\/13\/2024\/05\/DSC02942-694x1024.jpg 694w, https:\/\/graziamagazine.com\/mx\/wp-content\/uploads\/sites\/13\/2024\/05\/DSC02942-768x1133.jpg 768w, https:\/\/graziamagazine.com\/mx\/wp-content\/uploads\/sites\/13\/2024\/05\/DSC02942-1041x1536.jpg 1041w, https:\/\/graziamagazine.com\/mx\/wp-content\/uploads\/sites\/13\/2024\/05\/DSC02942-1389x2048.jpg 1389w, https:\/\/graziamagazine.com\/mx\/wp-content\/uploads\/sites\/13\/2024\/05\/DSC02942-400x590.jpg 400w, https:\/\/graziamagazine.com\/mx\/wp-content\/uploads\/sites\/13\/2024\/05\/DSC02942-146x215.jpg 146w\" sizes=\"(max-width: 1736px) 100vw, 1736px\" \/><\/div><\/figure><figure class=\"gallery-item\"><div class=\"gallery-icon landscape\"><img loading=\"lazy\" decoding=\"async\" width=\"2560\" height=\"1621\" src=\"https:\/\/graziamagazine.com\/mx\/wp-content\/uploads\/sites\/13\/2024\/05\/DSC02956-scaled.jpg\" class=\"lazy\" alt=\"\" srcset=\"https:\/\/graziamagazine.com\/mx\/wp-content\/uploads\/sites\/13\/2024\/05\/DSC02956-scaled.jpg 2560w, https:\/\/graziamagazine.com\/mx\/wp-content\/uploads\/sites\/13\/2024\/05\/DSC02956-450x285.jpg 450w, https:\/\/graziamagazine.com\/mx\/wp-content\/uploads\/sites\/13\/2024\/05\/DSC02956-1024x648.jpg 1024w, https:\/\/graziamagazine.com\/mx\/wp-content\/uploads\/sites\/13\/2024\/05\/DSC02956-768x486.jpg 768w, https:\/\/graziamagazine.com\/mx\/wp-content\/uploads\/sites\/13\/2024\/05\/DSC02956-1536x972.jpg 1536w, https:\/\/graziamagazine.com\/mx\/wp-content\/uploads\/sites\/13\/2024\/05\/DSC02956-2048x1296.jpg 2048w, https:\/\/graziamagazine.com\/mx\/wp-content\/uploads\/sites\/13\/2024\/05\/DSC02956-400x253.jpg 400w, https:\/\/graziamagazine.com\/mx\/wp-content\/uploads\/sites\/13\/2024\/05\/DSC02956-155x98.jpg 155w\" sizes=\"(max-width: 2560px) 100vw, 2560px\" \/><\/div><\/figure><\/div><\/div>\n<p><img loading=\"lazy\" decoding=\"async\" class=\"alignnone wp-image-136881\" src=\"https:\/\/graziamagazine.com\/mx\/wp-content\/uploads\/sites\/13\/2024\/05\/m01-289x450.jpg\" alt=\"\" width=\"562\" height=\"875\" srcset=\"https:\/\/graziamagazine.com\/mx\/wp-content\/uploads\/sites\/13\/2024\/05\/m01-289x450.jpg 289w, https:\/\/graziamagazine.com\/mx\/wp-content\/uploads\/sites\/13\/2024\/05\/m01-657x1024.jpg 657w, https:\/\/graziamagazine.com\/mx\/wp-content\/uploads\/sites\/13\/2024\/05\/m01-768x1197.jpg 768w, https:\/\/graziamagazine.com\/mx\/wp-content\/uploads\/sites\/13\/2024\/05\/m01-985x1536.jpg 985w, https:\/\/graziamagazine.com\/mx\/wp-content\/uploads\/sites\/13\/2024\/05\/m01-1314x2048.jpg 1314w, https:\/\/graziamagazine.com\/mx\/wp-content\/uploads\/sites\/13\/2024\/05\/m01-400x624.jpg 400w, https:\/\/graziamagazine.com\/mx\/wp-content\/uploads\/sites\/13\/2024\/05\/m01-138x215.jpg 138w, https:\/\/graziamagazine.com\/mx\/wp-content\/uploads\/sites\/13\/2024\/05\/m01.jpg 1360w\" sizes=\"(max-width: 562px) 100vw, 562px\" \/><\/p>\n<p><img loading=\"lazy\" decoding=\"async\" class=\"alignnone wp-image-136880\" src=\"https:\/\/graziamagazine.com\/mx\/wp-content\/uploads\/sites\/13\/2024\/05\/DSC03043-450x293.jpg\" alt=\"\" width=\"1021\" height=\"665\" srcset=\"https:\/\/graziamagazine.com\/mx\/wp-content\/uploads\/sites\/13\/2024\/05\/DSC03043-450x293.jpg 450w, https:\/\/graziamagazine.com\/mx\/wp-content\/uploads\/sites\/13\/2024\/05\/DSC03043-1024x666.jpg 1024w, https:\/\/graziamagazine.com\/mx\/wp-content\/uploads\/sites\/13\/2024\/05\/DSC03043-768x500.jpg 768w, https:\/\/graziamagazine.com\/mx\/wp-content\/uploads\/sites\/13\/2024\/05\/DSC03043-1536x1000.jpg 1536w, https:\/\/graziamagazine.com\/mx\/wp-content\/uploads\/sites\/13\/2024\/05\/DSC03043-2048x1333.jpg 2048w, https:\/\/graziamagazine.com\/mx\/wp-content\/uploads\/sites\/13\/2024\/05\/DSC03043-400x260.jpg 400w, https:\/\/graziamagazine.com\/mx\/wp-content\/uploads\/sites\/13\/2024\/05\/DSC03043-155x101.jpg 155w\" sizes=\"(max-width: 1021px) 100vw, 1021px\" \/><\/p>\n<p style=\"font-weight: 400\">Fotograf\u00edas y video Salvador \u00c1lvarez<\/p>\n","protected":false},"author":11655,"featured_media":136879,"template":"","format":"standard","categories":[14502,4],"acf":[],"yoast_head":"<!-- This site is optimized with the Yoast SEO Premium plugin v18.5 (Yoast SEO v20.4) - https:\/\/yoast.com\/wordpress\/plugins\/seo\/ -->\n<title>El poder de los accesorios con Max Mara M\u00e9xico | Grazia M\u00e9xico y Latinoam\u00e9rica<\/title>\n<meta name=\"description\" content=\"Una clase de c\u00f3mo potencializar tus accesorios de la mano de Ivette Prieto e Ivette Beltr\u00e1n, madre e hija. Con prop\u00f3sito del d\u00eda de las Madres\" \/>\n<meta name=\"robots\" content=\"index, follow, max-snippet:-1, max-image-preview:large, max-video-preview:-1\" \/>\n<link rel=\"canonical\" href=\"https:\/\/graziamagazine.com\/mx\/articles\/el-poder-de-los-accesorios-con-max-mara-mexico\/\" \/>\n<meta property=\"og:locale\" content=\"es_MX\" \/>\n<meta property=\"og:type\" content=\"article\" \/>\n<meta property=\"og:title\" content=\"El poder de los accesorios con Max Mara M\u00e9xico\" \/>\n<meta property=\"og:description\" content=\"Una clase de c\u00f3mo potencializar tus accesorios de la mano de Ivette Prieto e Ivette Beltr\u00e1n, madre e hija. Con prop\u00f3sito del d\u00eda de las Madres\" \/>\n<meta property=\"og:url\" content=\"https:\/\/graziamagazine.com\/mx\/articles\/el-poder-de-los-accesorios-con-max-mara-mexico\/\" \/>\n<meta property=\"og:site_name\" content=\"Grazia M\u00e9xico y Latinoam\u00e9rica\" \/>\n<meta property=\"article:modified_time\" content=\"2024-05-09T05:23:41+00:00\" \/>\n<meta property=\"og:image\" content=\"https:\/\/graziamagazine.com\/mx\/wp-content\/uploads\/sites\/13\/2024\/05\/DSC02969-scaled.jpg\" \/>\n\t<meta property=\"og:image:width\" content=\"2560\" \/>\n\t<meta property=\"og:image:height\" content=\"1710\" \/>\n\t<meta property=\"og:image:type\" content=\"image\/jpeg\" \/>\n<meta name=\"twitter:card\" content=\"summary_large_image\" \/>\n<meta name=\"twitter:label1\" content=\"Est. reading time\" \/>\n\t<meta name=\"twitter:data1\" content=\"2 minutos\" \/>\n<script type=\"application\/ld+json\" class=\"yoast-schema-graph\">{\"@context\":\"https:\/\/schema.org\",\"@graph\":[{\"@type\":\"WebPage\",\"@id\":\"https:\/\/graziamagazine.com\/mx\/articles\/el-poder-de-los-accesorios-con-max-mara-mexico\/\",\"url\":\"https:\/\/graziamagazine.com\/mx\/articles\/el-poder-de-los-accesorios-con-max-mara-mexico\/\",\"name\":\"El poder de los accesorios con Max Mara M\u00e9xico | Grazia M\u00e9xico y Latinoam\u00e9rica\",\"isPartOf\":{\"@id\":\"https:\/\/graziamagazine.com\/mx\/#website\"},\"datePublished\":\"2024-05-09T00:57:21+00:00\",\"dateModified\":\"2024-05-09T05:23:41+00:00\",\"description\":\"Una clase de c\u00f3mo potencializar tus accesorios de la mano de Ivette Prieto e Ivette Beltr\u00e1n, madre e hija. Con prop\u00f3sito del d\u00eda de las Madres\",\"breadcrumb\":{\"@id\":\"https:\/\/graziamagazine.com\/mx\/articles\/el-poder-de-los-accesorios-con-max-mara-mexico\/#breadcrumb\"},\"inLanguage\":\"es-MX\",\"potentialAction\":[{\"@type\":\"ReadAction\",\"target\":[\"https:\/\/graziamagazine.com\/mx\/articles\/el-poder-de-los-accesorios-con-max-mara-mexico\/\"]}]},{\"@type\":\"BreadcrumbList\",\"@id\":\"https:\/\/graziamagazine.com\/mx\/articles\/el-poder-de-los-accesorios-con-max-mara-mexico\/#breadcrumb\",\"itemListElement\":[{\"@type\":\"ListItem\",\"position\":1,\"name\":\"Home\",\"item\":\"https:\/\/graziamagazine.com\/mx\/\"},{\"@type\":\"ListItem\",\"position\":2,\"name\":\"El poder de los accesorios con Max Mara M\u00e9xico\"}]},{\"@type\":\"WebSite\",\"@id\":\"https:\/\/graziamagazine.com\/mx\/#website\",\"url\":\"https:\/\/graziamagazine.com\/mx\/\",\"name\":\"Grazia M\u00e9xico y Latinoam\u00e9rica\",\"description\":\"Grazia es moda, belleza y noticias  de actualidad \",\"potentialAction\":[{\"@type\":\"SearchAction\",\"target\":{\"@type\":\"EntryPoint\",\"urlTemplate\":\"https:\/\/graziamagazine.com\/mx\/?s={search_term_string}\"},\"query-input\":\"required name=search_term_string\"}],\"inLanguage\":\"es-MX\"}]}<\/script>\n<!-- \/ Yoast SEO Premium plugin. -->","yoast_head_json":{"title":"El poder de los accesorios con Max Mara M\u00e9xico | Grazia M\u00e9xico y Latinoam\u00e9rica","description":"Una clase de c\u00f3mo potencializar tus accesorios de la mano de Ivette Prieto e Ivette Beltr\u00e1n, madre e hija. Con prop\u00f3sito del d\u00eda de las Madres","robots":{"index":"index","follow":"follow","max-snippet":"max-snippet:-1","max-image-preview":"max-image-preview:large","max-video-preview":"max-video-preview:-1"},"canonical":"https:\/\/graziamagazine.com\/mx\/articles\/el-poder-de-los-accesorios-con-max-mara-mexico\/","og_locale":"es_MX","og_type":"article","og_title":"El poder de los accesorios con Max Mara M\u00e9xico","og_description":"Una clase de c\u00f3mo potencializar tus accesorios de la mano de Ivette Prieto e Ivette Beltr\u00e1n, madre e hija. Con prop\u00f3sito del d\u00eda de las Madres","og_url":"https:\/\/graziamagazine.com\/mx\/articles\/el-poder-de-los-accesorios-con-max-mara-mexico\/","og_site_name":"Grazia M\u00e9xico y Latinoam\u00e9rica","article_modified_time":"2024-05-09T05:23:41+00:00","og_image":[{"width":2560,"height":1710,"url":"https:\/\/graziamagazine.com\/mx\/wp-content\/uploads\/sites\/13\/2024\/05\/DSC02969-scaled.jpg","type":"image\/jpeg"}],"twitter_card":"summary_large_image","twitter_misc":{"Est. reading time":"2 minutos"},"schema":{"@context":"https:\/\/schema.org","@graph":[{"@type":"WebPage","@id":"https:\/\/graziamagazine.com\/mx\/articles\/el-poder-de-los-accesorios-con-max-mara-mexico\/","url":"https:\/\/graziamagazine.com\/mx\/articles\/el-poder-de-los-accesorios-con-max-mara-mexico\/","name":"El poder de los accesorios con Max Mara M\u00e9xico | Grazia M\u00e9xico y Latinoam\u00e9rica","isPartOf":{"@id":"https:\/\/graziamagazine.com\/mx\/#website"},"datePublished":"2024-05-09T00:57:21+00:00","dateModified":"2024-05-09T05:23:41+00:00","description":"Una clase de c\u00f3mo potencializar tus accesorios de la mano de Ivette Prieto e Ivette Beltr\u00e1n, madre e hija. Con prop\u00f3sito del d\u00eda de las Madres","breadcrumb":{"@id":"https:\/\/graziamagazine.com\/mx\/articles\/el-poder-de-los-accesorios-con-max-mara-mexico\/#breadcrumb"},"inLanguage":"es-MX","potentialAction":[{"@type":"ReadAction","target":["https:\/\/graziamagazine.com\/mx\/articles\/el-poder-de-los-accesorios-con-max-mara-mexico\/"]}]},{"@type":"BreadcrumbList","@id":"https:\/\/graziamagazine.com\/mx\/articles\/el-poder-de-los-accesorios-con-max-mara-mexico\/#breadcrumb","itemListElement":[{"@type":"ListItem","position":1,"name":"Home","item":"https:\/\/graziamagazine.com\/mx\/"},{"@type":"ListItem","position":2,"name":"El poder de los accesorios con Max Mara M\u00e9xico"}]},{"@type":"WebSite","@id":"https:\/\/graziamagazine.com\/mx\/#website","url":"https:\/\/graziamagazine.com\/mx\/","name":"Grazia M\u00e9xico y Latinoam\u00e9rica","description":"Grazia es moda, belleza y noticias  de actualidad ","potentialAction":[{"@type":"SearchAction","target":{"@type":"EntryPoint","urlTemplate":"https:\/\/graziamagazine.com\/mx\/?s={search_term_string}"},"query-input":"required name=search_term_string"}],"inLanguage":"es-MX"}]}},"jetpack_sharing_enabled":true,"distributor_meta":false,"distributor_terms":false,"distributor_media":false,"distributor_original_site_name":"Grazia M\u00e9xico y Latinoam\u00e9rica","distributor_original_site_url":"https:\/\/graziamagazine.com\/mx","push-errors":false,"_links":{"self":[{"href":"https:\/\/graziamagazine.com\/mx\/wp-json\/wp\/v2\/articles\/136868"}],"collection":[{"href":"https:\/\/graziamagazine.com\/mx\/wp-json\/wp\/v2\/articles"}],"about":[{"href":"https:\/\/graziamagazine.com\/mx\/wp-json\/wp\/v2\/types\/articles"}],"author":[{"embeddable":true,"href":"https:\/\/graziamagazine.com\/mx\/wp-json\/wp\/v2\/users\/11655"}],"wp:featuredmedia":[{"embeddable":true,"href":"https:\/\/graziamagazine.com\/mx\/wp-json\/wp\/v2\/media\/136879"}],"wp:attachment":[{"href":"https:\/\/graziamagazine.com\/mx\/wp-json\/wp\/v2\/media?parent=136868"}],"wp:term":[{"taxonomy":"category","embeddable":true,"href":"https:\/\/graziamagazine.com\/mx\/wp-json\/wp\/v2\/categories?post=136868"}],"curies":[{"name":"wp","href":"https:\/\/api.w.org\/{rel}","templated":true}]}}